{"id":99463,"date":"2016-09-02T12:56:36","date_gmt":"2016-09-02T11:56:36","guid":{"rendered":"http:\/\/www.visit-ulcinj.com\/blog\/?p=99463"},"modified":"2016-09-03T10:36:27","modified_gmt":"2016-09-03T09:36:27","slug":"qamil-capriqi-dhuron-pese-mije-dollar-per-zjarrfiksat-e-ulqinit","status":"publish","type":"post","link":"https:\/\/www.visit-ulcinj.com\/blog\/2016\/09\/02\/qamil-capriqi-dhuron-pese-mije-dollar-per-zjarrfiksat-e-ulqinit\/","title":{"rendered":"Qamil \u00c7apriqi dhuron pes\u00eb mij\u00eb dollar p\u00ebr zjarrfiksat e Ulqinit"},"content":{"rendered":"<p><strong><a href=\"http:\/\/www.visit-ulcinj.com\/blog\/wp-content\/uploads\/2016\/09\/Zjarrfiksat-e-Ulqinit-Vatrogasno-Ulcinj.jpg\"><img loading=\"lazy\" class=\"alignleft wp-image-99464\" src=\"http:\/\/www.visit-ulcinj.com\/blog\/wp-content\/uploads\/2016\/09\/Zjarrfiksat-e-Ulqinit-Vatrogasno-Ulcinj.jpg\" alt=\"Zjarrfiksat e Ulqinit-Vatrogasno Ulcinj\" width=\"508\" height=\"286\" srcset=\"https:\/\/www.visit-ulcinj.com\/blog\/wp-content\/uploads\/2016\/09\/Zjarrfiksat-e-Ulqinit-Vatrogasno-Ulcinj.jpg 640w, https:\/\/www.visit-ulcinj.com\/blog\/wp-content\/uploads\/2016\/09\/Zjarrfiksat-e-Ulqinit-Vatrogasno-Ulcinj-300x169.jpg 300w\" sizes=\"(max-width: 508px) 100vw, 508px\" \/><\/a>Shqiptari nga Krytha i cili jeton dhe vepron n\u00eb SHBA, pak \u00e7aste m\u00eb par\u00eb i dhuroi zjarrfiksave t\u00eb Ulqinit donacion me vler\u00eb pes\u00eb mij\u00eb dollar\u00ebve.<\/strong><\/p>\n<p>P\u00ebrfaq\u00ebsuesit e Sh\u00ebrbimit t\u00eb mbrojtjes dhe shp\u00ebtimit n\u00eb Ulqin kan\u00eb fituar, mbas nj\u00eb s\u00ebr\u00eb l\u00ebvdatash p\u00ebr sakrific\u00ebn e treguar ve\u00e7an\u00ebrisht p\u00ebr luft\u00ebn me zjarrin n\u00eb Mal t\u00eb bardh, edhe ndihm\u00ebn e par\u00eb konkrete, raporton portali Ul.info.<\/p>\n<p>Emigranti nga Krytha n\u00eb Shtetet e Bashkuara t\u00eb Amerik\u00ebs, Qamil \u00c7apriqi, dha donacion me vler\u00eb pes\u00eb mij\u00eb dollar k\u00ebtij institucion. Nj\u00eb donacionin tjet\u00ebr esht\u00eb nga Ilir \u00c7obaj, ku furnizoi nga SHBA kostumet mbrojt\u00ebse p\u00ebr zjar\u00ebfik\u00ebje me vler\u00ebn e 500 dollar\u00ebve.<\/p>\n<p>P\u00ebrfaq\u00ebsuesit e Sh\u00ebrbimit t\u00eb mbrojtjes dhe shp\u00ebtimit n\u00eb Ulqin kan\u00eb fituar, mbas nj\u00eb s\u00ebr\u00eb l\u00ebvdatash p\u00ebr sakrific\u00ebn e treguar ve\u00e7an\u00ebrisht p\u00ebr luft\u00ebn me zjarrin n\u00eb Mal t\u00eb bardh, edhe ndihm\u00ebn e par\u00eb konkrete.<\/p>\n<p>K\u00ebto mjete do t\u00eb p\u00ebrdoren p\u00ebr blerjen e kostumeve mbrojt\u00ebse p\u00ebr zjarrfik\u00ebsit ose ndonj\u00eb pajisjeje tjet\u00ebr e cila \u00ebsht\u00eb e nevojshme p\u00ebr k\u00ebt\u00eb Sh\u00ebrbim.<\/p>\n<!--YouTube Error: bad URL entered-->\n<!--YouTube Error: bad URL entered-->\n<p>&nbsp;<\/p>\n<p>&nbsp;<\/p>\n<p>&nbsp;<\/p>\n","protected":false},"excerpt":{"rendered":"<p>Shqiptari nga Krytha i cili jeton dhe vepron n\u00eb SHBA, pak \u00e7aste m\u00eb par\u00eb i dhuroi zjarrfiksave t\u00eb Ulqinit donacion me vler\u00eb pes\u00eb mij\u00eb dollar\u00ebve. P\u00ebrfaq\u00ebsuesit e Sh\u00ebrbimit t\u00eb mbrojtjes dhe shp\u00ebtimit n\u00eb Ulqin kan\u00eb fituar, mbas nj\u00eb s\u00ebr\u00eb l\u00ebvdatash p\u00ebr sakrific\u00ebn e treguar ve\u00e7an\u00ebrisht p\u00ebr luft\u00ebn me zjarrin n\u00eb Mal t\u00eb bardh, edhe ndihm\u00ebn [&hellip;]<\/p>\n","protected":false},"author":1,"featured_media":0,"comment_status":"closed","ping_status":"closed","sticky":false,"template":"","format":"standard","meta":{"spay_email":"","jetpack_publicize_message":"","jetpack_is_tweetstorm":false,"jetpack_publicize_feature_enabled":true},"categories":[1,12],"tags":[],"jetpack_publicize_connections":[],"yoast_head":"<!-- This site is optimized with the Yoast SEO plugin v19.1 - https:\/\/yoast.com\/wordpress\/plugins\/seo\/ -->\n<title>Qamil \u00c7apriqi dhuron pes\u00eb mij\u00eb dollar p\u00ebr zjarrfiksat e Ulqinit - Lajme nga Ulqini<\/title>\n<meta name=\"description\" content=\"Shqiptari nga Krytha i cili jeton dhe vepron n\u00eb SHBA, pak \u00e7aste m\u00eb par\u00eb i dhuroi zjarrfiksave t\u00eb Ulqinit donacion me vler\u00eb pes\u00eb mij\u00eb dollar\u00ebve.\" \/>\n<meta name=\"robots\" content=\"index, follow, max-snippet:-1, max-image-preview:large, max-video-preview:-1\" \/>\n<link rel=\"canonical\" href=\"https:\/\/www.visit-ulcinj.com\/blog\/2016\/09\/02\/qamil-capriqi-dhuron-pese-mije-dollar-per-zjarrfiksat-e-ulqinit\/\" \/>\n<meta property=\"og:locale\" content=\"en_US\" \/>\n<meta property=\"og:type\" content=\"article\" \/>\n<meta property=\"og:title\" content=\"Qamil \u00c7apriqi dhuron pes\u00eb mij\u00eb dollar p\u00ebr zjarrfiksat e Ulqinit - Lajme nga Ulqini\" \/>\n<meta property=\"og:description\" content=\"Shqiptari nga Krytha i cili jeton dhe vepron n\u00eb SHBA, pak \u00e7aste m\u00eb par\u00eb i dhuroi zjarrfiksave t\u00eb Ulqinit donacion me vler\u00eb pes\u00eb mij\u00eb dollar\u00ebve.\" \/>\n<meta property=\"og:url\" content=\"https:\/\/www.visit-ulcinj.com\/blog\/2016\/09\/02\/qamil-capriqi-dhuron-pese-mije-dollar-per-zjarrfiksat-e-ulqinit\/\" \/>\n<meta property=\"og:site_name\" content=\"Lajme nga Ulqini\" \/>\n<meta property=\"article:published_time\" content=\"2016-09-02T11:56:36+00:00\" \/>\n<meta property=\"article:modified_time\" content=\"2016-09-03T09:36:27+00:00\" \/>\n<meta property=\"og:image\" content=\"http:\/\/www.visit-ulcinj.com\/blog\/wp-content\/uploads\/2016\/09\/Zjarrfiksat-e-Ulqinit-Vatrogasno-Ulcinj.jpg\" \/>\n<meta name=\"twitter:label1\" content=\"Written by\" \/>\n\t<meta name=\"twitter:data1\" content=\"ulqini\" \/>\n\t<meta name=\"twitter:label2\" content=\"Est. reading time\" \/>\n\t<meta name=\"twitter:data2\" content=\"1 minute\" \/>\n<script type=\"application\/ld+json\" class=\"yoast-schema-graph\">{\"@context\":\"https:\/\/schema.org\",\"@graph\":[{\"@type\":\"WebSite\",\"@id\":\"https:\/\/www.visit-ulcinj.com\/blog\/#website\",\"url\":\"https:\/\/www.visit-ulcinj.com\/blog\/\",\"name\":\"Lajme nga Ulqini\",\"description\":\"Lajme,Vijesti,Ulqini,Ulqin,Crna Gora,Mali i Zi\",\"potentialAction\":[{\"@type\":\"SearchAction\",\"target\":{\"@type\":\"EntryPoint\",\"urlTemplate\":\"https:\/\/www.visit-ulcinj.com\/blog\/?s={search_term_string}\"},\"query-input\":\"required name=search_term_string\"}],\"inLanguage\":\"en-US\"},{\"@type\":\"ImageObject\",\"inLanguage\":\"en-US\",\"@id\":\"https:\/\/www.visit-ulcinj.com\/blog\/2016\/09\/02\/qamil-capriqi-dhuron-pese-mije-dollar-per-zjarrfiksat-e-ulqinit\/#primaryimage\",\"url\":\"https:\/\/www.visit-ulcinj.com\/blog\/wp-content\/uploads\/2016\/09\/Zjarrfiksat-e-Ulqinit-Vatrogasno-Ulcinj.jpg\",\"contentUrl\":\"https:\/\/www.visit-ulcinj.com\/blog\/wp-content\/uploads\/2016\/09\/Zjarrfiksat-e-Ulqinit-Vatrogasno-Ulcinj.jpg\",\"width\":640,\"height\":360},{\"@type\":\"WebPage\",\"@id\":\"https:\/\/www.visit-ulcinj.com\/blog\/2016\/09\/02\/qamil-capriqi-dhuron-pese-mije-dollar-per-zjarrfiksat-e-ulqinit\/#webpage\",\"url\":\"https:\/\/www.visit-ulcinj.com\/blog\/2016\/09\/02\/qamil-capriqi-dhuron-pese-mije-dollar-per-zjarrfiksat-e-ulqinit\/\",\"name\":\"Qamil \u00c7apriqi dhuron pes\u00eb mij\u00eb dollar p\u00ebr zjarrfiksat e Ulqinit - Lajme nga Ulqini\",\"isPartOf\":{\"@id\":\"https:\/\/www.visit-ulcinj.com\/blog\/#website\"},\"primaryImageOfPage\":{\"@id\":\"https:\/\/www.visit-ulcinj.com\/blog\/2016\/09\/02\/qamil-capriqi-dhuron-pese-mije-dollar-per-zjarrfiksat-e-ulqinit\/#primaryimage\"},\"datePublished\":\"2016-09-02T11:56:36+00:00\",\"dateModified\":\"2016-09-03T09:36:27+00:00\",\"author\":{\"@id\":\"https:\/\/www.visit-ulcinj.com\/blog\/#\/schema\/person\/dcab619c614d3038751c63bc2aadc06d\"},\"description\":\"Shqiptari nga Krytha i cili jeton dhe vepron n\u00eb SHBA, pak \u00e7aste m\u00eb par\u00eb i dhuroi zjarrfiksave t\u00eb Ulqinit donacion me vler\u00eb pes\u00eb mij\u00eb dollar\u00ebve.\",\"breadcrumb\":{\"@id\":\"https:\/\/www.visit-ulcinj.com\/blog\/2016\/09\/02\/qamil-capriqi-dhuron-pese-mije-dollar-per-zjarrfiksat-e-ulqinit\/#breadcrumb\"},\"inLanguage\":\"en-US\",\"potentialAction\":[{\"@type\":\"ReadAction\",\"target\":[\"https:\/\/www.visit-ulcinj.com\/blog\/2016\/09\/02\/qamil-capriqi-dhuron-pese-mije-dollar-per-zjarrfiksat-e-ulqinit\/\"]}]},{\"@type\":\"BreadcrumbList\",\"@id\":\"https:\/\/www.visit-ulcinj.com\/blog\/2016\/09\/02\/qamil-capriqi-dhuron-pese-mije-dollar-per-zjarrfiksat-e-ulqinit\/#breadcrumb\",\"itemListElement\":[{\"@type\":\"ListItem\",\"position\":1,\"name\":\"Qamil \u00c7apriqi dhuron pes\u00eb mij\u00eb dollar p\u00ebr zjarrfiksat e Ulqinit\"}]},{\"@type\":\"Person\",\"@id\":\"https:\/\/www.visit-ulcinj.com\/blog\/#\/schema\/person\/dcab619c614d3038751c63bc2aadc06d\",\"name\":\"ulqini\",\"sameAs\":[\"http:\/\/www.visit-ulcinj.com\"],\"url\":\"https:\/\/www.visit-ulcinj.com\/blog\/author\/admin\/\"}]}<\/script>\n<!-- \/ Yoast SEO plugin. -->","yoast_head_json":{"title":"Qamil \u00c7apriqi dhuron pes\u00eb mij\u00eb dollar p\u00ebr zjarrfiksat e Ulqinit - Lajme nga Ulqini","description":"Shqiptari nga Krytha i cili jeton dhe vepron n\u00eb SHBA, pak \u00e7aste m\u00eb par\u00eb i dhuroi zjarrfiksave t\u00eb Ulqinit donacion me vler\u00eb pes\u00eb mij\u00eb dollar\u00ebve.","robots":{"index":"index","follow":"follow","max-snippet":"max-snippet:-1","max-image-preview":"max-image-preview:large","max-video-preview":"max-video-preview:-1"},"canonical":"https:\/\/www.visit-ulcinj.com\/blog\/2016\/09\/02\/qamil-capriqi-dhuron-pese-mije-dollar-per-zjarrfiksat-e-ulqinit\/","og_locale":"en_US","og_type":"article","og_title":"Qamil \u00c7apriqi dhuron pes\u00eb mij\u00eb dollar p\u00ebr zjarrfiksat e Ulqinit - Lajme nga Ulqini","og_description":"Shqiptari nga Krytha i cili jeton dhe vepron n\u00eb SHBA, pak \u00e7aste m\u00eb par\u00eb i dhuroi zjarrfiksave t\u00eb Ulqinit donacion me vler\u00eb pes\u00eb mij\u00eb dollar\u00ebve.","og_url":"https:\/\/www.visit-ulcinj.com\/blog\/2016\/09\/02\/qamil-capriqi-dhuron-pese-mije-dollar-per-zjarrfiksat-e-ulqinit\/","og_site_name":"Lajme nga Ulqini","article_published_time":"2016-09-02T11:56:36+00:00","article_modified_time":"2016-09-03T09:36:27+00:00","og_image":[{"url":"http:\/\/www.visit-ulcinj.com\/blog\/wp-content\/uploads\/2016\/09\/Zjarrfiksat-e-Ulqinit-Vatrogasno-Ulcinj.jpg"}],"twitter_misc":{"Written by":"ulqini","Est. reading time":"1 minute"},"schema":{"@context":"https:\/\/schema.org","@graph":[{"@type":"WebSite","@id":"https:\/\/www.visit-ulcinj.com\/blog\/#website","url":"https:\/\/www.visit-ulcinj.com\/blog\/","name":"Lajme nga Ulqini","description":"Lajme,Vijesti,Ulqini,Ulqin,Crna Gora,Mali i Zi","potentialAction":[{"@type":"SearchAction","target":{"@type":"EntryPoint","urlTemplate":"https:\/\/www.visit-ulcinj.com\/blog\/?s={search_term_string}"},"query-input":"required name=search_term_string"}],"inLanguage":"en-US"},{"@type":"ImageObject","inLanguage":"en-US","@id":"https:\/\/www.visit-ulcinj.com\/blog\/2016\/09\/02\/qamil-capriqi-dhuron-pese-mije-dollar-per-zjarrfiksat-e-ulqinit\/#primaryimage","url":"https:\/\/www.visit-ulcinj.com\/blog\/wp-content\/uploads\/2016\/09\/Zjarrfiksat-e-Ulqinit-Vatrogasno-Ulcinj.jpg","contentUrl":"https:\/\/www.visit-ulcinj.com\/blog\/wp-content\/uploads\/2016\/09\/Zjarrfiksat-e-Ulqinit-Vatrogasno-Ulcinj.jpg","width":640,"height":360},{"@type":"WebPage","@id":"https:\/\/www.visit-ulcinj.com\/blog\/2016\/09\/02\/qamil-capriqi-dhuron-pese-mije-dollar-per-zjarrfiksat-e-ulqinit\/#webpage","url":"https:\/\/www.visit-ulcinj.com\/blog\/2016\/09\/02\/qamil-capriqi-dhuron-pese-mije-dollar-per-zjarrfiksat-e-ulqinit\/","name":"Qamil \u00c7apriqi dhuron pes\u00eb mij\u00eb dollar p\u00ebr zjarrfiksat e Ulqinit - Lajme nga Ulqini","isPartOf":{"@id":"https:\/\/www.visit-ulcinj.com\/blog\/#website"},"primaryImageOfPage":{"@id":"https:\/\/www.visit-ulcinj.com\/blog\/2016\/09\/02\/qamil-capriqi-dhuron-pese-mije-dollar-per-zjarrfiksat-e-ulqinit\/#primaryimage"},"datePublished":"2016-09-02T11:56:36+00:00","dateModified":"2016-09-03T09:36:27+00:00","author":{"@id":"https:\/\/www.visit-ulcinj.com\/blog\/#\/schema\/person\/dcab619c614d3038751c63bc2aadc06d"},"description":"Shqiptari nga Krytha i cili jeton dhe vepron n\u00eb SHBA, pak \u00e7aste m\u00eb par\u00eb i dhuroi zjarrfiksave t\u00eb Ulqinit donacion me vler\u00eb pes\u00eb mij\u00eb dollar\u00ebve.","breadcrumb":{"@id":"https:\/\/www.visit-ulcinj.com\/blog\/2016\/09\/02\/qamil-capriqi-dhuron-pese-mije-dollar-per-zjarrfiksat-e-ulqinit\/#breadcrumb"},"inLanguage":"en-US","potentialAction":[{"@type":"ReadAction","target":["https:\/\/www.visit-ulcinj.com\/blog\/2016\/09\/02\/qamil-capriqi-dhuron-pese-mije-dollar-per-zjarrfiksat-e-ulqinit\/"]}]},{"@type":"BreadcrumbList","@id":"https:\/\/www.visit-ulcinj.com\/blog\/2016\/09\/02\/qamil-capriqi-dhuron-pese-mije-dollar-per-zjarrfiksat-e-ulqinit\/#breadcrumb","itemListElement":[{"@type":"ListItem","position":1,"name":"Qamil \u00c7apriqi dhuron pes\u00eb mij\u00eb dollar p\u00ebr zjarrfiksat e Ulqinit"}]},{"@type":"Person","@id":"https:\/\/www.visit-ulcinj.com\/blog\/#\/schema\/person\/dcab619c614d3038751c63bc2aadc06d","name":"ulqini","sameAs":["http:\/\/www.visit-ulcinj.com"],"url":"https:\/\/www.visit-ulcinj.com\/blog\/author\/admin\/"}]}},"jetpack_featured_media_url":"","jetpack_sharing_enabled":true,"jetpack_shortlink":"https:\/\/wp.me\/pe6lTn-pSf","_links":{"self":[{"href":"https:\/\/www.visit-ulcinj.com\/blog\/wp-json\/wp\/v2\/posts\/99463"}],"collection":[{"href":"https:\/\/www.visit-ulcinj.com\/blog\/wp-json\/wp\/v2\/posts"}],"about":[{"href":"https:\/\/www.visit-ulcinj.com\/blog\/wp-json\/wp\/v2\/types\/post"}],"author":[{"embeddable":true,"href":"https:\/\/www.visit-ulcinj.com\/blog\/wp-json\/wp\/v2\/users\/1"}],"replies":[{"embeddable":true,"href":"https:\/\/www.visit-ulcinj.com\/blog\/wp-json\/wp\/v2\/comments?post=99463"}],"version-history":[{"count":4,"href":"https:\/\/www.visit-ulcinj.com\/blog\/wp-json\/wp\/v2\/posts\/99463\/revisions"}],"predecessor-version":[{"id":99468,"href":"https:\/\/www.visit-ulcinj.com\/blog\/wp-json\/wp\/v2\/posts\/99463\/revisions\/99468"}],"wp:attachment":[{"href":"https:\/\/www.visit-ulcinj.com\/blog\/wp-json\/wp\/v2\/media?parent=99463"}],"wp:term":[{"taxonomy":"category","embeddable":true,"href":"https:\/\/www.visit-ulcinj.com\/blog\/wp-json\/wp\/v2\/categories?post=99463"},{"taxonomy":"post_tag","embeddable":true,"href":"https:\/\/www.visit-ulcinj.com\/blog\/wp-json\/wp\/v2\/tags?post=99463"}],"curies":[{"name":"wp","href":"https:\/\/api.w.org\/{rel}","templated":true}]}}