{"id":99469,"date":"2016-09-02T13:33:22","date_gmt":"2016-09-02T12:33:22","guid":{"rendered":"http:\/\/www.visit-ulcinj.com\/blog\/?p=99469"},"modified":"2016-09-02T20:24:37","modified_gmt":"2016-09-02T19:24:37","slug":"nika-eshte-ura-dore-e-shtrire-e-dps-apo-dore-e-shtrire-e-frontit","status":"publish","type":"post","link":"https:\/\/www.visit-ulcinj.com\/blog\/2016\/09\/02\/nika-eshte-ura-dore-e-shtrire-e-dps-apo-dore-e-shtrire-e-frontit\/","title":{"rendered":"Nika:  A \u00ebsht\u00eb URA dor\u00eb e shtrir\u00eb e DPS-it ; Apo dor\u00eb e shtrir\u00eb e Frontit&#8230;?!!"},"content":{"rendered":"<p><strong><em><a href=\"http:\/\/www.visit-ulcinj.com\/blog\/wp-content\/uploads\/2014\/11\/Muhamet-Nika.jpg\"><img loading=\"lazy\" class=\"alignleft wp-image-86143 size-full\" src=\"http:\/\/www.visit-ulcinj.com\/blog\/wp-content\/uploads\/2014\/11\/Muhamet-Nika.jpg\" alt=\"Muhamet Nika\" width=\"256\" height=\"319\" srcset=\"https:\/\/www.visit-ulcinj.com\/blog\/wp-content\/uploads\/2014\/11\/Muhamet-Nika.jpg 256w, https:\/\/www.visit-ulcinj.com\/blog\/wp-content\/uploads\/2014\/11\/Muhamet-Nika-240x300.jpg 240w\" sizes=\"(max-width: 256px) 100vw, 256px\" \/><\/a>Shkruan Muhamet Nika<\/em><\/strong><\/p>\n<p><strong><em>Historia p\u00ebrs\u00ebritet..?!!<\/em><\/strong><\/p>\n<p><strong><em>\u00a0<\/em><\/strong><\/p>\n<p>Skena politike shqiptare n\u00eb Mal t\u00eb Zi, po duket gjithher\u00eb ka qen\u00eb e ndar\u00eb trish.<\/p>\n<p>K\u00ebshtu ish edhe n\u00eb fillim t\u00eb viteve 90 kur\u00a0 nj\u00eb e treta e tyre- votonin partit\u00eb nacionale- si sot (partit\u00eb shqiptarte) , nj\u00eb e treta votonte partin\u00eb n\u00eb pushtet (DPS) dhe nj\u00eb e treta partit\u00eb pro malazeze . K\u00ebto t\u00eb dh\u00ebna , p\u00ebr \u201c kastravecllekun shqiptart\u00eb\u201d- q\u00eb un\u00eb e kuptoj, p\u00ebrse ngjet k\u00ebshtu,gjat\u00eb nj\u00eb debati televiziv e v\u00ebrtetoi edhe Momir Bullatoviq, kur ceku se \u00a0t\u00eb dh\u00ebnat e tilla\u00a0 jan\u00eb t\u00eb depozituara edhe n\u00eb Stejd Departamentin Amerikan.<\/p>\n<p>Nga kjo shem\u00eb , \u00a0pati nga pak \u00a0l\u00ebvizje n\u00eb Ulqin- kur plasi sherri katund \u2013qytet, q\u00eb desh zoti me k\u00ebto zgjedhje edhe p\u00ebrfundimisht do shuhet?! Mendojm\u00eb n\u00eb koh\u00ebn \u00a0kur lokalizmi triumfoi mbi ndarjet e p\u00ebrmendura , dhe kur ajo pjes\u00eb q\u00eb votonte partit\u00eb opozitarte malazeze- Liberal\u00ebt , Reformistat e tj, iu bashkangjt\u00ebn Forc\u00ebs- has ulqinake?!<\/p>\n<p>Por me r\u00ebnien e lokalizmit n\u00eb Ulqin, ky trup shum\u00eb shpejt , u shk\u00ebput nga Forca \u2013 duke u stacionuar t\u00eb fundit her\u00eb n\u00eb Ura dhe t\u00eb identifikuar me Abazoviqin.\u00a0 I cili shohim se k\u00ebsaj here me tjer\u00ebt, po i kthehet origjin\u00ebs s\u00eb dikurshme- t\u00eb antipodeve t\u00eb do dokumentave e vulave si m\u00eb posht\u00eb?! \u00c7ka e d\u00ebshmon koalicioni i arritur\u00a0 n\u00eb t\u00eb cilin llogarit Fronti Demokratik, por mbase edhe DPS-i ?!!<\/p>\n<p>Koha do t\u00eb d\u00ebshmoj\u00eb se , la &#8211; apo nuk la, \u00a0trash\u00ebgimtar\u00eb Vukashin Marashi , i policis\u00eb s\u00eb fsheht\u00eb, p\u00ebr t\u00eb cilin ankohej n\u00eb m\u00ebnyr\u00ebn e tij edhe ish presidenti Momir Bullatoviq.<\/p>\n<p>Por p\u00ebr t\u00eb mos e zgjatur shum\u00eb me k\u00ebt\u00eb mesele t\u00eb ndarjeve , po sjellim k\u00ebtu nj\u00eb pjes\u00eb t\u00eb asaj \u00e7far\u00eb shkroi n\u00eb librin e tij Bullatoviq &#8211; Rregullat e Heshtjes- ku dalin n\u00eb shesh\u00a0 shum\u00eb gj\u00ebra t\u00eb djeshme dhe t\u00eb sotshme. Ai p\u00ebr nj\u00eb politikan shqiptar t\u00eb koh\u00ebs shprehej k\u00ebshtu:<\/p>\n<p>\u201c&#8230;<em>Nuk i kam lejuar q\u00eb t\u00eb k\u00ebrkoj\u00eb m\u00eb shum\u00eb se duhet. Me Gjukanoviqin nuk do t\u00eb jet\u00eb k\u00ebshtu. Ai , do t\u00eb varet, nga p\u00ebrkrahja e tij dhe do t\u00eb jet\u00eb i detyruar p\u00ebr l\u00ebshime gjithnj\u00eb e m\u00eb t\u00eb m\u00ebdha. Nga ana e tjet\u00ebr, do t\u00eb humbet besimi te populli shumic\u00eb dhe do t\u00eb p\u00ebrkeq\u00ebsohen marr\u00ebdh\u00ebniet nd\u00ebrnacionale. Diagnoza e \u00e7\u00ebshtjes ka qen\u00eb e qart\u00eb n\u00eb \u00e7do an\u00eb por s\u2019ka pasur mund\u00ebsi zgjedhjeje tjet\u00ebr.<\/em><\/p>\n<p><em>\u00a0Zgjedhjet presidenciale , p\u00ebr her\u00eb t\u00eb par\u00eb, b\u00ebn\u00eb, q\u00eb votuesit, mysliman\u00eb e shqiptar\u00eb, prej t\u00eb parit e deri te i fundit t\u00eb p\u00ebrkrahin nj\u00eb opsion politik. <strong><u>M\u00eb her\u00ebt, ngjante q\u00eb nj\u00eb e treta e\u00a0 tyre, t\u00eb votonte, partit\u00eb nacionale , pjesa tjet\u00ebr, partin\u00eb Liberale dhe\u00a0 nj\u00eb e\u00a0 treta DPS-n\u00eb n\u00eb pushtet. K\u00ebshtu q\u00eb n\u00eb fakt \u201ei shkat\u00ebrronin\u201c votat e tyre sepse nuk ndikonin ndjesh\u00ebm q\u00eb peshorja t\u00eb marr\u00eb an\u00ebn e ndonj\u00ebrit nga krah\u00ebt.<\/u><\/strong> N\u00ebse kjo sjellje mund t\u00eb komentohej me frik\u00ebn e luft\u00ebs, p\u00ebr rreth, gjat\u00eb viteve 1990 \u2013 1992, kjo nuk ka mundur t\u00eb vlej edhe p\u00ebr zgjedhjet e vitit 1996,kur p\u00ebrs\u00ebritej situata e ngjashme<strong><u>,\u00a0 n\u00ebse t\u00eb gjith\u00eb hyjn\u00eb n\u00eb nj\u00ebr\u00ebn an\u00eb, barka ,do t\u00eb luhatet tmerr\u00ebsisht. E p\u00ebr t\u00eb ndodh\u00eb e gjith\u00eb kjo \u00ebsht\u00eb p\u00ebrkujdesur policia e fsheht\u00eb e Marashit&#8230;\u201c<\/u><\/strong><\/em><\/p>\n<p><a href=\"http:\/\/www.visit-ulcinj.com\/blog\/wp-content\/uploads\/2016\/09\/Libri-Momir-Bullatovic.jpg\"><img loading=\"lazy\" class=\"alignleft wp-image-99470\" src=\"http:\/\/www.visit-ulcinj.com\/blog\/wp-content\/uploads\/2016\/09\/Libri-Momir-Bullatovic.jpg\" alt=\"Libri-Momir-Bullatovic\" width=\"508\" height=\"248\" srcset=\"https:\/\/www.visit-ulcinj.com\/blog\/wp-content\/uploads\/2016\/09\/Libri-Momir-Bullatovic.jpg 544w, https:\/\/www.visit-ulcinj.com\/blog\/wp-content\/uploads\/2016\/09\/Libri-Momir-Bullatovic-300x147.jpg 300w\" sizes=\"(max-width: 508px) 100vw, 508px\" \/><\/a><\/p>\n<p>Mos vall\u00eb \u2013 ku do t\u00eb na \u00e7ojn\u00eb k\u00ebto t\u00eb Ur\u00ebs&#8230;, dhe tash po e kuptoj gjyshin , kur thoshte \u2013 \u00c7obani i keq, ta bjen ujkun n\u00eb vath\u00eb..?!<\/p>\n<p>Kurse \u2013 mos harroni ,\u00a0 gjyshi \u00a0ishte \u00a0pinjoll i babagjyshit tjet\u00ebr &#8230;, q\u00eb i shkroi let\u00ebr \u2013bashk\u00eb me 26 katunet e An\u00ebs s\u00eb Malit dhe 6 t\u00eb Kraj\u00ebs,qeveris\u00eb s\u00eb Vlor\u00ebs-\u00a0 p\u00ebr t\u00eb\u00a0 bashkuar me Shqip\u00ebri\u00a0 e jo p\u00ebr t\u00eb mbetur n\u00ebn Mal t\u00eb Zi. Nga ky i fundit \u2013 ruaj\u00a0 vul\u00ebn\u00a0 q\u00eb \u00a0e sjell m\u00eb posht\u00eb&#8230;?!!<\/p>\n<p>Shih fillimisht \u00a0dokumentin\u00a0 e shkruar nga hoxh\u00ebt e fshatrave me kryepleqt e katuneve\u00a0 t\u00eb cilin \u00a0e sjell<\/p>\n<p><span style=\"color: #00ccff;\"><strong>Profesor Eqerem Zenelaj n\u00eb nj\u00eb lib\u00ebr t\u00eb tij \u00a0shum\u00eb interesant q\u00eb p\u00ebrket me viset shqiptare n\u00eb An\u00eb t\u00eb Malit dhe Kraj\u00eb.\u00a0 t\u00eb vitit 1914.<\/strong><\/span><\/p>\n<p><span style=\"color: #00ccff;\"><strong>\u00a0Fjal\u00ebn e kemi p\u00ebr Memorandumin e vitit 1914 shkruar Qeveris\u00eb s\u00eb Vlor\u00ebs, p\u00ebr bashkim komb\u00ebtar&#8230; q\u00eb ceka m\u00eb lart\u00eb..?!!<\/strong><\/span><\/p>\n<p><a href=\"http:\/\/www.visit-ulcinj.com\/blog\/wp-content\/uploads\/2016\/09\/Memorandum-Ana-Malit.jpg\"><img loading=\"lazy\" class=\"alignleft wp-image-99471\" src=\"http:\/\/www.visit-ulcinj.com\/blog\/wp-content\/uploads\/2016\/09\/Memorandum-Ana-Malit.jpg\" alt=\"Memorandum-Ana-Malit\" width=\"508\" height=\"527\" srcset=\"https:\/\/www.visit-ulcinj.com\/blog\/wp-content\/uploads\/2016\/09\/Memorandum-Ana-Malit.jpg 659w, https:\/\/www.visit-ulcinj.com\/blog\/wp-content\/uploads\/2016\/09\/Memorandum-Ana-Malit-289x300.jpg 289w\" sizes=\"(max-width: 508px) 100vw, 508px\" \/><\/a><\/p>\n<p><em>\u00a0<strong>Ja dhe faksimili i Memorandumit t\u00eb Kraj\u00ebs dhe An\u00ebs s\u00eb Malit q\u00eb sjell\u00a0 Eqrem Zenelaj-<\/strong><\/em> <strong><em>Marr<\/em><\/strong><strong><em>\u00eb <\/em><\/strong><strong><em>nga<\/em><\/strong> <strong><em>A<\/em><\/strong><strong><em>.<\/em><\/strong><strong><em>R<\/em><\/strong><strong><em>. <\/em><\/strong><strong><em>FB<\/em><\/strong><\/p>\n<p>&nbsp;<\/p>\n<p><strong>Pik\u00ebpamjet e shprehura n\u00eb faqen \u201cOPINIONE\u201d nuk p\u00ebrfaq\u00ebsojn\u00eb domosdoshm\u00ebrisht politik\u00ebn redaksionale t\u00eb \u201eLajmeve nga Ulqini\u201e<\/strong><\/p>\n<p>&nbsp;<\/p>\n","protected":false},"excerpt":{"rendered":"<p>Shkruan Muhamet Nika Historia p\u00ebrs\u00ebritet..?!! \u00a0 Skena politike shqiptare n\u00eb Mal t\u00eb Zi, po duket gjithher\u00eb ka qen\u00eb e ndar\u00eb trish. K\u00ebshtu ish edhe n\u00eb fillim t\u00eb viteve 90 kur\u00a0 nj\u00eb e treta e tyre- votonin partit\u00eb nacionale- si sot (partit\u00eb shqiptarte) , nj\u00eb e treta votonte partin\u00eb n\u00eb pushtet (DPS) dhe nj\u00eb e treta [&hellip;]<\/p>\n","protected":false},"author":1,"featured_media":0,"comment_status":"closed","ping_status":"closed","sticky":false,"template":"","format":"standard","meta":{"spay_email":"","jetpack_publicize_message":"","jetpack_is_tweetstorm":false,"jetpack_publicize_feature_enabled":true},"categories":[14249],"tags":[],"jetpack_publicize_connections":[],"yoast_head":"<!-- This site is optimized with the Yoast SEO plugin v19.1 - https:\/\/yoast.com\/wordpress\/plugins\/seo\/ -->\n<title>Nika: A \u00ebsht\u00eb URA dor\u00eb e shtrir\u00eb e DPS-it ; Apo dor\u00eb e shtrir\u00eb e Frontit...?!! - Lajme nga Ulqini<\/title>\n<meta name=\"description\" content=\"Shkruan Muhamet Nika Historia p\u00ebrs\u00ebritet..?!! \u00a0 Skena politike shqiptare n\u00eb Mal t\u00eb Zi, po duket gjithher\u00eb ka qen\u00eb e ndar\u00eb trish. K\u00ebshtu ish edhe n\u00eb fillim\" \/>\n<meta name=\"robots\" content=\"index, follow, max-snippet:-1, max-image-preview:large, max-video-preview:-1\" \/>\n<link rel=\"canonical\" href=\"https:\/\/www.visit-ulcinj.com\/blog\/2016\/09\/02\/nika-eshte-ura-dore-e-shtrire-e-dps-apo-dore-e-shtrire-e-frontit\/\" \/>\n<meta property=\"og:locale\" content=\"en_US\" \/>\n<meta property=\"og:type\" content=\"article\" \/>\n<meta property=\"og:title\" content=\"Nika: A \u00ebsht\u00eb URA dor\u00eb e shtrir\u00eb e DPS-it ; Apo dor\u00eb e shtrir\u00eb e Frontit...?!! - Lajme nga Ulqini\" \/>\n<meta property=\"og:description\" content=\"Shkruan Muhamet Nika Historia p\u00ebrs\u00ebritet..?!! \u00a0 Skena politike shqiptare n\u00eb Mal t\u00eb Zi, po duket gjithher\u00eb ka qen\u00eb e ndar\u00eb trish. K\u00ebshtu ish edhe n\u00eb fillim\" \/>\n<meta property=\"og:url\" content=\"https:\/\/www.visit-ulcinj.com\/blog\/2016\/09\/02\/nika-eshte-ura-dore-e-shtrire-e-dps-apo-dore-e-shtrire-e-frontit\/\" \/>\n<meta property=\"og:site_name\" content=\"Lajme nga Ulqini\" \/>\n<meta property=\"article:published_time\" content=\"2016-09-02T12:33:22+00:00\" \/>\n<meta property=\"article:modified_time\" content=\"2016-09-02T19:24:37+00:00\" \/>\n<meta property=\"og:image\" content=\"http:\/\/www.visit-ulcinj.com\/blog\/wp-content\/uploads\/2014\/11\/Muhamet-Nika.jpg\" \/>\n<meta name=\"twitter:label1\" content=\"Written by\" \/>\n\t<meta name=\"twitter:data1\" content=\"ulqini\" \/>\n\t<meta name=\"twitter:label2\" content=\"Est. reading time\" \/>\n\t<meta name=\"twitter:data2\" content=\"4 minutes\" \/>\n<script type=\"application\/ld+json\" class=\"yoast-schema-graph\">{\"@context\":\"https:\/\/schema.org\",\"@graph\":[{\"@type\":\"WebSite\",\"@id\":\"https:\/\/www.visit-ulcinj.com\/blog\/#website\",\"url\":\"https:\/\/www.visit-ulcinj.com\/blog\/\",\"name\":\"Lajme nga Ulqini\",\"description\":\"Lajme,Vijesti,Ulqini,Ulqin,Crna Gora,Mali i Zi\",\"potentialAction\":[{\"@type\":\"SearchAction\",\"target\":{\"@type\":\"EntryPoint\",\"urlTemplate\":\"https:\/\/www.visit-ulcinj.com\/blog\/?s={search_term_string}\"},\"query-input\":\"required name=search_term_string\"}],\"inLanguage\":\"en-US\"},{\"@type\":\"ImageObject\",\"inLanguage\":\"en-US\",\"@id\":\"https:\/\/www.visit-ulcinj.com\/blog\/2016\/09\/02\/nika-eshte-ura-dore-e-shtrire-e-dps-apo-dore-e-shtrire-e-frontit\/#primaryimage\",\"url\":\"https:\/\/www.visit-ulcinj.com\/blog\/wp-content\/uploads\/2014\/11\/Muhamet-Nika.jpg\",\"contentUrl\":\"https:\/\/www.visit-ulcinj.com\/blog\/wp-content\/uploads\/2014\/11\/Muhamet-Nika.jpg\",\"width\":256,\"height\":319},{\"@type\":\"WebPage\",\"@id\":\"https:\/\/www.visit-ulcinj.com\/blog\/2016\/09\/02\/nika-eshte-ura-dore-e-shtrire-e-dps-apo-dore-e-shtrire-e-frontit\/#webpage\",\"url\":\"https:\/\/www.visit-ulcinj.com\/blog\/2016\/09\/02\/nika-eshte-ura-dore-e-shtrire-e-dps-apo-dore-e-shtrire-e-frontit\/\",\"name\":\"Nika: A \u00ebsht\u00eb URA dor\u00eb e shtrir\u00eb e DPS-it ; Apo dor\u00eb e shtrir\u00eb e Frontit...?!! - Lajme nga Ulqini\",\"isPartOf\":{\"@id\":\"https:\/\/www.visit-ulcinj.com\/blog\/#website\"},\"primaryImageOfPage\":{\"@id\":\"https:\/\/www.visit-ulcinj.com\/blog\/2016\/09\/02\/nika-eshte-ura-dore-e-shtrire-e-dps-apo-dore-e-shtrire-e-frontit\/#primaryimage\"},\"datePublished\":\"2016-09-02T12:33:22+00:00\",\"dateModified\":\"2016-09-02T19:24:37+00:00\",\"author\":{\"@id\":\"https:\/\/www.visit-ulcinj.com\/blog\/#\/schema\/person\/dcab619c614d3038751c63bc2aadc06d\"},\"description\":\"Shkruan Muhamet Nika Historia p\u00ebrs\u00ebritet..?!! \u00a0 Skena politike shqiptare n\u00eb Mal t\u00eb Zi, po duket gjithher\u00eb ka qen\u00eb e ndar\u00eb trish. K\u00ebshtu ish edhe n\u00eb fillim\",\"breadcrumb\":{\"@id\":\"https:\/\/www.visit-ulcinj.com\/blog\/2016\/09\/02\/nika-eshte-ura-dore-e-shtrire-e-dps-apo-dore-e-shtrire-e-frontit\/#breadcrumb\"},\"inLanguage\":\"en-US\",\"potentialAction\":[{\"@type\":\"ReadAction\",\"target\":[\"https:\/\/www.visit-ulcinj.com\/blog\/2016\/09\/02\/nika-eshte-ura-dore-e-shtrire-e-dps-apo-dore-e-shtrire-e-frontit\/\"]}]},{\"@type\":\"BreadcrumbList\",\"@id\":\"https:\/\/www.visit-ulcinj.com\/blog\/2016\/09\/02\/nika-eshte-ura-dore-e-shtrire-e-dps-apo-dore-e-shtrire-e-frontit\/#breadcrumb\",\"itemListElement\":[{\"@type\":\"ListItem\",\"position\":1,\"name\":\"Nika: A \u00ebsht\u00eb URA dor\u00eb e shtrir\u00eb e DPS-it ; Apo dor\u00eb e shtrir\u00eb e Frontit&#8230;?!!\"}]},{\"@type\":\"Person\",\"@id\":\"https:\/\/www.visit-ulcinj.com\/blog\/#\/schema\/person\/dcab619c614d3038751c63bc2aadc06d\",\"name\":\"ulqini\",\"sameAs\":[\"http:\/\/www.visit-ulcinj.com\"],\"url\":\"https:\/\/www.visit-ulcinj.com\/blog\/author\/admin\/\"}]}<\/script>\n<!-- \/ Yoast SEO plugin. -->","yoast_head_json":{"title":"Nika: A \u00ebsht\u00eb URA dor\u00eb e shtrir\u00eb e DPS-it ; Apo dor\u00eb e shtrir\u00eb e Frontit...?!! - Lajme nga Ulqini","description":"Shkruan Muhamet Nika Historia p\u00ebrs\u00ebritet..?!! \u00a0 Skena politike shqiptare n\u00eb Mal t\u00eb Zi, po duket gjithher\u00eb ka qen\u00eb e ndar\u00eb trish. K\u00ebshtu ish edhe n\u00eb fillim","robots":{"index":"index","follow":"follow","max-snippet":"max-snippet:-1","max-image-preview":"max-image-preview:large","max-video-preview":"max-video-preview:-1"},"canonical":"https:\/\/www.visit-ulcinj.com\/blog\/2016\/09\/02\/nika-eshte-ura-dore-e-shtrire-e-dps-apo-dore-e-shtrire-e-frontit\/","og_locale":"en_US","og_type":"article","og_title":"Nika: A \u00ebsht\u00eb URA dor\u00eb e shtrir\u00eb e DPS-it ; Apo dor\u00eb e shtrir\u00eb e Frontit...?!! - Lajme nga Ulqini","og_description":"Shkruan Muhamet Nika Historia p\u00ebrs\u00ebritet..?!! \u00a0 Skena politike shqiptare n\u00eb Mal t\u00eb Zi, po duket gjithher\u00eb ka qen\u00eb e ndar\u00eb trish. K\u00ebshtu ish edhe n\u00eb fillim","og_url":"https:\/\/www.visit-ulcinj.com\/blog\/2016\/09\/02\/nika-eshte-ura-dore-e-shtrire-e-dps-apo-dore-e-shtrire-e-frontit\/","og_site_name":"Lajme nga Ulqini","article_published_time":"2016-09-02T12:33:22+00:00","article_modified_time":"2016-09-02T19:24:37+00:00","og_image":[{"url":"http:\/\/www.visit-ulcinj.com\/blog\/wp-content\/uploads\/2014\/11\/Muhamet-Nika.jpg"}],"twitter_misc":{"Written by":"ulqini","Est. reading time":"4 minutes"},"schema":{"@context":"https:\/\/schema.org","@graph":[{"@type":"WebSite","@id":"https:\/\/www.visit-ulcinj.com\/blog\/#website","url":"https:\/\/www.visit-ulcinj.com\/blog\/","name":"Lajme nga Ulqini","description":"Lajme,Vijesti,Ulqini,Ulqin,Crna Gora,Mali i Zi","potentialAction":[{"@type":"SearchAction","target":{"@type":"EntryPoint","urlTemplate":"https:\/\/www.visit-ulcinj.com\/blog\/?s={search_term_string}"},"query-input":"required name=search_term_string"}],"inLanguage":"en-US"},{"@type":"ImageObject","inLanguage":"en-US","@id":"https:\/\/www.visit-ulcinj.com\/blog\/2016\/09\/02\/nika-eshte-ura-dore-e-shtrire-e-dps-apo-dore-e-shtrire-e-frontit\/#primaryimage","url":"https:\/\/www.visit-ulcinj.com\/blog\/wp-content\/uploads\/2014\/11\/Muhamet-Nika.jpg","contentUrl":"https:\/\/www.visit-ulcinj.com\/blog\/wp-content\/uploads\/2014\/11\/Muhamet-Nika.jpg","width":256,"height":319},{"@type":"WebPage","@id":"https:\/\/www.visit-ulcinj.com\/blog\/2016\/09\/02\/nika-eshte-ura-dore-e-shtrire-e-dps-apo-dore-e-shtrire-e-frontit\/#webpage","url":"https:\/\/www.visit-ulcinj.com\/blog\/2016\/09\/02\/nika-eshte-ura-dore-e-shtrire-e-dps-apo-dore-e-shtrire-e-frontit\/","name":"Nika: A \u00ebsht\u00eb URA dor\u00eb e shtrir\u00eb e DPS-it ; Apo dor\u00eb e shtrir\u00eb e Frontit...?!! - Lajme nga Ulqini","isPartOf":{"@id":"https:\/\/www.visit-ulcinj.com\/blog\/#website"},"primaryImageOfPage":{"@id":"https:\/\/www.visit-ulcinj.com\/blog\/2016\/09\/02\/nika-eshte-ura-dore-e-shtrire-e-dps-apo-dore-e-shtrire-e-frontit\/#primaryimage"},"datePublished":"2016-09-02T12:33:22+00:00","dateModified":"2016-09-02T19:24:37+00:00","author":{"@id":"https:\/\/www.visit-ulcinj.com\/blog\/#\/schema\/person\/dcab619c614d3038751c63bc2aadc06d"},"description":"Shkruan Muhamet Nika Historia p\u00ebrs\u00ebritet..?!! \u00a0 Skena politike shqiptare n\u00eb Mal t\u00eb Zi, po duket gjithher\u00eb ka qen\u00eb e ndar\u00eb trish. K\u00ebshtu ish edhe n\u00eb fillim","breadcrumb":{"@id":"https:\/\/www.visit-ulcinj.com\/blog\/2016\/09\/02\/nika-eshte-ura-dore-e-shtrire-e-dps-apo-dore-e-shtrire-e-frontit\/#breadcrumb"},"inLanguage":"en-US","potentialAction":[{"@type":"ReadAction","target":["https:\/\/www.visit-ulcinj.com\/blog\/2016\/09\/02\/nika-eshte-ura-dore-e-shtrire-e-dps-apo-dore-e-shtrire-e-frontit\/"]}]},{"@type":"BreadcrumbList","@id":"https:\/\/www.visit-ulcinj.com\/blog\/2016\/09\/02\/nika-eshte-ura-dore-e-shtrire-e-dps-apo-dore-e-shtrire-e-frontit\/#breadcrumb","itemListElement":[{"@type":"ListItem","position":1,"name":"Nika: A \u00ebsht\u00eb URA dor\u00eb e shtrir\u00eb e DPS-it ; Apo dor\u00eb e shtrir\u00eb e Frontit&#8230;?!!"}]},{"@type":"Person","@id":"https:\/\/www.visit-ulcinj.com\/blog\/#\/schema\/person\/dcab619c614d3038751c63bc2aadc06d","name":"ulqini","sameAs":["http:\/\/www.visit-ulcinj.com"],"url":"https:\/\/www.visit-ulcinj.com\/blog\/author\/admin\/"}]}},"jetpack_featured_media_url":"","jetpack_sharing_enabled":true,"jetpack_shortlink":"https:\/\/wp.me\/pe6lTn-pSl","_links":{"self":[{"href":"https:\/\/www.visit-ulcinj.com\/blog\/wp-json\/wp\/v2\/posts\/99469"}],"collection":[{"href":"https:\/\/www.visit-ulcinj.com\/blog\/wp-json\/wp\/v2\/posts"}],"about":[{"href":"https:\/\/www.visit-ulcinj.com\/blog\/wp-json\/wp\/v2\/types\/post"}],"author":[{"embeddable":true,"href":"https:\/\/www.visit-ulcinj.com\/blog\/wp-json\/wp\/v2\/users\/1"}],"replies":[{"embeddable":true,"href":"https:\/\/www.visit-ulcinj.com\/blog\/wp-json\/wp\/v2\/comments?post=99469"}],"version-history":[{"count":4,"href":"https:\/\/www.visit-ulcinj.com\/blog\/wp-json\/wp\/v2\/posts\/99469\/revisions"}],"predecessor-version":[{"id":99476,"href":"https:\/\/www.visit-ulcinj.com\/blog\/wp-json\/wp\/v2\/posts\/99469\/revisions\/99476"}],"wp:attachment":[{"href":"https:\/\/www.visit-ulcinj.com\/blog\/wp-json\/wp\/v2\/media?parent=99469"}],"wp:term":[{"taxonomy":"category","embeddable":true,"href":"https:\/\/www.visit-ulcinj.com\/blog\/wp-json\/wp\/v2\/categories?post=99469"},{"taxonomy":"post_tag","embeddable":true,"href":"https:\/\/www.visit-ulcinj.com\/blog\/wp-json\/wp\/v2\/tags?post=99469"}],"curies":[{"name":"wp","href":"https:\/\/api.w.org\/{rel}","templated":true}]}}