{"id":99480,"date":"2016-09-03T10:29:55","date_gmt":"2016-09-03T09:29:55","guid":{"rendered":"http:\/\/www.visit-ulcinj.com\/blog\/?p=99480"},"modified":"2016-09-04T09:14:04","modified_gmt":"2016-09-04T08:14:04","slug":"ulqini-organizon-ceremoni-per-shenjterimin-e-nene-terezes","status":"publish","type":"post","link":"https:\/\/www.visit-ulcinj.com\/blog\/2016\/09\/03\/ulqini-organizon-ceremoni-per-shenjterimin-e-nene-terezes\/","title":{"rendered":"Ulqini organizon ceremoni p\u00ebr shenjt\u00ebrimin e N\u00ebn\u00eb Terez\u00ebs"},"content":{"rendered":"<p><strong><a href=\"http:\/\/www.visit-ulcinj.com\/blog\/wp-content\/uploads\/2016\/09\/Busti-Nana-Tereza-p\u00ebrball\u00eb-Sht\u00ebpis\u00eb-s\u00eb-Sh\u00ebndetit-Ulqin.jpg\"><img loading=\"lazy\" class=\"alignleft wp-image-99482\" src=\"http:\/\/www.visit-ulcinj.com\/blog\/wp-content\/uploads\/2016\/09\/Busti-Nana-Tereza-p\u00ebrball\u00eb-Sht\u00ebpis\u00eb-s\u00eb-Sh\u00ebndetit-Ulqin.jpg\" alt=\"Busti-Nana Tereza- p\u00ebrball\u00eb Sht\u00ebpis\u00eb s\u00eb Sh\u00ebndetit Ulqin\" width=\"508\" height=\"340\" srcset=\"https:\/\/www.visit-ulcinj.com\/blog\/wp-content\/uploads\/2016\/09\/Busti-Nana-Tereza-p\u00ebrball\u00eb-Sht\u00ebpis\u00eb-s\u00eb-Sh\u00ebndetit-Ulqin.jpg 999w, https:\/\/www.visit-ulcinj.com\/blog\/wp-content\/uploads\/2016\/09\/Busti-Nana-Tereza-p\u00ebrball\u00eb-Sht\u00ebpis\u00eb-s\u00eb-Sh\u00ebndetit-Ulqin-300x201.jpg 300w, https:\/\/www.visit-ulcinj.com\/blog\/wp-content\/uploads\/2016\/09\/Busti-Nana-Tereza-p\u00ebrball\u00eb-Sht\u00ebpis\u00eb-s\u00eb-Sh\u00ebndetit-Ulqin-768x514.jpg 768w\" sizes=\"(max-width: 508px) 100vw, 508px\" \/><\/a>Shoqata \u201c Don Gjon Buzuku\u201d, Shoqata \u201c Don Simon Filipaj\u201d dhe Flamuri i Arb\u00ebrit 1703\u00a0 me mb\u00ebshtetjen e Kuvendit t\u00eb Komun\u00ebs s\u00eb Ulqinit organizon pasditen e s\u00eb diel\u00ebs nj\u00eb ceremoni p\u00ebr nder t\u00eb shenjt\u00ebrimit t\u00eb N\u00ebn\u00eb Terez\u00ebs<\/strong>.<br \/>\n<strong>Gjeke Gjonaj<\/strong><\/p>\n<p>Nes\u00ebr n\u00eb Ulqin, \u00a0tek truporja e nobelistes shqiptare \u00a0p\u00ebrball\u00eb Sht\u00ebpis\u00eb s\u00eb Sh\u00ebndetit me fillim n\u00eb ora 10:30 \u00a0do t\u00eb\u00a0\u00a0 organizohet p\u00ebrmes nj\u00eb video-projektori p\u00ebrcjellja e \u00a0ceremonis\u00eb s\u00eb shenjt\u00ebrimit t\u00eb N\u00ebn\u00eb Terez\u00ebs n\u00eb Vatikan nga Papa Fran\u00e7esku, q\u00eb \u00a0vler\u00ebsohet si nj\u00eb ngjarje e ve\u00e7ant\u00eb jo vet\u00ebm\u00a0 p\u00ebr shqiptar\u00ebt por p\u00ebr t\u00eb gjith\u00eb\u00a0 bot\u00ebn. Organizator\u00eb t\u00eb k\u00ebtij manifestimi jan\u00eb Shoqata \u201c Don Gjon Buzuku\u201d, Shoqata \u201c Don Simon Filipaj\u201d dhe Flamuri i Arb\u00ebrit 1703\u00a0 me mb\u00ebshtetjen e Kuvendit t\u00eb Komun\u00ebs s\u00eb Ulqinit.<\/p>\n<ul>\n<li>Papa Francesku m\u00eb 18 dhjetor 2015 kishte hapur port\u00ebn p\u00ebr shenjt\u00ebrimin e N\u00ebn\u00eb Terez\u00ebs, e cila \u00ebsht\u00eb shpallur \u00abe lume\u00bb n\u00eb vitin 2003 nga Papa i at\u00ebhersh\u00ebm Gjon Pali i dyt\u00eb. Ndihma q\u00eb murgesha shqiptare u kishte dh\u00ebn\u00eb m\u00eb t\u00eb varf\u00ebrve n\u00eb Kalkuta t\u00eb Indis\u00eb, e ka b\u00ebr\u00eb at\u00eb t\u00eb njohur n\u00eb gjith\u00eb bot\u00ebn. (Gj.Gj. )<\/li>\n<\/ul>\n","protected":false},"excerpt":{"rendered":"<p>Shoqata \u201c Don Gjon Buzuku\u201d, Shoqata \u201c Don Simon Filipaj\u201d dhe Flamuri i Arb\u00ebrit 1703\u00a0 me mb\u00ebshtetjen e Kuvendit t\u00eb Komun\u00ebs s\u00eb Ulqinit organizon pasditen e s\u00eb diel\u00ebs nj\u00eb ceremoni p\u00ebr nder t\u00eb shenjt\u00ebrimit t\u00eb N\u00ebn\u00eb Terez\u00ebs. Gjeke Gjonaj Nes\u00ebr n\u00eb Ulqin, \u00a0tek truporja e nobelistes shqiptare \u00a0p\u00ebrball\u00eb Sht\u00ebpis\u00eb s\u00eb Sh\u00ebndetit me fillim n\u00eb ora [&hellip;]<\/p>\n","protected":false},"author":1,"featured_media":0,"comment_status":"closed","ping_status":"closed","sticky":false,"template":"","format":"standard","meta":{"spay_email":"","jetpack_publicize_message":"","jetpack_is_tweetstorm":false,"jetpack_publicize_feature_enabled":true},"categories":[1,6950],"tags":[],"jetpack_publicize_connections":[],"yoast_head":"<!-- This site is optimized with the Yoast SEO plugin v19.1 - https:\/\/yoast.com\/wordpress\/plugins\/seo\/ -->\n<title>Ulqini organizon ceremoni p\u00ebr shenjt\u00ebrimin e N\u00ebn\u00eb Terez\u00ebs - Lajme nga Ulqini<\/title>\n<meta name=\"description\" content=\"Shoqata \u201c Don Gjon Buzuku\u201d, Shoqata \u201c Don Simon Filipaj\u201d dhe Flamuri i Arb\u00ebrit 1703\u00a0 me mb\u00ebshtetjen e Kuvendit t\u00eb Komun\u00ebs s\u00eb Ulqinit organizon pasditen e\" \/>\n<meta name=\"robots\" content=\"index, follow, max-snippet:-1, max-image-preview:large, max-video-preview:-1\" \/>\n<link rel=\"canonical\" href=\"https:\/\/www.visit-ulcinj.com\/blog\/2016\/09\/03\/ulqini-organizon-ceremoni-per-shenjterimin-e-nene-terezes\/\" \/>\n<meta property=\"og:locale\" content=\"en_US\" \/>\n<meta property=\"og:type\" content=\"article\" \/>\n<meta property=\"og:title\" content=\"Ulqini organizon ceremoni p\u00ebr shenjt\u00ebrimin e N\u00ebn\u00eb Terez\u00ebs - Lajme nga Ulqini\" \/>\n<meta property=\"og:description\" content=\"Shoqata \u201c Don Gjon Buzuku\u201d, Shoqata \u201c Don Simon Filipaj\u201d dhe Flamuri i Arb\u00ebrit 1703\u00a0 me mb\u00ebshtetjen e Kuvendit t\u00eb Komun\u00ebs s\u00eb Ulqinit organizon pasditen e\" \/>\n<meta property=\"og:url\" content=\"https:\/\/www.visit-ulcinj.com\/blog\/2016\/09\/03\/ulqini-organizon-ceremoni-per-shenjterimin-e-nene-terezes\/\" \/>\n<meta property=\"og:site_name\" content=\"Lajme nga Ulqini\" \/>\n<meta property=\"article:published_time\" content=\"2016-09-03T09:29:55+00:00\" \/>\n<meta property=\"article:modified_time\" content=\"2016-09-04T08:14:04+00:00\" \/>\n<meta name=\"twitter:label1\" content=\"Written by\" \/>\n\t<meta name=\"twitter:data1\" content=\"ulqini\" \/>\n\t<meta name=\"twitter:label2\" content=\"Est. reading time\" \/>\n\t<meta name=\"twitter:data2\" content=\"1 minute\" \/>\n<script type=\"application\/ld+json\" class=\"yoast-schema-graph\">{\"@context\":\"https:\/\/schema.org\",\"@graph\":[{\"@type\":\"WebSite\",\"@id\":\"https:\/\/www.visit-ulcinj.com\/blog\/#website\",\"url\":\"https:\/\/www.visit-ulcinj.com\/blog\/\",\"name\":\"Lajme nga Ulqini\",\"description\":\"Lajme,Vijesti,Ulqini,Ulqin,Crna Gora,Mali i Zi\",\"potentialAction\":[{\"@type\":\"SearchAction\",\"target\":{\"@type\":\"EntryPoint\",\"urlTemplate\":\"https:\/\/www.visit-ulcinj.com\/blog\/?s={search_term_string}\"},\"query-input\":\"required name=search_term_string\"}],\"inLanguage\":\"en-US\"},{\"@type\":\"WebPage\",\"@id\":\"https:\/\/www.visit-ulcinj.com\/blog\/2016\/09\/03\/ulqini-organizon-ceremoni-per-shenjterimin-e-nene-terezes\/#webpage\",\"url\":\"https:\/\/www.visit-ulcinj.com\/blog\/2016\/09\/03\/ulqini-organizon-ceremoni-per-shenjterimin-e-nene-terezes\/\",\"name\":\"Ulqini organizon ceremoni p\u00ebr shenjt\u00ebrimin e N\u00ebn\u00eb Terez\u00ebs - Lajme nga Ulqini\",\"isPartOf\":{\"@id\":\"https:\/\/www.visit-ulcinj.com\/blog\/#website\"},\"datePublished\":\"2016-09-03T09:29:55+00:00\",\"dateModified\":\"2016-09-04T08:14:04+00:00\",\"author\":{\"@id\":\"https:\/\/www.visit-ulcinj.com\/blog\/#\/schema\/person\/dcab619c614d3038751c63bc2aadc06d\"},\"description\":\"Shoqata \u201c Don Gjon Buzuku\u201d, Shoqata \u201c Don Simon Filipaj\u201d dhe Flamuri i Arb\u00ebrit 1703\u00a0 me mb\u00ebshtetjen e Kuvendit t\u00eb Komun\u00ebs s\u00eb Ulqinit organizon pasditen e\",\"breadcrumb\":{\"@id\":\"https:\/\/www.visit-ulcinj.com\/blog\/2016\/09\/03\/ulqini-organizon-ceremoni-per-shenjterimin-e-nene-terezes\/#breadcrumb\"},\"inLanguage\":\"en-US\",\"potentialAction\":[{\"@type\":\"ReadAction\",\"target\":[\"https:\/\/www.visit-ulcinj.com\/blog\/2016\/09\/03\/ulqini-organizon-ceremoni-per-shenjterimin-e-nene-terezes\/\"]}]},{\"@type\":\"BreadcrumbList\",\"@id\":\"https:\/\/www.visit-ulcinj.com\/blog\/2016\/09\/03\/ulqini-organizon-ceremoni-per-shenjterimin-e-nene-terezes\/#breadcrumb\",\"itemListElement\":[{\"@type\":\"ListItem\",\"position\":1,\"name\":\"Ulqini organizon ceremoni p\u00ebr shenjt\u00ebrimin e N\u00ebn\u00eb Terez\u00ebs\"}]},{\"@type\":\"Person\",\"@id\":\"https:\/\/www.visit-ulcinj.com\/blog\/#\/schema\/person\/dcab619c614d3038751c63bc2aadc06d\",\"name\":\"ulqini\",\"sameAs\":[\"http:\/\/www.visit-ulcinj.com\"],\"url\":\"https:\/\/www.visit-ulcinj.com\/blog\/author\/admin\/\"}]}<\/script>\n<!-- \/ Yoast SEO plugin. -->","yoast_head_json":{"title":"Ulqini organizon ceremoni p\u00ebr shenjt\u00ebrimin e N\u00ebn\u00eb Terez\u00ebs - Lajme nga Ulqini","description":"Shoqata \u201c Don Gjon Buzuku\u201d, Shoqata \u201c Don Simon Filipaj\u201d dhe Flamuri i Arb\u00ebrit 1703\u00a0 me mb\u00ebshtetjen e Kuvendit t\u00eb Komun\u00ebs s\u00eb Ulqinit organizon pasditen e","robots":{"index":"index","follow":"follow","max-snippet":"max-snippet:-1","max-image-preview":"max-image-preview:large","max-video-preview":"max-video-preview:-1"},"canonical":"https:\/\/www.visit-ulcinj.com\/blog\/2016\/09\/03\/ulqini-organizon-ceremoni-per-shenjterimin-e-nene-terezes\/","og_locale":"en_US","og_type":"article","og_title":"Ulqini organizon ceremoni p\u00ebr shenjt\u00ebrimin e N\u00ebn\u00eb Terez\u00ebs - Lajme nga Ulqini","og_description":"Shoqata \u201c Don Gjon Buzuku\u201d, Shoqata \u201c Don Simon Filipaj\u201d dhe Flamuri i Arb\u00ebrit 1703\u00a0 me mb\u00ebshtetjen e Kuvendit t\u00eb Komun\u00ebs s\u00eb Ulqinit organizon pasditen e","og_url":"https:\/\/www.visit-ulcinj.com\/blog\/2016\/09\/03\/ulqini-organizon-ceremoni-per-shenjterimin-e-nene-terezes\/","og_site_name":"Lajme nga Ulqini","article_published_time":"2016-09-03T09:29:55+00:00","article_modified_time":"2016-09-04T08:14:04+00:00","twitter_misc":{"Written by":"ulqini","Est. reading time":"1 minute"},"schema":{"@context":"https:\/\/schema.org","@graph":[{"@type":"WebSite","@id":"https:\/\/www.visit-ulcinj.com\/blog\/#website","url":"https:\/\/www.visit-ulcinj.com\/blog\/","name":"Lajme nga Ulqini","description":"Lajme,Vijesti,Ulqini,Ulqin,Crna Gora,Mali i Zi","potentialAction":[{"@type":"SearchAction","target":{"@type":"EntryPoint","urlTemplate":"https:\/\/www.visit-ulcinj.com\/blog\/?s={search_term_string}"},"query-input":"required name=search_term_string"}],"inLanguage":"en-US"},{"@type":"WebPage","@id":"https:\/\/www.visit-ulcinj.com\/blog\/2016\/09\/03\/ulqini-organizon-ceremoni-per-shenjterimin-e-nene-terezes\/#webpage","url":"https:\/\/www.visit-ulcinj.com\/blog\/2016\/09\/03\/ulqini-organizon-ceremoni-per-shenjterimin-e-nene-terezes\/","name":"Ulqini organizon ceremoni p\u00ebr shenjt\u00ebrimin e N\u00ebn\u00eb Terez\u00ebs - Lajme nga Ulqini","isPartOf":{"@id":"https:\/\/www.visit-ulcinj.com\/blog\/#website"},"datePublished":"2016-09-03T09:29:55+00:00","dateModified":"2016-09-04T08:14:04+00:00","author":{"@id":"https:\/\/www.visit-ulcinj.com\/blog\/#\/schema\/person\/dcab619c614d3038751c63bc2aadc06d"},"description":"Shoqata \u201c Don Gjon Buzuku\u201d, Shoqata \u201c Don Simon Filipaj\u201d dhe Flamuri i Arb\u00ebrit 1703\u00a0 me mb\u00ebshtetjen e Kuvendit t\u00eb Komun\u00ebs s\u00eb Ulqinit organizon pasditen e","breadcrumb":{"@id":"https:\/\/www.visit-ulcinj.com\/blog\/2016\/09\/03\/ulqini-organizon-ceremoni-per-shenjterimin-e-nene-terezes\/#breadcrumb"},"inLanguage":"en-US","potentialAction":[{"@type":"ReadAction","target":["https:\/\/www.visit-ulcinj.com\/blog\/2016\/09\/03\/ulqini-organizon-ceremoni-per-shenjterimin-e-nene-terezes\/"]}]},{"@type":"BreadcrumbList","@id":"https:\/\/www.visit-ulcinj.com\/blog\/2016\/09\/03\/ulqini-organizon-ceremoni-per-shenjterimin-e-nene-terezes\/#breadcrumb","itemListElement":[{"@type":"ListItem","position":1,"name":"Ulqini organizon ceremoni p\u00ebr shenjt\u00ebrimin e N\u00ebn\u00eb Terez\u00ebs"}]},{"@type":"Person","@id":"https:\/\/www.visit-ulcinj.com\/blog\/#\/schema\/person\/dcab619c614d3038751c63bc2aadc06d","name":"ulqini","sameAs":["http:\/\/www.visit-ulcinj.com"],"url":"https:\/\/www.visit-ulcinj.com\/blog\/author\/admin\/"}]}},"jetpack_featured_media_url":"","jetpack_sharing_enabled":true,"jetpack_shortlink":"https:\/\/wp.me\/pe6lTn-pSw","_links":{"self":[{"href":"https:\/\/www.visit-ulcinj.com\/blog\/wp-json\/wp\/v2\/posts\/99480"}],"collection":[{"href":"https:\/\/www.visit-ulcinj.com\/blog\/wp-json\/wp\/v2\/posts"}],"about":[{"href":"https:\/\/www.visit-ulcinj.com\/blog\/wp-json\/wp\/v2\/types\/post"}],"author":[{"embeddable":true,"href":"https:\/\/www.visit-ulcinj.com\/blog\/wp-json\/wp\/v2\/users\/1"}],"replies":[{"embeddable":true,"href":"https:\/\/www.visit-ulcinj.com\/blog\/wp-json\/wp\/v2\/comments?post=99480"}],"version-history":[{"count":3,"href":"https:\/\/www.visit-ulcinj.com\/blog\/wp-json\/wp\/v2\/posts\/99480\/revisions"}],"predecessor-version":[{"id":99485,"href":"https:\/\/www.visit-ulcinj.com\/blog\/wp-json\/wp\/v2\/posts\/99480\/revisions\/99485"}],"wp:attachment":[{"href":"https:\/\/www.visit-ulcinj.com\/blog\/wp-json\/wp\/v2\/media?parent=99480"}],"wp:term":[{"taxonomy":"category","embeddable":true,"href":"https:\/\/www.visit-ulcinj.com\/blog\/wp-json\/wp\/v2\/categories?post=99480"},{"taxonomy":"post_tag","embeddable":true,"href":"https:\/\/www.visit-ulcinj.com\/blog\/wp-json\/wp\/v2\/tags?post=99480"}],"curies":[{"name":"wp","href":"https:\/\/api.w.org\/{rel}","templated":true}]}}