{"id":99487,"date":"2016-09-03T17:59:47","date_gmt":"2016-09-03T16:59:47","guid":{"rendered":"http:\/\/www.visit-ulcinj.com\/blog\/?p=99487"},"modified":"2016-09-11T07:27:15","modified_gmt":"2016-09-11T06:27:15","slug":"nika-f-noli-mbahu-neno-mos-ki-frike-se-ke-djemt-ne-amerike","status":"publish","type":"post","link":"https:\/\/www.visit-ulcinj.com\/blog\/2016\/09\/03\/nika-f-noli-mbahu-neno-mos-ki-frike-se-ke-djemt-ne-amerike\/","title":{"rendered":"Nika: F. Noli: \u201c Mbahu  n\u00ebno  mos ki frik\u00eb  se ke djemt n\u00eb amerik\u00eb..\u201d"},"content":{"rendered":"<p><strong><a href=\"http:\/\/www.visit-ulcinj.com\/blog\/wp-content\/uploads\/2016\/09\/Gjimnazi-Vllazerim-Bashkim-Ulqin.jpg\"><img loading=\"lazy\" class=\"alignleft wp-image-99488\" src=\"http:\/\/www.visit-ulcinj.com\/blog\/wp-content\/uploads\/2016\/09\/Gjimnazi-Vllazerim-Bashkim-Ulqin.jpg\" alt=\"Gjimnazi-Vllazerim-Bashkim-Ulqin\" width=\"508\" height=\"316\" srcset=\"https:\/\/www.visit-ulcinj.com\/blog\/wp-content\/uploads\/2016\/09\/Gjimnazi-Vllazerim-Bashkim-Ulqin.jpg 413w, https:\/\/www.visit-ulcinj.com\/blog\/wp-content\/uploads\/2016\/09\/Gjimnazi-Vllazerim-Bashkim-Ulqin-300x187.jpg 300w\" sizes=\"(max-width: 508px) 100vw, 508px\" \/><\/a>Shkruan Muhamet Nika<\/strong><\/p>\n<p style=\"background: white;\"><span lang=\"EN-US\" style=\"font-size: 11.0pt; font-family: 'Arial',sans-serif; color: black;\">Kur pam\u00eb punimet e nisura- si n\u00eb\u00a0\u00a0 fotografin\u00eb m\u00eb posht\u00eb , t\u00eb investimeve t\u00eb diaspor\u00ebs, n\u00eb qendr\u00ebn shkollore\u00a0 t\u00eb Ulqinit, shkuam atje dhe\u00a0 pyet\u00ebm\u00a0 drejtorin e shkoll\u00ebs -Cen Katana, se kush ishin investitor\u00ebt dhe si ia besuan k\u00ebtij k\u00ebt\u00eb INVESTIM?!\u00a0 E ai u p\u00ebrgjigj \u2013 numri i investitor\u00ebve pritet t\u00eb jet\u00eb i madh , nd\u00ebrsa\u00a0 ata vet\u00eb e b\u00ebjn\u00eb investimin n\u00eb t\u00eb holla- pa kaluar\u00a0 parat\u00eb e tyre\u00a0 n\u00ebp\u00ebr gjirollogari t\u00eb shkoll\u00ebs.<\/span><\/p>\n<p style=\"background: white;\"><span lang=\"EN-US\" style=\"font-size: 11.0pt; font-family: 'Arial',sans-serif; color: black;\">Medet thash , sikur t\u00eb pranonin k\u00ebshtu edhe k\u00ebta t\u00eb komun\u00ebs. ..?!<\/span><\/p>\n<p style=\"background: white;\"><span lang=\"EN-US\" style=\"font-size: 11.0pt; font-family: 'Arial',sans-serif; color: black;\">Kurse p\u00ebr momentin, ve\u00e7oi\u00a0\u00a0 disa nga investitor\u00ebt\u00a0 dhe vazhdoi q\u00eb\u00a0\u00a0 k\u00ebta, ishin nx\u00ebn\u00ebs t\u00eb dikursh\u00ebm t\u00eb\u00a0 saj , si : Hilmi Kurti, q\u00eb\u00a0 kish ndar\u00eb diku 8mij\u00eb e 500 euro.,\u00a0 Hamdi \u00c7apriqi \u2013 \u00a035 dyer alumini , diku rreth 10mij\u00eb euro,\u00a0 Isa\u00a0 \u00c7apriqi , p\u00ebr rregullim t\u00eb hyrjes s\u00eb oborrit diku rreth 3mij\u00eb e 500 euro.<\/span><\/p>\n<p style=\"background: white;\"><em><b><span lang=\"EN-US\" style=\"font-size: 11.0pt; font-family: 'Arial',sans-serif; color: black;\">SHIH \u00c7UDIN\u00cb E\u00a0 RADH\u00cbS: \u00a0\u00a0\u00a0\u00a0ZYRA\u00a0 E DIASPOR\u00cbS\u00a0 JEPET\u00a0 ME QIRA\u2026.?!!<\/span><\/b><\/em><\/p>\n<p><a href=\"http:\/\/www.visit-ulcinj.com\/blog\/wp-content\/uploads\/2016\/09\/Jepet-me-qera-biroja-diaspores-Ulqin.jpg\"><img loading=\"lazy\" class=\"alignleft wp-image-99489\" src=\"http:\/\/www.visit-ulcinj.com\/blog\/wp-content\/uploads\/2016\/09\/Jepet-me-qera-biroja-diaspores-Ulqin.jpg\" alt=\"Jepet-me-qera-biroja-diaspores-Ulqin\" width=\"508\" height=\"183\" srcset=\"https:\/\/www.visit-ulcinj.com\/blog\/wp-content\/uploads\/2016\/09\/Jepet-me-qera-biroja-diaspores-Ulqin.jpg 619w, https:\/\/www.visit-ulcinj.com\/blog\/wp-content\/uploads\/2016\/09\/Jepet-me-qera-biroja-diaspores-Ulqin-300x108.jpg 300w\" sizes=\"(max-width: 508px) 100vw, 508px\" \/><\/a><\/p>\n<p>&nbsp;<\/p>\n<p style=\"background: white;\"><em><b><span lang=\"EN-US\" style=\"font-size: 11.0pt; font-family: 'Arial',sans-serif; color: black;\">Ja \u201cn\u00eb vep\u00ebr\u201d edhe nj\u00eb rast i autodiskriminimit\u00a0 gjuh\u00ebsor- shih shkrimi vet\u00ebm anglisht\u2026?! \u00a0Pastaj m\u00eb von\u00eb edhe\u00a0 buz\u00eb saj \u2013\u00a0 n\u00eb hyrje- u vendos\u00a0 nj\u00eb shpallje , si zakonisht serbisht: jepet\u00a0 me qira\u2026?! Por edhe k\u00ebt\u00eb do kuptuar. N\u00ebse Komuna \u2013 kish \u00e7uar dor\u00eb , nga gjuh\u00ebt e mjedisit-si n\u00eb fotografi- pse nuk mund t\u00eb \u00e7oj\u00eb edhe pronari q\u00eb i duhet ta jap\u00eb me qira..?!!!<\/span><\/b><\/em><\/p>\n<p style=\"background: white;\"><em><b><span lang=\"EN-US\" style=\"font-size: 11.0pt; font-family: 'Arial',sans-serif; color: black;\">\u00a0<\/span><\/b><\/em><\/p>\n<p style=\"background: white;\"><span lang=\"EN-US\" style=\"font-size: 11.0pt; font-family: 'Arial',sans-serif; color: black;\">Me statut t\u00eb komun\u00ebs- pushteti lokal , ka t\u00eb drejt\u00eb\u00a0 t\u00eb merret\u00a0 edhe me diaspor\u00eb , duke zhvilluar forma t\u00eb ndryshme kontakti, por pushteti lokal i Ulqinit , del i vonuar\u00a0 n\u00eb k\u00ebt\u00eb aspekt, edhe pse , nuk kish mbetur fytyr\u00eb politikani shqiptar\u00eb , q\u00eb \u201c n\u00eb em\u00ebr t\u00eb kombit\u2026\u201d,\u00a0 \u201c t\u00eb kish par\u00eb me 5 lek\u00eb Amerik\u00ebn..\u201d ?!! Pra po duket se edhe Migjeni \u2013 ia fuste kot, \u00a0n\u00eb \u201c historin\u00eb e nj\u00ebr\u00ebs nga ato \u201d ?!!!<\/span><\/p>\n<p style=\"background: white;\"><span lang=\"EN-US\" style=\"font-size: 11.0pt; font-family: 'Arial',sans-serif; color: black;\">Kur\u00a0 u prish koalicioni paraprak q\u00eb kryesoj Gjeka dhe filloi ky q\u00eb kryeson Cungu, them t\u00eb v\u00ebrtet\u00ebn disi , isha i shqet\u00ebsuar kur Cungu \u00a0pash se e fiku zyr\u00ebn e diaspor\u00ebs,\u00a0 t\u00eb\u00a0 formuar\u00a0\u00a0 nga \u00a0\u00a0vet\u00eb Gjeka. Ky \u00a0i fundit , kish zgjedh edhe nj\u00eb ekip\u00a0 t\u00eb sajin, \u00a0q\u00eb do kryesonte me pun\u00ebt.<\/span><\/p>\n<p style=\"background: white;\"><span lang=\"EN-US\" style=\"font-size: 11.0pt; font-family: 'Arial',sans-serif; color: black;\">Mir\u00eb po , \u00a0nejse, Cungu e b\u00ebri t\u00eb vet\u00ebn,\u00a0\u00a0 t\u00eb pun\u00ebsuarit u detyruan t\u00eb\u00a0 \u00a0n\u00ebnshkruajn\u00eb \u00a0vet\u00eb dor\u00ebheqje..?!<\/span><\/p>\n<p style=\"background: white;\"><em><b><span lang=\"EN-US\" style=\"font-size: 11.0pt; font-family: 'Arial',sans-serif; color: black;\">Mendova \u00a0se\u00a0 mbyllja e zyr\u00ebs, do t\u00eb \u00a0reflektoj\u00eb doemos keq..?!!<\/span><\/b><\/em><\/p>\n<p style=\"background: white;\"><span lang=\"EN-US\" style=\"font-size: 11.0pt; font-family: 'Arial',sans-serif; color: black;\">Me gjith\u00eb at\u00eb ,u g\u00ebzova\u00a0 kur \u00a0konstatuam q\u00eb diaspora nuk ishte \u201c hidh\u00ebruar p\u00ebr k\u00ebt\u00eb veprim\u201d,por filloi edhe \u00a0do investime\u00a0 tjera n\u00eb vend lindje \u00a0p\u00ebr ve\u00e7 atyre q\u00eb p\u00ebrmend\u00ebm.<\/span><\/p>\n<p style=\"background: white;\"><span lang=\"EN-US\" style=\"font-size: 11.0pt; font-family: 'Arial',sans-serif; color: black;\">Nga kjo \u00a0q\u00eb po b\u00ebhet, vet\u00ebm se na u p\u00ebrkujtuan vargjet e Nolit, kur k\u00ebndoi , p\u00ebr m\u00ebrgat\u00ebn shqiptare\u00a0\u00a0 t\u00eb Amerik\u00ebs, me fjal\u00ebt:<span class=\"apple-converted-space\">\u00a0<\/span><strong><span style=\"font-family: 'Arial',sans-serif;\">Mbahu n\u00ebno \/ mos ke frik\u00eb\/ se ke djemt\u00eb n\u00eb Amerik\u00eb..?!!<\/span><\/strong>Doemos\u00a0 q\u00eb fjal\u00ebn e kish p\u00ebr m\u00ebm\u00ebdheun ?! Dhe k\u00ebshtu- \u00a0Karavanit t\u00eb investimeve e kontributit , iu shtua<\/span><\/p>\n<p style=\"background: white;\"><strong><span lang=\"EN-US\" style=\"font-size: 11.0pt; font-family: 'Arial',sans-serif; color: black;\">edhe \u201c \u00a0<\/span><\/strong><span lang=\"EN-US\" style=\"font-size: 11.0pt; font-family: 'Arial',sans-serif; color: black;\"><a href=\"http:\/\/www.visit-ulcinj.com\/blog\/2016\/09\/02\/qamil-capriqi-dhuron-pese-mije-dollar-per-zjarrfiksat-e-ulqinit\/\"><strong><span style=\"font-family: 'Arial',sans-serif; color: black; text-decoration: none; text-underline: none;\">Qamil \u00c7apriqi \u00a0q\u00eb dhuron pes\u00eb mij\u00eb dollar p\u00ebr zjarrfiksat e Ulqinit<\/span><\/strong><\/a><strong><span style=\"font-family: 'Arial',sans-serif;\">..\u201d Nd\u00ebrsa \u00a0, nga portal\u00ebt\u00a0\u00a0 shk\u00ebput\u00ebm edhe k\u00ebt\u00eb fotografi t\u00eb cil\u00ebn e shoq\u00ebron teksti n\u00eb vazhdim ku cekej\u201d<\/span><\/strong><\/span><\/p>\n<p><a href=\"http:\/\/www.visit-ulcinj.com\/blog\/wp-content\/uploads\/2016\/09\/Komuna-Ulqinit-N\u00ebnshkruhet-memorandumi-i-bashk\u00ebpunimit-Ana-Malit.jpg\"><img loading=\"lazy\" class=\"alignleft wp-image-99456\" src=\"http:\/\/www.visit-ulcinj.com\/blog\/wp-content\/uploads\/2016\/09\/Komuna-Ulqinit-N\u00ebnshkruhet-memorandumi-i-bashk\u00ebpunimit-Ana-Malit.jpg\" alt=\"Komuna Ulqinit-N\u00ebnshkruhet memorandumi i bashk\u00ebpunimit-Ana Malit\" width=\"508\" height=\"337\" srcset=\"https:\/\/www.visit-ulcinj.com\/blog\/wp-content\/uploads\/2016\/09\/Komuna-Ulqinit-N\u00ebnshkruhet-memorandumi-i-bashk\u00ebpunimit-Ana-Malit.jpg 640w, https:\/\/www.visit-ulcinj.com\/blog\/wp-content\/uploads\/2016\/09\/Komuna-Ulqinit-N\u00ebnshkruhet-memorandumi-i-bashk\u00ebpunimit-Ana-Malit-300x199.jpg 300w\" sizes=\"(max-width: 508px) 100vw, 508px\" \/><\/a><\/p>\n<p><em>N\u00eb kabinetit e Kryetarit t\u00eb Komun\u00ebs Nazif Cungu ku ishin t\u00eb pranish\u00ebm p\u00ebrfaqesuesit e diaspor\u00ebs nga Shoqata Shqiptaro -Amerikane Ana e Malit n\u00eb New York z. Ismet Kurti dhe Albert Salaj, p\u00ebrfaq\u00ebsuesit e BL. Kat\u00ebrkoll\u00eb Sabri Salaj dhe Safet Taipi, Kryetari i BKA-s\u00eb Kabil Kurti dhe p\u00ebrfaq\u00ebsuesi i KF. Ana e Malit Kabil Hoxha u n\u00ebnshkrua memorandumi i bashk\u00ebpunimit nd\u00ebrmjet Komun\u00ebs s\u00eb Ulqinit dhe diaspor\u00ebs p\u00ebr nd\u00ebrtimin e ,, Parkut Publik ,, n\u00eb t\u00eb cil\u00ebn parashihen nd\u00ebrtimin i terenit p\u00ebr futboll t\u00eb vog\u00ebl , terenin e basketit dhe terenin e tenisit, k\u00ebndin e lojrave p\u00ebr f\u00ebmij\u00eb si dhe infrastuktur\u00ebn p\u00ebrcjell\u00ebse.\u201d<\/em><\/p>\n<p>E\u00a0 ne\u00a0 po i\u00a0 kujtojm\u00eb k\u00ebta \u00a0\u201c t\u00eb pushtetit \u00a0t\u00eb gjer\u00eb.. e t\u00eb ngusht\u00eb\u2026\u201d nj\u00ebkoh\u00ebsisht, t\u00eb \u00a0mos harrojn\u00eb\u00a0 \u00a0e tu thon\u00eb \u201c djemve \u00a0n\u00eb Amerik\u00eb\u2026\u201d, me rixha- q\u00eb p\u00ebr \u201c n\u00ebnat \u2026 \u201c q\u00eb shesin\u00a0 buz\u00eb rrug\u00ebs, t\u00eb nd\u00ebrtojn\u00eb edhe at\u00eb vendin \u201c ku me ba bizhin..\u201d,\u00a0 p\u00ebr t\u00eb mos i qitur havale \u2013 ndonj\u00eb restorani pran\u00eb \u2013 se me k\u00ebta djem\u00a0 me t\u00eb cil\u00ebt\u00a0 kan\u00eb mbetur k\u00ebtu\u00a0 t\u00eb\u00a0 shkretat\u2026., u pa puna\u2026.\/ kan\u00eb\u00a0 mbetur gjall\u00eb e p\u00ebr\u00e7ud \u00a0dhe \u00a0s\u2019ka\u00a0 \u00a0ku shkan ma keq-\u00a0 pa vend\u00a0 \u201c p\u00ebr nevoj\u00eb t\u00eb vog\u00ebl \u201c se p\u00ebr t\u00eb madhen \u00a0e\u00a0 dini vet\u00eb- kemi problem edhe n\u00eb Ulqin?!!<\/p>\n<p><em>\u00a0<\/em><\/p>\n<p><a href=\"http:\/\/www.visit-ulcinj.com\/blog\/wp-content\/uploads\/2014\/11\/Muhamet-Nika.jpg\"><img loading=\"lazy\" class=\"alignleft wp-image-86143 size-thumbnail\" src=\"http:\/\/www.visit-ulcinj.com\/blog\/wp-content\/uploads\/2014\/11\/Muhamet-Nika-150x150.jpg\" alt=\"Muhamet Nika\" width=\"150\" height=\"150\" \/><\/a><strong>Sudski tuma\u010d- P\u00ebrkthyes gjyq\u00ebsor \u201c MUHAMET NIKA \u201d Ulcinj- Ulqin<\/strong><\/p>\n<p><strong>Adresa:<\/strong> zgrada SO ULCINJ- nd\u00ebrtesa e KK Ulqin<\/p>\n<p><strong>Telefon-i: <\/strong> 068 264 122<\/p>\n<p><strong>Email-i <\/strong>: <strong><a href=\"mailto:muhamet-nika@hotmail.com\">muhamet-nika@hotmail.com<\/a><\/strong><\/p>\n<p>Albanski jezik- prof. Albanskog jezika<\/p>\n<p>Gjuh\u00eb shqipe- prof. I gjuh\u00ebs shqipe<\/p>\n<p><strong>Pik\u00ebpamjet e shprehura n\u00eb faqen \u201cOPINIONE\u201d nuk p\u00ebrfaq\u00ebsojn\u00eb domosdoshm\u00ebrisht politik\u00ebn redaksionale t\u00eb \u201eLajmeve nga Ulqini\u201e<\/strong><\/p>\n","protected":false},"excerpt":{"rendered":"<p>Shkruan Muhamet Nika Kur pam\u00eb punimet e nisura- si n\u00eb\u00a0\u00a0 fotografin\u00eb m\u00eb posht\u00eb , t\u00eb investimeve t\u00eb diaspor\u00ebs, n\u00eb qendr\u00ebn shkollore\u00a0 t\u00eb Ulqinit, shkuam atje dhe\u00a0 pyet\u00ebm\u00a0 drejtorin e shkoll\u00ebs -Cen Katana, se kush ishin investitor\u00ebt dhe si ia besuan k\u00ebtij k\u00ebt\u00eb INVESTIM?!\u00a0 E ai u p\u00ebrgjigj \u2013 numri i investitor\u00ebve pritet t\u00eb jet\u00eb i [&hellip;]<\/p>\n","protected":false},"author":1,"featured_media":0,"comment_status":"closed","ping_status":"closed","sticky":false,"template":"","format":"standard","meta":{"spay_email":"","jetpack_publicize_message":"","jetpack_is_tweetstorm":false,"jetpack_publicize_feature_enabled":true},"categories":[14249],"tags":[],"jetpack_publicize_connections":[],"yoast_head":"<!-- This site is optimized with the Yoast SEO plugin v19.1 - https:\/\/yoast.com\/wordpress\/plugins\/seo\/ -->\n<title>Nika: F. Noli: \u201c Mbahu n\u00ebno mos ki frik\u00eb se ke djemt n\u00eb amerik\u00eb..\u201d - Lajme nga Ulqini<\/title>\n<meta name=\"description\" content=\"Shkruan Muhamet Nika Kur pam\u00eb punimet e nisura- si n\u00eb\u00a0\u00a0 fotografin\u00eb m\u00eb posht\u00eb , t\u00eb investimeve t\u00eb diaspor\u00ebs, n\u00eb qendr\u00ebn shkollore\u00a0 t\u00eb Ulqinit, shkuam atje\" \/>\n<meta name=\"robots\" content=\"index, follow, max-snippet:-1, max-image-preview:large, max-video-preview:-1\" \/>\n<link rel=\"canonical\" href=\"https:\/\/www.visit-ulcinj.com\/blog\/2016\/09\/03\/nika-f-noli-mbahu-neno-mos-ki-frike-se-ke-djemt-ne-amerike\/\" \/>\n<meta property=\"og:locale\" content=\"en_US\" \/>\n<meta property=\"og:type\" content=\"article\" \/>\n<meta property=\"og:title\" content=\"Nika: F. Noli: \u201c Mbahu n\u00ebno mos ki frik\u00eb se ke djemt n\u00eb amerik\u00eb..\u201d - Lajme nga Ulqini\" \/>\n<meta property=\"og:description\" content=\"Shkruan Muhamet Nika Kur pam\u00eb punimet e nisura- si n\u00eb\u00a0\u00a0 fotografin\u00eb m\u00eb posht\u00eb , t\u00eb investimeve t\u00eb diaspor\u00ebs, n\u00eb qendr\u00ebn shkollore\u00a0 t\u00eb Ulqinit, shkuam atje\" \/>\n<meta property=\"og:url\" content=\"https:\/\/www.visit-ulcinj.com\/blog\/2016\/09\/03\/nika-f-noli-mbahu-neno-mos-ki-frike-se-ke-djemt-ne-amerike\/\" \/>\n<meta property=\"og:site_name\" content=\"Lajme nga Ulqini\" \/>\n<meta property=\"article:published_time\" content=\"2016-09-03T16:59:47+00:00\" \/>\n<meta property=\"article:modified_time\" content=\"2016-09-11T06:27:15+00:00\" \/>\n<meta property=\"og:image\" content=\"http:\/\/www.visit-ulcinj.com\/blog\/wp-content\/uploads\/2016\/09\/Gjimnazi-Vllazerim-Bashkim-Ulqin.jpg\" \/>\n<meta name=\"twitter:label1\" content=\"Written by\" \/>\n\t<meta name=\"twitter:data1\" content=\"ulqini\" \/>\n\t<meta name=\"twitter:label2\" content=\"Est. reading time\" \/>\n\t<meta name=\"twitter:data2\" content=\"4 minutes\" \/>\n<script type=\"application\/ld+json\" class=\"yoast-schema-graph\">{\"@context\":\"https:\/\/schema.org\",\"@graph\":[{\"@type\":\"WebSite\",\"@id\":\"https:\/\/www.visit-ulcinj.com\/blog\/#website\",\"url\":\"https:\/\/www.visit-ulcinj.com\/blog\/\",\"name\":\"Lajme nga Ulqini\",\"description\":\"Lajme,Vijesti,Ulqini,Ulqin,Crna Gora,Mali i Zi\",\"potentialAction\":[{\"@type\":\"SearchAction\",\"target\":{\"@type\":\"EntryPoint\",\"urlTemplate\":\"https:\/\/www.visit-ulcinj.com\/blog\/?s={search_term_string}\"},\"query-input\":\"required name=search_term_string\"}],\"inLanguage\":\"en-US\"},{\"@type\":\"ImageObject\",\"inLanguage\":\"en-US\",\"@id\":\"https:\/\/www.visit-ulcinj.com\/blog\/2016\/09\/03\/nika-f-noli-mbahu-neno-mos-ki-frike-se-ke-djemt-ne-amerike\/#primaryimage\",\"url\":\"https:\/\/www.visit-ulcinj.com\/blog\/wp-content\/uploads\/2016\/09\/Gjimnazi-Vllazerim-Bashkim-Ulqin.jpg\",\"contentUrl\":\"https:\/\/www.visit-ulcinj.com\/blog\/wp-content\/uploads\/2016\/09\/Gjimnazi-Vllazerim-Bashkim-Ulqin.jpg\",\"width\":413,\"height\":257},{\"@type\":\"WebPage\",\"@id\":\"https:\/\/www.visit-ulcinj.com\/blog\/2016\/09\/03\/nika-f-noli-mbahu-neno-mos-ki-frike-se-ke-djemt-ne-amerike\/#webpage\",\"url\":\"https:\/\/www.visit-ulcinj.com\/blog\/2016\/09\/03\/nika-f-noli-mbahu-neno-mos-ki-frike-se-ke-djemt-ne-amerike\/\",\"name\":\"Nika: F. Noli: \u201c Mbahu n\u00ebno mos ki frik\u00eb se ke djemt n\u00eb amerik\u00eb..\u201d - Lajme nga Ulqini\",\"isPartOf\":{\"@id\":\"https:\/\/www.visit-ulcinj.com\/blog\/#website\"},\"primaryImageOfPage\":{\"@id\":\"https:\/\/www.visit-ulcinj.com\/blog\/2016\/09\/03\/nika-f-noli-mbahu-neno-mos-ki-frike-se-ke-djemt-ne-amerike\/#primaryimage\"},\"datePublished\":\"2016-09-03T16:59:47+00:00\",\"dateModified\":\"2016-09-11T06:27:15+00:00\",\"author\":{\"@id\":\"https:\/\/www.visit-ulcinj.com\/blog\/#\/schema\/person\/dcab619c614d3038751c63bc2aadc06d\"},\"description\":\"Shkruan Muhamet Nika Kur pam\u00eb punimet e nisura- si n\u00eb\u00a0\u00a0 fotografin\u00eb m\u00eb posht\u00eb , t\u00eb investimeve t\u00eb diaspor\u00ebs, n\u00eb qendr\u00ebn shkollore\u00a0 t\u00eb Ulqinit, shkuam atje\",\"breadcrumb\":{\"@id\":\"https:\/\/www.visit-ulcinj.com\/blog\/2016\/09\/03\/nika-f-noli-mbahu-neno-mos-ki-frike-se-ke-djemt-ne-amerike\/#breadcrumb\"},\"inLanguage\":\"en-US\",\"potentialAction\":[{\"@type\":\"ReadAction\",\"target\":[\"https:\/\/www.visit-ulcinj.com\/blog\/2016\/09\/03\/nika-f-noli-mbahu-neno-mos-ki-frike-se-ke-djemt-ne-amerike\/\"]}]},{\"@type\":\"BreadcrumbList\",\"@id\":\"https:\/\/www.visit-ulcinj.com\/blog\/2016\/09\/03\/nika-f-noli-mbahu-neno-mos-ki-frike-se-ke-djemt-ne-amerike\/#breadcrumb\",\"itemListElement\":[{\"@type\":\"ListItem\",\"position\":1,\"name\":\"Nika: F. Noli: \u201c Mbahu n\u00ebno mos ki frik\u00eb se ke djemt n\u00eb amerik\u00eb..\u201d\"}]},{\"@type\":\"Person\",\"@id\":\"https:\/\/www.visit-ulcinj.com\/blog\/#\/schema\/person\/dcab619c614d3038751c63bc2aadc06d\",\"name\":\"ulqini\",\"sameAs\":[\"http:\/\/www.visit-ulcinj.com\"],\"url\":\"https:\/\/www.visit-ulcinj.com\/blog\/author\/admin\/\"}]}<\/script>\n<!-- \/ Yoast SEO plugin. -->","yoast_head_json":{"title":"Nika: F. Noli: \u201c Mbahu n\u00ebno mos ki frik\u00eb se ke djemt n\u00eb amerik\u00eb..\u201d - Lajme nga Ulqini","description":"Shkruan Muhamet Nika Kur pam\u00eb punimet e nisura- si n\u00eb\u00a0\u00a0 fotografin\u00eb m\u00eb posht\u00eb , t\u00eb investimeve t\u00eb diaspor\u00ebs, n\u00eb qendr\u00ebn shkollore\u00a0 t\u00eb Ulqinit, shkuam atje","robots":{"index":"index","follow":"follow","max-snippet":"max-snippet:-1","max-image-preview":"max-image-preview:large","max-video-preview":"max-video-preview:-1"},"canonical":"https:\/\/www.visit-ulcinj.com\/blog\/2016\/09\/03\/nika-f-noli-mbahu-neno-mos-ki-frike-se-ke-djemt-ne-amerike\/","og_locale":"en_US","og_type":"article","og_title":"Nika: F. Noli: \u201c Mbahu n\u00ebno mos ki frik\u00eb se ke djemt n\u00eb amerik\u00eb..\u201d - Lajme nga Ulqini","og_description":"Shkruan Muhamet Nika Kur pam\u00eb punimet e nisura- si n\u00eb\u00a0\u00a0 fotografin\u00eb m\u00eb posht\u00eb , t\u00eb investimeve t\u00eb diaspor\u00ebs, n\u00eb qendr\u00ebn shkollore\u00a0 t\u00eb Ulqinit, shkuam atje","og_url":"https:\/\/www.visit-ulcinj.com\/blog\/2016\/09\/03\/nika-f-noli-mbahu-neno-mos-ki-frike-se-ke-djemt-ne-amerike\/","og_site_name":"Lajme nga Ulqini","article_published_time":"2016-09-03T16:59:47+00:00","article_modified_time":"2016-09-11T06:27:15+00:00","og_image":[{"url":"http:\/\/www.visit-ulcinj.com\/blog\/wp-content\/uploads\/2016\/09\/Gjimnazi-Vllazerim-Bashkim-Ulqin.jpg"}],"twitter_misc":{"Written by":"ulqini","Est. reading time":"4 minutes"},"schema":{"@context":"https:\/\/schema.org","@graph":[{"@type":"WebSite","@id":"https:\/\/www.visit-ulcinj.com\/blog\/#website","url":"https:\/\/www.visit-ulcinj.com\/blog\/","name":"Lajme nga Ulqini","description":"Lajme,Vijesti,Ulqini,Ulqin,Crna Gora,Mali i Zi","potentialAction":[{"@type":"SearchAction","target":{"@type":"EntryPoint","urlTemplate":"https:\/\/www.visit-ulcinj.com\/blog\/?s={search_term_string}"},"query-input":"required name=search_term_string"}],"inLanguage":"en-US"},{"@type":"ImageObject","inLanguage":"en-US","@id":"https:\/\/www.visit-ulcinj.com\/blog\/2016\/09\/03\/nika-f-noli-mbahu-neno-mos-ki-frike-se-ke-djemt-ne-amerike\/#primaryimage","url":"https:\/\/www.visit-ulcinj.com\/blog\/wp-content\/uploads\/2016\/09\/Gjimnazi-Vllazerim-Bashkim-Ulqin.jpg","contentUrl":"https:\/\/www.visit-ulcinj.com\/blog\/wp-content\/uploads\/2016\/09\/Gjimnazi-Vllazerim-Bashkim-Ulqin.jpg","width":413,"height":257},{"@type":"WebPage","@id":"https:\/\/www.visit-ulcinj.com\/blog\/2016\/09\/03\/nika-f-noli-mbahu-neno-mos-ki-frike-se-ke-djemt-ne-amerike\/#webpage","url":"https:\/\/www.visit-ulcinj.com\/blog\/2016\/09\/03\/nika-f-noli-mbahu-neno-mos-ki-frike-se-ke-djemt-ne-amerike\/","name":"Nika: F. Noli: \u201c Mbahu n\u00ebno mos ki frik\u00eb se ke djemt n\u00eb amerik\u00eb..\u201d - Lajme nga Ulqini","isPartOf":{"@id":"https:\/\/www.visit-ulcinj.com\/blog\/#website"},"primaryImageOfPage":{"@id":"https:\/\/www.visit-ulcinj.com\/blog\/2016\/09\/03\/nika-f-noli-mbahu-neno-mos-ki-frike-se-ke-djemt-ne-amerike\/#primaryimage"},"datePublished":"2016-09-03T16:59:47+00:00","dateModified":"2016-09-11T06:27:15+00:00","author":{"@id":"https:\/\/www.visit-ulcinj.com\/blog\/#\/schema\/person\/dcab619c614d3038751c63bc2aadc06d"},"description":"Shkruan Muhamet Nika Kur pam\u00eb punimet e nisura- si n\u00eb\u00a0\u00a0 fotografin\u00eb m\u00eb posht\u00eb , t\u00eb investimeve t\u00eb diaspor\u00ebs, n\u00eb qendr\u00ebn shkollore\u00a0 t\u00eb Ulqinit, shkuam atje","breadcrumb":{"@id":"https:\/\/www.visit-ulcinj.com\/blog\/2016\/09\/03\/nika-f-noli-mbahu-neno-mos-ki-frike-se-ke-djemt-ne-amerike\/#breadcrumb"},"inLanguage":"en-US","potentialAction":[{"@type":"ReadAction","target":["https:\/\/www.visit-ulcinj.com\/blog\/2016\/09\/03\/nika-f-noli-mbahu-neno-mos-ki-frike-se-ke-djemt-ne-amerike\/"]}]},{"@type":"BreadcrumbList","@id":"https:\/\/www.visit-ulcinj.com\/blog\/2016\/09\/03\/nika-f-noli-mbahu-neno-mos-ki-frike-se-ke-djemt-ne-amerike\/#breadcrumb","itemListElement":[{"@type":"ListItem","position":1,"name":"Nika: F. Noli: \u201c Mbahu n\u00ebno mos ki frik\u00eb se ke djemt n\u00eb amerik\u00eb..\u201d"}]},{"@type":"Person","@id":"https:\/\/www.visit-ulcinj.com\/blog\/#\/schema\/person\/dcab619c614d3038751c63bc2aadc06d","name":"ulqini","sameAs":["http:\/\/www.visit-ulcinj.com"],"url":"https:\/\/www.visit-ulcinj.com\/blog\/author\/admin\/"}]}},"jetpack_featured_media_url":"","jetpack_sharing_enabled":true,"jetpack_shortlink":"https:\/\/wp.me\/pe6lTn-pSD","_links":{"self":[{"href":"https:\/\/www.visit-ulcinj.com\/blog\/wp-json\/wp\/v2\/posts\/99487"}],"collection":[{"href":"https:\/\/www.visit-ulcinj.com\/blog\/wp-json\/wp\/v2\/posts"}],"about":[{"href":"https:\/\/www.visit-ulcinj.com\/blog\/wp-json\/wp\/v2\/types\/post"}],"author":[{"embeddable":true,"href":"https:\/\/www.visit-ulcinj.com\/blog\/wp-json\/wp\/v2\/users\/1"}],"replies":[{"embeddable":true,"href":"https:\/\/www.visit-ulcinj.com\/blog\/wp-json\/wp\/v2\/comments?post=99487"}],"version-history":[{"count":7,"href":"https:\/\/www.visit-ulcinj.com\/blog\/wp-json\/wp\/v2\/posts\/99487\/revisions"}],"predecessor-version":[{"id":99614,"href":"https:\/\/www.visit-ulcinj.com\/blog\/wp-json\/wp\/v2\/posts\/99487\/revisions\/99614"}],"wp:attachment":[{"href":"https:\/\/www.visit-ulcinj.com\/blog\/wp-json\/wp\/v2\/media?parent=99487"}],"wp:term":[{"taxonomy":"category","embeddable":true,"href":"https:\/\/www.visit-ulcinj.com\/blog\/wp-json\/wp\/v2\/categories?post=99487"},{"taxonomy":"post_tag","embeddable":true,"href":"https:\/\/www.visit-ulcinj.com\/blog\/wp-json\/wp\/v2\/tags?post=99487"}],"curies":[{"name":"wp","href":"https:\/\/api.w.org\/{rel}","templated":true}]}}