{"id":99494,"date":"2016-09-04T09:07:12","date_gmt":"2016-09-04T08:07:12","guid":{"rendered":"http:\/\/www.visit-ulcinj.com\/blog\/?p=99494"},"modified":"2016-09-09T16:24:22","modified_gmt":"2016-09-09T15:24:22","slug":"politikani-shqiptar-mehmet-zenka-nga-ulqini-nderohet-titullin-misionar-paqeje","status":"publish","type":"post","link":"https:\/\/www.visit-ulcinj.com\/blog\/2016\/09\/04\/politikani-shqiptar-mehmet-zenka-nga-ulqini-nderohet-titullin-misionar-paqeje\/","title":{"rendered":"Politikani shqiptar Mehmet Zenka nga Ulqini nderohet me titullin \u201cMisionar Paqeje \u201c"},"content":{"rendered":"<p><span class=\"text_exposed_show\"><strong><a href=\"http:\/\/www.visit-ulcinj.com\/blog\/wp-content\/uploads\/2016\/09\/Zenka-nderohet-me-titullin-Misionar-Paqeje.jpg\"><img loading=\"lazy\" class=\"alignleft wp-image-99495\" src=\"http:\/\/www.visit-ulcinj.com\/blog\/wp-content\/uploads\/2016\/09\/Zenka-nderohet-me-titullin-Misionar-Paqeje.jpg\" alt=\"Zenka nderohet me titullin -Misionar Paqeje\" width=\"508\" height=\"350\" srcset=\"https:\/\/www.visit-ulcinj.com\/blog\/wp-content\/uploads\/2016\/09\/Zenka-nderohet-me-titullin-Misionar-Paqeje.jpg 999w, https:\/\/www.visit-ulcinj.com\/blog\/wp-content\/uploads\/2016\/09\/Zenka-nderohet-me-titullin-Misionar-Paqeje-300x207.jpg 300w, https:\/\/www.visit-ulcinj.com\/blog\/wp-content\/uploads\/2016\/09\/Zenka-nderohet-me-titullin-Misionar-Paqeje-768x529.jpg 768w\" sizes=\"(max-width: 508px) 100vw, 508px\" \/><\/a>Dje misioni diplomatik p\u00ebr paqe dhe prosperitet i dha politikanit nga Ulqini, Mehmet Zenka titullin misionar paqeje. Sipas Guvernatorit t\u00eb k\u00ebtij misioni, Shefki Hysa, kjo mir\u00eb njohje jepet p\u00ebr arritjet jet\u00ebsore dhe pun\u00ebn n\u00eb p\u00ebrmir\u00ebsimin e raporteve nd\u00ebretnike .<\/strong><br \/>\n<\/span><\/p>\n<p>Brenda mureve t\u00eb Kalas\u00eb ton\u00eb, n\u00eb ambientin e mrekulluesh\u00ebm t\u00eb \u201cPalatit Venezia\u201d u mbajt ceremonia e cila u organizua me rastin e dor\u00ebzimit t\u00eb titullit \u201cMisionar Paqeje\u201d Kryetarit t\u00eb Unionit Demokratik t\u00eb Shqiptar\u00ebve n\u00eb Mal t\u00eb Zi, zotri Mehmed Zenka, titull ky q\u00eb ia akordoi Diplomatic Mission Peace and Prosperity (DMPP).<br \/>\nDor\u00ebzimin e titullit vler\u00ebsues e b\u00ebn\u00eb Guvernatori i DMPP-s\u00eb, Dr. Shefki<span class=\"text_exposed_show\"> Hysa, dhe Dr. Otto F. von Feigenblatt, Kont i Kobryn dhe Baron i Feigenlatt-Miller.<br \/>\nKy titull i dakordohet zotri Zenk\u00ebs p\u00ebr kontributet n\u00eb fush\u00ebn e politik\u00ebs, dhe marr\u00ebdh\u00ebnieve nd\u00ebrkomb\u00ebtare n\u00eb Mal t\u00eb Zi.<br \/>\nEdhe pse nuk isha i ftuar, mu dha rasti, pasi q\u00eb rast\u00ebsisht ndodha mu aty, ku un\u00eb jetoj dhe veproj, t\u00eb isha prezent n\u00eb k\u00ebt\u00eb ceremoni q\u00eb p\u00ebr mua ishte nj\u00eb k\u00ebnaq\u00ebsi e ve\u00e7ant\u00eb. Jam i mendimit, q\u00eb ky vler\u00ebsim &#8220;Misionar i Paqeje&#8221; u dha njeriut i cili padyshim ka merita t\u00eb m\u00ebdha n\u00eb fush\u00ebn e mar\u00ebdh\u00ebnive multietnike dhe multikonfesinale n\u00eb Mal t\u00eb Zi<\/span><\/p>\n<p id=\"js_19\" class=\"_5pbw _5vra\" data-ft=\"{&quot;tn&quot;:&quot;C&quot;}\"><strong><span class=\"fwn fcg\"><span class=\"fcg\"><span class=\"fwb\"><a id=\"js_2r\" class=\"profileLink\" href=\"https:\/\/www.facebook.com\/ismet.karamanaga?hc_ref=NEWSFEED\" data-ft=\"{&quot;tn&quot;:&quot;l&quot;}\" data-hovercard=\"\/ajax\/hovercard\/user.php?id=1359492972&amp;extragetparams=%7B%22hc_ref%22%3A%22NEWSFEED%22%7D\">Ismet Karamanaga <\/a><\/span><\/span><\/span>Facebook<\/strong><\/p>\n<p class=\"_5pbw _5vra\" data-ft=\"{&quot;tn&quot;:&quot;C&quot;}\"><a href=\"http:\/\/www.visit-ulcinj.com\/blog\/wp-content\/uploads\/2016\/09\/Zenka-nderohet-me-titullin-Misionar-Paqeje-1.jpg\"><img loading=\"lazy\" class=\"alignleft wp-image-99498\" src=\"http:\/\/www.visit-ulcinj.com\/blog\/wp-content\/uploads\/2016\/09\/Zenka-nderohet-me-titullin-Misionar-Paqeje-1.jpg\" alt=\"Zenka nderohet me titullin -Misionar Paqeje-1\" width=\"508\" height=\"381\" srcset=\"https:\/\/www.visit-ulcinj.com\/blog\/wp-content\/uploads\/2016\/09\/Zenka-nderohet-me-titullin-Misionar-Paqeje-1.jpg 960w, https:\/\/www.visit-ulcinj.com\/blog\/wp-content\/uploads\/2016\/09\/Zenka-nderohet-me-titullin-Misionar-Paqeje-1-300x225.jpg 300w, https:\/\/www.visit-ulcinj.com\/blog\/wp-content\/uploads\/2016\/09\/Zenka-nderohet-me-titullin-Misionar-Paqeje-1-768x576.jpg 768w\" sizes=\"(max-width: 508px) 100vw, 508px\" \/><\/a> <a href=\"http:\/\/www.visit-ulcinj.com\/blog\/wp-content\/uploads\/2016\/09\/Zenka-nderohet-me-titullin-Misionar-Paqeje-2.jpg\"><img loading=\"lazy\" class=\"alignleft wp-image-99499\" src=\"http:\/\/www.visit-ulcinj.com\/blog\/wp-content\/uploads\/2016\/09\/Zenka-nderohet-me-titullin-Misionar-Paqeje-2.jpg\" alt=\"Zenka nderohet me titullin -Misionar Paqeje-2\" width=\"508\" height=\"381\" srcset=\"https:\/\/www.visit-ulcinj.com\/blog\/wp-content\/uploads\/2016\/09\/Zenka-nderohet-me-titullin-Misionar-Paqeje-2.jpg 960w, https:\/\/www.visit-ulcinj.com\/blog\/wp-content\/uploads\/2016\/09\/Zenka-nderohet-me-titullin-Misionar-Paqeje-2-300x225.jpg 300w, https:\/\/www.visit-ulcinj.com\/blog\/wp-content\/uploads\/2016\/09\/Zenka-nderohet-me-titullin-Misionar-Paqeje-2-768x576.jpg 768w\" sizes=\"(max-width: 508px) 100vw, 508px\" \/><\/a> <a href=\"http:\/\/www.visit-ulcinj.com\/blog\/wp-content\/uploads\/2016\/09\/Zenka-nderohet-me-titullin-Misionar-Paqeje-3.jpg\"><img loading=\"lazy\" class=\"alignleft wp-image-99500\" src=\"http:\/\/www.visit-ulcinj.com\/blog\/wp-content\/uploads\/2016\/09\/Zenka-nderohet-me-titullin-Misionar-Paqeje-3.jpg\" alt=\"Zenka nderohet me titullin -Misionar Paqeje-3\" width=\"508\" height=\"381\" srcset=\"https:\/\/www.visit-ulcinj.com\/blog\/wp-content\/uploads\/2016\/09\/Zenka-nderohet-me-titullin-Misionar-Paqeje-3.jpg 960w, https:\/\/www.visit-ulcinj.com\/blog\/wp-content\/uploads\/2016\/09\/Zenka-nderohet-me-titullin-Misionar-Paqeje-3-300x225.jpg 300w, https:\/\/www.visit-ulcinj.com\/blog\/wp-content\/uploads\/2016\/09\/Zenka-nderohet-me-titullin-Misionar-Paqeje-3-768x576.jpg 768w\" sizes=\"(max-width: 508px) 100vw, 508px\" \/><\/a><\/p>\n","protected":false},"excerpt":{"rendered":"<p>Dje misioni diplomatik p\u00ebr paqe dhe prosperitet i dha politikanit nga Ulqini, Mehmet Zenka titullin misionar paqeje. Sipas Guvernatorit t\u00eb k\u00ebtij misioni, Shefki Hysa, kjo mir\u00eb njohje jepet p\u00ebr arritjet jet\u00ebsore dhe pun\u00ebn n\u00eb p\u00ebrmir\u00ebsimin e raporteve nd\u00ebretnike . Brenda mureve t\u00eb Kalas\u00eb ton\u00eb, n\u00eb ambientin e mrekulluesh\u00ebm t\u00eb \u201cPalatit Venezia\u201d u mbajt ceremonia e [&hellip;]<\/p>\n","protected":false},"author":1,"featured_media":0,"comment_status":"closed","ping_status":"closed","sticky":false,"template":"","format":"standard","meta":{"spay_email":"","jetpack_publicize_message":"","jetpack_is_tweetstorm":false,"jetpack_publicize_feature_enabled":true},"categories":[7,1],"tags":[],"jetpack_publicize_connections":[],"yoast_head":"<!-- This site is optimized with the Yoast SEO plugin v19.1 - https:\/\/yoast.com\/wordpress\/plugins\/seo\/ -->\n<title>Politikani shqiptar Mehmet Zenka nga Ulqini nderohet me titullin \u201cMisionar Paqeje \u201c - Lajme nga Ulqini<\/title>\n<meta name=\"description\" content=\"Dje misioni diplomatik p\u00ebr paqe dhe prosperitet i dha politikanit nga Ulqini, Mehmet Zenka titullin misionar paqeje. Sipas Guvernatorit t\u00eb k\u00ebtij misioni,\" \/>\n<meta name=\"robots\" content=\"index, follow, max-snippet:-1, max-image-preview:large, max-video-preview:-1\" \/>\n<link rel=\"canonical\" href=\"https:\/\/www.visit-ulcinj.com\/blog\/2016\/09\/04\/politikani-shqiptar-mehmet-zenka-nga-ulqini-nderohet-titullin-misionar-paqeje\/\" \/>\n<meta property=\"og:locale\" content=\"en_US\" \/>\n<meta property=\"og:type\" content=\"article\" \/>\n<meta property=\"og:title\" content=\"Politikani shqiptar Mehmet Zenka nga Ulqini nderohet me titullin \u201cMisionar Paqeje \u201c - Lajme nga Ulqini\" \/>\n<meta property=\"og:description\" content=\"Dje misioni diplomatik p\u00ebr paqe dhe prosperitet i dha politikanit nga Ulqini, Mehmet Zenka titullin misionar paqeje. Sipas Guvernatorit t\u00eb k\u00ebtij misioni,\" \/>\n<meta property=\"og:url\" content=\"https:\/\/www.visit-ulcinj.com\/blog\/2016\/09\/04\/politikani-shqiptar-mehmet-zenka-nga-ulqini-nderohet-titullin-misionar-paqeje\/\" \/>\n<meta property=\"og:site_name\" content=\"Lajme nga Ulqini\" \/>\n<meta property=\"article:published_time\" content=\"2016-09-04T08:07:12+00:00\" \/>\n<meta property=\"article:modified_time\" content=\"2016-09-09T15:24:22+00:00\" \/>\n<meta property=\"og:image\" content=\"http:\/\/www.visit-ulcinj.com\/blog\/wp-content\/uploads\/2016\/09\/Zenka-nderohet-me-titullin-Misionar-Paqeje.jpg\" \/>\n<meta name=\"twitter:label1\" content=\"Written by\" \/>\n\t<meta name=\"twitter:data1\" content=\"ulqini\" \/>\n\t<meta name=\"twitter:label2\" content=\"Est. reading time\" \/>\n\t<meta name=\"twitter:data2\" content=\"1 minute\" \/>\n<script type=\"application\/ld+json\" class=\"yoast-schema-graph\">{\"@context\":\"https:\/\/schema.org\",\"@graph\":[{\"@type\":\"WebSite\",\"@id\":\"https:\/\/www.visit-ulcinj.com\/blog\/#website\",\"url\":\"https:\/\/www.visit-ulcinj.com\/blog\/\",\"name\":\"Lajme nga Ulqini\",\"description\":\"Lajme,Vijesti,Ulqini,Ulqin,Crna Gora,Mali i Zi\",\"potentialAction\":[{\"@type\":\"SearchAction\",\"target\":{\"@type\":\"EntryPoint\",\"urlTemplate\":\"https:\/\/www.visit-ulcinj.com\/blog\/?s={search_term_string}\"},\"query-input\":\"required name=search_term_string\"}],\"inLanguage\":\"en-US\"},{\"@type\":\"ImageObject\",\"inLanguage\":\"en-US\",\"@id\":\"https:\/\/www.visit-ulcinj.com\/blog\/2016\/09\/04\/politikani-shqiptar-mehmet-zenka-nga-ulqini-nderohet-titullin-misionar-paqeje\/#primaryimage\",\"url\":\"https:\/\/www.visit-ulcinj.com\/blog\/wp-content\/uploads\/2016\/09\/Zenka-nderohet-me-titullin-Misionar-Paqeje.jpg\",\"contentUrl\":\"https:\/\/www.visit-ulcinj.com\/blog\/wp-content\/uploads\/2016\/09\/Zenka-nderohet-me-titullin-Misionar-Paqeje.jpg\",\"width\":999,\"height\":688},{\"@type\":\"WebPage\",\"@id\":\"https:\/\/www.visit-ulcinj.com\/blog\/2016\/09\/04\/politikani-shqiptar-mehmet-zenka-nga-ulqini-nderohet-titullin-misionar-paqeje\/#webpage\",\"url\":\"https:\/\/www.visit-ulcinj.com\/blog\/2016\/09\/04\/politikani-shqiptar-mehmet-zenka-nga-ulqini-nderohet-titullin-misionar-paqeje\/\",\"name\":\"Politikani shqiptar Mehmet Zenka nga Ulqini nderohet me titullin \u201cMisionar Paqeje \u201c - Lajme nga Ulqini\",\"isPartOf\":{\"@id\":\"https:\/\/www.visit-ulcinj.com\/blog\/#website\"},\"primaryImageOfPage\":{\"@id\":\"https:\/\/www.visit-ulcinj.com\/blog\/2016\/09\/04\/politikani-shqiptar-mehmet-zenka-nga-ulqini-nderohet-titullin-misionar-paqeje\/#primaryimage\"},\"datePublished\":\"2016-09-04T08:07:12+00:00\",\"dateModified\":\"2016-09-09T15:24:22+00:00\",\"author\":{\"@id\":\"https:\/\/www.visit-ulcinj.com\/blog\/#\/schema\/person\/dcab619c614d3038751c63bc2aadc06d\"},\"description\":\"Dje misioni diplomatik p\u00ebr paqe dhe prosperitet i dha politikanit nga Ulqini, Mehmet Zenka titullin misionar paqeje. Sipas Guvernatorit t\u00eb k\u00ebtij misioni,\",\"breadcrumb\":{\"@id\":\"https:\/\/www.visit-ulcinj.com\/blog\/2016\/09\/04\/politikani-shqiptar-mehmet-zenka-nga-ulqini-nderohet-titullin-misionar-paqeje\/#breadcrumb\"},\"inLanguage\":\"en-US\",\"potentialAction\":[{\"@type\":\"ReadAction\",\"target\":[\"https:\/\/www.visit-ulcinj.com\/blog\/2016\/09\/04\/politikani-shqiptar-mehmet-zenka-nga-ulqini-nderohet-titullin-misionar-paqeje\/\"]}]},{\"@type\":\"BreadcrumbList\",\"@id\":\"https:\/\/www.visit-ulcinj.com\/blog\/2016\/09\/04\/politikani-shqiptar-mehmet-zenka-nga-ulqini-nderohet-titullin-misionar-paqeje\/#breadcrumb\",\"itemListElement\":[{\"@type\":\"ListItem\",\"position\":1,\"name\":\"Politikani shqiptar Mehmet Zenka nga Ulqini nderohet me titullin \u201cMisionar Paqeje \u201c\"}]},{\"@type\":\"Person\",\"@id\":\"https:\/\/www.visit-ulcinj.com\/blog\/#\/schema\/person\/dcab619c614d3038751c63bc2aadc06d\",\"name\":\"ulqini\",\"sameAs\":[\"http:\/\/www.visit-ulcinj.com\"],\"url\":\"https:\/\/www.visit-ulcinj.com\/blog\/author\/admin\/\"}]}<\/script>\n<!-- \/ Yoast SEO plugin. -->","yoast_head_json":{"title":"Politikani shqiptar Mehmet Zenka nga Ulqini nderohet me titullin \u201cMisionar Paqeje \u201c - Lajme nga Ulqini","description":"Dje misioni diplomatik p\u00ebr paqe dhe prosperitet i dha politikanit nga Ulqini, Mehmet Zenka titullin misionar paqeje. Sipas Guvernatorit t\u00eb k\u00ebtij misioni,","robots":{"index":"index","follow":"follow","max-snippet":"max-snippet:-1","max-image-preview":"max-image-preview:large","max-video-preview":"max-video-preview:-1"},"canonical":"https:\/\/www.visit-ulcinj.com\/blog\/2016\/09\/04\/politikani-shqiptar-mehmet-zenka-nga-ulqini-nderohet-titullin-misionar-paqeje\/","og_locale":"en_US","og_type":"article","og_title":"Politikani shqiptar Mehmet Zenka nga Ulqini nderohet me titullin \u201cMisionar Paqeje \u201c - Lajme nga Ulqini","og_description":"Dje misioni diplomatik p\u00ebr paqe dhe prosperitet i dha politikanit nga Ulqini, Mehmet Zenka titullin misionar paqeje. Sipas Guvernatorit t\u00eb k\u00ebtij misioni,","og_url":"https:\/\/www.visit-ulcinj.com\/blog\/2016\/09\/04\/politikani-shqiptar-mehmet-zenka-nga-ulqini-nderohet-titullin-misionar-paqeje\/","og_site_name":"Lajme nga Ulqini","article_published_time":"2016-09-04T08:07:12+00:00","article_modified_time":"2016-09-09T15:24:22+00:00","og_image":[{"url":"http:\/\/www.visit-ulcinj.com\/blog\/wp-content\/uploads\/2016\/09\/Zenka-nderohet-me-titullin-Misionar-Paqeje.jpg"}],"twitter_misc":{"Written by":"ulqini","Est. reading time":"1 minute"},"schema":{"@context":"https:\/\/schema.org","@graph":[{"@type":"WebSite","@id":"https:\/\/www.visit-ulcinj.com\/blog\/#website","url":"https:\/\/www.visit-ulcinj.com\/blog\/","name":"Lajme nga Ulqini","description":"Lajme,Vijesti,Ulqini,Ulqin,Crna Gora,Mali i Zi","potentialAction":[{"@type":"SearchAction","target":{"@type":"EntryPoint","urlTemplate":"https:\/\/www.visit-ulcinj.com\/blog\/?s={search_term_string}"},"query-input":"required name=search_term_string"}],"inLanguage":"en-US"},{"@type":"ImageObject","inLanguage":"en-US","@id":"https:\/\/www.visit-ulcinj.com\/blog\/2016\/09\/04\/politikani-shqiptar-mehmet-zenka-nga-ulqini-nderohet-titullin-misionar-paqeje\/#primaryimage","url":"https:\/\/www.visit-ulcinj.com\/blog\/wp-content\/uploads\/2016\/09\/Zenka-nderohet-me-titullin-Misionar-Paqeje.jpg","contentUrl":"https:\/\/www.visit-ulcinj.com\/blog\/wp-content\/uploads\/2016\/09\/Zenka-nderohet-me-titullin-Misionar-Paqeje.jpg","width":999,"height":688},{"@type":"WebPage","@id":"https:\/\/www.visit-ulcinj.com\/blog\/2016\/09\/04\/politikani-shqiptar-mehmet-zenka-nga-ulqini-nderohet-titullin-misionar-paqeje\/#webpage","url":"https:\/\/www.visit-ulcinj.com\/blog\/2016\/09\/04\/politikani-shqiptar-mehmet-zenka-nga-ulqini-nderohet-titullin-misionar-paqeje\/","name":"Politikani shqiptar Mehmet Zenka nga Ulqini nderohet me titullin \u201cMisionar Paqeje \u201c - Lajme nga Ulqini","isPartOf":{"@id":"https:\/\/www.visit-ulcinj.com\/blog\/#website"},"primaryImageOfPage":{"@id":"https:\/\/www.visit-ulcinj.com\/blog\/2016\/09\/04\/politikani-shqiptar-mehmet-zenka-nga-ulqini-nderohet-titullin-misionar-paqeje\/#primaryimage"},"datePublished":"2016-09-04T08:07:12+00:00","dateModified":"2016-09-09T15:24:22+00:00","author":{"@id":"https:\/\/www.visit-ulcinj.com\/blog\/#\/schema\/person\/dcab619c614d3038751c63bc2aadc06d"},"description":"Dje misioni diplomatik p\u00ebr paqe dhe prosperitet i dha politikanit nga Ulqini, Mehmet Zenka titullin misionar paqeje. Sipas Guvernatorit t\u00eb k\u00ebtij misioni,","breadcrumb":{"@id":"https:\/\/www.visit-ulcinj.com\/blog\/2016\/09\/04\/politikani-shqiptar-mehmet-zenka-nga-ulqini-nderohet-titullin-misionar-paqeje\/#breadcrumb"},"inLanguage":"en-US","potentialAction":[{"@type":"ReadAction","target":["https:\/\/www.visit-ulcinj.com\/blog\/2016\/09\/04\/politikani-shqiptar-mehmet-zenka-nga-ulqini-nderohet-titullin-misionar-paqeje\/"]}]},{"@type":"BreadcrumbList","@id":"https:\/\/www.visit-ulcinj.com\/blog\/2016\/09\/04\/politikani-shqiptar-mehmet-zenka-nga-ulqini-nderohet-titullin-misionar-paqeje\/#breadcrumb","itemListElement":[{"@type":"ListItem","position":1,"name":"Politikani shqiptar Mehmet Zenka nga Ulqini nderohet me titullin \u201cMisionar Paqeje \u201c"}]},{"@type":"Person","@id":"https:\/\/www.visit-ulcinj.com\/blog\/#\/schema\/person\/dcab619c614d3038751c63bc2aadc06d","name":"ulqini","sameAs":["http:\/\/www.visit-ulcinj.com"],"url":"https:\/\/www.visit-ulcinj.com\/blog\/author\/admin\/"}]}},"jetpack_featured_media_url":"","jetpack_sharing_enabled":true,"jetpack_shortlink":"https:\/\/wp.me\/pe6lTn-pSK","_links":{"self":[{"href":"https:\/\/www.visit-ulcinj.com\/blog\/wp-json\/wp\/v2\/posts\/99494"}],"collection":[{"href":"https:\/\/www.visit-ulcinj.com\/blog\/wp-json\/wp\/v2\/posts"}],"about":[{"href":"https:\/\/www.visit-ulcinj.com\/blog\/wp-json\/wp\/v2\/types\/post"}],"author":[{"embeddable":true,"href":"https:\/\/www.visit-ulcinj.com\/blog\/wp-json\/wp\/v2\/users\/1"}],"replies":[{"embeddable":true,"href":"https:\/\/www.visit-ulcinj.com\/blog\/wp-json\/wp\/v2\/comments?post=99494"}],"version-history":[{"count":3,"href":"https:\/\/www.visit-ulcinj.com\/blog\/wp-json\/wp\/v2\/posts\/99494\/revisions"}],"predecessor-version":[{"id":99501,"href":"https:\/\/www.visit-ulcinj.com\/blog\/wp-json\/wp\/v2\/posts\/99494\/revisions\/99501"}],"wp:attachment":[{"href":"https:\/\/www.visit-ulcinj.com\/blog\/wp-json\/wp\/v2\/media?parent=99494"}],"wp:term":[{"taxonomy":"category","embeddable":true,"href":"https:\/\/www.visit-ulcinj.com\/blog\/wp-json\/wp\/v2\/categories?post=99494"},{"taxonomy":"post_tag","embeddable":true,"href":"https:\/\/www.visit-ulcinj.com\/blog\/wp-json\/wp\/v2\/tags?post=99494"}],"curies":[{"name":"wp","href":"https:\/\/api.w.org\/{rel}","templated":true}]}}