{"id":99506,"date":"2016-09-04T13:49:45","date_gmt":"2016-09-04T12:49:45","guid":{"rendered":"http:\/\/www.visit-ulcinj.com\/blog\/?p=99506"},"modified":"2016-09-04T13:49:45","modified_gmt":"2016-09-04T12:49:45","slug":"ne-zare-te-kroacise-hapet-edhe-gjimnazi-per-shqiptaret","status":"publish","type":"post","link":"https:\/\/www.visit-ulcinj.com\/blog\/2016\/09\/04\/ne-zare-te-kroacise-hapet-edhe-gjimnazi-per-shqiptaret\/","title":{"rendered":"N\u00eb Zar\u00eb t\u00eb Kroacis\u00eb hapet edhe gjimnazi p\u00ebr shqiptar\u00ebt"},"content":{"rendered":"<p><a href=\"http:\/\/www.visit-ulcinj.com\/blog\/wp-content\/uploads\/2016\/09\/N\u00eb-Zar\u00eb-hapet-edhe-gjimnazi-p\u00ebr-shqiptar\u00ebt.jpg\"><img loading=\"lazy\" class=\"alignleft wp-image-99507\" src=\"http:\/\/www.visit-ulcinj.com\/blog\/wp-content\/uploads\/2016\/09\/N\u00eb-Zar\u00eb-hapet-edhe-gjimnazi-p\u00ebr-shqiptar\u00ebt.jpg\" alt=\"N\u00eb Zar\u00eb hapet edhe gjimnazi p\u00ebr shqiptar\u00ebt\" width=\"508\" height=\"301\" srcset=\"https:\/\/www.visit-ulcinj.com\/blog\/wp-content\/uploads\/2016\/09\/N\u00eb-Zar\u00eb-hapet-edhe-gjimnazi-p\u00ebr-shqiptar\u00ebt.jpg 552w, https:\/\/www.visit-ulcinj.com\/blog\/wp-content\/uploads\/2016\/09\/N\u00eb-Zar\u00eb-hapet-edhe-gjimnazi-p\u00ebr-shqiptar\u00ebt-300x178.jpg 300w\" sizes=\"(max-width: 508px) 100vw, 508px\" \/><\/a>Pas nj\u00eb angazhimi t\u00eb p\u00ebrkushtuar p\u00ebr m\u00ebsimin e gjuh\u00ebs dhe let\u00ebrsis\u00eb shqipe p\u00ebr nx\u00ebn\u00ebsit shqiptar t\u00eb shkollave tet\u00ebvje\u00e7are n\u00eb Zar\u00eb, q\u00eb tashm\u00eb dy vjet funkcionon n\u00eb Sh. F. \u201cKruno Krstiq\u201d n\u00eb Arb\u00ebnesh t\u00eb Zar\u00ebs, n\u00ebn drejtimin e prof. Vesel Lekaj, njofton agjencia e lajmeve INA.<\/p>\n<p>Ky i fundit ka arritur t\u00eb zgj\u00ebroj\u00eb k\u00ebt\u00eb program m\u00ebsimi edhe p\u00ebr nx\u00ebn\u00ebsit shqiptar t\u00eb\u00a0 shkollave t\u00eb mesme n\u00eb Zar\u00eb, duke k\u00ebrkuar miratimin edhe nga Ministria e arsimit t\u00eb Republik\u00ebs s\u00eb Kroacis\u00eb, krahas p\u00eblqimit t\u00eb gjimnazit \u201cVlladimir Nazor\u201d n\u00eb Zar\u00eb.<\/p>\n<p>K\u00ebrkesa q\u00eb i \u00ebsht\u00eb drejtuar Ministris\u00eb s\u00eb arsimit t\u00eb Republik\u00ebs s\u00eb Kroacis\u00eb, p\u00ebr m\u00ebsimin plot\u00ebsues \u201cModeli C\u201d, q\u00eb mban k\u00ebt\u00eb num\u00ebr protokoli \u201cKlasa: 602-03\/15-05-00102; UBROJ:533-26-16-0006, dat\u00eb 15 janar 2016)\u00a0 m\u00eb n\u00eb fund \u00ebsht\u00eb miratuar pozitivisht dhe mund\u00ebsohet m\u00ebsimi plot\u00ebsues edhe p\u00ebr nx\u00ebn\u00ebsit shqiptar t\u00eb shkollave t\u00eb mesme n\u00eb Zar\u00eb.<\/p>\n<p>N\u00eb shkres\u00ebn-p\u00ebrgjigjen q\u00eb ka arritur n\u00eb adres\u00eb t\u00eb Shkoll\u00ebs \u201cVlladimir Nazor\u201d dhe t\u00eb prof. Vesel Lekaj, n\u00ebnshkruar nga zv\/ministri i arsimit t\u00eb Republik\u00ebs s\u00eb Kroacis\u00eb shkruan:<\/p>\n<p>\u201cMinistria e arsimit, shkenc\u00ebs dhe sportit, ka marr\u00eb mendim professional ekspert\u00ebsh nga Agjencioni p\u00ebr arsim dhe edukim me num\u00ebr protokoli: \u201cKLASA: 602-01\/15-01\/0132; UBROJ:561-06\/20-15-03, dat\u00eb 10 qershor 2016\u201d, p\u00ebr kurikul\u00ebn p\u00ebr l\u00ebnd\u00ebn\u00a0 gjuha shqipe kultura, sipas \u201cModelit C\u201d p\u00ebr shkollat e mesme n\u00eb Republik\u00ebn e Kroacis\u00eb dhe ate ua d\u00ebrgojm\u00eb.<\/p>\n<p>Agjencioni p\u00ebr arsim dhe edukim, ka dh\u00ebn\u00eb mendim pozitiv p\u00ebr kurikul\u00ebn e l\u00ebnd\u00ebs gjuha shqipe dhe kultura sipas \u201cModelit C\u201d p\u00ebr shkollat e mesme, q\u00eb n\u00ebnkupton q\u00eb sipas kurikul\u00ebs s\u00eb p\u00ebrmendur, nga viti shkollor 2016\/2017, m\u00ebsimi i gjuh\u00ebs shqipe dhe kultur\u00ebs (Modeli C), mund\u00eb t\u00eb mbahet- zhvillohet p\u00ebr nx\u00ebn\u00ebsit e interesuar pran\u00eb shkoll\u00ebs tuaj \u201cVlladimir Nazor\u201d.<\/p>\n<p>Ju lutemi q\u00eb n\u00eb fillim t\u00eb vitit shkollor, t\u00eb p\u00ebrs\u00ebrisni k\u00ebrkes\u00ebn p\u00ebr radhitjen dhe harmonizimin e m\u00ebsimit t\u00eb gjuh\u00ebs shqipe dhe kultur\u00ebs sipas \u201cModelit C\u201d n\u00eb GJimnazin \u201cVlladimir Nazor\u201d.<\/p>\n<p>Krahas k\u00ebrkes\u00ebs, ju lutemi q\u00eb t\u00eb bashkangjitni edhe list\u00ebn e nx\u00ebn\u00ebsve t\u00eb interesuar\u00a0 p\u00ebr m\u00ebsimin e m\u00ebparp\u00ebrmendur (emri dhe mbiemri dhe klasa), dhe or\u00ebt e parapara m\u00ebsimore gjat\u00eb jav\u00ebs n\u00eb pajtim me Nenin 3 t\u00eb Standardit Shtet\u00ebror Pedagogjik t\u00eb siestemit arsimor p\u00ebr shkollat e mesme \u2013Gazeta Zyrtare (NN, num\u00ebr 63\/08)\u201d.<\/p>\n<p>N\u00eb kuad\u00ebr t\u00eb k\u00ebtij plan-programi, t\u00eb miratuar nga Ministria e arsimit t\u00eb R. s\u00eb Kroacis\u00eb, sipas Standardeve\u00a0 Shtet\u00ebrore Pedagogjike t\u00eb edukimit dhe arsimimit, sipas gazet\u00ebs Zyrtare (Narodne Novine 63\/2008, cl.43, stav 3, alinea 3), nx\u00ebn\u00ebsit shqitar t\u00eb shkoll\u00ebs s\u00eb mesme do t\u00eb njihen krahas l\u00ebnd\u00ebve tjera t\u00eb p\u00ebrgjithshme shkollore, edhe me l\u00ebnd\u00ebt: gjuh\u00eb e let\u00ebrsi amtare-shqipe, histori, gjeografi, art figurativ dhe artin muzikor.<\/p>\n<p>Sipas k\u00ebtij vendimi, n\u00eb m\u00ebnyr\u00eb eksplicite dhe shprehimisht thuhet se kuadri q\u00eb do t\u00eb zhvilloj\u00eb m\u00ebsimin plot\u00ebsues n\u00eb gjuh\u00ebn shqipe, sipas modelit \u201cC\u201d , krahas posedimit t\u00eb kompetencave pedagogjike, duhet \u00a0t\u00eb jet\u00eb njoh\u00ebs i gjuh\u00ebs shqipe, duhet t\u00eb njoh\u00eb simbolet kulturore\u00a0 t\u00eb Shqip\u00ebris\u00eb\u00a0 dhe t\u00eb pakic\u00ebs komb\u00ebtare shqiptare.<\/p>\n<p>Pa dyshim se merit\u00eb p\u00ebr k\u00ebt\u00eb kan\u00eb n\u00eb rend t\u00eb par\u00eb vet\u00eb shqiptar\u00ebt q\u00eb jetojn\u00eb n\u00eb Zar\u00eb, t\u00eb mb\u00ebshtetur nga Bashk\u00ebsia e Shqiptar\u00ebve n\u00eb Zar\u00eb, ligjet pozitive\u00a0 dhe vet\u00eb pozita e shqiptar\u00ebve jo vet\u00ebm n\u00eb Zar\u00eb por n\u00eb t\u00ebr\u00eb Kroacin\u00eb dhe angazhimi permanent, vet\u00ebmohues dhe i p\u00ebrkushtuar i prof. Vesel Lekaj.<\/p>\n<p><strong>Mehmet Latifi<\/strong><\/p>\n<p>INA<\/p>\n","protected":false},"excerpt":{"rendered":"<p>Pas nj\u00eb angazhimi t\u00eb p\u00ebrkushtuar p\u00ebr m\u00ebsimin e gjuh\u00ebs dhe let\u00ebrsis\u00eb shqipe p\u00ebr nx\u00ebn\u00ebsit shqiptar t\u00eb shkollave tet\u00ebvje\u00e7are n\u00eb Zar\u00eb, q\u00eb tashm\u00eb dy vjet funkcionon n\u00eb Sh. F. \u201cKruno Krstiq\u201d n\u00eb Arb\u00ebnesh t\u00eb Zar\u00ebs, n\u00ebn drejtimin e prof. Vesel Lekaj, njofton agjencia e lajmeve INA. Ky i fundit ka arritur t\u00eb zgj\u00ebroj\u00eb k\u00ebt\u00eb program m\u00ebsimi [&hellip;]<\/p>\n","protected":false},"author":1,"featured_media":0,"comment_status":"closed","ping_status":"closed","sticky":false,"template":"","format":"standard","meta":{"spay_email":"","jetpack_publicize_message":"","jetpack_is_tweetstorm":false,"jetpack_publicize_feature_enabled":true},"categories":[14],"tags":[],"jetpack_publicize_connections":[],"yoast_head":"<!-- This site is optimized with the Yoast SEO plugin v19.1 - https:\/\/yoast.com\/wordpress\/plugins\/seo\/ -->\n<title>N\u00eb Zar\u00eb t\u00eb Kroacis\u00eb hapet edhe gjimnazi p\u00ebr shqiptar\u00ebt - Lajme nga Ulqini<\/title>\n<meta name=\"description\" content=\"Pas nj\u00eb angazhimi t\u00eb p\u00ebrkushtuar p\u00ebr m\u00ebsimin e gjuh\u00ebs dhe let\u00ebrsis\u00eb shqipe p\u00ebr nx\u00ebn\u00ebsit shqiptar t\u00eb shkollave tet\u00ebvje\u00e7are n\u00eb Zar\u00eb, q\u00eb tashm\u00eb dy vjet\" \/>\n<meta name=\"robots\" content=\"index, follow, max-snippet:-1, max-image-preview:large, max-video-preview:-1\" \/>\n<link rel=\"canonical\" href=\"https:\/\/www.visit-ulcinj.com\/blog\/2016\/09\/04\/ne-zare-te-kroacise-hapet-edhe-gjimnazi-per-shqiptaret\/\" \/>\n<meta property=\"og:locale\" content=\"en_US\" \/>\n<meta property=\"og:type\" content=\"article\" \/>\n<meta property=\"og:title\" content=\"N\u00eb Zar\u00eb t\u00eb Kroacis\u00eb hapet edhe gjimnazi p\u00ebr shqiptar\u00ebt - Lajme nga Ulqini\" \/>\n<meta property=\"og:description\" content=\"Pas nj\u00eb angazhimi t\u00eb p\u00ebrkushtuar p\u00ebr m\u00ebsimin e gjuh\u00ebs dhe let\u00ebrsis\u00eb shqipe p\u00ebr nx\u00ebn\u00ebsit shqiptar t\u00eb shkollave tet\u00ebvje\u00e7are n\u00eb Zar\u00eb, q\u00eb tashm\u00eb dy vjet\" \/>\n<meta property=\"og:url\" content=\"https:\/\/www.visit-ulcinj.com\/blog\/2016\/09\/04\/ne-zare-te-kroacise-hapet-edhe-gjimnazi-per-shqiptaret\/\" \/>\n<meta property=\"og:site_name\" content=\"Lajme nga Ulqini\" \/>\n<meta property=\"article:published_time\" content=\"2016-09-04T12:49:45+00:00\" \/>\n<meta name=\"twitter:label1\" content=\"Written by\" \/>\n\t<meta name=\"twitter:data1\" content=\"ulqini\" \/>\n\t<meta name=\"twitter:label2\" content=\"Est. reading time\" \/>\n\t<meta name=\"twitter:data2\" content=\"3 minutes\" \/>\n<script type=\"application\/ld+json\" class=\"yoast-schema-graph\">{\"@context\":\"https:\/\/schema.org\",\"@graph\":[{\"@type\":\"WebSite\",\"@id\":\"https:\/\/www.visit-ulcinj.com\/blog\/#website\",\"url\":\"https:\/\/www.visit-ulcinj.com\/blog\/\",\"name\":\"Lajme nga Ulqini\",\"description\":\"Lajme,Vijesti,Ulqini,Ulqin,Crna Gora,Mali i Zi\",\"potentialAction\":[{\"@type\":\"SearchAction\",\"target\":{\"@type\":\"EntryPoint\",\"urlTemplate\":\"https:\/\/www.visit-ulcinj.com\/blog\/?s={search_term_string}\"},\"query-input\":\"required name=search_term_string\"}],\"inLanguage\":\"en-US\"},{\"@type\":\"WebPage\",\"@id\":\"https:\/\/www.visit-ulcinj.com\/blog\/2016\/09\/04\/ne-zare-te-kroacise-hapet-edhe-gjimnazi-per-shqiptaret\/#webpage\",\"url\":\"https:\/\/www.visit-ulcinj.com\/blog\/2016\/09\/04\/ne-zare-te-kroacise-hapet-edhe-gjimnazi-per-shqiptaret\/\",\"name\":\"N\u00eb Zar\u00eb t\u00eb Kroacis\u00eb hapet edhe gjimnazi p\u00ebr shqiptar\u00ebt - Lajme nga Ulqini\",\"isPartOf\":{\"@id\":\"https:\/\/www.visit-ulcinj.com\/blog\/#website\"},\"datePublished\":\"2016-09-04T12:49:45+00:00\",\"dateModified\":\"2016-09-04T12:49:45+00:00\",\"author\":{\"@id\":\"https:\/\/www.visit-ulcinj.com\/blog\/#\/schema\/person\/dcab619c614d3038751c63bc2aadc06d\"},\"description\":\"Pas nj\u00eb angazhimi t\u00eb p\u00ebrkushtuar p\u00ebr m\u00ebsimin e gjuh\u00ebs dhe let\u00ebrsis\u00eb shqipe p\u00ebr nx\u00ebn\u00ebsit shqiptar t\u00eb shkollave tet\u00ebvje\u00e7are n\u00eb Zar\u00eb, q\u00eb tashm\u00eb dy vjet\",\"breadcrumb\":{\"@id\":\"https:\/\/www.visit-ulcinj.com\/blog\/2016\/09\/04\/ne-zare-te-kroacise-hapet-edhe-gjimnazi-per-shqiptaret\/#breadcrumb\"},\"inLanguage\":\"en-US\",\"potentialAction\":[{\"@type\":\"ReadAction\",\"target\":[\"https:\/\/www.visit-ulcinj.com\/blog\/2016\/09\/04\/ne-zare-te-kroacise-hapet-edhe-gjimnazi-per-shqiptaret\/\"]}]},{\"@type\":\"BreadcrumbList\",\"@id\":\"https:\/\/www.visit-ulcinj.com\/blog\/2016\/09\/04\/ne-zare-te-kroacise-hapet-edhe-gjimnazi-per-shqiptaret\/#breadcrumb\",\"itemListElement\":[{\"@type\":\"ListItem\",\"position\":1,\"name\":\"N\u00eb Zar\u00eb t\u00eb Kroacis\u00eb hapet edhe gjimnazi p\u00ebr shqiptar\u00ebt\"}]},{\"@type\":\"Person\",\"@id\":\"https:\/\/www.visit-ulcinj.com\/blog\/#\/schema\/person\/dcab619c614d3038751c63bc2aadc06d\",\"name\":\"ulqini\",\"sameAs\":[\"http:\/\/www.visit-ulcinj.com\"],\"url\":\"https:\/\/www.visit-ulcinj.com\/blog\/author\/admin\/\"}]}<\/script>\n<!-- \/ Yoast SEO plugin. -->","yoast_head_json":{"title":"N\u00eb Zar\u00eb t\u00eb Kroacis\u00eb hapet edhe gjimnazi p\u00ebr shqiptar\u00ebt - Lajme nga Ulqini","description":"Pas nj\u00eb angazhimi t\u00eb p\u00ebrkushtuar p\u00ebr m\u00ebsimin e gjuh\u00ebs dhe let\u00ebrsis\u00eb shqipe p\u00ebr nx\u00ebn\u00ebsit shqiptar t\u00eb shkollave tet\u00ebvje\u00e7are n\u00eb Zar\u00eb, q\u00eb tashm\u00eb dy vjet","robots":{"index":"index","follow":"follow","max-snippet":"max-snippet:-1","max-image-preview":"max-image-preview:large","max-video-preview":"max-video-preview:-1"},"canonical":"https:\/\/www.visit-ulcinj.com\/blog\/2016\/09\/04\/ne-zare-te-kroacise-hapet-edhe-gjimnazi-per-shqiptaret\/","og_locale":"en_US","og_type":"article","og_title":"N\u00eb Zar\u00eb t\u00eb Kroacis\u00eb hapet edhe gjimnazi p\u00ebr shqiptar\u00ebt - Lajme nga Ulqini","og_description":"Pas nj\u00eb angazhimi t\u00eb p\u00ebrkushtuar p\u00ebr m\u00ebsimin e gjuh\u00ebs dhe let\u00ebrsis\u00eb shqipe p\u00ebr nx\u00ebn\u00ebsit shqiptar t\u00eb shkollave tet\u00ebvje\u00e7are n\u00eb Zar\u00eb, q\u00eb tashm\u00eb dy vjet","og_url":"https:\/\/www.visit-ulcinj.com\/blog\/2016\/09\/04\/ne-zare-te-kroacise-hapet-edhe-gjimnazi-per-shqiptaret\/","og_site_name":"Lajme nga Ulqini","article_published_time":"2016-09-04T12:49:45+00:00","twitter_misc":{"Written by":"ulqini","Est. reading time":"3 minutes"},"schema":{"@context":"https:\/\/schema.org","@graph":[{"@type":"WebSite","@id":"https:\/\/www.visit-ulcinj.com\/blog\/#website","url":"https:\/\/www.visit-ulcinj.com\/blog\/","name":"Lajme nga Ulqini","description":"Lajme,Vijesti,Ulqini,Ulqin,Crna Gora,Mali i Zi","potentialAction":[{"@type":"SearchAction","target":{"@type":"EntryPoint","urlTemplate":"https:\/\/www.visit-ulcinj.com\/blog\/?s={search_term_string}"},"query-input":"required name=search_term_string"}],"inLanguage":"en-US"},{"@type":"WebPage","@id":"https:\/\/www.visit-ulcinj.com\/blog\/2016\/09\/04\/ne-zare-te-kroacise-hapet-edhe-gjimnazi-per-shqiptaret\/#webpage","url":"https:\/\/www.visit-ulcinj.com\/blog\/2016\/09\/04\/ne-zare-te-kroacise-hapet-edhe-gjimnazi-per-shqiptaret\/","name":"N\u00eb Zar\u00eb t\u00eb Kroacis\u00eb hapet edhe gjimnazi p\u00ebr shqiptar\u00ebt - Lajme nga Ulqini","isPartOf":{"@id":"https:\/\/www.visit-ulcinj.com\/blog\/#website"},"datePublished":"2016-09-04T12:49:45+00:00","dateModified":"2016-09-04T12:49:45+00:00","author":{"@id":"https:\/\/www.visit-ulcinj.com\/blog\/#\/schema\/person\/dcab619c614d3038751c63bc2aadc06d"},"description":"Pas nj\u00eb angazhimi t\u00eb p\u00ebrkushtuar p\u00ebr m\u00ebsimin e gjuh\u00ebs dhe let\u00ebrsis\u00eb shqipe p\u00ebr nx\u00ebn\u00ebsit shqiptar t\u00eb shkollave tet\u00ebvje\u00e7are n\u00eb Zar\u00eb, q\u00eb tashm\u00eb dy vjet","breadcrumb":{"@id":"https:\/\/www.visit-ulcinj.com\/blog\/2016\/09\/04\/ne-zare-te-kroacise-hapet-edhe-gjimnazi-per-shqiptaret\/#breadcrumb"},"inLanguage":"en-US","potentialAction":[{"@type":"ReadAction","target":["https:\/\/www.visit-ulcinj.com\/blog\/2016\/09\/04\/ne-zare-te-kroacise-hapet-edhe-gjimnazi-per-shqiptaret\/"]}]},{"@type":"BreadcrumbList","@id":"https:\/\/www.visit-ulcinj.com\/blog\/2016\/09\/04\/ne-zare-te-kroacise-hapet-edhe-gjimnazi-per-shqiptaret\/#breadcrumb","itemListElement":[{"@type":"ListItem","position":1,"name":"N\u00eb Zar\u00eb t\u00eb Kroacis\u00eb hapet edhe gjimnazi p\u00ebr shqiptar\u00ebt"}]},{"@type":"Person","@id":"https:\/\/www.visit-ulcinj.com\/blog\/#\/schema\/person\/dcab619c614d3038751c63bc2aadc06d","name":"ulqini","sameAs":["http:\/\/www.visit-ulcinj.com"],"url":"https:\/\/www.visit-ulcinj.com\/blog\/author\/admin\/"}]}},"jetpack_featured_media_url":"","jetpack_sharing_enabled":true,"jetpack_shortlink":"https:\/\/wp.me\/pe6lTn-pSW","_links":{"self":[{"href":"https:\/\/www.visit-ulcinj.com\/blog\/wp-json\/wp\/v2\/posts\/99506"}],"collection":[{"href":"https:\/\/www.visit-ulcinj.com\/blog\/wp-json\/wp\/v2\/posts"}],"about":[{"href":"https:\/\/www.visit-ulcinj.com\/blog\/wp-json\/wp\/v2\/types\/post"}],"author":[{"embeddable":true,"href":"https:\/\/www.visit-ulcinj.com\/blog\/wp-json\/wp\/v2\/users\/1"}],"replies":[{"embeddable":true,"href":"https:\/\/www.visit-ulcinj.com\/blog\/wp-json\/wp\/v2\/comments?post=99506"}],"version-history":[{"count":1,"href":"https:\/\/www.visit-ulcinj.com\/blog\/wp-json\/wp\/v2\/posts\/99506\/revisions"}],"predecessor-version":[{"id":99508,"href":"https:\/\/www.visit-ulcinj.com\/blog\/wp-json\/wp\/v2\/posts\/99506\/revisions\/99508"}],"wp:attachment":[{"href":"https:\/\/www.visit-ulcinj.com\/blog\/wp-json\/wp\/v2\/media?parent=99506"}],"wp:term":[{"taxonomy":"category","embeddable":true,"href":"https:\/\/www.visit-ulcinj.com\/blog\/wp-json\/wp\/v2\/categories?post=99506"},{"taxonomy":"post_tag","embeddable":true,"href":"https:\/\/www.visit-ulcinj.com\/blog\/wp-json\/wp\/v2\/tags?post=99506"}],"curies":[{"name":"wp","href":"https:\/\/api.w.org\/{rel}","templated":true}]}}