{"id":99509,"date":"2016-09-05T17:12:03","date_gmt":"2016-09-05T16:12:03","guid":{"rendered":"http:\/\/www.visit-ulcinj.com\/blog\/?p=99509"},"modified":"2016-09-05T17:12:03","modified_gmt":"2016-09-05T16:12:03","slug":"kryeministri-gjukanoviq-ne-vizite-komunes-se-ulqiniit","status":"publish","type":"post","link":"https:\/\/www.visit-ulcinj.com\/blog\/2016\/09\/05\/kryeministri-gjukanoviq-ne-vizite-komunes-se-ulqiniit\/","title":{"rendered":"Kryeministri Gjukanoviq ne vizite Komunes se Ulqiniit"},"content":{"rendered":"<p><a href=\"http:\/\/www.visit-ulcinj.com\/blog\/wp-content\/uploads\/2016\/01\/Gjukanoviq-Cungu.jpg\"><img loading=\"lazy\" class=\"alignleft wp-image-94162\" src=\"http:\/\/www.visit-ulcinj.com\/blog\/wp-content\/uploads\/2016\/01\/Gjukanoviq-Cungu.jpg\" alt=\"Gjukanoviq-Cungu\" width=\"508\" height=\"338\" srcset=\"https:\/\/www.visit-ulcinj.com\/blog\/wp-content\/uploads\/2016\/01\/Gjukanoviq-Cungu.jpg 1020w, https:\/\/www.visit-ulcinj.com\/blog\/wp-content\/uploads\/2016\/01\/Gjukanoviq-Cungu-300x200.jpg 300w\" sizes=\"(max-width: 508px) 100vw, 508px\" \/><\/a>Ju njoftojm\u00eb se nes\u00ebr m\u00eb 06.09.2016 n\u00eb Ulqin vjen p\u00ebr\u00a0 vizit\u00eb zyrtare Kryeministri i Malit t\u00eb Zi Millo Gjukanoviq.<\/p>\n<p>Ai do t\u00eb takohet me kryetarin e Komun\u00ebs Z. Nazif Cungu dhe bashk\u00ebpun\u00ebtor\u00ebt e tij.<\/p>\n<p>N\u00eb or\u00ebn 14:00 Gjukanoviq dhe Cungu do t\u00eb japin deklarata\u00a0 p\u00ebr shtyp.<\/p>\n","protected":false},"excerpt":{"rendered":"<p>Ju njoftojm\u00eb se nes\u00ebr m\u00eb 06.09.2016 n\u00eb Ulqin vjen p\u00ebr\u00a0 vizit\u00eb zyrtare Kryeministri i Malit t\u00eb Zi Millo Gjukanoviq. Ai do t\u00eb takohet me kryetarin e Komun\u00ebs Z. Nazif Cungu dhe bashk\u00ebpun\u00ebtor\u00ebt e tij. N\u00eb or\u00ebn 14:00 Gjukanoviq dhe Cungu do t\u00eb japin deklarata\u00a0 p\u00ebr shtyp.<\/p>\n","protected":false},"author":1,"featured_media":0,"comment_status":"closed","ping_status":"closed","sticky":false,"template":"","format":"standard","meta":{"spay_email":"","jetpack_publicize_message":"","jetpack_is_tweetstorm":false,"jetpack_publicize_feature_enabled":true},"categories":[6950],"tags":[],"jetpack_publicize_connections":[],"yoast_head":"<!-- This site is optimized with the Yoast SEO plugin v19.1 - https:\/\/yoast.com\/wordpress\/plugins\/seo\/ -->\n<title>Kryeministri Gjukanoviq ne vizite Komunes se Ulqiniit - Lajme nga Ulqini<\/title>\n<meta name=\"description\" content=\"Ju njoftojm\u00eb se nes\u00ebr m\u00eb 06.09.2016 n\u00eb Ulqin vjen p\u00ebr\u00a0 vizit\u00eb zyrtare Kryeministri i Malit t\u00eb Zi Millo Gjukanoviq. Ai do t\u00eb takohet me kryetarin e Komun\u00ebs\" \/>\n<meta name=\"robots\" content=\"index, follow, max-snippet:-1, max-image-preview:large, max-video-preview:-1\" \/>\n<link rel=\"canonical\" href=\"https:\/\/www.visit-ulcinj.com\/blog\/2016\/09\/05\/kryeministri-gjukanoviq-ne-vizite-komunes-se-ulqiniit\/\" \/>\n<meta property=\"og:locale\" content=\"en_US\" \/>\n<meta property=\"og:type\" content=\"article\" \/>\n<meta property=\"og:title\" content=\"Kryeministri Gjukanoviq ne vizite Komunes se Ulqiniit - Lajme nga Ulqini\" \/>\n<meta property=\"og:description\" content=\"Ju njoftojm\u00eb se nes\u00ebr m\u00eb 06.09.2016 n\u00eb Ulqin vjen p\u00ebr\u00a0 vizit\u00eb zyrtare Kryeministri i Malit t\u00eb Zi Millo Gjukanoviq. Ai do t\u00eb takohet me kryetarin e Komun\u00ebs\" \/>\n<meta property=\"og:url\" content=\"https:\/\/www.visit-ulcinj.com\/blog\/2016\/09\/05\/kryeministri-gjukanoviq-ne-vizite-komunes-se-ulqiniit\/\" \/>\n<meta property=\"og:site_name\" content=\"Lajme nga Ulqini\" \/>\n<meta property=\"article:published_time\" content=\"2016-09-05T16:12:03+00:00\" \/>\n<meta property=\"og:image\" content=\"http:\/\/www.visit-ulcinj.com\/blog\/wp-content\/uploads\/2016\/01\/Gjukanoviq-Cungu.jpg\" \/>\n<meta name=\"twitter:label1\" content=\"Written by\" \/>\n\t<meta name=\"twitter:data1\" content=\"ulqini\" \/>\n<script type=\"application\/ld+json\" class=\"yoast-schema-graph\">{\"@context\":\"https:\/\/schema.org\",\"@graph\":[{\"@type\":\"WebSite\",\"@id\":\"https:\/\/www.visit-ulcinj.com\/blog\/#website\",\"url\":\"https:\/\/www.visit-ulcinj.com\/blog\/\",\"name\":\"Lajme nga Ulqini\",\"description\":\"Lajme,Vijesti,Ulqini,Ulqin,Crna Gora,Mali i Zi\",\"potentialAction\":[{\"@type\":\"SearchAction\",\"target\":{\"@type\":\"EntryPoint\",\"urlTemplate\":\"https:\/\/www.visit-ulcinj.com\/blog\/?s={search_term_string}\"},\"query-input\":\"required name=search_term_string\"}],\"inLanguage\":\"en-US\"},{\"@type\":\"ImageObject\",\"inLanguage\":\"en-US\",\"@id\":\"https:\/\/www.visit-ulcinj.com\/blog\/2016\/09\/05\/kryeministri-gjukanoviq-ne-vizite-komunes-se-ulqiniit\/#primaryimage\",\"url\":\"https:\/\/www.visit-ulcinj.com\/blog\/wp-content\/uploads\/2016\/01\/Gjukanoviq-Cungu.jpg\",\"contentUrl\":\"https:\/\/www.visit-ulcinj.com\/blog\/wp-content\/uploads\/2016\/01\/Gjukanoviq-Cungu.jpg\",\"width\":1020,\"height\":679},{\"@type\":\"WebPage\",\"@id\":\"https:\/\/www.visit-ulcinj.com\/blog\/2016\/09\/05\/kryeministri-gjukanoviq-ne-vizite-komunes-se-ulqiniit\/#webpage\",\"url\":\"https:\/\/www.visit-ulcinj.com\/blog\/2016\/09\/05\/kryeministri-gjukanoviq-ne-vizite-komunes-se-ulqiniit\/\",\"name\":\"Kryeministri Gjukanoviq ne vizite Komunes se Ulqiniit - Lajme nga Ulqini\",\"isPartOf\":{\"@id\":\"https:\/\/www.visit-ulcinj.com\/blog\/#website\"},\"primaryImageOfPage\":{\"@id\":\"https:\/\/www.visit-ulcinj.com\/blog\/2016\/09\/05\/kryeministri-gjukanoviq-ne-vizite-komunes-se-ulqiniit\/#primaryimage\"},\"datePublished\":\"2016-09-05T16:12:03+00:00\",\"dateModified\":\"2016-09-05T16:12:03+00:00\",\"author\":{\"@id\":\"https:\/\/www.visit-ulcinj.com\/blog\/#\/schema\/person\/dcab619c614d3038751c63bc2aadc06d\"},\"description\":\"Ju njoftojm\u00eb se nes\u00ebr m\u00eb 06.09.2016 n\u00eb Ulqin vjen p\u00ebr\u00a0 vizit\u00eb zyrtare Kryeministri i Malit t\u00eb Zi Millo Gjukanoviq. Ai do t\u00eb takohet me kryetarin e Komun\u00ebs\",\"breadcrumb\":{\"@id\":\"https:\/\/www.visit-ulcinj.com\/blog\/2016\/09\/05\/kryeministri-gjukanoviq-ne-vizite-komunes-se-ulqiniit\/#breadcrumb\"},\"inLanguage\":\"en-US\",\"potentialAction\":[{\"@type\":\"ReadAction\",\"target\":[\"https:\/\/www.visit-ulcinj.com\/blog\/2016\/09\/05\/kryeministri-gjukanoviq-ne-vizite-komunes-se-ulqiniit\/\"]}]},{\"@type\":\"BreadcrumbList\",\"@id\":\"https:\/\/www.visit-ulcinj.com\/blog\/2016\/09\/05\/kryeministri-gjukanoviq-ne-vizite-komunes-se-ulqiniit\/#breadcrumb\",\"itemListElement\":[{\"@type\":\"ListItem\",\"position\":1,\"name\":\"Kryeministri Gjukanoviq ne vizite Komunes se Ulqiniit\"}]},{\"@type\":\"Person\",\"@id\":\"https:\/\/www.visit-ulcinj.com\/blog\/#\/schema\/person\/dcab619c614d3038751c63bc2aadc06d\",\"name\":\"ulqini\",\"sameAs\":[\"http:\/\/www.visit-ulcinj.com\"],\"url\":\"https:\/\/www.visit-ulcinj.com\/blog\/author\/admin\/\"}]}<\/script>\n<!-- \/ Yoast SEO plugin. -->","yoast_head_json":{"title":"Kryeministri Gjukanoviq ne vizite Komunes se Ulqiniit - Lajme nga Ulqini","description":"Ju njoftojm\u00eb se nes\u00ebr m\u00eb 06.09.2016 n\u00eb Ulqin vjen p\u00ebr\u00a0 vizit\u00eb zyrtare Kryeministri i Malit t\u00eb Zi Millo Gjukanoviq. Ai do t\u00eb takohet me kryetarin e Komun\u00ebs","robots":{"index":"index","follow":"follow","max-snippet":"max-snippet:-1","max-image-preview":"max-image-preview:large","max-video-preview":"max-video-preview:-1"},"canonical":"https:\/\/www.visit-ulcinj.com\/blog\/2016\/09\/05\/kryeministri-gjukanoviq-ne-vizite-komunes-se-ulqiniit\/","og_locale":"en_US","og_type":"article","og_title":"Kryeministri Gjukanoviq ne vizite Komunes se Ulqiniit - Lajme nga Ulqini","og_description":"Ju njoftojm\u00eb se nes\u00ebr m\u00eb 06.09.2016 n\u00eb Ulqin vjen p\u00ebr\u00a0 vizit\u00eb zyrtare Kryeministri i Malit t\u00eb Zi Millo Gjukanoviq. Ai do t\u00eb takohet me kryetarin e Komun\u00ebs","og_url":"https:\/\/www.visit-ulcinj.com\/blog\/2016\/09\/05\/kryeministri-gjukanoviq-ne-vizite-komunes-se-ulqiniit\/","og_site_name":"Lajme nga Ulqini","article_published_time":"2016-09-05T16:12:03+00:00","og_image":[{"url":"http:\/\/www.visit-ulcinj.com\/blog\/wp-content\/uploads\/2016\/01\/Gjukanoviq-Cungu.jpg"}],"twitter_misc":{"Written by":"ulqini"},"schema":{"@context":"https:\/\/schema.org","@graph":[{"@type":"WebSite","@id":"https:\/\/www.visit-ulcinj.com\/blog\/#website","url":"https:\/\/www.visit-ulcinj.com\/blog\/","name":"Lajme nga Ulqini","description":"Lajme,Vijesti,Ulqini,Ulqin,Crna Gora,Mali i Zi","potentialAction":[{"@type":"SearchAction","target":{"@type":"EntryPoint","urlTemplate":"https:\/\/www.visit-ulcinj.com\/blog\/?s={search_term_string}"},"query-input":"required name=search_term_string"}],"inLanguage":"en-US"},{"@type":"ImageObject","inLanguage":"en-US","@id":"https:\/\/www.visit-ulcinj.com\/blog\/2016\/09\/05\/kryeministri-gjukanoviq-ne-vizite-komunes-se-ulqiniit\/#primaryimage","url":"https:\/\/www.visit-ulcinj.com\/blog\/wp-content\/uploads\/2016\/01\/Gjukanoviq-Cungu.jpg","contentUrl":"https:\/\/www.visit-ulcinj.com\/blog\/wp-content\/uploads\/2016\/01\/Gjukanoviq-Cungu.jpg","width":1020,"height":679},{"@type":"WebPage","@id":"https:\/\/www.visit-ulcinj.com\/blog\/2016\/09\/05\/kryeministri-gjukanoviq-ne-vizite-komunes-se-ulqiniit\/#webpage","url":"https:\/\/www.visit-ulcinj.com\/blog\/2016\/09\/05\/kryeministri-gjukanoviq-ne-vizite-komunes-se-ulqiniit\/","name":"Kryeministri Gjukanoviq ne vizite Komunes se Ulqiniit - Lajme nga Ulqini","isPartOf":{"@id":"https:\/\/www.visit-ulcinj.com\/blog\/#website"},"primaryImageOfPage":{"@id":"https:\/\/www.visit-ulcinj.com\/blog\/2016\/09\/05\/kryeministri-gjukanoviq-ne-vizite-komunes-se-ulqiniit\/#primaryimage"},"datePublished":"2016-09-05T16:12:03+00:00","dateModified":"2016-09-05T16:12:03+00:00","author":{"@id":"https:\/\/www.visit-ulcinj.com\/blog\/#\/schema\/person\/dcab619c614d3038751c63bc2aadc06d"},"description":"Ju njoftojm\u00eb se nes\u00ebr m\u00eb 06.09.2016 n\u00eb Ulqin vjen p\u00ebr\u00a0 vizit\u00eb zyrtare Kryeministri i Malit t\u00eb Zi Millo Gjukanoviq. Ai do t\u00eb takohet me kryetarin e Komun\u00ebs","breadcrumb":{"@id":"https:\/\/www.visit-ulcinj.com\/blog\/2016\/09\/05\/kryeministri-gjukanoviq-ne-vizite-komunes-se-ulqiniit\/#breadcrumb"},"inLanguage":"en-US","potentialAction":[{"@type":"ReadAction","target":["https:\/\/www.visit-ulcinj.com\/blog\/2016\/09\/05\/kryeministri-gjukanoviq-ne-vizite-komunes-se-ulqiniit\/"]}]},{"@type":"BreadcrumbList","@id":"https:\/\/www.visit-ulcinj.com\/blog\/2016\/09\/05\/kryeministri-gjukanoviq-ne-vizite-komunes-se-ulqiniit\/#breadcrumb","itemListElement":[{"@type":"ListItem","position":1,"name":"Kryeministri Gjukanoviq ne vizite Komunes se Ulqiniit"}]},{"@type":"Person","@id":"https:\/\/www.visit-ulcinj.com\/blog\/#\/schema\/person\/dcab619c614d3038751c63bc2aadc06d","name":"ulqini","sameAs":["http:\/\/www.visit-ulcinj.com"],"url":"https:\/\/www.visit-ulcinj.com\/blog\/author\/admin\/"}]}},"jetpack_featured_media_url":"","jetpack_sharing_enabled":true,"jetpack_shortlink":"https:\/\/wp.me\/pe6lTn-pSZ","_links":{"self":[{"href":"https:\/\/www.visit-ulcinj.com\/blog\/wp-json\/wp\/v2\/posts\/99509"}],"collection":[{"href":"https:\/\/www.visit-ulcinj.com\/blog\/wp-json\/wp\/v2\/posts"}],"about":[{"href":"https:\/\/www.visit-ulcinj.com\/blog\/wp-json\/wp\/v2\/types\/post"}],"author":[{"embeddable":true,"href":"https:\/\/www.visit-ulcinj.com\/blog\/wp-json\/wp\/v2\/users\/1"}],"replies":[{"embeddable":true,"href":"https:\/\/www.visit-ulcinj.com\/blog\/wp-json\/wp\/v2\/comments?post=99509"}],"version-history":[{"count":1,"href":"https:\/\/www.visit-ulcinj.com\/blog\/wp-json\/wp\/v2\/posts\/99509\/revisions"}],"predecessor-version":[{"id":99510,"href":"https:\/\/www.visit-ulcinj.com\/blog\/wp-json\/wp\/v2\/posts\/99509\/revisions\/99510"}],"wp:attachment":[{"href":"https:\/\/www.visit-ulcinj.com\/blog\/wp-json\/wp\/v2\/media?parent=99509"}],"wp:term":[{"taxonomy":"category","embeddable":true,"href":"https:\/\/www.visit-ulcinj.com\/blog\/wp-json\/wp\/v2\/categories?post=99509"},{"taxonomy":"post_tag","embeddable":true,"href":"https:\/\/www.visit-ulcinj.com\/blog\/wp-json\/wp\/v2\/tags?post=99509"}],"curies":[{"name":"wp","href":"https:\/\/api.w.org\/{rel}","templated":true}]}}