{"id":9951,"date":"2009-01-28T17:40:56","date_gmt":"2009-01-28T16:40:56","guid":{"rendered":"http:\/\/www.visit-ulcinj.com\/blog\/?p=9951"},"modified":"2009-02-01T15:21:35","modified_gmt":"2009-02-01T14:21:35","slug":"kryetarja-e-kuvendit-te-shqiperise-jozefina-topallivizite-zyrtare-ne-mal-te-zi","status":"publish","type":"post","link":"https:\/\/www.visit-ulcinj.com\/blog\/2009\/01\/28\/kryetarja-e-kuvendit-te-shqiperise-jozefina-topallivizite-zyrtare-ne-mal-te-zi\/","title":{"rendered":"Kryetarja e Kuvendit t\u00eb Shqip\u00ebris\u00eb Jozefina Topalli,n\u00eb vizit\u00eb zyrtare n\u00eb Mal t\u00eb Zi &#8211; Video"},"content":{"rendered":"<p><strong><a rel=\"attachment wp-att-9952\" href=\"http:\/\/www.visit-ulcinj.com\/blog\/2009\/01\/28\/kryetarja-e-kuvendit-te-shqiperise-jozefina-topallivizite-zyrtare-ne-mal-te-zi\/kryetari-i-parlamentit-te-malit-te-zi-ranko-krivokapic-kryetarja-e-kuvendit-te-shqiperise-jozefina-topalli1\/\"><img loading=\"lazy\" class=\"alignleft size-full wp-image-9952\" title=\"kryetari-i-parlamentit-te-malit-te-zi-ranko-krivokapic-kryetarja-e-kuvendit-te-shqiperise-jozefina-topalli1\" src=\"http:\/\/www.visit-ulcinj.com\/blog\/wp-content\/uploads\/2009\/01\/kryetari-i-parlamentit-te-malit-te-zi-ranko-krivokapic-kryetarja-e-kuvendit-te-shqiperise-jozefina-topalli1.jpg\" alt=\"kryetari-i-parlamentit-te-malit-te-zi-ranko-krivokapic-kryetarja-e-kuvendit-te-shqiperise-jozefina-topalli1\" width=\"570\" height=\"400\" \/><\/a>Kryetarja e Kuvendit, vizit\u00eb zyrtare n\u00eb Mal t\u00eb Zi me ftes\u00eb t\u00eb homologut Krivokapic, pas njohjes nga Mali i Zi, t\u00eb pavar\u00ebsis\u00eb s\u00eb Kosov\u00ebs.<br \/>\nMe ftes\u00eb t\u00eb Kryetarit t\u00eb Parlamentit t\u00eb Malit t\u00eb Zi, Ranko Krivokapic, Kryetarja e Kuvendit t\u00eb Shqip\u00ebris\u00eb, Jozefina Topalli mb\u00ebrriti n\u00eb nj\u00eb vizit\u00eb zyrtare n\u00eb Podgoric\u00eb n\u00eb nj\u00eb koh\u00eb intensifikimi marr\u00ebdh\u00ebniesh mes dy vendeve.<\/strong><\/p>\n<p>Duke folur n\u00eb nj\u00eb gjuh\u00eb t\u00eb p\u00ebrbashk\u00ebt, at\u00eb t\u00eb integrimit europian, dy shtetet q\u00eb njohin nj\u00eb fqinj\u00ebsi tradicionalisht shum\u00eb t\u00eb mir\u00eb, ndajn\u00eb tashm\u00eb q\u00ebllime e projekte t\u00eb p\u00ebrbashk\u00ebta.<\/p>\n<p>Nj\u00eb takim kok\u00eb m\u00eb koh\u00eb mes Kryetarit t\u00eb Parlamentit t\u00eb Malit t\u00eb Zi dhe Kryetares s\u00eb Kuvendit t\u00eb Shqip\u00ebris\u00eb, q\u00eb zgjati mbi 30 minuta, i parapriu takimit zyrtar mes dy delegacioneve.<\/p>\n<p>\u201cKjo vizit\u00eb tha zoti Krivokapic, mund t\u00eb ishte realizuar m\u00eb par\u00eb por ju ftova n\u00eb k\u00ebt\u00eb moment, pasi e dija q\u00eb pyetja e par\u00eb q\u00eb do m\u00eb b\u00ebnit do t\u00eb ishte \u201cKur do ta njihni pavar\u00ebsin\u00eb e Kosov\u00ebs\u201d.<br \/>\nNdaj dhe mendova q\u00eb lajmin p\u00ebr njohjen e pavar\u00ebsis\u00eb s\u00eb Kosov\u00ebs nga Mali i Zi, t\u2019ua jepja gjat\u00eb vizit\u00ebs tuaj, pasi Kosova dhe rajoni kan\u00eb qen\u00eb gjithnj\u00eb tem\u00eb e bisedave tona n\u00eb takime nd\u00ebrkombetare ku kemi patur rastin t\u00eb foto28 bisedonim.<\/p>\n<p>Duke shprehur k\u00ebnaq\u00ebsin\u00eb p\u00ebr k\u00ebt\u00eb vendim t\u00eb para pak koh\u00ebve nga Malit t\u00eb zi, Kryetarja e Kuvendit theksoi se me pavar\u00ebsin\u00eb e Kosov\u00ebs perspektiva europiane e rajonit \u00ebsht\u00eb b\u00ebr\u00eb m\u00eb e sigurt e m\u00eb e qart\u00eb.<\/p>\n<p>Dy homolog\u00ebt vler\u00ebsuan intensifikimin e marr\u00ebdh\u00ebnieve me vizita t\u00eb nivelit t\u00eb lart\u00eb si\u00e7 ishte ajo e Kryeministrit Berisha n\u00eb Mal t\u00eb Zi dhe Kryeministrit Gjykanovi\u00e7 n\u00eb Shqip\u00ebri.<\/p>\n<p>\u201cShqip\u00ebria, tha Kryetari Krivokapi\u00e7, ka realizuar reforma t\u00eb m\u00ebdha dhe \u00ebsht\u00eb nj\u00eb hap p\u00ebrpara Malit t\u00eb Zi n\u00eb rrug\u00ebn drejt NATO-s, Ju keni p\u00ebrmbyllur ratifikimin e MSA-s\u00eb nga foto28vendet e BE-s\u00eb, ndaj dhe p\u00ebrvoja juaj \u00ebsht\u00eb shum\u00eb e vyer p\u00ebr ne dhe p\u00ebr vendet e tjera t\u00eb Ballkanit Per\u00ebndimor.\u201d<\/p>\n<p>Biseda mori trajta konkrete n\u00eb diskutimin rreth projekteve t\u00eb p\u00ebrbashk\u00ebta si rruga hekurudhore Shkod\u00ebr \u2013Hani i Hotit, projekti i rrug\u00ebs Podgoric\u00eb-Pllav\u00eb, ideja p\u00ebr transport detar p\u00ebrmes liqenit t\u00eb Shkodr\u00ebs apo\u00a0 linja\u00a0 i interkonjeksionit Elbasan \u2013Mali i Zi, punimet p\u00ebr t\u00eb cil\u00ebn tashm\u00eb kan\u00eb nisur.<br \/>\nShk\u00ebmbimi ekonomik mes dy vendeve \u00ebsht\u00eb tet\u00ebfishuar vitin e fundit, megjithat\u00eb n\u00eb takim u theksua se ka vend p\u00ebr nj\u00eb bashk\u00ebpunim edhe m\u00eb t\u00eb madh n\u00eb fush\u00ebn e ekonomis\u00eb.<br \/>\nN\u00eb konferenc\u00ebn p\u00ebr shtyp Kryetarja e Kuvendit, pasi foli rreth \u00e7\u00ebshtjeve t\u00eb biseduara me homologun e Malit t\u00eb zi, theksoi se NATO dhe BE mbeten prioritete p\u00ebr t\u00eb gjitha vendet e rajonit,\u00a0 duke u ndalur n\u00eb hapat q\u00eb Shqip\u00ebria, po b\u00ebn p\u00ebr l\u00ebvizjen e lir\u00eb te qytetar\u00ebve.<br \/>\n\u201cL\u00ebvizja e lir\u00eb e qytetar\u00ebve \u00ebsht\u00eb objektiv i yni dhe kjo do t\u00eb realizohet n\u00eb vitin e par\u00eb t\u00eb mandatit ton\u00eb t\u00eb dyt\u00eb, nga momenti q\u00eb do t\u00eb mbyllet procesi i shp\u00ebrndarjes s\u00eb foto28 Kartave t\u00eb Identitetit dhe Pasaportave Biometrike, nd\u00ebrkoh\u00eb q\u00eb infrastruktura p\u00ebr k\u00ebt\u00eb \u00ebsht\u00eb vendosur q\u00eb n\u00eb mandatin e par\u00eb. Shqip\u00ebria \u00ebsht\u00eb shum\u00eb optimiste, q\u00eb shqiptar\u00ebt do t\u00eb jen\u00eb s\u00eb shpejti t\u00eb lir\u00eb t\u00eb l\u00ebvizin n\u00eb Europ\u00eb dhe natyrisht, ne do t\u00eb japim t\u00eb gjith\u00eb kontributin ton\u00eb q\u00eb regjimi i vizave t\u00eb liberalizuara t\u00eb funksionoj\u00eb p\u00ebr t\u00eb gjitha vendet e tjera, ve\u00e7an\u00ebrisht t\u00eb Ballkanit Per\u00ebndimor.\u201d, u shpreh Kryetarja e Kuvendit.<\/p>\n<p>N\u00eb vizit\u00ebn e saj n\u00eb Malin e zi, Kryetarja e Kuvendit shoq\u00ebrohej nga N\u00ebnkryetari i Kuvendit, Neritan Ceka, deputet\u00ebt Astrit Bushati, Ramiz \u00c7oba, Mehmet Xheka dhe nga Kryetari i Bashkis\u00eb s\u00eb Shkodr\u00ebs, Lorenc Luka.<\/p>\n<p><strong>Parlament.al\/ Press<\/strong><\/p>\n\n\t\t<style type=\"text\/css\">\n\t\t\t#gallery-1 {\n\t\t\t\tmargin: auto;\n\t\t\t}\n\t\t\t#gallery-1 .gallery-item {\n\t\t\t\tfloat: left;\n\t\t\t\tmargin-top: 10px;\n\t\t\t\ttext-align: center;\n\t\t\t\twidth: 33%;\n\t\t\t}\n\t\t\t#gallery-1 img {\n\t\t\t\tborder: 2px solid #cfcfcf;\n\t\t\t}\n\t\t\t#gallery-1 .gallery-caption {\n\t\t\t\tmargin-left: 0;\n\t\t\t}\n\t\t\t\/* see gallery_shortcode() in wp-includes\/media.php *\/\n\t\t<\/style>\n\t\t<div id='gallery-1' class='gallery galleryid-9951 gallery-columns-3 gallery-size-thumbnail'><dl class='gallery-item'>\n\t\t\t<dt class='gallery-icon landscape'>\n\t\t\t\t<a href='https:\/\/www.visit-ulcinj.com\/blog\/wp-content\/uploads\/2009\/01\/kryetari-i-parlamentit-te-malit-te-zi-ranko-krivokapic-kryetarja-e-kuvendit-te-shqiperise-jozefina-topalli1.jpg'><img width=\"150\" height=\"150\" src=\"https:\/\/www.visit-ulcinj.com\/blog\/wp-content\/uploads\/2009\/01\/kryetari-i-parlamentit-te-malit-te-zi-ranko-krivokapic-kryetarja-e-kuvendit-te-shqiperise-jozefina-topalli1-150x150.jpg\" class=\"attachment-thumbnail size-thumbnail\" alt=\"\" loading=\"lazy\" \/><\/a>\n\t\t\t<\/dt><\/dl><dl class='gallery-item'>\n\t\t\t<dt class='gallery-icon landscape'>\n\t\t\t\t<a href='https:\/\/www.visit-ulcinj.com\/blog\/wp-content\/uploads\/2009\/01\/kryetari-i-parlamentit-te-malit-te-zi-ranko-krivokapic-kryetarja-e-kuvendit-te-shqiperise-jozefina-topalli2.jpg'><img width=\"150\" height=\"150\" src=\"https:\/\/www.visit-ulcinj.com\/blog\/wp-content\/uploads\/2009\/01\/kryetari-i-parlamentit-te-malit-te-zi-ranko-krivokapic-kryetarja-e-kuvendit-te-shqiperise-jozefina-topalli2-150x150.jpg\" class=\"attachment-thumbnail size-thumbnail\" alt=\"\" loading=\"lazy\" \/><\/a>\n\t\t\t<\/dt><\/dl><dl class='gallery-item'>\n\t\t\t<dt class='gallery-icon landscape'>\n\t\t\t\t<a href='https:\/\/www.visit-ulcinj.com\/blog\/wp-content\/uploads\/2009\/01\/kryetari-i-parlamentit-te-malit-te-zi-ranko-krivokapic-kryetarja-e-kuvendit-te-shqiperise-jozefina-topalli3.jpg'><img width=\"150\" height=\"150\" src=\"https:\/\/www.visit-ulcinj.com\/blog\/wp-content\/uploads\/2009\/01\/kryetari-i-parlamentit-te-malit-te-zi-ranko-krivokapic-kryetarja-e-kuvendit-te-shqiperise-jozefina-topalli3-150x150.jpg\" class=\"attachment-thumbnail size-thumbnail\" alt=\"\" loading=\"lazy\" \/><\/a>\n\t\t\t<\/dt><\/dl><br style=\"clear: both\" \/><dl class='gallery-item'>\n\t\t\t<dt class='gallery-icon portrait'>\n\t\t\t\t<a href='https:\/\/www.visit-ulcinj.com\/blog\/wp-content\/uploads\/2009\/01\/kryetari-i-parlamentit-te-malit-te-zi-ranko-krivokapic-kryetarja-e-kuvendit-te-shqiperise-jozefina-topalli.jpg'><img width=\"150\" height=\"150\" src=\"https:\/\/www.visit-ulcinj.com\/blog\/wp-content\/uploads\/2009\/01\/kryetari-i-parlamentit-te-malit-te-zi-ranko-krivokapic-kryetarja-e-kuvendit-te-shqiperise-jozefina-topalli-150x150.jpg\" class=\"attachment-thumbnail size-thumbnail\" alt=\"\" loading=\"lazy\" \/><\/a>\n\t\t\t<\/dt><\/dl>\n\t\t\t<br style='clear: both' \/>\n\t\t<\/div>\n\n<!--YouTube Error: bad URL entered-->\n","protected":false},"excerpt":{"rendered":"<p>Kryetarja e Kuvendit, vizit\u00eb zyrtare n\u00eb Mal t\u00eb Zi me ftes\u00eb t\u00eb homologut Krivokapic, pas njohjes nga Mali i Zi, t\u00eb pavar\u00ebsis\u00eb s\u00eb Kosov\u00ebs. Me ftes\u00eb t\u00eb Kryetarit t\u00eb Parlamentit t\u00eb Malit t\u00eb Zi, Ranko Krivokapic, Kryetarja e Kuvendit t\u00eb Shqip\u00ebris\u00eb, Jozefina Topalli mb\u00ebrriti n\u00eb nj\u00eb vizit\u00eb zyrtare n\u00eb Podgoric\u00eb n\u00eb nj\u00eb koh\u00eb intensifikimi marr\u00ebdh\u00ebniesh [&hellip;]<\/p>\n","protected":false},"author":1,"featured_media":0,"comment_status":"open","ping_status":"closed","sticky":false,"template":"","format":"standard","meta":{"spay_email":"","jetpack_publicize_message":"","jetpack_is_tweetstorm":false,"jetpack_publicize_feature_enabled":true},"categories":[1],"tags":[3713,6159,6158,2398],"jetpack_publicize_connections":[],"yoast_head":"<!-- This site is optimized with the Yoast SEO plugin v19.1 - https:\/\/yoast.com\/wordpress\/plugins\/seo\/ -->\n<title>Kryetarja e Kuvendit t\u00eb Shqip\u00ebris\u00eb Jozefina Topalli,n\u00eb vizit\u00eb zyrtare n\u00eb Mal t\u00eb Zi - Video - Lajme nga Ulqini<\/title>\n<meta name=\"description\" content=\"Kryetarja e Kuvendit, vizit\u00eb zyrtare n\u00eb Mal t\u00eb Zi me ftes\u00eb t\u00eb homologut Krivokapic, pas njohjes nga Mali i Zi, t\u00eb pavar\u00ebsis\u00eb s\u00eb Kosov\u00ebs. Me ftes\u00eb t\u00eb\" \/>\n<meta name=\"robots\" content=\"index, follow, max-snippet:-1, max-image-preview:large, max-video-preview:-1\" \/>\n<link rel=\"canonical\" href=\"https:\/\/www.visit-ulcinj.com\/blog\/2009\/01\/28\/kryetarja-e-kuvendit-te-shqiperise-jozefina-topallivizite-zyrtare-ne-mal-te-zi\/\" \/>\n<meta property=\"og:locale\" content=\"en_US\" \/>\n<meta property=\"og:type\" content=\"article\" \/>\n<meta property=\"og:title\" content=\"Kryetarja e Kuvendit t\u00eb Shqip\u00ebris\u00eb Jozefina Topalli,n\u00eb vizit\u00eb zyrtare n\u00eb Mal t\u00eb Zi - Video - Lajme nga Ulqini\" \/>\n<meta property=\"og:description\" content=\"Kryetarja e Kuvendit, vizit\u00eb zyrtare n\u00eb Mal t\u00eb Zi me ftes\u00eb t\u00eb homologut Krivokapic, pas njohjes nga Mali i Zi, t\u00eb pavar\u00ebsis\u00eb s\u00eb Kosov\u00ebs. Me ftes\u00eb t\u00eb\" \/>\n<meta property=\"og:url\" content=\"https:\/\/www.visit-ulcinj.com\/blog\/2009\/01\/28\/kryetarja-e-kuvendit-te-shqiperise-jozefina-topallivizite-zyrtare-ne-mal-te-zi\/\" \/>\n<meta property=\"og:site_name\" content=\"Lajme nga Ulqini\" \/>\n<meta property=\"article:published_time\" content=\"2009-01-28T16:40:56+00:00\" \/>\n<meta property=\"article:modified_time\" content=\"2009-02-01T14:21:35+00:00\" \/>\n<meta property=\"og:image\" content=\"https:\/\/www.visit-ulcinj.com\/blog\/wp-content\/uploads\/2009\/01\/kryetari-i-parlamentit-te-malit-te-zi-ranko-krivokapic-kryetarja-e-kuvendit-te-shqiperise-jozefina-topalli1-150x150.jpg\" \/>\n<meta name=\"twitter:label1\" content=\"Written by\" \/>\n\t<meta name=\"twitter:data1\" content=\"ulqini\" \/>\n\t<meta name=\"twitter:label2\" content=\"Est. reading time\" \/>\n\t<meta name=\"twitter:data2\" content=\"3 minutes\" \/>\n<script type=\"application\/ld+json\" class=\"yoast-schema-graph\">{\"@context\":\"https:\/\/schema.org\",\"@graph\":[{\"@type\":\"WebSite\",\"@id\":\"https:\/\/www.visit-ulcinj.com\/blog\/#website\",\"url\":\"https:\/\/www.visit-ulcinj.com\/blog\/\",\"name\":\"Lajme nga Ulqini\",\"description\":\"Lajme,Vijesti,Ulqini,Ulqin,Crna Gora,Mali i Zi\",\"potentialAction\":[{\"@type\":\"SearchAction\",\"target\":{\"@type\":\"EntryPoint\",\"urlTemplate\":\"https:\/\/www.visit-ulcinj.com\/blog\/?s={search_term_string}\"},\"query-input\":\"required name=search_term_string\"}],\"inLanguage\":\"en-US\"},{\"@type\":\"ImageObject\",\"inLanguage\":\"en-US\",\"@id\":\"https:\/\/www.visit-ulcinj.com\/blog\/2009\/01\/28\/kryetarja-e-kuvendit-te-shqiperise-jozefina-topallivizite-zyrtare-ne-mal-te-zi\/#primaryimage\",\"url\":\"https:\/\/www.visit-ulcinj.com\/blog\/wp-content\/uploads\/2009\/01\/kryetari-i-parlamentit-te-malit-te-zi-ranko-krivokapic-kryetarja-e-kuvendit-te-shqiperise-jozefina-topalli1.jpg\",\"contentUrl\":\"https:\/\/www.visit-ulcinj.com\/blog\/wp-content\/uploads\/2009\/01\/kryetari-i-parlamentit-te-malit-te-zi-ranko-krivokapic-kryetarja-e-kuvendit-te-shqiperise-jozefina-topalli1.jpg\",\"width\":\"640\",\"height\":\"426\"},{\"@type\":\"WebPage\",\"@id\":\"https:\/\/www.visit-ulcinj.com\/blog\/2009\/01\/28\/kryetarja-e-kuvendit-te-shqiperise-jozefina-topallivizite-zyrtare-ne-mal-te-zi\/#webpage\",\"url\":\"https:\/\/www.visit-ulcinj.com\/blog\/2009\/01\/28\/kryetarja-e-kuvendit-te-shqiperise-jozefina-topallivizite-zyrtare-ne-mal-te-zi\/\",\"name\":\"Kryetarja e Kuvendit t\u00eb Shqip\u00ebris\u00eb Jozefina Topalli,n\u00eb vizit\u00eb zyrtare n\u00eb Mal t\u00eb Zi - Video - Lajme nga Ulqini\",\"isPartOf\":{\"@id\":\"https:\/\/www.visit-ulcinj.com\/blog\/#website\"},\"primaryImageOfPage\":{\"@id\":\"https:\/\/www.visit-ulcinj.com\/blog\/2009\/01\/28\/kryetarja-e-kuvendit-te-shqiperise-jozefina-topallivizite-zyrtare-ne-mal-te-zi\/#primaryimage\"},\"datePublished\":\"2009-01-28T16:40:56+00:00\",\"dateModified\":\"2009-02-01T14:21:35+00:00\",\"author\":{\"@id\":\"https:\/\/www.visit-ulcinj.com\/blog\/#\/schema\/person\/dcab619c614d3038751c63bc2aadc06d\"},\"description\":\"Kryetarja e Kuvendit, vizit\u00eb zyrtare n\u00eb Mal t\u00eb Zi me ftes\u00eb t\u00eb homologut Krivokapic, pas njohjes nga Mali i Zi, t\u00eb pavar\u00ebsis\u00eb s\u00eb Kosov\u00ebs. Me ftes\u00eb t\u00eb\",\"breadcrumb\":{\"@id\":\"https:\/\/www.visit-ulcinj.com\/blog\/2009\/01\/28\/kryetarja-e-kuvendit-te-shqiperise-jozefina-topallivizite-zyrtare-ne-mal-te-zi\/#breadcrumb\"},\"inLanguage\":\"en-US\",\"potentialAction\":[{\"@type\":\"ReadAction\",\"target\":[\"https:\/\/www.visit-ulcinj.com\/blog\/2009\/01\/28\/kryetarja-e-kuvendit-te-shqiperise-jozefina-topallivizite-zyrtare-ne-mal-te-zi\/\"]}]},{\"@type\":\"BreadcrumbList\",\"@id\":\"https:\/\/www.visit-ulcinj.com\/blog\/2009\/01\/28\/kryetarja-e-kuvendit-te-shqiperise-jozefina-topallivizite-zyrtare-ne-mal-te-zi\/#breadcrumb\",\"itemListElement\":[{\"@type\":\"ListItem\",\"position\":1,\"name\":\"Kryetarja e Kuvendit t\u00eb Shqip\u00ebris\u00eb Jozefina Topalli,n\u00eb vizit\u00eb zyrtare n\u00eb Mal t\u00eb Zi &#8211; Video\"}]},{\"@type\":\"Person\",\"@id\":\"https:\/\/www.visit-ulcinj.com\/blog\/#\/schema\/person\/dcab619c614d3038751c63bc2aadc06d\",\"name\":\"ulqini\",\"sameAs\":[\"http:\/\/www.visit-ulcinj.com\"],\"url\":\"https:\/\/www.visit-ulcinj.com\/blog\/author\/admin\/\"}]}<\/script>\n<!-- \/ Yoast SEO plugin. -->","yoast_head_json":{"title":"Kryetarja e Kuvendit t\u00eb Shqip\u00ebris\u00eb Jozefina Topalli,n\u00eb vizit\u00eb zyrtare n\u00eb Mal t\u00eb Zi - Video - Lajme nga Ulqini","description":"Kryetarja e Kuvendit, vizit\u00eb zyrtare n\u00eb Mal t\u00eb Zi me ftes\u00eb t\u00eb homologut Krivokapic, pas njohjes nga Mali i Zi, t\u00eb pavar\u00ebsis\u00eb s\u00eb Kosov\u00ebs. Me ftes\u00eb t\u00eb","robots":{"index":"index","follow":"follow","max-snippet":"max-snippet:-1","max-image-preview":"max-image-preview:large","max-video-preview":"max-video-preview:-1"},"canonical":"https:\/\/www.visit-ulcinj.com\/blog\/2009\/01\/28\/kryetarja-e-kuvendit-te-shqiperise-jozefina-topallivizite-zyrtare-ne-mal-te-zi\/","og_locale":"en_US","og_type":"article","og_title":"Kryetarja e Kuvendit t\u00eb Shqip\u00ebris\u00eb Jozefina Topalli,n\u00eb vizit\u00eb zyrtare n\u00eb Mal t\u00eb Zi - Video - Lajme nga Ulqini","og_description":"Kryetarja e Kuvendit, vizit\u00eb zyrtare n\u00eb Mal t\u00eb Zi me ftes\u00eb t\u00eb homologut Krivokapic, pas njohjes nga Mali i Zi, t\u00eb pavar\u00ebsis\u00eb s\u00eb Kosov\u00ebs. Me ftes\u00eb t\u00eb","og_url":"https:\/\/www.visit-ulcinj.com\/blog\/2009\/01\/28\/kryetarja-e-kuvendit-te-shqiperise-jozefina-topallivizite-zyrtare-ne-mal-te-zi\/","og_site_name":"Lajme nga Ulqini","article_published_time":"2009-01-28T16:40:56+00:00","article_modified_time":"2009-02-01T14:21:35+00:00","og_image":[{"url":"https:\/\/www.visit-ulcinj.com\/blog\/wp-content\/uploads\/2009\/01\/kryetari-i-parlamentit-te-malit-te-zi-ranko-krivokapic-kryetarja-e-kuvendit-te-shqiperise-jozefina-topalli1-150x150.jpg"}],"twitter_misc":{"Written by":"ulqini","Est. reading time":"3 minutes"},"schema":{"@context":"https:\/\/schema.org","@graph":[{"@type":"WebSite","@id":"https:\/\/www.visit-ulcinj.com\/blog\/#website","url":"https:\/\/www.visit-ulcinj.com\/blog\/","name":"Lajme nga Ulqini","description":"Lajme,Vijesti,Ulqini,Ulqin,Crna Gora,Mali i Zi","potentialAction":[{"@type":"SearchAction","target":{"@type":"EntryPoint","urlTemplate":"https:\/\/www.visit-ulcinj.com\/blog\/?s={search_term_string}"},"query-input":"required name=search_term_string"}],"inLanguage":"en-US"},{"@type":"ImageObject","inLanguage":"en-US","@id":"https:\/\/www.visit-ulcinj.com\/blog\/2009\/01\/28\/kryetarja-e-kuvendit-te-shqiperise-jozefina-topallivizite-zyrtare-ne-mal-te-zi\/#primaryimage","url":"https:\/\/www.visit-ulcinj.com\/blog\/wp-content\/uploads\/2009\/01\/kryetari-i-parlamentit-te-malit-te-zi-ranko-krivokapic-kryetarja-e-kuvendit-te-shqiperise-jozefina-topalli1.jpg","contentUrl":"https:\/\/www.visit-ulcinj.com\/blog\/wp-content\/uploads\/2009\/01\/kryetari-i-parlamentit-te-malit-te-zi-ranko-krivokapic-kryetarja-e-kuvendit-te-shqiperise-jozefina-topalli1.jpg","width":"640","height":"426"},{"@type":"WebPage","@id":"https:\/\/www.visit-ulcinj.com\/blog\/2009\/01\/28\/kryetarja-e-kuvendit-te-shqiperise-jozefina-topallivizite-zyrtare-ne-mal-te-zi\/#webpage","url":"https:\/\/www.visit-ulcinj.com\/blog\/2009\/01\/28\/kryetarja-e-kuvendit-te-shqiperise-jozefina-topallivizite-zyrtare-ne-mal-te-zi\/","name":"Kryetarja e Kuvendit t\u00eb Shqip\u00ebris\u00eb Jozefina Topalli,n\u00eb vizit\u00eb zyrtare n\u00eb Mal t\u00eb Zi - Video - Lajme nga Ulqini","isPartOf":{"@id":"https:\/\/www.visit-ulcinj.com\/blog\/#website"},"primaryImageOfPage":{"@id":"https:\/\/www.visit-ulcinj.com\/blog\/2009\/01\/28\/kryetarja-e-kuvendit-te-shqiperise-jozefina-topallivizite-zyrtare-ne-mal-te-zi\/#primaryimage"},"datePublished":"2009-01-28T16:40:56+00:00","dateModified":"2009-02-01T14:21:35+00:00","author":{"@id":"https:\/\/www.visit-ulcinj.com\/blog\/#\/schema\/person\/dcab619c614d3038751c63bc2aadc06d"},"description":"Kryetarja e Kuvendit, vizit\u00eb zyrtare n\u00eb Mal t\u00eb Zi me ftes\u00eb t\u00eb homologut Krivokapic, pas njohjes nga Mali i Zi, t\u00eb pavar\u00ebsis\u00eb s\u00eb Kosov\u00ebs. Me ftes\u00eb t\u00eb","breadcrumb":{"@id":"https:\/\/www.visit-ulcinj.com\/blog\/2009\/01\/28\/kryetarja-e-kuvendit-te-shqiperise-jozefina-topallivizite-zyrtare-ne-mal-te-zi\/#breadcrumb"},"inLanguage":"en-US","potentialAction":[{"@type":"ReadAction","target":["https:\/\/www.visit-ulcinj.com\/blog\/2009\/01\/28\/kryetarja-e-kuvendit-te-shqiperise-jozefina-topallivizite-zyrtare-ne-mal-te-zi\/"]}]},{"@type":"BreadcrumbList","@id":"https:\/\/www.visit-ulcinj.com\/blog\/2009\/01\/28\/kryetarja-e-kuvendit-te-shqiperise-jozefina-topallivizite-zyrtare-ne-mal-te-zi\/#breadcrumb","itemListElement":[{"@type":"ListItem","position":1,"name":"Kryetarja e Kuvendit t\u00eb Shqip\u00ebris\u00eb Jozefina Topalli,n\u00eb vizit\u00eb zyrtare n\u00eb Mal t\u00eb Zi &#8211; Video"}]},{"@type":"Person","@id":"https:\/\/www.visit-ulcinj.com\/blog\/#\/schema\/person\/dcab619c614d3038751c63bc2aadc06d","name":"ulqini","sameAs":["http:\/\/www.visit-ulcinj.com"],"url":"https:\/\/www.visit-ulcinj.com\/blog\/author\/admin\/"}]}},"jetpack_featured_media_url":"","jetpack_sharing_enabled":true,"jetpack_shortlink":"https:\/\/wp.me\/pe6lTn-2Av","_links":{"self":[{"href":"https:\/\/www.visit-ulcinj.com\/blog\/wp-json\/wp\/v2\/posts\/9951"}],"collection":[{"href":"https:\/\/www.visit-ulcinj.com\/blog\/wp-json\/wp\/v2\/posts"}],"about":[{"href":"https:\/\/www.visit-ulcinj.com\/blog\/wp-json\/wp\/v2\/types\/post"}],"author":[{"embeddable":true,"href":"https:\/\/www.visit-ulcinj.com\/blog\/wp-json\/wp\/v2\/users\/1"}],"replies":[{"embeddable":true,"href":"https:\/\/www.visit-ulcinj.com\/blog\/wp-json\/wp\/v2\/comments?post=9951"}],"version-history":[{"count":0,"href":"https:\/\/www.visit-ulcinj.com\/blog\/wp-json\/wp\/v2\/posts\/9951\/revisions"}],"wp:attachment":[{"href":"https:\/\/www.visit-ulcinj.com\/blog\/wp-json\/wp\/v2\/media?parent=9951"}],"wp:term":[{"taxonomy":"category","embeddable":true,"href":"https:\/\/www.visit-ulcinj.com\/blog\/wp-json\/wp\/v2\/categories?post=9951"},{"taxonomy":"post_tag","embeddable":true,"href":"https:\/\/www.visit-ulcinj.com\/blog\/wp-json\/wp\/v2\/tags?post=9951"}],"curies":[{"name":"wp","href":"https:\/\/api.w.org\/{rel}","templated":true}]}}