{"id":99515,"date":"2016-09-06T17:54:26","date_gmt":"2016-09-06T16:54:26","guid":{"rendered":"http:\/\/www.visit-ulcinj.com\/blog\/?p=99515"},"modified":"2016-09-07T15:10:09","modified_gmt":"2016-09-07T14:10:09","slug":"konkursi-plotesues-afati-dyte-per-kandidatet-te-cilet-duan-te-aplikojne-ne-universitetin-e-prishtines-hasan-prishtina","status":"publish","type":"post","link":"https:\/\/www.visit-ulcinj.com\/blog\/2016\/09\/06\/konkursi-plotesues-afati-dyte-per-kandidatet-te-cilet-duan-te-aplikojne-ne-universitetin-e-prishtines-hasan-prishtina\/","title":{"rendered":"Konkursi plot\u00ebsues (afati i dyt\u00eb) p\u00ebr kandidat\u00ebt t\u00eb cil\u00ebt duan t\u00eb aplikojn\u00eb n\u00eb Universitetin e Prishtin\u00ebs &#8220;Hasan Prishtina&#8221;"},"content":{"rendered":"<p><a href=\"http:\/\/www.visit-ulcinj.com\/blog\/wp-content\/uploads\/2016\/07\/Universiteti-i-Prishtin\u00ebs.jpg\"><img loading=\"lazy\" class=\"alignleft wp-image-98179\" src=\"http:\/\/www.visit-ulcinj.com\/blog\/wp-content\/uploads\/2016\/07\/Universiteti-i-Prishtin\u00ebs.jpg\" alt=\"Universiteti i Prishtin\u00ebs\" width=\"508\" height=\"267\" srcset=\"https:\/\/www.visit-ulcinj.com\/blog\/wp-content\/uploads\/2016\/07\/Universiteti-i-Prishtin\u00ebs.jpg 640w, https:\/\/www.visit-ulcinj.com\/blog\/wp-content\/uploads\/2016\/07\/Universiteti-i-Prishtin\u00ebs-300x158.jpg 300w\" sizes=\"(max-width: 508px) 100vw, 508px\" \/><\/a>Universiteti i Prishtin\u00ebs &#8220;Hasan Prishtina&#8221;, ka shpallur konkursin plot\u00ebsues (II) p\u00ebr pranimin e kandidat\u00ebve n\u00eb vitin e par\u00eb t\u00eb\u00a0 studimeve themelore bachelor, n\u00eb vitin akademik 2016\/2017.<\/p>\n<p>P\u00ebr t\u00eb gjith\u00eb t\u00eb interesuarit, paraqitja e dokumentacionit zgjat nga data 05.09. deri m\u00eb dat\u00ebn 15.09.2016<br \/>\nDokumentacioni i nevojsh\u00ebm p\u00ebr aplikim \u00ebsht\u00eb:<\/p>\n<p><strong>&#8211; Certifikata e lindjes (origjinale)<\/strong><\/p>\n<p><strong>&#8211; D\u00ebftesat e\u00a0 shkoll\u00ebs s\u00eb mesme (origjinale, ose t\u00eb noterizuara)<\/strong><\/p>\n<p><strong>&#8211; Diploma e kryerjes s\u00eb shkoll\u00ebs s\u00eb mesme (origjinale, ose t\u00eb noterizuar) <\/strong><\/p>\n<p><strong>&#8211; Kopja e let\u00ebrnjoftimit <\/strong><\/p>\n<p><strong>&#8211; Flet\u00ebparaqitja\u00a0 ( e cila shkarkohet gjat\u00eb aplikimit online nga faqja:\u00a0 http:\/\/apliko.uni-pr.edu ) <\/strong><\/p>\n<p><strong>&#8211; Pagesa prej 2.5 Euro (forma e pages\u00ebs shkarkohet nga ueb-faqja e Universitetit t\u00eb Prishtin\u00ebs, nd\u00ebrsa pagesa b\u00ebhet n\u00eb bank\u00eb) <\/strong><\/p>\n<p>&nbsp;<\/p>\n<p><strong>&#8211; Vendimin mbi njohjen e shkollimit jasht\u00eb vendit<\/strong><\/p>\n<p>&nbsp;<\/p>\n<p>Kandidat\u00ebt do t&#8217;i n\u00ebnshtrohen edhe provimit pranues, i cili do t\u00eb mbahet m\u00eb 16, 17 dhe 20 shtator 2016, pran\u00eb fakultetit p\u00ebrkat\u00ebs sipas orareve t\u00eb caktuar.<\/p>\n<p>P\u00ebr informacione m\u00eb t\u00eb holl\u00ebsishme rreth afatit t\u00eb aplikimit, provimit pranues, procedurave t\u00eb tjera dhe kuotave p\u00ebr kandidat\u00ebt nga Mali i Zi, mund t\u00eb m\u00ebsoni duke klikuar k\u00ebtu:<\/p>\n<h4><a href=\"http:\/\/www.uni-pr.edu\/getattachment\/Ballina\/2-17,-26-8-2016,-KONKURS-PLOTESUES-BACHELOR--AFATI-I-DYTE-(ll-te).pdf.aspx\">http:\/\/www.uni-pr.edu\/getattachment\/Ballina\/2-17,-26-8-2016,-KONKURS-PLOTESUES-BACHELOR&#8211;AFATI-I-DYTE-(ll-te).pdf.aspx<\/a><\/h4>\n<p><strong>K\u00cbSHILLI KOMB\u00cbTAR I SHQIPTAR\u00cbVE N\u00cb MAL T\u00cb ZI &#8211; ALBANIAN NATIONAL COUNCIL IN MONTENEGRO<br \/>\nMali i Zi<\/strong><strong> \u2013 Crna Gora \u2013 Montenegro, 85360 Ulqin-Ulcinj, bul. Gjergj Kastrioti Sk\u00ebnderbeu p.n., Tel\/Fax +382 30 411 302,<br \/>\nmob. +382 67 747 707,\u00a0 +382 69 333 663<br \/>\nWeb: www.knsh.me ,\u00a0 E-mail: knsh<\/strong><strong>@t-com.me<\/strong><\/p>\n","protected":false},"excerpt":{"rendered":"<p>Universiteti i Prishtin\u00ebs &#8220;Hasan Prishtina&#8221;, ka shpallur konkursin plot\u00ebsues (II) p\u00ebr pranimin e kandidat\u00ebve n\u00eb vitin e par\u00eb t\u00eb\u00a0 studimeve themelore bachelor, n\u00eb vitin akademik 2016\/2017. P\u00ebr t\u00eb gjith\u00eb t\u00eb interesuarit, paraqitja e dokumentacionit zgjat nga data 05.09. deri m\u00eb dat\u00ebn 15.09.2016 Dokumentacioni i nevojsh\u00ebm p\u00ebr aplikim \u00ebsht\u00eb: &#8211; Certifikata e lindjes (origjinale) &#8211; D\u00ebftesat [&hellip;]<\/p>\n","protected":false},"author":1,"featured_media":0,"comment_status":"closed","ping_status":"closed","sticky":false,"template":"","format":"standard","meta":{"spay_email":"","jetpack_publicize_message":"","jetpack_is_tweetstorm":false,"jetpack_publicize_feature_enabled":true},"categories":[4,1],"tags":[],"jetpack_publicize_connections":[],"yoast_head":"<!-- This site is optimized with the Yoast SEO plugin v19.1 - https:\/\/yoast.com\/wordpress\/plugins\/seo\/ -->\n<title>Konkursi plot\u00ebsues (afati i dyt\u00eb) p\u00ebr kandidat\u00ebt t\u00eb cil\u00ebt duan t\u00eb aplikojn\u00eb n\u00eb Universitetin e Prishtin\u00ebs &quot;Hasan Prishtina&quot; - Lajme nga Ulqini<\/title>\n<meta name=\"description\" content=\"Universiteti i Prishtin\u00ebs &quot;Hasan Prishtina&quot;, ka shpallur konkursin plot\u00ebsues (II) p\u00ebr pranimin e kandidat\u00ebve n\u00eb vitin e par\u00eb t\u00eb\u00a0 studimeve themelore\" \/>\n<meta name=\"robots\" content=\"index, follow, max-snippet:-1, max-image-preview:large, max-video-preview:-1\" \/>\n<link rel=\"canonical\" href=\"https:\/\/www.visit-ulcinj.com\/blog\/2016\/09\/06\/konkursi-plotesues-afati-dyte-per-kandidatet-te-cilet-duan-te-aplikojne-ne-universitetin-e-prishtines-hasan-prishtina\/\" \/>\n<meta property=\"og:locale\" content=\"en_US\" \/>\n<meta property=\"og:type\" content=\"article\" \/>\n<meta property=\"og:title\" content=\"Konkursi plot\u00ebsues (afati i dyt\u00eb) p\u00ebr kandidat\u00ebt t\u00eb cil\u00ebt duan t\u00eb aplikojn\u00eb n\u00eb Universitetin e Prishtin\u00ebs &quot;Hasan Prishtina&quot; - Lajme nga Ulqini\" \/>\n<meta property=\"og:description\" content=\"Universiteti i Prishtin\u00ebs &quot;Hasan Prishtina&quot;, ka shpallur konkursin plot\u00ebsues (II) p\u00ebr pranimin e kandidat\u00ebve n\u00eb vitin e par\u00eb t\u00eb\u00a0 studimeve themelore\" \/>\n<meta property=\"og:url\" content=\"https:\/\/www.visit-ulcinj.com\/blog\/2016\/09\/06\/konkursi-plotesues-afati-dyte-per-kandidatet-te-cilet-duan-te-aplikojne-ne-universitetin-e-prishtines-hasan-prishtina\/\" \/>\n<meta property=\"og:site_name\" content=\"Lajme nga Ulqini\" \/>\n<meta property=\"article:published_time\" content=\"2016-09-06T16:54:26+00:00\" \/>\n<meta property=\"article:modified_time\" content=\"2016-09-07T14:10:09+00:00\" \/>\n<meta name=\"twitter:label1\" content=\"Written by\" \/>\n\t<meta name=\"twitter:data1\" content=\"ulqini\" \/>\n\t<meta name=\"twitter:label2\" content=\"Est. reading time\" \/>\n\t<meta name=\"twitter:data2\" content=\"1 minute\" \/>\n<script type=\"application\/ld+json\" class=\"yoast-schema-graph\">{\"@context\":\"https:\/\/schema.org\",\"@graph\":[{\"@type\":\"WebSite\",\"@id\":\"https:\/\/www.visit-ulcinj.com\/blog\/#website\",\"url\":\"https:\/\/www.visit-ulcinj.com\/blog\/\",\"name\":\"Lajme nga Ulqini\",\"description\":\"Lajme,Vijesti,Ulqini,Ulqin,Crna Gora,Mali i Zi\",\"potentialAction\":[{\"@type\":\"SearchAction\",\"target\":{\"@type\":\"EntryPoint\",\"urlTemplate\":\"https:\/\/www.visit-ulcinj.com\/blog\/?s={search_term_string}\"},\"query-input\":\"required name=search_term_string\"}],\"inLanguage\":\"en-US\"},{\"@type\":\"WebPage\",\"@id\":\"https:\/\/www.visit-ulcinj.com\/blog\/2016\/09\/06\/konkursi-plotesues-afati-dyte-per-kandidatet-te-cilet-duan-te-aplikojne-ne-universitetin-e-prishtines-hasan-prishtina\/#webpage\",\"url\":\"https:\/\/www.visit-ulcinj.com\/blog\/2016\/09\/06\/konkursi-plotesues-afati-dyte-per-kandidatet-te-cilet-duan-te-aplikojne-ne-universitetin-e-prishtines-hasan-prishtina\/\",\"name\":\"Konkursi plot\u00ebsues (afati i dyt\u00eb) p\u00ebr kandidat\u00ebt t\u00eb cil\u00ebt duan t\u00eb aplikojn\u00eb n\u00eb Universitetin e Prishtin\u00ebs \\\"Hasan Prishtina\\\" - Lajme nga Ulqini\",\"isPartOf\":{\"@id\":\"https:\/\/www.visit-ulcinj.com\/blog\/#website\"},\"datePublished\":\"2016-09-06T16:54:26+00:00\",\"dateModified\":\"2016-09-07T14:10:09+00:00\",\"author\":{\"@id\":\"https:\/\/www.visit-ulcinj.com\/blog\/#\/schema\/person\/dcab619c614d3038751c63bc2aadc06d\"},\"description\":\"Universiteti i Prishtin\u00ebs \\\"Hasan Prishtina\\\", ka shpallur konkursin plot\u00ebsues (II) p\u00ebr pranimin e kandidat\u00ebve n\u00eb vitin e par\u00eb t\u00eb\u00a0 studimeve themelore\",\"breadcrumb\":{\"@id\":\"https:\/\/www.visit-ulcinj.com\/blog\/2016\/09\/06\/konkursi-plotesues-afati-dyte-per-kandidatet-te-cilet-duan-te-aplikojne-ne-universitetin-e-prishtines-hasan-prishtina\/#breadcrumb\"},\"inLanguage\":\"en-US\",\"potentialAction\":[{\"@type\":\"ReadAction\",\"target\":[\"https:\/\/www.visit-ulcinj.com\/blog\/2016\/09\/06\/konkursi-plotesues-afati-dyte-per-kandidatet-te-cilet-duan-te-aplikojne-ne-universitetin-e-prishtines-hasan-prishtina\/\"]}]},{\"@type\":\"BreadcrumbList\",\"@id\":\"https:\/\/www.visit-ulcinj.com\/blog\/2016\/09\/06\/konkursi-plotesues-afati-dyte-per-kandidatet-te-cilet-duan-te-aplikojne-ne-universitetin-e-prishtines-hasan-prishtina\/#breadcrumb\",\"itemListElement\":[{\"@type\":\"ListItem\",\"position\":1,\"name\":\"Konkursi plot\u00ebsues (afati i dyt\u00eb) p\u00ebr kandidat\u00ebt t\u00eb cil\u00ebt duan t\u00eb aplikojn\u00eb n\u00eb Universitetin e Prishtin\u00ebs &#8220;Hasan Prishtina&#8221;\"}]},{\"@type\":\"Person\",\"@id\":\"https:\/\/www.visit-ulcinj.com\/blog\/#\/schema\/person\/dcab619c614d3038751c63bc2aadc06d\",\"name\":\"ulqini\",\"sameAs\":[\"http:\/\/www.visit-ulcinj.com\"],\"url\":\"https:\/\/www.visit-ulcinj.com\/blog\/author\/admin\/\"}]}<\/script>\n<!-- \/ Yoast SEO plugin. -->","yoast_head_json":{"title":"Konkursi plot\u00ebsues (afati i dyt\u00eb) p\u00ebr kandidat\u00ebt t\u00eb cil\u00ebt duan t\u00eb aplikojn\u00eb n\u00eb Universitetin e Prishtin\u00ebs \"Hasan Prishtina\" - Lajme nga Ulqini","description":"Universiteti i Prishtin\u00ebs \"Hasan Prishtina\", ka shpallur konkursin plot\u00ebsues (II) p\u00ebr pranimin e kandidat\u00ebve n\u00eb vitin e par\u00eb t\u00eb\u00a0 studimeve themelore","robots":{"index":"index","follow":"follow","max-snippet":"max-snippet:-1","max-image-preview":"max-image-preview:large","max-video-preview":"max-video-preview:-1"},"canonical":"https:\/\/www.visit-ulcinj.com\/blog\/2016\/09\/06\/konkursi-plotesues-afati-dyte-per-kandidatet-te-cilet-duan-te-aplikojne-ne-universitetin-e-prishtines-hasan-prishtina\/","og_locale":"en_US","og_type":"article","og_title":"Konkursi plot\u00ebsues (afati i dyt\u00eb) p\u00ebr kandidat\u00ebt t\u00eb cil\u00ebt duan t\u00eb aplikojn\u00eb n\u00eb Universitetin e Prishtin\u00ebs \"Hasan Prishtina\" - Lajme nga Ulqini","og_description":"Universiteti i Prishtin\u00ebs \"Hasan Prishtina\", ka shpallur konkursin plot\u00ebsues (II) p\u00ebr pranimin e kandidat\u00ebve n\u00eb vitin e par\u00eb t\u00eb\u00a0 studimeve themelore","og_url":"https:\/\/www.visit-ulcinj.com\/blog\/2016\/09\/06\/konkursi-plotesues-afati-dyte-per-kandidatet-te-cilet-duan-te-aplikojne-ne-universitetin-e-prishtines-hasan-prishtina\/","og_site_name":"Lajme nga Ulqini","article_published_time":"2016-09-06T16:54:26+00:00","article_modified_time":"2016-09-07T14:10:09+00:00","twitter_misc":{"Written by":"ulqini","Est. reading time":"1 minute"},"schema":{"@context":"https:\/\/schema.org","@graph":[{"@type":"WebSite","@id":"https:\/\/www.visit-ulcinj.com\/blog\/#website","url":"https:\/\/www.visit-ulcinj.com\/blog\/","name":"Lajme nga Ulqini","description":"Lajme,Vijesti,Ulqini,Ulqin,Crna Gora,Mali i Zi","potentialAction":[{"@type":"SearchAction","target":{"@type":"EntryPoint","urlTemplate":"https:\/\/www.visit-ulcinj.com\/blog\/?s={search_term_string}"},"query-input":"required name=search_term_string"}],"inLanguage":"en-US"},{"@type":"WebPage","@id":"https:\/\/www.visit-ulcinj.com\/blog\/2016\/09\/06\/konkursi-plotesues-afati-dyte-per-kandidatet-te-cilet-duan-te-aplikojne-ne-universitetin-e-prishtines-hasan-prishtina\/#webpage","url":"https:\/\/www.visit-ulcinj.com\/blog\/2016\/09\/06\/konkursi-plotesues-afati-dyte-per-kandidatet-te-cilet-duan-te-aplikojne-ne-universitetin-e-prishtines-hasan-prishtina\/","name":"Konkursi plot\u00ebsues (afati i dyt\u00eb) p\u00ebr kandidat\u00ebt t\u00eb cil\u00ebt duan t\u00eb aplikojn\u00eb n\u00eb Universitetin e Prishtin\u00ebs \"Hasan Prishtina\" - Lajme nga Ulqini","isPartOf":{"@id":"https:\/\/www.visit-ulcinj.com\/blog\/#website"},"datePublished":"2016-09-06T16:54:26+00:00","dateModified":"2016-09-07T14:10:09+00:00","author":{"@id":"https:\/\/www.visit-ulcinj.com\/blog\/#\/schema\/person\/dcab619c614d3038751c63bc2aadc06d"},"description":"Universiteti i Prishtin\u00ebs \"Hasan Prishtina\", ka shpallur konkursin plot\u00ebsues (II) p\u00ebr pranimin e kandidat\u00ebve n\u00eb vitin e par\u00eb t\u00eb\u00a0 studimeve themelore","breadcrumb":{"@id":"https:\/\/www.visit-ulcinj.com\/blog\/2016\/09\/06\/konkursi-plotesues-afati-dyte-per-kandidatet-te-cilet-duan-te-aplikojne-ne-universitetin-e-prishtines-hasan-prishtina\/#breadcrumb"},"inLanguage":"en-US","potentialAction":[{"@type":"ReadAction","target":["https:\/\/www.visit-ulcinj.com\/blog\/2016\/09\/06\/konkursi-plotesues-afati-dyte-per-kandidatet-te-cilet-duan-te-aplikojne-ne-universitetin-e-prishtines-hasan-prishtina\/"]}]},{"@type":"BreadcrumbList","@id":"https:\/\/www.visit-ulcinj.com\/blog\/2016\/09\/06\/konkursi-plotesues-afati-dyte-per-kandidatet-te-cilet-duan-te-aplikojne-ne-universitetin-e-prishtines-hasan-prishtina\/#breadcrumb","itemListElement":[{"@type":"ListItem","position":1,"name":"Konkursi plot\u00ebsues (afati i dyt\u00eb) p\u00ebr kandidat\u00ebt t\u00eb cil\u00ebt duan t\u00eb aplikojn\u00eb n\u00eb Universitetin e Prishtin\u00ebs &#8220;Hasan Prishtina&#8221;"}]},{"@type":"Person","@id":"https:\/\/www.visit-ulcinj.com\/blog\/#\/schema\/person\/dcab619c614d3038751c63bc2aadc06d","name":"ulqini","sameAs":["http:\/\/www.visit-ulcinj.com"],"url":"https:\/\/www.visit-ulcinj.com\/blog\/author\/admin\/"}]}},"jetpack_featured_media_url":"","jetpack_sharing_enabled":true,"jetpack_shortlink":"https:\/\/wp.me\/pe6lTn-pT5","_links":{"self":[{"href":"https:\/\/www.visit-ulcinj.com\/blog\/wp-json\/wp\/v2\/posts\/99515"}],"collection":[{"href":"https:\/\/www.visit-ulcinj.com\/blog\/wp-json\/wp\/v2\/posts"}],"about":[{"href":"https:\/\/www.visit-ulcinj.com\/blog\/wp-json\/wp\/v2\/types\/post"}],"author":[{"embeddable":true,"href":"https:\/\/www.visit-ulcinj.com\/blog\/wp-json\/wp\/v2\/users\/1"}],"replies":[{"embeddable":true,"href":"https:\/\/www.visit-ulcinj.com\/blog\/wp-json\/wp\/v2\/comments?post=99515"}],"version-history":[{"count":3,"href":"https:\/\/www.visit-ulcinj.com\/blog\/wp-json\/wp\/v2\/posts\/99515\/revisions"}],"predecessor-version":[{"id":99518,"href":"https:\/\/www.visit-ulcinj.com\/blog\/wp-json\/wp\/v2\/posts\/99515\/revisions\/99518"}],"wp:attachment":[{"href":"https:\/\/www.visit-ulcinj.com\/blog\/wp-json\/wp\/v2\/media?parent=99515"}],"wp:term":[{"taxonomy":"category","embeddable":true,"href":"https:\/\/www.visit-ulcinj.com\/blog\/wp-json\/wp\/v2\/categories?post=99515"},{"taxonomy":"post_tag","embeddable":true,"href":"https:\/\/www.visit-ulcinj.com\/blog\/wp-json\/wp\/v2\/tags?post=99515"}],"curies":[{"name":"wp","href":"https:\/\/api.w.org\/{rel}","templated":true}]}}