{"id":99519,"date":"2016-09-06T21:32:18","date_gmt":"2016-09-06T20:32:18","guid":{"rendered":"http:\/\/www.visit-ulcinj.com\/blog\/?p=99519"},"modified":"2016-09-07T18:38:20","modified_gmt":"2016-09-07T17:38:20","slug":"nika-sot-hipi-ne-koke-te-behem-shpijun-dhe-duhet-te-behem-duke-pritur-kiametin","status":"publish","type":"post","link":"https:\/\/www.visit-ulcinj.com\/blog\/2016\/09\/06\/nika-sot-hipi-ne-koke-te-behem-shpijun-dhe-duhet-te-behem-duke-pritur-kiametin\/","title":{"rendered":"Nika: Sot m\u00eb hipi n\u00eb kok\u00eb t\u00eb b\u00ebhem shpijun&#8230;?! Dhe m\u00eb duhet  t\u00eb  b\u00ebhem &#8211;\tduke pritur kiametin &#8230;.?!!"},"content":{"rendered":"<p><strong><em><a href=\"http:\/\/www.visit-ulcinj.com\/blog\/wp-content\/uploads\/2014\/11\/Muhamet-Nika.jpg\"><img loading=\"lazy\" class=\"alignleft wp-image-86143 size-full\" src=\"http:\/\/www.visit-ulcinj.com\/blog\/wp-content\/uploads\/2014\/11\/Muhamet-Nika.jpg\" alt=\"Muhamet Nika\" width=\"256\" height=\"319\" srcset=\"https:\/\/www.visit-ulcinj.com\/blog\/wp-content\/uploads\/2014\/11\/Muhamet-Nika.jpg 256w, https:\/\/www.visit-ulcinj.com\/blog\/wp-content\/uploads\/2014\/11\/Muhamet-Nika-240x300.jpg 240w\" sizes=\"(max-width: 256px) 100vw, 256px\" \/><\/a>Shkruan Muhamet Nika<\/em><\/strong><\/p>\n<p><strong><em>A e dini se kuvendi votoi nj\u00eb vendim p\u00ebr ulje t\u00eb rrogave t\u00eb te pun\u00ebsuarve dhe t\u00eb rris\u00eb rrogat e kryetar\u00ebve dhe n\u00ebnkryetar\u00ebve. P\u00ebr shembull , sipas k\u00ebtij vendimi, i bie , q\u00eb kuvendi t\u00eb ndaj\u00eb rroga\u00a0 p\u00ebr 5 n\u00ebnkryetar\u00eb- nga 1700 e , kurse nj\u00eb n\u00ebnkryetar\u00a0 , merr rrogat e 5 pastruesve ?!! E me statut \u2013kuvendi , mund t\u00eb ket\u00eb 2 n\u00ebnkryetar\u00eb\u00a0 e jo as 4 e as 5 &#8230;?!!!<\/em><\/strong><\/p>\n<p><strong><em>&#8211; Hajde dhe shih se \u00e7far\u00eb stabilizimi \u00a0ekonomik\u00a0 t\u00eb financave \u00a0b\u00ebri\u00a0 DPS-i, Osmanoviqi me Cungun, si\u00e7 shprehen p\u00ebr opinion?!!<\/em><\/strong><\/p>\n<p><strong><em>\u00a0<\/em><\/strong>Ka shum\u00eb q\u00eb mendojn\u00eb , se\u00a0\u00a0 kiameti- kataklizmi nuk do ndodh\u00eb dhe se ai mund t\u00eb ngjaj\u00eb\u00a0 vet\u00ebm si kuptim figurativ i t\u00eb keqes nga \u00a0pushteti. Mir\u00ebpo nga ana tjet\u00ebr,\u00a0 shohim se \u00a0, kjo \u00e7\u00ebshtje ishte provokuese\u00a0 gjat\u00eb gjith\u00eb\u00a0 historis\u00eb s\u00eb pushteteve dhe feve. Andaj\u00a0 transmetohet se \u00a0\u00a0p\u00ebr \u00a0k\u00ebt\u00eb gj\u00eb edhe\u00a0 e \u00a0pyet\u00ebn \u00a0nj\u00ebher\u00eb profetin , se kur\u00eb do b\u00ebhet kiameti?!<\/p>\n<p>Kurse \u00a0ai tha: Priteni at\u00eb, kur pun\u00ebve\u00a0 t\u00eb r\u00ebnd\u00ebsishme dhe me p\u00ebrgjegj\u00ebsi- t\u00eb pushtetit , Tu\u00a0 dalin zot, injorant\u00ebt , t\u00eb pa diturit dhe t\u00eb pamoralshmit- rrencat ?!!<\/p>\n<p>Po \u00a0ku do jen\u00eb\u00a0 at\u00ebher\u00eb t\u00eb dijshmit dhe t\u00eb ndershmit?!\u00a0 Mbase atyre , q\u00eb do e arrijn\u00eb k\u00ebt\u00eb koh\u00eb do t\u2019iu ket\u00eb mbyll\u00eb goj\u00ebn shejtani lanet- hahahaha&#8230;.?!<\/p>\n<p>Kur profeti\u00a0 i thoshte\u00a0 k\u00ebto profeci &#8211; duket , se fjal\u00ebn \u00a0sikur e kish\u00a0 edhe\u00a0 p\u00ebr \u00a0pushtetin e Ulqin t\u00eb \u00a0sodit.<\/p>\n<p>Mir\u00ebpo edhe kjo do ishte gjys\u00eb\u00a0 qameti, sikur \u00a0k\u00ebto me diploma t\u00eb rangut t\u00eb ul\u00ebt, \u00a0t\u00eb paguheshin \u2013\u00a0 vet\u00ebm n\u00eb baz\u00eb t\u00eb diplom\u00ebs, e jo \u00a0tu jep \u00a0Cungu- me Loron( me nj\u00eb vendim kuvendi t\u00eb manipuluar apo\u00a0 t\u00eb kusht\u00ebzuar), \u00a0edhe nja 1000 euro m\u00eb shum\u00eb , n\u00eb krahasim me at\u00eb\u00a0 q\u00eb kreu fakultet\u00a0 dhe me \u00a020vjet\u00eb p\u00ebrvoj\u00eb pune n\u00eb administrat\u00eb dhe provim shtet\u00ebror t\u00eb dh\u00ebn\u00eb..?!!<\/p>\n<p>Ose \u00a0i bie t\u00eb jet\u00eb qamet\u00a0 e shkuar qameti , \u00a0kur nj\u00eb me shkoll\u00eb t\u00eb mesme (si n\u00ebnkryetar&#8230;, pa asnj\u00eb dit\u00eb pune n\u00eb komun\u00eb) \u2013merr edhe \u00a0nja 1000 euro , m\u00eb shum\u00eb se ai me fakultet. Andaj \u2013mos u mundoni t\u00eb m\u00eb bindni \u00a0m\u00eb-\u00a0 Un\u00eb i t\u00ebri dhe i b\u00ebri- do b\u00ebhem spiun\u00eb- <strong><em><u>shpijun<\/u><\/em><\/strong> e do shkoj drejt\u00eb e n\u00eb prokurori&#8230;.?! \u00a0\u00a0N\u00eb kuptimin do t\u2019i ankohem prokuroris\u00eb dhe\u00a0 jo m\u00eb ministris\u00eb (inspektorave) .\u00a0 Mbase nuk \u00a0dua t\u00eb \u00e7oj dor\u00eb\u00a0 nga spiunimi edhe p\u00ebr arsye q\u00eb na vjen, se : Kush flet t\u00eb v\u00ebrtet\u00ebn\u00a0 i lahen\u00a0 gjynahet &#8230;.?!!<\/p>\n<p>Te ky vendim erdha dhe fillova t\u00eb mendoj \u00a0edhe , kur pash se kush nga pushteti e priti dhe e takoi \u00a0\u201c n\u00eb em\u00ebr t\u00eb popullit\u201d \u00a0E T\u00cb ZGJEDHURIT- edhe vet\u00eb kryeministrin i cili q\u00ebndroi n\u00eb Ulqin dhe nuk u vinte turp q\u00eb ishin em\u00ebruar \u2013zgjedhur n\u00eb m\u00ebnyr\u00eb t\u00eb pa ligjshme dhe k\u00ebrkojn\u00eb t\u00eb \u00a0b\u00ebjn\u00eb rrush e kumbulla parat\u00eb e kas\u00ebs n\u00eb kryerjen e pun\u00ebve me p\u00ebrgjegj\u00ebsi &#8211; \u00a0pa p\u00ebrgjegj\u00ebsi, \u00a0para popullit.<\/p>\n<p>THJESHT\u00cb \u00a0P\u00cbR FUND DUA T\u00cb PYES EDHE DI\u00c7- MBI CIL\u00cbN BAZ\u00cb U B\u00cb LLOGARITJA E KOFICIENTIT P\u00cbR SEKRETAR\u00cbT&#8230;?!!<\/p>\n<p>A\u00a0 KAN\u00cb\u00a0 P\u00cbRGJEGJ\u00cbSI ATA Q\u00cb UL\u00cbN RROG\u00cbN- M\u00cb HER\u00cbT&#8230;.,\u00a0 N\u00cb M\u00cbNYR\u00cb T\u00cb PA LIGJSHME\u00a0 P\u00cbR 10 % &#8211; PSE T\u00cb MOS I PADIS \u00a0EDHE K\u00cbTA- KUR U NGREHEN SI AI SENI&#8230;, P\u00cbR TA ULUR N\u00cb PROPOZIM T\u00cb CUNGUT RROGAT- PA LIGJ?!<\/p>\n<p>DHE TASH- K\u00cbTA Q\u00cb I UL\u00cbN RROGAT(T\u00cb KOMISIONIT T\u00cb ULJES) , SI KAN\u00cb FYTYR\u00cb T\u00cb PRANOJN\u00cb\u00a0 T\u00cb MARRIN VET\u00cb \u00a0NDRYSHIMIN P\u00cbR RROG\u00cbN E ZBRITUR N\u00cb M\u00cbNYR\u00cb T\u00cb PA LIGJSHME<\/p>\n<p>&#8211; PO A DO T\u00cb PRANOJ\u00cb TA MARR\u00cb\u00a0 EDHE\u00a0 VET\u00cb CUNGU( Q\u00cb E ULI DHE PREP\u00a0 E \u00c7OJ&#8230;)?!! KUSH E PAGUAN\u00a0 D\u00cbMIN Q\u00cb I \u00cbSHT\u00cb KRIJUAR KOMUN\u00cbS P\u00cbR KAMATEN DITORE\u00a0 DUKE EVITUAR\u00a0 ZBATIMIN E VENDIMIT T\u00cb GJYQIT- PRANDAJ UN\u00cb DO B\u00cbHEM SPIJUN\u00cb N\u00cb K\u00cbT\u00cb PUN\u00cb&#8230;?!!<\/p>\n<p>&nbsp;<\/p>\n<p><strong>Pik\u00ebpamjet e shprehura n\u00eb faqen \u201cOPINIONE\u201d nuk p\u00ebrfaq\u00ebsojn\u00eb domosdoshm\u00ebrisht politik\u00ebn redaksionale t\u00eb \u201eLajmeve nga Ulqini\u201e<\/strong><\/p>\n","protected":false},"excerpt":{"rendered":"<p>Shkruan Muhamet Nika A e dini se kuvendi votoi nj\u00eb vendim p\u00ebr ulje t\u00eb rrogave t\u00eb te pun\u00ebsuarve dhe t\u00eb rris\u00eb rrogat e kryetar\u00ebve dhe n\u00ebnkryetar\u00ebve. P\u00ebr shembull , sipas k\u00ebtij vendimi, i bie , q\u00eb kuvendi t\u00eb ndaj\u00eb rroga\u00a0 p\u00ebr 5 n\u00ebnkryetar\u00eb- nga 1700 e , kurse nj\u00eb n\u00ebnkryetar\u00a0 , merr rrogat e 5 [&hellip;]<\/p>\n","protected":false},"author":1,"featured_media":0,"comment_status":"closed","ping_status":"closed","sticky":false,"template":"","format":"standard","meta":{"spay_email":"","jetpack_publicize_message":"","jetpack_is_tweetstorm":false,"jetpack_publicize_feature_enabled":true},"categories":[14249],"tags":[],"jetpack_publicize_connections":[],"yoast_head":"<!-- This site is optimized with the Yoast SEO plugin v19.1 - https:\/\/yoast.com\/wordpress\/plugins\/seo\/ -->\n<title>Nika: Sot m\u00eb hipi n\u00eb kok\u00eb t\u00eb b\u00ebhem shpijun...?! Dhe m\u00eb duhet t\u00eb b\u00ebhem - duke pritur kiametin ....?!! - Lajme nga Ulqini<\/title>\n<meta name=\"description\" content=\"Shkruan Muhamet Nika A e dini se kuvendi votoi nj\u00eb vendim p\u00ebr ulje t\u00eb rrogave t\u00eb te pun\u00ebsuarve dhe t\u00eb rris\u00eb rrogat e kryetar\u00ebve dhe n\u00ebnkryetar\u00ebve. P\u00ebr\" \/>\n<meta name=\"robots\" content=\"index, follow, max-snippet:-1, max-image-preview:large, max-video-preview:-1\" \/>\n<link rel=\"canonical\" href=\"https:\/\/www.visit-ulcinj.com\/blog\/2016\/09\/06\/nika-sot-hipi-ne-koke-te-behem-shpijun-dhe-duhet-te-behem-duke-pritur-kiametin\/\" \/>\n<meta property=\"og:locale\" content=\"en_US\" \/>\n<meta property=\"og:type\" content=\"article\" \/>\n<meta property=\"og:title\" content=\"Nika: Sot m\u00eb hipi n\u00eb kok\u00eb t\u00eb b\u00ebhem shpijun...?! Dhe m\u00eb duhet t\u00eb b\u00ebhem - duke pritur kiametin ....?!! - Lajme nga Ulqini\" \/>\n<meta property=\"og:description\" content=\"Shkruan Muhamet Nika A e dini se kuvendi votoi nj\u00eb vendim p\u00ebr ulje t\u00eb rrogave t\u00eb te pun\u00ebsuarve dhe t\u00eb rris\u00eb rrogat e kryetar\u00ebve dhe n\u00ebnkryetar\u00ebve. P\u00ebr\" \/>\n<meta property=\"og:url\" content=\"https:\/\/www.visit-ulcinj.com\/blog\/2016\/09\/06\/nika-sot-hipi-ne-koke-te-behem-shpijun-dhe-duhet-te-behem-duke-pritur-kiametin\/\" \/>\n<meta property=\"og:site_name\" content=\"Lajme nga Ulqini\" \/>\n<meta property=\"article:published_time\" content=\"2016-09-06T20:32:18+00:00\" \/>\n<meta property=\"article:modified_time\" content=\"2016-09-07T17:38:20+00:00\" \/>\n<meta property=\"og:image\" content=\"http:\/\/www.visit-ulcinj.com\/blog\/wp-content\/uploads\/2014\/11\/Muhamet-Nika.jpg\" \/>\n<meta name=\"twitter:label1\" content=\"Written by\" \/>\n\t<meta name=\"twitter:data1\" content=\"ulqini\" \/>\n\t<meta name=\"twitter:label2\" content=\"Est. reading time\" \/>\n\t<meta name=\"twitter:data2\" content=\"3 minutes\" \/>\n<script type=\"application\/ld+json\" class=\"yoast-schema-graph\">{\"@context\":\"https:\/\/schema.org\",\"@graph\":[{\"@type\":\"WebSite\",\"@id\":\"https:\/\/www.visit-ulcinj.com\/blog\/#website\",\"url\":\"https:\/\/www.visit-ulcinj.com\/blog\/\",\"name\":\"Lajme nga Ulqini\",\"description\":\"Lajme,Vijesti,Ulqini,Ulqin,Crna Gora,Mali i Zi\",\"potentialAction\":[{\"@type\":\"SearchAction\",\"target\":{\"@type\":\"EntryPoint\",\"urlTemplate\":\"https:\/\/www.visit-ulcinj.com\/blog\/?s={search_term_string}\"},\"query-input\":\"required name=search_term_string\"}],\"inLanguage\":\"en-US\"},{\"@type\":\"ImageObject\",\"inLanguage\":\"en-US\",\"@id\":\"https:\/\/www.visit-ulcinj.com\/blog\/2016\/09\/06\/nika-sot-hipi-ne-koke-te-behem-shpijun-dhe-duhet-te-behem-duke-pritur-kiametin\/#primaryimage\",\"url\":\"https:\/\/www.visit-ulcinj.com\/blog\/wp-content\/uploads\/2014\/11\/Muhamet-Nika.jpg\",\"contentUrl\":\"https:\/\/www.visit-ulcinj.com\/blog\/wp-content\/uploads\/2014\/11\/Muhamet-Nika.jpg\",\"width\":256,\"height\":319},{\"@type\":\"WebPage\",\"@id\":\"https:\/\/www.visit-ulcinj.com\/blog\/2016\/09\/06\/nika-sot-hipi-ne-koke-te-behem-shpijun-dhe-duhet-te-behem-duke-pritur-kiametin\/#webpage\",\"url\":\"https:\/\/www.visit-ulcinj.com\/blog\/2016\/09\/06\/nika-sot-hipi-ne-koke-te-behem-shpijun-dhe-duhet-te-behem-duke-pritur-kiametin\/\",\"name\":\"Nika: Sot m\u00eb hipi n\u00eb kok\u00eb t\u00eb b\u00ebhem shpijun...?! Dhe m\u00eb duhet t\u00eb b\u00ebhem - duke pritur kiametin ....?!! - Lajme nga Ulqini\",\"isPartOf\":{\"@id\":\"https:\/\/www.visit-ulcinj.com\/blog\/#website\"},\"primaryImageOfPage\":{\"@id\":\"https:\/\/www.visit-ulcinj.com\/blog\/2016\/09\/06\/nika-sot-hipi-ne-koke-te-behem-shpijun-dhe-duhet-te-behem-duke-pritur-kiametin\/#primaryimage\"},\"datePublished\":\"2016-09-06T20:32:18+00:00\",\"dateModified\":\"2016-09-07T17:38:20+00:00\",\"author\":{\"@id\":\"https:\/\/www.visit-ulcinj.com\/blog\/#\/schema\/person\/dcab619c614d3038751c63bc2aadc06d\"},\"description\":\"Shkruan Muhamet Nika A e dini se kuvendi votoi nj\u00eb vendim p\u00ebr ulje t\u00eb rrogave t\u00eb te pun\u00ebsuarve dhe t\u00eb rris\u00eb rrogat e kryetar\u00ebve dhe n\u00ebnkryetar\u00ebve. P\u00ebr\",\"breadcrumb\":{\"@id\":\"https:\/\/www.visit-ulcinj.com\/blog\/2016\/09\/06\/nika-sot-hipi-ne-koke-te-behem-shpijun-dhe-duhet-te-behem-duke-pritur-kiametin\/#breadcrumb\"},\"inLanguage\":\"en-US\",\"potentialAction\":[{\"@type\":\"ReadAction\",\"target\":[\"https:\/\/www.visit-ulcinj.com\/blog\/2016\/09\/06\/nika-sot-hipi-ne-koke-te-behem-shpijun-dhe-duhet-te-behem-duke-pritur-kiametin\/\"]}]},{\"@type\":\"BreadcrumbList\",\"@id\":\"https:\/\/www.visit-ulcinj.com\/blog\/2016\/09\/06\/nika-sot-hipi-ne-koke-te-behem-shpijun-dhe-duhet-te-behem-duke-pritur-kiametin\/#breadcrumb\",\"itemListElement\":[{\"@type\":\"ListItem\",\"position\":1,\"name\":\"Nika: Sot m\u00eb hipi n\u00eb kok\u00eb t\u00eb b\u00ebhem shpijun&#8230;?! Dhe m\u00eb duhet t\u00eb b\u00ebhem &#8211; duke pritur kiametin &#8230;.?!!\"}]},{\"@type\":\"Person\",\"@id\":\"https:\/\/www.visit-ulcinj.com\/blog\/#\/schema\/person\/dcab619c614d3038751c63bc2aadc06d\",\"name\":\"ulqini\",\"sameAs\":[\"http:\/\/www.visit-ulcinj.com\"],\"url\":\"https:\/\/www.visit-ulcinj.com\/blog\/author\/admin\/\"}]}<\/script>\n<!-- \/ Yoast SEO plugin. -->","yoast_head_json":{"title":"Nika: Sot m\u00eb hipi n\u00eb kok\u00eb t\u00eb b\u00ebhem shpijun...?! Dhe m\u00eb duhet t\u00eb b\u00ebhem - duke pritur kiametin ....?!! - Lajme nga Ulqini","description":"Shkruan Muhamet Nika A e dini se kuvendi votoi nj\u00eb vendim p\u00ebr ulje t\u00eb rrogave t\u00eb te pun\u00ebsuarve dhe t\u00eb rris\u00eb rrogat e kryetar\u00ebve dhe n\u00ebnkryetar\u00ebve. P\u00ebr","robots":{"index":"index","follow":"follow","max-snippet":"max-snippet:-1","max-image-preview":"max-image-preview:large","max-video-preview":"max-video-preview:-1"},"canonical":"https:\/\/www.visit-ulcinj.com\/blog\/2016\/09\/06\/nika-sot-hipi-ne-koke-te-behem-shpijun-dhe-duhet-te-behem-duke-pritur-kiametin\/","og_locale":"en_US","og_type":"article","og_title":"Nika: Sot m\u00eb hipi n\u00eb kok\u00eb t\u00eb b\u00ebhem shpijun...?! Dhe m\u00eb duhet t\u00eb b\u00ebhem - duke pritur kiametin ....?!! - Lajme nga Ulqini","og_description":"Shkruan Muhamet Nika A e dini se kuvendi votoi nj\u00eb vendim p\u00ebr ulje t\u00eb rrogave t\u00eb te pun\u00ebsuarve dhe t\u00eb rris\u00eb rrogat e kryetar\u00ebve dhe n\u00ebnkryetar\u00ebve. P\u00ebr","og_url":"https:\/\/www.visit-ulcinj.com\/blog\/2016\/09\/06\/nika-sot-hipi-ne-koke-te-behem-shpijun-dhe-duhet-te-behem-duke-pritur-kiametin\/","og_site_name":"Lajme nga Ulqini","article_published_time":"2016-09-06T20:32:18+00:00","article_modified_time":"2016-09-07T17:38:20+00:00","og_image":[{"url":"http:\/\/www.visit-ulcinj.com\/blog\/wp-content\/uploads\/2014\/11\/Muhamet-Nika.jpg"}],"twitter_misc":{"Written by":"ulqini","Est. reading time":"3 minutes"},"schema":{"@context":"https:\/\/schema.org","@graph":[{"@type":"WebSite","@id":"https:\/\/www.visit-ulcinj.com\/blog\/#website","url":"https:\/\/www.visit-ulcinj.com\/blog\/","name":"Lajme nga Ulqini","description":"Lajme,Vijesti,Ulqini,Ulqin,Crna Gora,Mali i Zi","potentialAction":[{"@type":"SearchAction","target":{"@type":"EntryPoint","urlTemplate":"https:\/\/www.visit-ulcinj.com\/blog\/?s={search_term_string}"},"query-input":"required name=search_term_string"}],"inLanguage":"en-US"},{"@type":"ImageObject","inLanguage":"en-US","@id":"https:\/\/www.visit-ulcinj.com\/blog\/2016\/09\/06\/nika-sot-hipi-ne-koke-te-behem-shpijun-dhe-duhet-te-behem-duke-pritur-kiametin\/#primaryimage","url":"https:\/\/www.visit-ulcinj.com\/blog\/wp-content\/uploads\/2014\/11\/Muhamet-Nika.jpg","contentUrl":"https:\/\/www.visit-ulcinj.com\/blog\/wp-content\/uploads\/2014\/11\/Muhamet-Nika.jpg","width":256,"height":319},{"@type":"WebPage","@id":"https:\/\/www.visit-ulcinj.com\/blog\/2016\/09\/06\/nika-sot-hipi-ne-koke-te-behem-shpijun-dhe-duhet-te-behem-duke-pritur-kiametin\/#webpage","url":"https:\/\/www.visit-ulcinj.com\/blog\/2016\/09\/06\/nika-sot-hipi-ne-koke-te-behem-shpijun-dhe-duhet-te-behem-duke-pritur-kiametin\/","name":"Nika: Sot m\u00eb hipi n\u00eb kok\u00eb t\u00eb b\u00ebhem shpijun...?! Dhe m\u00eb duhet t\u00eb b\u00ebhem - duke pritur kiametin ....?!! - Lajme nga Ulqini","isPartOf":{"@id":"https:\/\/www.visit-ulcinj.com\/blog\/#website"},"primaryImageOfPage":{"@id":"https:\/\/www.visit-ulcinj.com\/blog\/2016\/09\/06\/nika-sot-hipi-ne-koke-te-behem-shpijun-dhe-duhet-te-behem-duke-pritur-kiametin\/#primaryimage"},"datePublished":"2016-09-06T20:32:18+00:00","dateModified":"2016-09-07T17:38:20+00:00","author":{"@id":"https:\/\/www.visit-ulcinj.com\/blog\/#\/schema\/person\/dcab619c614d3038751c63bc2aadc06d"},"description":"Shkruan Muhamet Nika A e dini se kuvendi votoi nj\u00eb vendim p\u00ebr ulje t\u00eb rrogave t\u00eb te pun\u00ebsuarve dhe t\u00eb rris\u00eb rrogat e kryetar\u00ebve dhe n\u00ebnkryetar\u00ebve. P\u00ebr","breadcrumb":{"@id":"https:\/\/www.visit-ulcinj.com\/blog\/2016\/09\/06\/nika-sot-hipi-ne-koke-te-behem-shpijun-dhe-duhet-te-behem-duke-pritur-kiametin\/#breadcrumb"},"inLanguage":"en-US","potentialAction":[{"@type":"ReadAction","target":["https:\/\/www.visit-ulcinj.com\/blog\/2016\/09\/06\/nika-sot-hipi-ne-koke-te-behem-shpijun-dhe-duhet-te-behem-duke-pritur-kiametin\/"]}]},{"@type":"BreadcrumbList","@id":"https:\/\/www.visit-ulcinj.com\/blog\/2016\/09\/06\/nika-sot-hipi-ne-koke-te-behem-shpijun-dhe-duhet-te-behem-duke-pritur-kiametin\/#breadcrumb","itemListElement":[{"@type":"ListItem","position":1,"name":"Nika: Sot m\u00eb hipi n\u00eb kok\u00eb t\u00eb b\u00ebhem shpijun&#8230;?! Dhe m\u00eb duhet t\u00eb b\u00ebhem &#8211; duke pritur kiametin &#8230;.?!!"}]},{"@type":"Person","@id":"https:\/\/www.visit-ulcinj.com\/blog\/#\/schema\/person\/dcab619c614d3038751c63bc2aadc06d","name":"ulqini","sameAs":["http:\/\/www.visit-ulcinj.com"],"url":"https:\/\/www.visit-ulcinj.com\/blog\/author\/admin\/"}]}},"jetpack_featured_media_url":"","jetpack_sharing_enabled":true,"jetpack_shortlink":"https:\/\/wp.me\/pe6lTn-pT9","_links":{"self":[{"href":"https:\/\/www.visit-ulcinj.com\/blog\/wp-json\/wp\/v2\/posts\/99519"}],"collection":[{"href":"https:\/\/www.visit-ulcinj.com\/blog\/wp-json\/wp\/v2\/posts"}],"about":[{"href":"https:\/\/www.visit-ulcinj.com\/blog\/wp-json\/wp\/v2\/types\/post"}],"author":[{"embeddable":true,"href":"https:\/\/www.visit-ulcinj.com\/blog\/wp-json\/wp\/v2\/users\/1"}],"replies":[{"embeddable":true,"href":"https:\/\/www.visit-ulcinj.com\/blog\/wp-json\/wp\/v2\/comments?post=99519"}],"version-history":[{"count":2,"href":"https:\/\/www.visit-ulcinj.com\/blog\/wp-json\/wp\/v2\/posts\/99519\/revisions"}],"predecessor-version":[{"id":99537,"href":"https:\/\/www.visit-ulcinj.com\/blog\/wp-json\/wp\/v2\/posts\/99519\/revisions\/99537"}],"wp:attachment":[{"href":"https:\/\/www.visit-ulcinj.com\/blog\/wp-json\/wp\/v2\/media?parent=99519"}],"wp:term":[{"taxonomy":"category","embeddable":true,"href":"https:\/\/www.visit-ulcinj.com\/blog\/wp-json\/wp\/v2\/categories?post=99519"},{"taxonomy":"post_tag","embeddable":true,"href":"https:\/\/www.visit-ulcinj.com\/blog\/wp-json\/wp\/v2\/tags?post=99519"}],"curies":[{"name":"wp","href":"https:\/\/api.w.org\/{rel}","templated":true}]}}