{"id":99521,"date":"2016-09-07T15:08:41","date_gmt":"2016-09-07T14:08:41","guid":{"rendered":"http:\/\/www.visit-ulcinj.com\/blog\/?p=99521"},"modified":"2016-09-08T17:00:49","modified_gmt":"2016-09-08T16:00:49","slug":"gjukanoviq-ne-ulqin-demarkacioni-problem-brendshem-kosoves","status":"publish","type":"post","link":"https:\/\/www.visit-ulcinj.com\/blog\/2016\/09\/07\/gjukanoviq-ne-ulqin-demarkacioni-problem-brendshem-kosoves\/","title":{"rendered":"Gjukanoviq n\u00eb Ulqin: Demarkacioni problem i brendsh\u00ebm i Kosov\u00ebs"},"content":{"rendered":"<p><strong><a href=\"http:\/\/www.visit-ulcinj.com\/blog\/wp-content\/uploads\/2016\/09\/Cungu-Gjukanoviq-Ulqin.jpg\"><img loading=\"lazy\" class=\"alignleft wp-image-99522\" src=\"http:\/\/www.visit-ulcinj.com\/blog\/wp-content\/uploads\/2016\/09\/Cungu-Gjukanoviq-Ulqin.jpg\" alt=\"Cungu-Gjukanoviq-Ulqin\" width=\"508\" height=\"319\" srcset=\"https:\/\/www.visit-ulcinj.com\/blog\/wp-content\/uploads\/2016\/09\/Cungu-Gjukanoviq-Ulqin.jpg 560w, https:\/\/www.visit-ulcinj.com\/blog\/wp-content\/uploads\/2016\/09\/Cungu-Gjukanoviq-Ulqin-300x189.jpg 300w\" sizes=\"(max-width: 508px) 100vw, 508px\" \/><\/a>Nga: Saimir Lleshi<\/strong><\/p>\n<p>Kryeministri malazez, Milo Gjukanovi\u00e7, deklaroi nga Ulqini se Mali i Zi nuk ka nj\u00eb \u00e7\u00ebshtje t\u00eb hapur me Kosov\u00ebn dhe se demarkacioni \u00ebsht\u00eb problem vet\u00ebm i fqinjit t\u00eb tij.<\/p>\n<p>Gjat\u00eb nj\u00eb vizite pune n\u00eb Ulqin, komun\u00eb jugore bregdetare, Gjukanovi\u00e7 deklaroi se Mali i Zi nuk ka asnj\u00eb pretendim p\u00ebr territor t\u00eb huaj me p\u00ebrjashtim t\u00eb territorit t\u00eb saj.<\/p>\n<p><strong>Gjukanovi\u00e7<\/strong>: <em>Kjo \u00ebsht\u00eb ajo q\u00eb ne kemi biseduar disa her\u00eb me Presidentin, qeverin\u00eb dhe kryeministrin e Kosov\u00ebs, dhe ka n\u00eb t\u00eb v\u00ebrtet\u00eb dallim mes nesh. Natyrisht, \u00ebsht\u00eb problem i brendsh\u00ebm politik n\u00eb Kosov\u00eb dhe mendoj se ky problem duhet zgjidhur atje. Ne nuk kemi pretendime ndaj territorit t\u00eb k\u00ebtij t\u00eb fundit.<\/em><\/p>\n<p>Ai tha se Mali i Zi \u00ebsht\u00eb i gatsh\u00ebm t\u00eb pres\u00eb p\u00ebr \u00e7\u00ebshtjen, derisa sa t\u00eb arrihet dialogu i brendsh\u00ebm politik n\u00eb Kosov\u00eb.<\/p>\n<p><strong>Gjukanovi\u00e7<\/strong>:<em> Megjithat\u00eb, n\u00eb qoft\u00eb se ka nj\u00eb nevoj\u00eb p\u00ebr t\u2019u d\u00ebgjuar dhe arbitrazhi nuk ka asnj\u00eb problem p\u00ebr k\u00ebt\u00eb. P\u00ebr t\u00eb shkuar n\u00eb arbitrazh duhet t\u00eb p\u00ebrcaktohet l\u00ebnda e kontekstit, por nuk ka nj\u00eb \u201czon\u00eb t\u00eb diskutueshme.<\/em><\/p>\n<p>Gjukanovi\u00e7 thot\u00eb se t\u00eb gjitha mekanizmat p\u00ebr gjetjen e nj\u00eb zgjidhje jan\u00eb t\u00eb pranueshme p\u00ebr qeverin\u00eb malazeze, duke shtuar se nuk ka probleme me fqinj\u00ebt.<\/p>\n<p>\/Ora News\/<\/p>\n","protected":false},"excerpt":{"rendered":"<p>Nga: Saimir Lleshi Kryeministri malazez, Milo Gjukanovi\u00e7, deklaroi nga Ulqini se Mali i Zi nuk ka nj\u00eb \u00e7\u00ebshtje t\u00eb hapur me Kosov\u00ebn dhe se demarkacioni \u00ebsht\u00eb problem vet\u00ebm i fqinjit t\u00eb tij. Gjat\u00eb nj\u00eb vizite pune n\u00eb Ulqin, komun\u00eb jugore bregdetare, Gjukanovi\u00e7 deklaroi se Mali i Zi nuk ka asnj\u00eb pretendim p\u00ebr territor t\u00eb huaj [&hellip;]<\/p>\n","protected":false},"author":1,"featured_media":0,"comment_status":"closed","ping_status":"closed","sticky":false,"template":"","format":"standard","meta":{"spay_email":"","jetpack_publicize_message":"","jetpack_is_tweetstorm":false,"jetpack_publicize_feature_enabled":true},"categories":[1,6950],"tags":[],"jetpack_publicize_connections":[],"yoast_head":"<!-- This site is optimized with the Yoast SEO plugin v19.1 - https:\/\/yoast.com\/wordpress\/plugins\/seo\/ -->\n<title>Gjukanoviq n\u00eb Ulqin: Demarkacioni problem i brendsh\u00ebm i Kosov\u00ebs - Lajme nga Ulqini<\/title>\n<meta name=\"description\" content=\"Nga: Saimir Lleshi Kryeministri malazez, Milo Gjukanovi\u00e7, deklaroi nga Ulqini se Mali i Zi nuk ka nj\u00eb \u00e7\u00ebshtje t\u00eb hapur me Kosov\u00ebn dhe se demarkacioni\" \/>\n<meta name=\"robots\" content=\"index, follow, max-snippet:-1, max-image-preview:large, max-video-preview:-1\" \/>\n<link rel=\"canonical\" href=\"https:\/\/www.visit-ulcinj.com\/blog\/2016\/09\/07\/gjukanoviq-ne-ulqin-demarkacioni-problem-brendshem-kosoves\/\" \/>\n<meta property=\"og:locale\" content=\"en_US\" \/>\n<meta property=\"og:type\" content=\"article\" \/>\n<meta property=\"og:title\" content=\"Gjukanoviq n\u00eb Ulqin: Demarkacioni problem i brendsh\u00ebm i Kosov\u00ebs - Lajme nga Ulqini\" \/>\n<meta property=\"og:description\" content=\"Nga: Saimir Lleshi Kryeministri malazez, Milo Gjukanovi\u00e7, deklaroi nga Ulqini se Mali i Zi nuk ka nj\u00eb \u00e7\u00ebshtje t\u00eb hapur me Kosov\u00ebn dhe se demarkacioni\" \/>\n<meta property=\"og:url\" content=\"https:\/\/www.visit-ulcinj.com\/blog\/2016\/09\/07\/gjukanoviq-ne-ulqin-demarkacioni-problem-brendshem-kosoves\/\" \/>\n<meta property=\"og:site_name\" content=\"Lajme nga Ulqini\" \/>\n<meta property=\"article:published_time\" content=\"2016-09-07T14:08:41+00:00\" \/>\n<meta property=\"article:modified_time\" content=\"2016-09-08T16:00:49+00:00\" \/>\n<meta property=\"og:image\" content=\"http:\/\/www.visit-ulcinj.com\/blog\/wp-content\/uploads\/2016\/09\/Cungu-Gjukanoviq-Ulqin.jpg\" \/>\n<meta name=\"twitter:label1\" content=\"Written by\" \/>\n\t<meta name=\"twitter:data1\" content=\"ulqini\" \/>\n\t<meta name=\"twitter:label2\" content=\"Est. reading time\" \/>\n\t<meta name=\"twitter:data2\" content=\"1 minute\" \/>\n<script type=\"application\/ld+json\" class=\"yoast-schema-graph\">{\"@context\":\"https:\/\/schema.org\",\"@graph\":[{\"@type\":\"WebSite\",\"@id\":\"https:\/\/www.visit-ulcinj.com\/blog\/#website\",\"url\":\"https:\/\/www.visit-ulcinj.com\/blog\/\",\"name\":\"Lajme nga Ulqini\",\"description\":\"Lajme,Vijesti,Ulqini,Ulqin,Crna Gora,Mali i Zi\",\"potentialAction\":[{\"@type\":\"SearchAction\",\"target\":{\"@type\":\"EntryPoint\",\"urlTemplate\":\"https:\/\/www.visit-ulcinj.com\/blog\/?s={search_term_string}\"},\"query-input\":\"required name=search_term_string\"}],\"inLanguage\":\"en-US\"},{\"@type\":\"ImageObject\",\"inLanguage\":\"en-US\",\"@id\":\"https:\/\/www.visit-ulcinj.com\/blog\/2016\/09\/07\/gjukanoviq-ne-ulqin-demarkacioni-problem-brendshem-kosoves\/#primaryimage\",\"url\":\"https:\/\/www.visit-ulcinj.com\/blog\/wp-content\/uploads\/2016\/09\/Cungu-Gjukanoviq-Ulqin.jpg\",\"contentUrl\":\"https:\/\/www.visit-ulcinj.com\/blog\/wp-content\/uploads\/2016\/09\/Cungu-Gjukanoviq-Ulqin.jpg\",\"width\":560,\"height\":352},{\"@type\":\"WebPage\",\"@id\":\"https:\/\/www.visit-ulcinj.com\/blog\/2016\/09\/07\/gjukanoviq-ne-ulqin-demarkacioni-problem-brendshem-kosoves\/#webpage\",\"url\":\"https:\/\/www.visit-ulcinj.com\/blog\/2016\/09\/07\/gjukanoviq-ne-ulqin-demarkacioni-problem-brendshem-kosoves\/\",\"name\":\"Gjukanoviq n\u00eb Ulqin: Demarkacioni problem i brendsh\u00ebm i Kosov\u00ebs - Lajme nga Ulqini\",\"isPartOf\":{\"@id\":\"https:\/\/www.visit-ulcinj.com\/blog\/#website\"},\"primaryImageOfPage\":{\"@id\":\"https:\/\/www.visit-ulcinj.com\/blog\/2016\/09\/07\/gjukanoviq-ne-ulqin-demarkacioni-problem-brendshem-kosoves\/#primaryimage\"},\"datePublished\":\"2016-09-07T14:08:41+00:00\",\"dateModified\":\"2016-09-08T16:00:49+00:00\",\"author\":{\"@id\":\"https:\/\/www.visit-ulcinj.com\/blog\/#\/schema\/person\/dcab619c614d3038751c63bc2aadc06d\"},\"description\":\"Nga: Saimir Lleshi Kryeministri malazez, Milo Gjukanovi\u00e7, deklaroi nga Ulqini se Mali i Zi nuk ka nj\u00eb \u00e7\u00ebshtje t\u00eb hapur me Kosov\u00ebn dhe se demarkacioni\",\"breadcrumb\":{\"@id\":\"https:\/\/www.visit-ulcinj.com\/blog\/2016\/09\/07\/gjukanoviq-ne-ulqin-demarkacioni-problem-brendshem-kosoves\/#breadcrumb\"},\"inLanguage\":\"en-US\",\"potentialAction\":[{\"@type\":\"ReadAction\",\"target\":[\"https:\/\/www.visit-ulcinj.com\/blog\/2016\/09\/07\/gjukanoviq-ne-ulqin-demarkacioni-problem-brendshem-kosoves\/\"]}]},{\"@type\":\"BreadcrumbList\",\"@id\":\"https:\/\/www.visit-ulcinj.com\/blog\/2016\/09\/07\/gjukanoviq-ne-ulqin-demarkacioni-problem-brendshem-kosoves\/#breadcrumb\",\"itemListElement\":[{\"@type\":\"ListItem\",\"position\":1,\"name\":\"Gjukanoviq n\u00eb Ulqin: Demarkacioni problem i brendsh\u00ebm i Kosov\u00ebs\"}]},{\"@type\":\"Person\",\"@id\":\"https:\/\/www.visit-ulcinj.com\/blog\/#\/schema\/person\/dcab619c614d3038751c63bc2aadc06d\",\"name\":\"ulqini\",\"sameAs\":[\"http:\/\/www.visit-ulcinj.com\"],\"url\":\"https:\/\/www.visit-ulcinj.com\/blog\/author\/admin\/\"}]}<\/script>\n<!-- \/ Yoast SEO plugin. -->","yoast_head_json":{"title":"Gjukanoviq n\u00eb Ulqin: Demarkacioni problem i brendsh\u00ebm i Kosov\u00ebs - Lajme nga Ulqini","description":"Nga: Saimir Lleshi Kryeministri malazez, Milo Gjukanovi\u00e7, deklaroi nga Ulqini se Mali i Zi nuk ka nj\u00eb \u00e7\u00ebshtje t\u00eb hapur me Kosov\u00ebn dhe se demarkacioni","robots":{"index":"index","follow":"follow","max-snippet":"max-snippet:-1","max-image-preview":"max-image-preview:large","max-video-preview":"max-video-preview:-1"},"canonical":"https:\/\/www.visit-ulcinj.com\/blog\/2016\/09\/07\/gjukanoviq-ne-ulqin-demarkacioni-problem-brendshem-kosoves\/","og_locale":"en_US","og_type":"article","og_title":"Gjukanoviq n\u00eb Ulqin: Demarkacioni problem i brendsh\u00ebm i Kosov\u00ebs - Lajme nga Ulqini","og_description":"Nga: Saimir Lleshi Kryeministri malazez, Milo Gjukanovi\u00e7, deklaroi nga Ulqini se Mali i Zi nuk ka nj\u00eb \u00e7\u00ebshtje t\u00eb hapur me Kosov\u00ebn dhe se demarkacioni","og_url":"https:\/\/www.visit-ulcinj.com\/blog\/2016\/09\/07\/gjukanoviq-ne-ulqin-demarkacioni-problem-brendshem-kosoves\/","og_site_name":"Lajme nga Ulqini","article_published_time":"2016-09-07T14:08:41+00:00","article_modified_time":"2016-09-08T16:00:49+00:00","og_image":[{"url":"http:\/\/www.visit-ulcinj.com\/blog\/wp-content\/uploads\/2016\/09\/Cungu-Gjukanoviq-Ulqin.jpg"}],"twitter_misc":{"Written by":"ulqini","Est. reading time":"1 minute"},"schema":{"@context":"https:\/\/schema.org","@graph":[{"@type":"WebSite","@id":"https:\/\/www.visit-ulcinj.com\/blog\/#website","url":"https:\/\/www.visit-ulcinj.com\/blog\/","name":"Lajme nga Ulqini","description":"Lajme,Vijesti,Ulqini,Ulqin,Crna Gora,Mali i Zi","potentialAction":[{"@type":"SearchAction","target":{"@type":"EntryPoint","urlTemplate":"https:\/\/www.visit-ulcinj.com\/blog\/?s={search_term_string}"},"query-input":"required name=search_term_string"}],"inLanguage":"en-US"},{"@type":"ImageObject","inLanguage":"en-US","@id":"https:\/\/www.visit-ulcinj.com\/blog\/2016\/09\/07\/gjukanoviq-ne-ulqin-demarkacioni-problem-brendshem-kosoves\/#primaryimage","url":"https:\/\/www.visit-ulcinj.com\/blog\/wp-content\/uploads\/2016\/09\/Cungu-Gjukanoviq-Ulqin.jpg","contentUrl":"https:\/\/www.visit-ulcinj.com\/blog\/wp-content\/uploads\/2016\/09\/Cungu-Gjukanoviq-Ulqin.jpg","width":560,"height":352},{"@type":"WebPage","@id":"https:\/\/www.visit-ulcinj.com\/blog\/2016\/09\/07\/gjukanoviq-ne-ulqin-demarkacioni-problem-brendshem-kosoves\/#webpage","url":"https:\/\/www.visit-ulcinj.com\/blog\/2016\/09\/07\/gjukanoviq-ne-ulqin-demarkacioni-problem-brendshem-kosoves\/","name":"Gjukanoviq n\u00eb Ulqin: Demarkacioni problem i brendsh\u00ebm i Kosov\u00ebs - Lajme nga Ulqini","isPartOf":{"@id":"https:\/\/www.visit-ulcinj.com\/blog\/#website"},"primaryImageOfPage":{"@id":"https:\/\/www.visit-ulcinj.com\/blog\/2016\/09\/07\/gjukanoviq-ne-ulqin-demarkacioni-problem-brendshem-kosoves\/#primaryimage"},"datePublished":"2016-09-07T14:08:41+00:00","dateModified":"2016-09-08T16:00:49+00:00","author":{"@id":"https:\/\/www.visit-ulcinj.com\/blog\/#\/schema\/person\/dcab619c614d3038751c63bc2aadc06d"},"description":"Nga: Saimir Lleshi Kryeministri malazez, Milo Gjukanovi\u00e7, deklaroi nga Ulqini se Mali i Zi nuk ka nj\u00eb \u00e7\u00ebshtje t\u00eb hapur me Kosov\u00ebn dhe se demarkacioni","breadcrumb":{"@id":"https:\/\/www.visit-ulcinj.com\/blog\/2016\/09\/07\/gjukanoviq-ne-ulqin-demarkacioni-problem-brendshem-kosoves\/#breadcrumb"},"inLanguage":"en-US","potentialAction":[{"@type":"ReadAction","target":["https:\/\/www.visit-ulcinj.com\/blog\/2016\/09\/07\/gjukanoviq-ne-ulqin-demarkacioni-problem-brendshem-kosoves\/"]}]},{"@type":"BreadcrumbList","@id":"https:\/\/www.visit-ulcinj.com\/blog\/2016\/09\/07\/gjukanoviq-ne-ulqin-demarkacioni-problem-brendshem-kosoves\/#breadcrumb","itemListElement":[{"@type":"ListItem","position":1,"name":"Gjukanoviq n\u00eb Ulqin: Demarkacioni problem i brendsh\u00ebm i Kosov\u00ebs"}]},{"@type":"Person","@id":"https:\/\/www.visit-ulcinj.com\/blog\/#\/schema\/person\/dcab619c614d3038751c63bc2aadc06d","name":"ulqini","sameAs":["http:\/\/www.visit-ulcinj.com"],"url":"https:\/\/www.visit-ulcinj.com\/blog\/author\/admin\/"}]}},"jetpack_featured_media_url":"","jetpack_sharing_enabled":true,"jetpack_shortlink":"https:\/\/wp.me\/pe6lTn-pTb","_links":{"self":[{"href":"https:\/\/www.visit-ulcinj.com\/blog\/wp-json\/wp\/v2\/posts\/99521"}],"collection":[{"href":"https:\/\/www.visit-ulcinj.com\/blog\/wp-json\/wp\/v2\/posts"}],"about":[{"href":"https:\/\/www.visit-ulcinj.com\/blog\/wp-json\/wp\/v2\/types\/post"}],"author":[{"embeddable":true,"href":"https:\/\/www.visit-ulcinj.com\/blog\/wp-json\/wp\/v2\/users\/1"}],"replies":[{"embeddable":true,"href":"https:\/\/www.visit-ulcinj.com\/blog\/wp-json\/wp\/v2\/comments?post=99521"}],"version-history":[{"count":1,"href":"https:\/\/www.visit-ulcinj.com\/blog\/wp-json\/wp\/v2\/posts\/99521\/revisions"}],"predecessor-version":[{"id":99523,"href":"https:\/\/www.visit-ulcinj.com\/blog\/wp-json\/wp\/v2\/posts\/99521\/revisions\/99523"}],"wp:attachment":[{"href":"https:\/\/www.visit-ulcinj.com\/blog\/wp-json\/wp\/v2\/media?parent=99521"}],"wp:term":[{"taxonomy":"category","embeddable":true,"href":"https:\/\/www.visit-ulcinj.com\/blog\/wp-json\/wp\/v2\/categories?post=99521"},{"taxonomy":"post_tag","embeddable":true,"href":"https:\/\/www.visit-ulcinj.com\/blog\/wp-json\/wp\/v2\/tags?post=99521"}],"curies":[{"name":"wp","href":"https:\/\/api.w.org\/{rel}","templated":true}]}}