{"id":99524,"date":"2016-09-07T15:16:03","date_gmt":"2016-09-07T14:16:03","guid":{"rendered":"http:\/\/www.visit-ulcinj.com\/blog\/?p=99524"},"modified":"2016-09-07T15:16:03","modified_gmt":"2016-09-07T14:16:03","slug":"gjukanoviq-nuk-ia-morem-kosoves-asnje-meter-toke","status":"publish","type":"post","link":"https:\/\/www.visit-ulcinj.com\/blog\/2016\/09\/07\/gjukanoviq-nuk-ia-morem-kosoves-asnje-meter-toke\/","title":{"rendered":"Gjukanoviq: Nuk ia mor\u00ebm Kosov\u00ebs asnj\u00eb met\u00ebr tok\u00eb"},"content":{"rendered":"<p><a href=\"http:\/\/www.visit-ulcinj.com\/blog\/wp-content\/uploads\/2016\/09\/Millo-Gjukanoviq-Ulqin.jpg\"><img loading=\"lazy\" class=\"alignleft wp-image-99525\" src=\"http:\/\/www.visit-ulcinj.com\/blog\/wp-content\/uploads\/2016\/09\/Millo-Gjukanoviq-Ulqin.jpg\" alt=\"Millo-Gjukanoviq-Ulqin\" width=\"508\" height=\"339\" srcset=\"https:\/\/www.visit-ulcinj.com\/blog\/wp-content\/uploads\/2016\/09\/Millo-Gjukanoviq-Ulqin.jpg 1200w, https:\/\/www.visit-ulcinj.com\/blog\/wp-content\/uploads\/2016\/09\/Millo-Gjukanoviq-Ulqin-300x200.jpg 300w, https:\/\/www.visit-ulcinj.com\/blog\/wp-content\/uploads\/2016\/09\/Millo-Gjukanoviq-Ulqin-768x512.jpg 768w, https:\/\/www.visit-ulcinj.com\/blog\/wp-content\/uploads\/2016\/09\/Millo-Gjukanoviq-Ulqin-1024x683.jpg 1024w\" sizes=\"(max-width: 508px) 100vw, 508px\" \/><\/a>Kryeministri i Malit t\u00eb Zi, Milo Gjukanoviq ka th\u00ebn\u00eb se shteti i tij nuk \u00ebsht\u00eb i interesuar p\u00ebr asnj\u00eb met\u00ebr t\u00eb territorit t\u00eb ndonj\u00eb shtetit tjet\u00ebr.<\/p>\n<p>Ai ka shtuar se k\u00ebt\u00eb princip Podgorica e ka ndjekur edhe n\u00eb rastin e ratifikimit t\u00eb kufirit me Kosov\u00ebn, e po ashtu edhe me fqinjt\u00eb tjer\u00eb.<\/p>\n<p>\u201cDua t\u00eb them se Mali i Zi ka b\u00ebr\u00eb krejt \u00e7far\u00eb ka qen\u00eb n\u00eb p\u00ebrgjegj\u00ebsin\u00eb e vet\u00eb si shtet. Dy komisionet shtet\u00ebrore dhe puna tri vje\u00e7are kan\u00eb d\u00ebshmuar se demarkimi \u00ebsht\u00eb b\u00ebr\u00eb n\u00eb interes t\u00eb t\u00eb dyja pal\u00ebve\u201d, ka th\u00ebn\u00eb Gjukanoviq pas nj\u00eb vizite n\u00eb Ulqin, njoftojn\u00eb mediet n\u00eb Podgoric\u00eb, p\u00ebrcjell\u00eb Klan Kosova.<\/p>\n<p>Sipas tij, gjith\u00e7ka n\u00eb lidhje me demarkacionin \u00ebsht\u00eb b\u00ebr\u00eb sipas parimeve q\u00eb jan\u00eb respektuar dhe vlejn\u00eb ende p\u00ebr shp\u00ebrb\u00ebrjen e ish-Jugosllavis\u00eb.<\/p>\n<p>\u201cMali i Zi nuk ka interes p\u00ebr asnj\u00eb met\u00ebr katror t\u00eb territorit t\u00eb askujt, pos territorit t\u00eb tij\u2026.Ajo q\u00eb dua t\u2019ju konfirmoj \u00ebsht\u00eb se nuk kemi mosmarr\u00ebveshje me qeverin\u00eb e Kosov\u00ebs as edhe p\u00ebr nj\u00eb prejse\u201d, ka th\u00ebn\u00eb Gjukanoviq gjat\u00eb nj\u00eb adresimi gazetar\u00ebve n\u00eb Ulqin.<\/p>\n<p>Shefi i qeveris\u00eb s\u00eb Malit t\u00eb Zi ka th\u00ebn\u00eb se telashet me demarkacionin jan\u00eb vet\u00ebm problem i mbrendsh\u00ebm politik i Kosov\u00ebs.<\/p>\n<p>\u201cMendoj se ky problem duhet t\u00eb zgjidhet vet\u00ebm atje\u201d, ka vazhduar ai. \u201cNe jemi gati t\u00eb presim q\u00eb ky problem t\u00eb zgjidhet\u201d. \/Klan Kosova<\/p>\n","protected":false},"excerpt":{"rendered":"<p>Kryeministri i Malit t\u00eb Zi, Milo Gjukanoviq ka th\u00ebn\u00eb se shteti i tij nuk \u00ebsht\u00eb i interesuar p\u00ebr asnj\u00eb met\u00ebr t\u00eb territorit t\u00eb ndonj\u00eb shtetit tjet\u00ebr. Ai ka shtuar se k\u00ebt\u00eb princip Podgorica e ka ndjekur edhe n\u00eb rastin e ratifikimit t\u00eb kufirit me Kosov\u00ebn, e po ashtu edhe me fqinjt\u00eb tjer\u00eb. \u201cDua t\u00eb them [&hellip;]<\/p>\n","protected":false},"author":1,"featured_media":0,"comment_status":"closed","ping_status":"closed","sticky":false,"template":"","format":"standard","meta":{"spay_email":"","jetpack_publicize_message":"","jetpack_is_tweetstorm":false,"jetpack_publicize_feature_enabled":true},"categories":[12],"tags":[],"jetpack_publicize_connections":[],"yoast_head":"<!-- This site is optimized with the Yoast SEO plugin v19.1 - https:\/\/yoast.com\/wordpress\/plugins\/seo\/ -->\n<title>Gjukanoviq: Nuk ia mor\u00ebm Kosov\u00ebs asnj\u00eb met\u00ebr tok\u00eb - Lajme nga Ulqini<\/title>\n<meta name=\"description\" content=\"Kryeministri i Malit t\u00eb Zi, Milo Gjukanoviq ka th\u00ebn\u00eb se shteti i tij nuk \u00ebsht\u00eb i interesuar p\u00ebr asnj\u00eb met\u00ebr t\u00eb territorit t\u00eb ndonj\u00eb shtetit tjet\u00ebr. Ai ka\" \/>\n<meta name=\"robots\" content=\"index, follow, max-snippet:-1, max-image-preview:large, max-video-preview:-1\" \/>\n<link rel=\"canonical\" href=\"https:\/\/www.visit-ulcinj.com\/blog\/2016\/09\/07\/gjukanoviq-nuk-ia-morem-kosoves-asnje-meter-toke\/\" \/>\n<meta property=\"og:locale\" content=\"en_US\" \/>\n<meta property=\"og:type\" content=\"article\" \/>\n<meta property=\"og:title\" content=\"Gjukanoviq: Nuk ia mor\u00ebm Kosov\u00ebs asnj\u00eb met\u00ebr tok\u00eb - Lajme nga Ulqini\" \/>\n<meta property=\"og:description\" content=\"Kryeministri i Malit t\u00eb Zi, Milo Gjukanoviq ka th\u00ebn\u00eb se shteti i tij nuk \u00ebsht\u00eb i interesuar p\u00ebr asnj\u00eb met\u00ebr t\u00eb territorit t\u00eb ndonj\u00eb shtetit tjet\u00ebr. Ai ka\" \/>\n<meta property=\"og:url\" content=\"https:\/\/www.visit-ulcinj.com\/blog\/2016\/09\/07\/gjukanoviq-nuk-ia-morem-kosoves-asnje-meter-toke\/\" \/>\n<meta property=\"og:site_name\" content=\"Lajme nga Ulqini\" \/>\n<meta property=\"article:published_time\" content=\"2016-09-07T14:16:03+00:00\" \/>\n<meta property=\"og:image\" content=\"http:\/\/www.visit-ulcinj.com\/blog\/wp-content\/uploads\/2016\/09\/Millo-Gjukanoviq-Ulqin.jpg\" \/>\n<meta name=\"twitter:label1\" content=\"Written by\" \/>\n\t<meta name=\"twitter:data1\" content=\"ulqini\" \/>\n\t<meta name=\"twitter:label2\" content=\"Est. reading time\" \/>\n\t<meta name=\"twitter:data2\" content=\"1 minute\" \/>\n<script type=\"application\/ld+json\" class=\"yoast-schema-graph\">{\"@context\":\"https:\/\/schema.org\",\"@graph\":[{\"@type\":\"WebSite\",\"@id\":\"https:\/\/www.visit-ulcinj.com\/blog\/#website\",\"url\":\"https:\/\/www.visit-ulcinj.com\/blog\/\",\"name\":\"Lajme nga Ulqini\",\"description\":\"Lajme,Vijesti,Ulqini,Ulqin,Crna Gora,Mali i Zi\",\"potentialAction\":[{\"@type\":\"SearchAction\",\"target\":{\"@type\":\"EntryPoint\",\"urlTemplate\":\"https:\/\/www.visit-ulcinj.com\/blog\/?s={search_term_string}\"},\"query-input\":\"required name=search_term_string\"}],\"inLanguage\":\"en-US\"},{\"@type\":\"ImageObject\",\"inLanguage\":\"en-US\",\"@id\":\"https:\/\/www.visit-ulcinj.com\/blog\/2016\/09\/07\/gjukanoviq-nuk-ia-morem-kosoves-asnje-meter-toke\/#primaryimage\",\"url\":\"https:\/\/www.visit-ulcinj.com\/blog\/wp-content\/uploads\/2016\/09\/Millo-Gjukanoviq-Ulqin.jpg\",\"contentUrl\":\"https:\/\/www.visit-ulcinj.com\/blog\/wp-content\/uploads\/2016\/09\/Millo-Gjukanoviq-Ulqin.jpg\",\"width\":1200,\"height\":800},{\"@type\":\"WebPage\",\"@id\":\"https:\/\/www.visit-ulcinj.com\/blog\/2016\/09\/07\/gjukanoviq-nuk-ia-morem-kosoves-asnje-meter-toke\/#webpage\",\"url\":\"https:\/\/www.visit-ulcinj.com\/blog\/2016\/09\/07\/gjukanoviq-nuk-ia-morem-kosoves-asnje-meter-toke\/\",\"name\":\"Gjukanoviq: Nuk ia mor\u00ebm Kosov\u00ebs asnj\u00eb met\u00ebr tok\u00eb - Lajme nga Ulqini\",\"isPartOf\":{\"@id\":\"https:\/\/www.visit-ulcinj.com\/blog\/#website\"},\"primaryImageOfPage\":{\"@id\":\"https:\/\/www.visit-ulcinj.com\/blog\/2016\/09\/07\/gjukanoviq-nuk-ia-morem-kosoves-asnje-meter-toke\/#primaryimage\"},\"datePublished\":\"2016-09-07T14:16:03+00:00\",\"dateModified\":\"2016-09-07T14:16:03+00:00\",\"author\":{\"@id\":\"https:\/\/www.visit-ulcinj.com\/blog\/#\/schema\/person\/dcab619c614d3038751c63bc2aadc06d\"},\"description\":\"Kryeministri i Malit t\u00eb Zi, Milo Gjukanoviq ka th\u00ebn\u00eb se shteti i tij nuk \u00ebsht\u00eb i interesuar p\u00ebr asnj\u00eb met\u00ebr t\u00eb territorit t\u00eb ndonj\u00eb shtetit tjet\u00ebr. Ai ka\",\"breadcrumb\":{\"@id\":\"https:\/\/www.visit-ulcinj.com\/blog\/2016\/09\/07\/gjukanoviq-nuk-ia-morem-kosoves-asnje-meter-toke\/#breadcrumb\"},\"inLanguage\":\"en-US\",\"potentialAction\":[{\"@type\":\"ReadAction\",\"target\":[\"https:\/\/www.visit-ulcinj.com\/blog\/2016\/09\/07\/gjukanoviq-nuk-ia-morem-kosoves-asnje-meter-toke\/\"]}]},{\"@type\":\"BreadcrumbList\",\"@id\":\"https:\/\/www.visit-ulcinj.com\/blog\/2016\/09\/07\/gjukanoviq-nuk-ia-morem-kosoves-asnje-meter-toke\/#breadcrumb\",\"itemListElement\":[{\"@type\":\"ListItem\",\"position\":1,\"name\":\"Gjukanoviq: Nuk ia mor\u00ebm Kosov\u00ebs asnj\u00eb met\u00ebr tok\u00eb\"}]},{\"@type\":\"Person\",\"@id\":\"https:\/\/www.visit-ulcinj.com\/blog\/#\/schema\/person\/dcab619c614d3038751c63bc2aadc06d\",\"name\":\"ulqini\",\"sameAs\":[\"http:\/\/www.visit-ulcinj.com\"],\"url\":\"https:\/\/www.visit-ulcinj.com\/blog\/author\/admin\/\"}]}<\/script>\n<!-- \/ Yoast SEO plugin. -->","yoast_head_json":{"title":"Gjukanoviq: Nuk ia mor\u00ebm Kosov\u00ebs asnj\u00eb met\u00ebr tok\u00eb - Lajme nga Ulqini","description":"Kryeministri i Malit t\u00eb Zi, Milo Gjukanoviq ka th\u00ebn\u00eb se shteti i tij nuk \u00ebsht\u00eb i interesuar p\u00ebr asnj\u00eb met\u00ebr t\u00eb territorit t\u00eb ndonj\u00eb shtetit tjet\u00ebr. Ai ka","robots":{"index":"index","follow":"follow","max-snippet":"max-snippet:-1","max-image-preview":"max-image-preview:large","max-video-preview":"max-video-preview:-1"},"canonical":"https:\/\/www.visit-ulcinj.com\/blog\/2016\/09\/07\/gjukanoviq-nuk-ia-morem-kosoves-asnje-meter-toke\/","og_locale":"en_US","og_type":"article","og_title":"Gjukanoviq: Nuk ia mor\u00ebm Kosov\u00ebs asnj\u00eb met\u00ebr tok\u00eb - Lajme nga Ulqini","og_description":"Kryeministri i Malit t\u00eb Zi, Milo Gjukanoviq ka th\u00ebn\u00eb se shteti i tij nuk \u00ebsht\u00eb i interesuar p\u00ebr asnj\u00eb met\u00ebr t\u00eb territorit t\u00eb ndonj\u00eb shtetit tjet\u00ebr. Ai ka","og_url":"https:\/\/www.visit-ulcinj.com\/blog\/2016\/09\/07\/gjukanoviq-nuk-ia-morem-kosoves-asnje-meter-toke\/","og_site_name":"Lajme nga Ulqini","article_published_time":"2016-09-07T14:16:03+00:00","og_image":[{"url":"http:\/\/www.visit-ulcinj.com\/blog\/wp-content\/uploads\/2016\/09\/Millo-Gjukanoviq-Ulqin.jpg"}],"twitter_misc":{"Written by":"ulqini","Est. reading time":"1 minute"},"schema":{"@context":"https:\/\/schema.org","@graph":[{"@type":"WebSite","@id":"https:\/\/www.visit-ulcinj.com\/blog\/#website","url":"https:\/\/www.visit-ulcinj.com\/blog\/","name":"Lajme nga Ulqini","description":"Lajme,Vijesti,Ulqini,Ulqin,Crna Gora,Mali i Zi","potentialAction":[{"@type":"SearchAction","target":{"@type":"EntryPoint","urlTemplate":"https:\/\/www.visit-ulcinj.com\/blog\/?s={search_term_string}"},"query-input":"required name=search_term_string"}],"inLanguage":"en-US"},{"@type":"ImageObject","inLanguage":"en-US","@id":"https:\/\/www.visit-ulcinj.com\/blog\/2016\/09\/07\/gjukanoviq-nuk-ia-morem-kosoves-asnje-meter-toke\/#primaryimage","url":"https:\/\/www.visit-ulcinj.com\/blog\/wp-content\/uploads\/2016\/09\/Millo-Gjukanoviq-Ulqin.jpg","contentUrl":"https:\/\/www.visit-ulcinj.com\/blog\/wp-content\/uploads\/2016\/09\/Millo-Gjukanoviq-Ulqin.jpg","width":1200,"height":800},{"@type":"WebPage","@id":"https:\/\/www.visit-ulcinj.com\/blog\/2016\/09\/07\/gjukanoviq-nuk-ia-morem-kosoves-asnje-meter-toke\/#webpage","url":"https:\/\/www.visit-ulcinj.com\/blog\/2016\/09\/07\/gjukanoviq-nuk-ia-morem-kosoves-asnje-meter-toke\/","name":"Gjukanoviq: Nuk ia mor\u00ebm Kosov\u00ebs asnj\u00eb met\u00ebr tok\u00eb - Lajme nga Ulqini","isPartOf":{"@id":"https:\/\/www.visit-ulcinj.com\/blog\/#website"},"primaryImageOfPage":{"@id":"https:\/\/www.visit-ulcinj.com\/blog\/2016\/09\/07\/gjukanoviq-nuk-ia-morem-kosoves-asnje-meter-toke\/#primaryimage"},"datePublished":"2016-09-07T14:16:03+00:00","dateModified":"2016-09-07T14:16:03+00:00","author":{"@id":"https:\/\/www.visit-ulcinj.com\/blog\/#\/schema\/person\/dcab619c614d3038751c63bc2aadc06d"},"description":"Kryeministri i Malit t\u00eb Zi, Milo Gjukanoviq ka th\u00ebn\u00eb se shteti i tij nuk \u00ebsht\u00eb i interesuar p\u00ebr asnj\u00eb met\u00ebr t\u00eb territorit t\u00eb ndonj\u00eb shtetit tjet\u00ebr. Ai ka","breadcrumb":{"@id":"https:\/\/www.visit-ulcinj.com\/blog\/2016\/09\/07\/gjukanoviq-nuk-ia-morem-kosoves-asnje-meter-toke\/#breadcrumb"},"inLanguage":"en-US","potentialAction":[{"@type":"ReadAction","target":["https:\/\/www.visit-ulcinj.com\/blog\/2016\/09\/07\/gjukanoviq-nuk-ia-morem-kosoves-asnje-meter-toke\/"]}]},{"@type":"BreadcrumbList","@id":"https:\/\/www.visit-ulcinj.com\/blog\/2016\/09\/07\/gjukanoviq-nuk-ia-morem-kosoves-asnje-meter-toke\/#breadcrumb","itemListElement":[{"@type":"ListItem","position":1,"name":"Gjukanoviq: Nuk ia mor\u00ebm Kosov\u00ebs asnj\u00eb met\u00ebr tok\u00eb"}]},{"@type":"Person","@id":"https:\/\/www.visit-ulcinj.com\/blog\/#\/schema\/person\/dcab619c614d3038751c63bc2aadc06d","name":"ulqini","sameAs":["http:\/\/www.visit-ulcinj.com"],"url":"https:\/\/www.visit-ulcinj.com\/blog\/author\/admin\/"}]}},"jetpack_featured_media_url":"","jetpack_sharing_enabled":true,"jetpack_shortlink":"https:\/\/wp.me\/pe6lTn-pTe","_links":{"self":[{"href":"https:\/\/www.visit-ulcinj.com\/blog\/wp-json\/wp\/v2\/posts\/99524"}],"collection":[{"href":"https:\/\/www.visit-ulcinj.com\/blog\/wp-json\/wp\/v2\/posts"}],"about":[{"href":"https:\/\/www.visit-ulcinj.com\/blog\/wp-json\/wp\/v2\/types\/post"}],"author":[{"embeddable":true,"href":"https:\/\/www.visit-ulcinj.com\/blog\/wp-json\/wp\/v2\/users\/1"}],"replies":[{"embeddable":true,"href":"https:\/\/www.visit-ulcinj.com\/blog\/wp-json\/wp\/v2\/comments?post=99524"}],"version-history":[{"count":1,"href":"https:\/\/www.visit-ulcinj.com\/blog\/wp-json\/wp\/v2\/posts\/99524\/revisions"}],"predecessor-version":[{"id":99526,"href":"https:\/\/www.visit-ulcinj.com\/blog\/wp-json\/wp\/v2\/posts\/99524\/revisions\/99526"}],"wp:attachment":[{"href":"https:\/\/www.visit-ulcinj.com\/blog\/wp-json\/wp\/v2\/media?parent=99524"}],"wp:term":[{"taxonomy":"category","embeddable":true,"href":"https:\/\/www.visit-ulcinj.com\/blog\/wp-json\/wp\/v2\/categories?post=99524"},{"taxonomy":"post_tag","embeddable":true,"href":"https:\/\/www.visit-ulcinj.com\/blog\/wp-json\/wp\/v2\/tags?post=99524"}],"curies":[{"name":"wp","href":"https:\/\/api.w.org\/{rel}","templated":true}]}}