{"id":99530,"date":"2016-09-07T17:45:40","date_gmt":"2016-09-07T16:45:40","guid":{"rendered":"http:\/\/www.visit-ulcinj.com\/blog\/?p=99530"},"modified":"2016-09-07T17:45:40","modified_gmt":"2016-09-07T16:45:40","slug":"abazoviq-politikanet-duhet-ti-ndryshojne-vlerat-e-sistemit","status":"publish","type":"post","link":"https:\/\/www.visit-ulcinj.com\/blog\/2016\/09\/07\/abazoviq-politikanet-duhet-ti-ndryshojne-vlerat-e-sistemit\/","title":{"rendered":"Abazoviq: Politikan\u00ebt duhet ti ndryshojn\u00eb vlerat e sistemit"},"content":{"rendered":"<p><a href=\"http:\/\/www.visit-ulcinj.com\/blog\/wp-content\/uploads\/2016\/09\/Dritan-Abazoviq.jpg\"><img loading=\"lazy\" class=\"alignleft wp-image-99531\" src=\"http:\/\/www.visit-ulcinj.com\/blog\/wp-content\/uploads\/2016\/09\/Dritan-Abazoviq.jpg\" alt=\"Dritan-Abazoviq\" width=\"508\" height=\"319\" srcset=\"https:\/\/www.visit-ulcinj.com\/blog\/wp-content\/uploads\/2016\/09\/Dritan-Abazoviq.jpg 560w, https:\/\/www.visit-ulcinj.com\/blog\/wp-content\/uploads\/2016\/09\/Dritan-Abazoviq-300x189.jpg 300w\" sizes=\"(max-width: 508px) 100vw, 508px\" \/><\/a>\u201cN\u00eb Mal t\u00eb Zi duhet ndryshuar politika aktuale, t\u00eb futen standarde t\u00eb reja n\u00eb jet\u00ebn e p\u00ebrditshme dhe t\u00eb krijohet hap\u00ebsir\u00eb p\u00ebr t\u00eb mir\u00ebt dhe p\u00ebr ata q\u00eb mund t\u00eb b\u00ebjn\u00eb di\u00e7ka n\u00eb ndryshimin e sistemit t\u00eb vlerave\u201d, konsideron n\u00ebnkryetari i l\u00ebvizjes qytetare URA, Dritan Abazoviq.<\/p>\n<p>Ai ka vler\u00ebsuar se pushteti i prish njer\u00ebzit\u00a0 dhe p\u00ebr k\u00ebt\u00eb arsye \u00ebsht\u00eb mir\u00eb q\u00eb sistemi demokratik t\u00eb funksionoj\u00eb n\u00eb at\u00eb m\u00ebnyr\u00eb q\u00eb t\u00eb ndryshohet koh\u00eb pas kohe. Ai ka shtuar se t\u00eb gjith\u00eb ata t\u00eb cil\u00ebt sinqerisht p\u00ebrpiqen p\u00ebr shoq\u00ebri m\u00eb t\u00eb mir\u00eb nuk duhet t\u00eb p\u00ebrbuz\u00ebn\u00a0 p\u00ebr shkak t\u00eb faktit se p\u00ebrpiqen q\u00eb k\u00ebt\u00eb t\u00eb arrijn\u00eb p\u00ebrmes politik\u00ebs dhe anasjelltas, ka theksuar Abazoviq.<\/p>\n<p>RTCG<\/p>\n","protected":false},"excerpt":{"rendered":"<p>\u201cN\u00eb Mal t\u00eb Zi duhet ndryshuar politika aktuale, t\u00eb futen standarde t\u00eb reja n\u00eb jet\u00ebn e p\u00ebrditshme dhe t\u00eb krijohet hap\u00ebsir\u00eb p\u00ebr t\u00eb mir\u00ebt dhe p\u00ebr ata q\u00eb mund t\u00eb b\u00ebjn\u00eb di\u00e7ka n\u00eb ndryshimin e sistemit t\u00eb vlerave\u201d, konsideron n\u00ebnkryetari i l\u00ebvizjes qytetare URA, Dritan Abazoviq. Ai ka vler\u00ebsuar se pushteti i prish njer\u00ebzit\u00a0 dhe [&hellip;]<\/p>\n","protected":false},"author":1,"featured_media":0,"comment_status":"closed","ping_status":"closed","sticky":false,"template":"","format":"standard","meta":{"spay_email":"","jetpack_publicize_message":"","jetpack_is_tweetstorm":false,"jetpack_publicize_feature_enabled":true},"categories":[11],"tags":[],"jetpack_publicize_connections":[],"yoast_head":"<!-- This site is optimized with the Yoast SEO plugin v19.1 - https:\/\/yoast.com\/wordpress\/plugins\/seo\/ -->\n<title>Abazoviq: Politikan\u00ebt duhet ti ndryshojn\u00eb vlerat e sistemit - Lajme nga Ulqini<\/title>\n<meta name=\"description\" content=\"\u201cN\u00eb Mal t\u00eb Zi duhet ndryshuar politika aktuale, t\u00eb futen standarde t\u00eb reja n\u00eb jet\u00ebn e p\u00ebrditshme dhe t\u00eb krijohet hap\u00ebsir\u00eb p\u00ebr t\u00eb mir\u00ebt dhe p\u00ebr ata q\u00eb mund\" \/>\n<meta name=\"robots\" content=\"index, follow, max-snippet:-1, max-image-preview:large, max-video-preview:-1\" \/>\n<link rel=\"canonical\" href=\"https:\/\/www.visit-ulcinj.com\/blog\/2016\/09\/07\/abazoviq-politikanet-duhet-ti-ndryshojne-vlerat-e-sistemit\/\" \/>\n<meta property=\"og:locale\" content=\"en_US\" \/>\n<meta property=\"og:type\" content=\"article\" \/>\n<meta property=\"og:title\" content=\"Abazoviq: Politikan\u00ebt duhet ti ndryshojn\u00eb vlerat e sistemit - Lajme nga Ulqini\" \/>\n<meta property=\"og:description\" content=\"\u201cN\u00eb Mal t\u00eb Zi duhet ndryshuar politika aktuale, t\u00eb futen standarde t\u00eb reja n\u00eb jet\u00ebn e p\u00ebrditshme dhe t\u00eb krijohet hap\u00ebsir\u00eb p\u00ebr t\u00eb mir\u00ebt dhe p\u00ebr ata q\u00eb mund\" \/>\n<meta property=\"og:url\" content=\"https:\/\/www.visit-ulcinj.com\/blog\/2016\/09\/07\/abazoviq-politikanet-duhet-ti-ndryshojne-vlerat-e-sistemit\/\" \/>\n<meta property=\"og:site_name\" content=\"Lajme nga Ulqini\" \/>\n<meta property=\"article:published_time\" content=\"2016-09-07T16:45:40+00:00\" \/>\n<meta property=\"og:image\" content=\"http:\/\/www.visit-ulcinj.com\/blog\/wp-content\/uploads\/2016\/09\/Dritan-Abazoviq.jpg\" \/>\n<meta name=\"twitter:label1\" content=\"Written by\" \/>\n\t<meta name=\"twitter:data1\" content=\"ulqini\" \/>\n\t<meta name=\"twitter:label2\" content=\"Est. reading time\" \/>\n\t<meta name=\"twitter:data2\" content=\"1 minute\" \/>\n<script type=\"application\/ld+json\" class=\"yoast-schema-graph\">{\"@context\":\"https:\/\/schema.org\",\"@graph\":[{\"@type\":\"WebSite\",\"@id\":\"https:\/\/www.visit-ulcinj.com\/blog\/#website\",\"url\":\"https:\/\/www.visit-ulcinj.com\/blog\/\",\"name\":\"Lajme nga Ulqini\",\"description\":\"Lajme,Vijesti,Ulqini,Ulqin,Crna Gora,Mali i Zi\",\"potentialAction\":[{\"@type\":\"SearchAction\",\"target\":{\"@type\":\"EntryPoint\",\"urlTemplate\":\"https:\/\/www.visit-ulcinj.com\/blog\/?s={search_term_string}\"},\"query-input\":\"required name=search_term_string\"}],\"inLanguage\":\"en-US\"},{\"@type\":\"ImageObject\",\"inLanguage\":\"en-US\",\"@id\":\"https:\/\/www.visit-ulcinj.com\/blog\/2016\/09\/07\/abazoviq-politikanet-duhet-ti-ndryshojne-vlerat-e-sistemit\/#primaryimage\",\"url\":\"https:\/\/www.visit-ulcinj.com\/blog\/wp-content\/uploads\/2016\/09\/Dritan-Abazoviq.jpg\",\"contentUrl\":\"https:\/\/www.visit-ulcinj.com\/blog\/wp-content\/uploads\/2016\/09\/Dritan-Abazoviq.jpg\",\"width\":560,\"height\":352},{\"@type\":\"WebPage\",\"@id\":\"https:\/\/www.visit-ulcinj.com\/blog\/2016\/09\/07\/abazoviq-politikanet-duhet-ti-ndryshojne-vlerat-e-sistemit\/#webpage\",\"url\":\"https:\/\/www.visit-ulcinj.com\/blog\/2016\/09\/07\/abazoviq-politikanet-duhet-ti-ndryshojne-vlerat-e-sistemit\/\",\"name\":\"Abazoviq: Politikan\u00ebt duhet ti ndryshojn\u00eb vlerat e sistemit - Lajme nga Ulqini\",\"isPartOf\":{\"@id\":\"https:\/\/www.visit-ulcinj.com\/blog\/#website\"},\"primaryImageOfPage\":{\"@id\":\"https:\/\/www.visit-ulcinj.com\/blog\/2016\/09\/07\/abazoviq-politikanet-duhet-ti-ndryshojne-vlerat-e-sistemit\/#primaryimage\"},\"datePublished\":\"2016-09-07T16:45:40+00:00\",\"dateModified\":\"2016-09-07T16:45:40+00:00\",\"author\":{\"@id\":\"https:\/\/www.visit-ulcinj.com\/blog\/#\/schema\/person\/dcab619c614d3038751c63bc2aadc06d\"},\"description\":\"\u201cN\u00eb Mal t\u00eb Zi duhet ndryshuar politika aktuale, t\u00eb futen standarde t\u00eb reja n\u00eb jet\u00ebn e p\u00ebrditshme dhe t\u00eb krijohet hap\u00ebsir\u00eb p\u00ebr t\u00eb mir\u00ebt dhe p\u00ebr ata q\u00eb mund\",\"breadcrumb\":{\"@id\":\"https:\/\/www.visit-ulcinj.com\/blog\/2016\/09\/07\/abazoviq-politikanet-duhet-ti-ndryshojne-vlerat-e-sistemit\/#breadcrumb\"},\"inLanguage\":\"en-US\",\"potentialAction\":[{\"@type\":\"ReadAction\",\"target\":[\"https:\/\/www.visit-ulcinj.com\/blog\/2016\/09\/07\/abazoviq-politikanet-duhet-ti-ndryshojne-vlerat-e-sistemit\/\"]}]},{\"@type\":\"BreadcrumbList\",\"@id\":\"https:\/\/www.visit-ulcinj.com\/blog\/2016\/09\/07\/abazoviq-politikanet-duhet-ti-ndryshojne-vlerat-e-sistemit\/#breadcrumb\",\"itemListElement\":[{\"@type\":\"ListItem\",\"position\":1,\"name\":\"Abazoviq: Politikan\u00ebt duhet ti ndryshojn\u00eb vlerat e sistemit\"}]},{\"@type\":\"Person\",\"@id\":\"https:\/\/www.visit-ulcinj.com\/blog\/#\/schema\/person\/dcab619c614d3038751c63bc2aadc06d\",\"name\":\"ulqini\",\"sameAs\":[\"http:\/\/www.visit-ulcinj.com\"],\"url\":\"https:\/\/www.visit-ulcinj.com\/blog\/author\/admin\/\"}]}<\/script>\n<!-- \/ Yoast SEO plugin. -->","yoast_head_json":{"title":"Abazoviq: Politikan\u00ebt duhet ti ndryshojn\u00eb vlerat e sistemit - Lajme nga Ulqini","description":"\u201cN\u00eb Mal t\u00eb Zi duhet ndryshuar politika aktuale, t\u00eb futen standarde t\u00eb reja n\u00eb jet\u00ebn e p\u00ebrditshme dhe t\u00eb krijohet hap\u00ebsir\u00eb p\u00ebr t\u00eb mir\u00ebt dhe p\u00ebr ata q\u00eb mund","robots":{"index":"index","follow":"follow","max-snippet":"max-snippet:-1","max-image-preview":"max-image-preview:large","max-video-preview":"max-video-preview:-1"},"canonical":"https:\/\/www.visit-ulcinj.com\/blog\/2016\/09\/07\/abazoviq-politikanet-duhet-ti-ndryshojne-vlerat-e-sistemit\/","og_locale":"en_US","og_type":"article","og_title":"Abazoviq: Politikan\u00ebt duhet ti ndryshojn\u00eb vlerat e sistemit - Lajme nga Ulqini","og_description":"\u201cN\u00eb Mal t\u00eb Zi duhet ndryshuar politika aktuale, t\u00eb futen standarde t\u00eb reja n\u00eb jet\u00ebn e p\u00ebrditshme dhe t\u00eb krijohet hap\u00ebsir\u00eb p\u00ebr t\u00eb mir\u00ebt dhe p\u00ebr ata q\u00eb mund","og_url":"https:\/\/www.visit-ulcinj.com\/blog\/2016\/09\/07\/abazoviq-politikanet-duhet-ti-ndryshojne-vlerat-e-sistemit\/","og_site_name":"Lajme nga Ulqini","article_published_time":"2016-09-07T16:45:40+00:00","og_image":[{"url":"http:\/\/www.visit-ulcinj.com\/blog\/wp-content\/uploads\/2016\/09\/Dritan-Abazoviq.jpg"}],"twitter_misc":{"Written by":"ulqini","Est. reading time":"1 minute"},"schema":{"@context":"https:\/\/schema.org","@graph":[{"@type":"WebSite","@id":"https:\/\/www.visit-ulcinj.com\/blog\/#website","url":"https:\/\/www.visit-ulcinj.com\/blog\/","name":"Lajme nga Ulqini","description":"Lajme,Vijesti,Ulqini,Ulqin,Crna Gora,Mali i Zi","potentialAction":[{"@type":"SearchAction","target":{"@type":"EntryPoint","urlTemplate":"https:\/\/www.visit-ulcinj.com\/blog\/?s={search_term_string}"},"query-input":"required name=search_term_string"}],"inLanguage":"en-US"},{"@type":"ImageObject","inLanguage":"en-US","@id":"https:\/\/www.visit-ulcinj.com\/blog\/2016\/09\/07\/abazoviq-politikanet-duhet-ti-ndryshojne-vlerat-e-sistemit\/#primaryimage","url":"https:\/\/www.visit-ulcinj.com\/blog\/wp-content\/uploads\/2016\/09\/Dritan-Abazoviq.jpg","contentUrl":"https:\/\/www.visit-ulcinj.com\/blog\/wp-content\/uploads\/2016\/09\/Dritan-Abazoviq.jpg","width":560,"height":352},{"@type":"WebPage","@id":"https:\/\/www.visit-ulcinj.com\/blog\/2016\/09\/07\/abazoviq-politikanet-duhet-ti-ndryshojne-vlerat-e-sistemit\/#webpage","url":"https:\/\/www.visit-ulcinj.com\/blog\/2016\/09\/07\/abazoviq-politikanet-duhet-ti-ndryshojne-vlerat-e-sistemit\/","name":"Abazoviq: Politikan\u00ebt duhet ti ndryshojn\u00eb vlerat e sistemit - Lajme nga Ulqini","isPartOf":{"@id":"https:\/\/www.visit-ulcinj.com\/blog\/#website"},"primaryImageOfPage":{"@id":"https:\/\/www.visit-ulcinj.com\/blog\/2016\/09\/07\/abazoviq-politikanet-duhet-ti-ndryshojne-vlerat-e-sistemit\/#primaryimage"},"datePublished":"2016-09-07T16:45:40+00:00","dateModified":"2016-09-07T16:45:40+00:00","author":{"@id":"https:\/\/www.visit-ulcinj.com\/blog\/#\/schema\/person\/dcab619c614d3038751c63bc2aadc06d"},"description":"\u201cN\u00eb Mal t\u00eb Zi duhet ndryshuar politika aktuale, t\u00eb futen standarde t\u00eb reja n\u00eb jet\u00ebn e p\u00ebrditshme dhe t\u00eb krijohet hap\u00ebsir\u00eb p\u00ebr t\u00eb mir\u00ebt dhe p\u00ebr ata q\u00eb mund","breadcrumb":{"@id":"https:\/\/www.visit-ulcinj.com\/blog\/2016\/09\/07\/abazoviq-politikanet-duhet-ti-ndryshojne-vlerat-e-sistemit\/#breadcrumb"},"inLanguage":"en-US","potentialAction":[{"@type":"ReadAction","target":["https:\/\/www.visit-ulcinj.com\/blog\/2016\/09\/07\/abazoviq-politikanet-duhet-ti-ndryshojne-vlerat-e-sistemit\/"]}]},{"@type":"BreadcrumbList","@id":"https:\/\/www.visit-ulcinj.com\/blog\/2016\/09\/07\/abazoviq-politikanet-duhet-ti-ndryshojne-vlerat-e-sistemit\/#breadcrumb","itemListElement":[{"@type":"ListItem","position":1,"name":"Abazoviq: Politikan\u00ebt duhet ti ndryshojn\u00eb vlerat e sistemit"}]},{"@type":"Person","@id":"https:\/\/www.visit-ulcinj.com\/blog\/#\/schema\/person\/dcab619c614d3038751c63bc2aadc06d","name":"ulqini","sameAs":["http:\/\/www.visit-ulcinj.com"],"url":"https:\/\/www.visit-ulcinj.com\/blog\/author\/admin\/"}]}},"jetpack_featured_media_url":"","jetpack_sharing_enabled":true,"jetpack_shortlink":"https:\/\/wp.me\/pe6lTn-pTk","_links":{"self":[{"href":"https:\/\/www.visit-ulcinj.com\/blog\/wp-json\/wp\/v2\/posts\/99530"}],"collection":[{"href":"https:\/\/www.visit-ulcinj.com\/blog\/wp-json\/wp\/v2\/posts"}],"about":[{"href":"https:\/\/www.visit-ulcinj.com\/blog\/wp-json\/wp\/v2\/types\/post"}],"author":[{"embeddable":true,"href":"https:\/\/www.visit-ulcinj.com\/blog\/wp-json\/wp\/v2\/users\/1"}],"replies":[{"embeddable":true,"href":"https:\/\/www.visit-ulcinj.com\/blog\/wp-json\/wp\/v2\/comments?post=99530"}],"version-history":[{"count":1,"href":"https:\/\/www.visit-ulcinj.com\/blog\/wp-json\/wp\/v2\/posts\/99530\/revisions"}],"predecessor-version":[{"id":99532,"href":"https:\/\/www.visit-ulcinj.com\/blog\/wp-json\/wp\/v2\/posts\/99530\/revisions\/99532"}],"wp:attachment":[{"href":"https:\/\/www.visit-ulcinj.com\/blog\/wp-json\/wp\/v2\/media?parent=99530"}],"wp:term":[{"taxonomy":"category","embeddable":true,"href":"https:\/\/www.visit-ulcinj.com\/blog\/wp-json\/wp\/v2\/categories?post=99530"},{"taxonomy":"post_tag","embeddable":true,"href":"https:\/\/www.visit-ulcinj.com\/blog\/wp-json\/wp\/v2\/tags?post=99530"}],"curies":[{"name":"wp","href":"https:\/\/api.w.org\/{rel}","templated":true}]}}