{"id":99533,"date":"2016-09-07T18:37:47","date_gmt":"2016-09-07T17:37:47","guid":{"rendered":"http:\/\/www.visit-ulcinj.com\/blog\/?p=99533"},"modified":"2016-09-11T07:23:28","modified_gmt":"2016-09-11T06:23:28","slug":"nika-tema-dhe-anatema-e-dites-ne-ulqin","status":"publish","type":"post","link":"https:\/\/www.visit-ulcinj.com\/blog\/2016\/09\/07\/nika-tema-dhe-anatema-e-dites-ne-ulqin\/","title":{"rendered":"Nika: Tema dhe Anatema e dit\u00ebs n\u00eb Ulqin \u2026?!!"},"content":{"rendered":"<p><strong>Shkruan \u00a0Muhamet Nika<\/strong><\/p>\n<p>Kur p\u00ebrdorim\u00a0 nj\u00eb\u00a0 titull t\u00eb k\u00ebtill\u00eb- \u00a0p\u00ebr nj\u00eb ngjarje ditore\u00a0 zakonisht kuptojm\u00eb\u00a0 q\u00eb \u201ctema \u201c \u00ebsht\u00eb ajo p\u00ebr t\u00eb cil\u00ebn njer\u00ebzit\u00a0 duan dhe u duhet t\u00eb flasin. Kuptohet edhe\u00a0 n\u00eb kuptimin e k\u00ebng\u00ebs s\u00eb dikurshme, t\u00eb Enverit : \u201c Rrnoft partia (u) desht\u00a0 me than\u00eb&#8230;\u201d..?!<\/p>\n<p>P\u00ebr\u00a0 dje- ta z\u00ebm\u00eb, \u00a0tem\u00eb e dit\u00ebs ishte ardhja e Millos n\u00eb Ulqin&#8230;?! Dhe p\u00ebr k\u00ebt\u00eb jemi \u00a0gjith\u00eb dakord&#8230;, edhe pse na tha se \u201cka cof\u00eb\u201d &#8211; rruga Kryth\u00eb \u2013Ulqin, sepse ka ra tenderi&#8230;.?! Nd\u00ebrsa\u00a0 anatema e dit\u00ebs , p\u00ebr \u00e7ka\u00a0 portaleve (gazetar\u00ebve) u takon t\u00eb flasin, por druhen&#8230;dhe nuk flasin do t\u00eb\u00a0 flasim m\u00eb posht\u00eb , pasi t\u00eb kem folur\u00a0\u00a0 mjaftuesh\u00ebm \u00a0fillimisht p\u00ebr tem\u00ebn.<\/p>\n<p><strong><em>TEMA<\/em><\/strong><\/p>\n<p>Kur\u00a0 e b\u00ebra k\u00ebt\u00eb fotografi \u2013 duke pritur M. Gjukanoviqin, pak para arritjes, u ula n\u00eb zyr\u00eb\u00a0 dhe me nj\u00ebher\u00eb vendosa t\u00eb hedh n\u00eb let\u00ebr t\u00eb\u00a0 gjitha mendimet q\u00eb do t\u00eb m\u00eb vinin n\u00eb kok\u00eb\u00a0 p\u00ebr tem\u00ebn dhe anatem\u00ebn e dit\u00ebs \u00a0dhe ashtu b\u00ebra.<\/p>\n<p>Gj\u00ebja e par\u00eb q\u00eb u mundova t\u00eb gjej\u00eb , ishte ky titull i shkrimit\u00a0 q\u00eb e shihni dhe m\u00eb pas mendimet m\u00eb rrodh\u00ebn lum\u00eb &#8211;\u00a0 me vegime.<\/p>\n<p><strong><em>Fotografia m\u00eb posht\u00eb\u00a0 sh\u00ebnon atmosfer\u00ebn e pritjes s\u00eb kryeministrit para komune- n\u00eb prag t\u00eb ardhjes.<\/em><\/strong><\/p>\n<p><a href=\"http:\/\/www.visit-ulcinj.com\/blog\/wp-content\/uploads\/2016\/09\/Pritja-e-Gjukanoviqit-ne-Komun-Ulqin.jpg\"><img loading=\"lazy\" class=\"alignleft wp-image-99534\" src=\"http:\/\/www.visit-ulcinj.com\/blog\/wp-content\/uploads\/2016\/09\/Pritja-e-Gjukanoviqit-ne-Komun-Ulqin.jpg\" alt=\"Pritja e Gjukanoviqit ne Komun-Ulqin\" width=\"508\" height=\"262\" srcset=\"https:\/\/www.visit-ulcinj.com\/blog\/wp-content\/uploads\/2016\/09\/Pritja-e-Gjukanoviqit-ne-Komun-Ulqin.jpg 623w, https:\/\/www.visit-ulcinj.com\/blog\/wp-content\/uploads\/2016\/09\/Pritja-e-Gjukanoviqit-ne-Komun-Ulqin-300x155.jpg 300w\" sizes=\"(max-width: 508px) 100vw, 508px\" \/><\/a><\/p>\n<p>&nbsp;<\/p>\n<p>Dhe tashti , duke vazhduar\u00a0 m\u00eb gjat\u00eb me\u00a0 vegime t\u00eb mija ,dua ta nisi \u201c\u00a0 te koleg\u00ebt \u00a0e Cungut..\u201d15 personat (udh\u00ebheqja ..)q\u00eb zgjodh \u00a0ai si kryetari i komun\u00ebs, \u00a0ku\u00a0\u00a0 \u00a0vet\u00ebm 2 prej tyre\u00a0 i plot\u00ebsojn\u00eb kushtet , kurse i treti prtitet t\u2019i plot\u00ebsoj\u00eb edhe nja dy vite<strong>?!!<\/strong><\/p>\n<p><strong>E kjo nxjerr konstatimin q\u00eb : THJESHT\u00cb \u00a0\u00a0N\u00cb\u00a0 ULQIN ,KEMI \u00a0\u00a0T\u00cb INSTALUAR\u00a0 E T\u00cb MALLKUAR , \u00a0NJ\u00cb \u00a0PUSHTET \u00a0T\u00cb \u00a0PALIGJSH\u00cbM &#8230;?!!<\/strong><\/p>\n<p>Mbase \u00a0\u00ebsht\u00eb shum\u00eb interesant\u00eb t\u00eb thuhet\u00a0 , q\u00eb ata t\u00eb cil\u00ebt i plot\u00ebsonin\u00a0 kushtet \u2013ta prisnin, \u00a0as nuk\u00a0 i pam\u00eb duke pritur Millon&#8230;?!\u201d Mbase edhe k\u00ebta , kan\u00eb filluar t\u00eb ndihen , n\u00eb mesin e \u201ckoleg\u00ebve .\u201d <em>, si\u00a0 puna e \u00a0\u201c atyre \u00a0\u00a02 deleve t\u00eb\u00a0\u00a0 \u00a0zeza\u00a0 me t\u00eb bardhat&#8230;\u201d?! P\u00ebr t\u00eb cilat \u2013 barinjt\u00eb thon\u00eb se nuk ndihen mir\u00eb- Po\u00a0 Cungu, si thua ndihet&#8230;?!!<\/em><\/p>\n<p>Mir\u00ebpo pasi pushteti na qenk\u00ebsh \u00a0me shifra edhe\u00a0 \u00a0ne , \u00a0\u00a0nuk po iu p\u00ebrmendim emrin, por\u00a0 po cekim se n\u00eb takim , munguan \u00a0ata q\u00eb bartin shifrat 08-ta dhe\u00a0 15-ta&#8230;?!!<\/p>\n<p><strong><em>E \u00a0tashti\u00a0 a u afrua kiameti&#8230;. ?!<\/em><\/strong><\/p>\n<p>Ne\u00a0 Themi se po, e qe pse: Thuhet\u00a0 q\u00eb\u00a0 pushteti tok\u00ebsor\u00a0 \u00ebsht\u00eb imitim formal i pushtetit hyjnor . Pra ashtu si Zoti, kur\u00a0 krijoi\u00a0 gjith\u00ebsin\u00eb\u00a0 dhe\u00a0 i ra t\u00eb ishte i pari- si em\u00ebr- ai\u00a0 u shkrua me\u00a0\u00a0 A (alfa) dhe i dyti me B (beta)- engj\u00ebjt.., kurse profet\u00ebt\u00a0 i bie t\u00eb jen\u00eb gama &#8230;.?!<\/p>\n<p>Kurse\u00a0\u00a0 sipas parimit latin- nj\u00eb em\u00ebr \u2013 nj\u00eb num\u00ebr, \u00a0\u00a0t\u00eb pushtetit hyjnor \u2013 ky \u00a0tok\u00ebsori p\u00ebr\u00a0 romak\u00ebt , shohim\u00a0 se dha \u00a0nj\u00eb fjal\u00eb (em\u00ebr) ,\u00a0 nj\u00eb num\u00ebr. Nga kjo, kemi situat\u00ebn,\u00a0 q\u00eb\u00a0\u00a0\u00a0 emri (A) <strong>i pari &#8211; kryetari, <\/strong>n\u00eb pushtet\u00a0 tok\u00ebsor t\u00eb b\u00ebhet me shif\u00ebr \u00a001. Zeroja \u00a0n\u00ebnkupton (hi\u00e7in- popullin), kurse nj\u00ebshi \u2013kryetarin q\u00eb zgjidhet i pari \u2013 pra kryetarin e kuvendit&#8230;, n\u00eb Ulqin- Loron&#8230;?!!<\/p>\n<p>&#8211; \u00a0Andaj\u00a0 te ne, \u00a0kryetari i kuvendit, Loroja &#8211;\u00a0\u00a0 po thon\u00eb latin\u00ebt&#8230;,\u00a0 me shif\u00ebr\u00a0 i takon\u00a0 t\u00eb jet\u00eb i pari( po edhe me num\u00ebr-t\u00eb votave&#8230;) , mir\u00ebpo e shohim q\u00eb n\u00eb shif\u00ebr t\u00eb komun\u00ebs , t\u00eb jet\u00eb b\u00ebr\u00eb\u00a0 i dyti-<strong>02<\/strong> ?!<\/p>\n<p>K\u00ebshtu\u00a0\u00a0 ishte edhe n\u00eb koh\u00ebn time \u2013mund t\u00eb thot\u00eb dikush- po,\u00a0 por kryetari i komun\u00ebs at\u00ebher\u00eb\u00a0 zgjidhej direkt nga populli (o) e jo si sot nga kuvendi, andaj edhe i takonte loros \u00a0t\u00eb ishte 01 ?!! Dhe \u00a0tashti i dyti- kryetari i komun\u00ebs ,shohim se\u00a0 ia zuri shifr\u00ebn ( 01)\u00a0 pasi shprehur n\u00eb dialekt,\u00a0 i \u00a0ka \u201c <strong><em>kacy \u00a0ciprit. ..\u201d,<\/em><\/strong> mir\u00eb e mir\u00eb&#8230;.e me t\u00eb but\u00eb&#8230;., k\u00ebtij t\u00eb kuvendit duke e b\u00ebr\u00eb 02\u201d?!! Mbase edhe me marr\u00ebveshje&#8230;?!! ANI&#8230;.?!!!<\/p>\n<p>Dhe k\u00ebshtu, \u00a0\u00a0kur \u00a0kryetari i komun\u00ebs, \u00a0pati \u201csukses ..\u201dt\u00eb b\u00ebhej \u201c 01- ai,\u00a0 pa e pyetur m\u00eb , o1-shin e v\u00ebrtet\u00eb,\u00a0 i zgjodhi n\u00eb em\u00ebr t\u00eb kuvendit edhe nja 15 veta tjer\u00eb, \u00a0q\u00eb sot fshihen\u00a0 pas shifrave\u00a0 e jo pas arsimimit dhe ligjeve&#8230;, kuptohet \u00a0sipas qejfit t\u00eb \u201c01\u201d\u00a0 &#8230;?!\u00a0\u00a0 Por \u00a0duke i paguar mir\u00eb \u00a0me rrog\u00eb \u2013bile edhe n\u00eb m\u00ebnyr\u00eb antikushtetuese..?!!<\/p>\n<p><strong><em>\u00a0Po cila ishte ANATEMA e dit\u00ebs s\u00eb djeshme?!!<\/em><\/strong><\/p>\n<p><strong><em>\u00a0&#8211;\u00a0 nga profeti: Koha \u00ebsht\u00eb shpat\u00eb, n\u00ebse ti nuk e pret , t\u00eb pret ajo ty&#8230;?!<\/em><\/strong><\/p>\n<p>Nuk e di p\u00ebrse \u2013 porse \u00a0zemra\u00a0 m\u00eb\u00a0 ndihet \u00a0keq- qysh se\u00a0 pash\u00eb fotografin\u00eb e tem\u00ebs s\u00eb PUSHT(SHTETI)T&#8230;?! dhe kur m\u00eb ra n\u00eb dor\u00eb kjo mir\u00ebnjohje , p\u00ebr t\u00eb cil\u00ebn autori\u00a0\u00a0 m\u00eb tha , ta b\u00ebj\u00eb publike sepse nuk \u00ebsht\u00eb vet\u00ebm e tija \u00a0personale&#8230;.?!<\/p>\n<p><a href=\"http:\/\/www.visit-ulcinj.com\/blog\/wp-content\/uploads\/2016\/09\/Mirnjohje-Gjylaver-Avdiut-nga-Ulqini.jpg\"><img loading=\"lazy\" class=\"alignleft wp-image-99535\" src=\"http:\/\/www.visit-ulcinj.com\/blog\/wp-content\/uploads\/2016\/09\/Mirnjohje-Gjylaver-Avdiut-nga-Ulqini.jpg\" alt=\"Mirnjohje-Gjylaver Avdiut nga Ulqini\" width=\"508\" height=\"690\" srcset=\"https:\/\/www.visit-ulcinj.com\/blog\/wp-content\/uploads\/2016\/09\/Mirnjohje-Gjylaver-Avdiut-nga-Ulqini.jpg 618w, https:\/\/www.visit-ulcinj.com\/blog\/wp-content\/uploads\/2016\/09\/Mirnjohje-Gjylaver-Avdiut-nga-Ulqini-221x300.jpg 221w\" sizes=\"(max-width: 508px) 100vw, 508px\" \/><\/a><\/p>\n<p>Nga kjo mund t\u00eb \u00a0shihet se fjala \u00ebsht\u00eb p\u00ebr\u00a0 mir\u00ebnjohjen e dh\u00ebn\u00eb nga\u00a0 Organizata e Veteran\u00ebve t\u00eb\u00a0 Luft\u00ebs t\u00eb Ushtris\u00eb\u00a0 \u00c7lirimtare\u00a0 t\u00eb Kosov\u00ebs- \u00a0Gjylaver Avdiut nga Ulqini.<\/p>\n<p>Ai shprehet \u00a0se i fal\u00ebnderohet organizat\u00ebs q\u00eb e ka par\u00eb t\u00eb udh\u00ebs t\u00eb m\u00eb dekoroj\u00eb , por m\u00eb tep\u00ebr hezitoi t\u00eb flas\u00eb&#8230;?!<\/p>\n<p>Me gjith\u00eb at\u00eb , nuk e kuptova- Njer\u00ebzit sot, po duket\u00a0 edhe n\u00eb Ulqin, p\u00ebr arsye t\u00eb ndryshme edhe me porosi\u00a0 mund\u00a0 t\u00eb\u00a0 ngjaj\u00eb t\u2019i blejn\u00eb k\u00ebto tituj&#8230;?!! N\u00eb kuptimin edhe kur nuk u shkojn\u00eb, si puna e atij emisioni televiziv \u00a0shqiptar\u2013 \u00e7ifte t\u00eb lumtura; ku defilojn\u00eb ata q\u00eb kan\u00eb pasur n\u00eb jet\u00eb shum\u00eb aventura dashurie e martesa t\u00eb d\u00ebshtuara ..?!! Por k\u00ebshtu iu ka qejfi\u00a0 dhe k\u00ebshtu le t\u00eb jet\u00eb&#8230;?!!<\/p>\n<p>Me gjith\u00eb at\u00eb , nga ajo q\u00eb ne u kujtuam t\u00eb ve\u00e7ojm\u00eb p\u00ebr \u00a0k\u00ebt\u00eb rast\u00a0 p\u00ebr Gjylin , shkurt do t\u00eb ishte \u00a0kjo:<\/p>\n<p>Gjylaver Avdiu , \u00ebsht\u00eb nga Ulqini , ai \u00ebsht\u00eb i p\u00ebrndjekur politik&#8230; , ka shkruar , jo rast\u00ebsisht , nj\u00eb lib\u00ebr t\u00eb par\u00eb \u00a0me titull \u201c Pishtar\u00ebt e liris\u00eb\u201d dhe disa krijime tjera poetiko- letrare, nga t\u00eb cil\u00ebt dua t\u00eb ve\u00e7oj , librin publicistik\u00eb \u201c Pararoja\u00a0 e liris\u00eb\u201d, n\u00eb t\u00eb cil\u00ebn flet\u00a0 edhe\u00a0 p\u00ebr kontributin\u00a0 e m\u00ebrgat\u00ebs shqiptaro amerikane \u00a0nga Ulqini dhe m\u00eb gjer\u00eb, si dhe p\u00ebr kontributin e k\u00ebsaj m\u00ebrgate n\u00eb\u00a0 \u00e7\u00ebshtjen e rezistenc\u00ebs kosovare.<\/p>\n<p>Shtojm\u00eb se dim\u00eb q\u00eb\u00a0 Gjylaveri, ishte\u00a0 sekretar i Fondit \u2013 Vend lindja\u00a0 Th\u00ebrret- p\u00ebr \u00a0lagjen Broklin- Quinz . N\u00eb koh\u00ebn\u00a0 e\u00a0 rezistenc\u00ebs \u00a0n\u00eb Kosov\u00eb dhe shohim se nga m\u00ebrgata , \u00a0u mblodh\u00ebn diku rreth 300 mij\u00eb dollar\u00eb&#8230;<\/p>\n<p>Kalimthi p\u00ebrmendim se k\u00ebtyre dit\u00ebve botoi edhe romanin Falja , i cili i referohet tem\u00ebs s\u00eb luft\u00ebs n\u00eb Kosov\u00eb- p\u00ebrdhunimeve\u00a0 t\u00eb femrave shqiptare nga paramilitar\u00ebt serb\u00eb.<\/p>\n<p><a href=\"http:\/\/www.visit-ulcinj.com\/blog\/wp-content\/uploads\/2014\/11\/Muhamet-Nika.jpg\"><img loading=\"lazy\" class=\"alignleft wp-image-86143 size-thumbnail\" src=\"http:\/\/www.visit-ulcinj.com\/blog\/wp-content\/uploads\/2014\/11\/Muhamet-Nika-150x150.jpg\" alt=\"Muhamet Nika\" width=\"150\" height=\"150\" \/><\/a><strong>Sudski tuma\u010d- P\u00ebrkthyes gjyq\u00ebsor  \u201c MUHAMET NIKA \u201d Ulcinj- Ulqin<\/strong><\/p>\n<p><strong>Adresa:<\/strong>  zgrada  SO ULCINJ- nd\u00ebrtesa e KK Ulqin<\/p>\n<p><strong>Telefon-i:              <\/strong> 068 264 122<\/p>\n<p><strong>Email-i <\/strong>: <strong><a href=\"mailto:muhamet-nika@hotmail.com\">muhamet-nika@hotmail.com<\/a><\/strong><\/p>\n<p>Albanski jezik-  prof. Albanskog  jezika<\/p>\n<p>Gjuh\u00eb shqipe- prof. I gjuh\u00ebs shqipe<\/p>\n<p>&nbsp;<\/p>\n<p><strong>Pik\u00ebpamjet e shprehura n\u00eb faqen \u201cOPINIONE\u201d nuk p\u00ebrfaq\u00ebsojn\u00eb domosdoshm\u00ebrisht politik\u00ebn redaksionale t\u00eb \u201eLajmeve nga Ulqini\u201e<\/strong><\/p>\n","protected":false},"excerpt":{"rendered":"<p>Shkruan \u00a0Muhamet Nika Kur p\u00ebrdorim\u00a0 nj\u00eb\u00a0 titull t\u00eb k\u00ebtill\u00eb- \u00a0p\u00ebr nj\u00eb ngjarje ditore\u00a0 zakonisht kuptojm\u00eb\u00a0 q\u00eb \u201ctema \u201c \u00ebsht\u00eb ajo p\u00ebr t\u00eb cil\u00ebn njer\u00ebzit\u00a0 duan dhe u duhet t\u00eb flasin. Kuptohet edhe\u00a0 n\u00eb kuptimin e k\u00ebng\u00ebs s\u00eb dikurshme, t\u00eb Enverit : \u201c Rrnoft partia (u) desht\u00a0 me than\u00eb&#8230;\u201d..?! P\u00ebr\u00a0 dje- ta z\u00ebm\u00eb, \u00a0tem\u00eb e dit\u00ebs [&hellip;]<\/p>\n","protected":false},"author":1,"featured_media":0,"comment_status":"closed","ping_status":"closed","sticky":false,"template":"","format":"standard","meta":{"spay_email":"","jetpack_publicize_message":"","jetpack_is_tweetstorm":false,"jetpack_publicize_feature_enabled":true},"categories":[14249],"tags":[],"jetpack_publicize_connections":[],"yoast_head":"<!-- This site is optimized with the Yoast SEO plugin v19.1 - https:\/\/yoast.com\/wordpress\/plugins\/seo\/ -->\n<title>Nika: Tema dhe Anatema e dit\u00ebs n\u00eb Ulqin \u2026?!! - Lajme nga Ulqini<\/title>\n<meta name=\"description\" content=\"Shkruan \u00a0Muhamet Nika Kur p\u00ebrdorim\u00a0 nj\u00eb\u00a0 titull t\u00eb k\u00ebtill\u00eb- \u00a0p\u00ebr nj\u00eb ngjarje ditore\u00a0 zakonisht kuptojm\u00eb\u00a0 q\u00eb \u201ctema \u201c \u00ebsht\u00eb ajo p\u00ebr t\u00eb cil\u00ebn njer\u00ebzit\u00a0 duan\" \/>\n<meta name=\"robots\" content=\"index, follow, max-snippet:-1, max-image-preview:large, max-video-preview:-1\" \/>\n<link rel=\"canonical\" href=\"https:\/\/www.visit-ulcinj.com\/blog\/2016\/09\/07\/nika-tema-dhe-anatema-e-dites-ne-ulqin\/\" \/>\n<meta property=\"og:locale\" content=\"en_US\" \/>\n<meta property=\"og:type\" content=\"article\" \/>\n<meta property=\"og:title\" content=\"Nika: Tema dhe Anatema e dit\u00ebs n\u00eb Ulqin \u2026?!! - Lajme nga Ulqini\" \/>\n<meta property=\"og:description\" content=\"Shkruan \u00a0Muhamet Nika Kur p\u00ebrdorim\u00a0 nj\u00eb\u00a0 titull t\u00eb k\u00ebtill\u00eb- \u00a0p\u00ebr nj\u00eb ngjarje ditore\u00a0 zakonisht kuptojm\u00eb\u00a0 q\u00eb \u201ctema \u201c \u00ebsht\u00eb ajo p\u00ebr t\u00eb cil\u00ebn njer\u00ebzit\u00a0 duan\" \/>\n<meta property=\"og:url\" content=\"https:\/\/www.visit-ulcinj.com\/blog\/2016\/09\/07\/nika-tema-dhe-anatema-e-dites-ne-ulqin\/\" \/>\n<meta property=\"og:site_name\" content=\"Lajme nga Ulqini\" \/>\n<meta property=\"article:published_time\" content=\"2016-09-07T17:37:47+00:00\" \/>\n<meta property=\"article:modified_time\" content=\"2016-09-11T06:23:28+00:00\" \/>\n<meta property=\"og:image\" content=\"http:\/\/www.visit-ulcinj.com\/blog\/wp-content\/uploads\/2016\/09\/Pritja-e-Gjukanoviqit-ne-Komun-Ulqin.jpg\" \/>\n<meta name=\"twitter:label1\" content=\"Written by\" \/>\n\t<meta name=\"twitter:data1\" content=\"ulqini\" \/>\n\t<meta name=\"twitter:label2\" content=\"Est. reading time\" \/>\n\t<meta name=\"twitter:data2\" content=\"6 minutes\" \/>\n<script type=\"application\/ld+json\" class=\"yoast-schema-graph\">{\"@context\":\"https:\/\/schema.org\",\"@graph\":[{\"@type\":\"WebSite\",\"@id\":\"https:\/\/www.visit-ulcinj.com\/blog\/#website\",\"url\":\"https:\/\/www.visit-ulcinj.com\/blog\/\",\"name\":\"Lajme nga Ulqini\",\"description\":\"Lajme,Vijesti,Ulqini,Ulqin,Crna Gora,Mali i Zi\",\"potentialAction\":[{\"@type\":\"SearchAction\",\"target\":{\"@type\":\"EntryPoint\",\"urlTemplate\":\"https:\/\/www.visit-ulcinj.com\/blog\/?s={search_term_string}\"},\"query-input\":\"required name=search_term_string\"}],\"inLanguage\":\"en-US\"},{\"@type\":\"ImageObject\",\"inLanguage\":\"en-US\",\"@id\":\"https:\/\/www.visit-ulcinj.com\/blog\/2016\/09\/07\/nika-tema-dhe-anatema-e-dites-ne-ulqin\/#primaryimage\",\"url\":\"https:\/\/www.visit-ulcinj.com\/blog\/wp-content\/uploads\/2016\/09\/Pritja-e-Gjukanoviqit-ne-Komun-Ulqin.jpg\",\"contentUrl\":\"https:\/\/www.visit-ulcinj.com\/blog\/wp-content\/uploads\/2016\/09\/Pritja-e-Gjukanoviqit-ne-Komun-Ulqin.jpg\",\"width\":623,\"height\":321},{\"@type\":\"WebPage\",\"@id\":\"https:\/\/www.visit-ulcinj.com\/blog\/2016\/09\/07\/nika-tema-dhe-anatema-e-dites-ne-ulqin\/#webpage\",\"url\":\"https:\/\/www.visit-ulcinj.com\/blog\/2016\/09\/07\/nika-tema-dhe-anatema-e-dites-ne-ulqin\/\",\"name\":\"Nika: Tema dhe Anatema e dit\u00ebs n\u00eb Ulqin \u2026?!! - Lajme nga Ulqini\",\"isPartOf\":{\"@id\":\"https:\/\/www.visit-ulcinj.com\/blog\/#website\"},\"primaryImageOfPage\":{\"@id\":\"https:\/\/www.visit-ulcinj.com\/blog\/2016\/09\/07\/nika-tema-dhe-anatema-e-dites-ne-ulqin\/#primaryimage\"},\"datePublished\":\"2016-09-07T17:37:47+00:00\",\"dateModified\":\"2016-09-11T06:23:28+00:00\",\"author\":{\"@id\":\"https:\/\/www.visit-ulcinj.com\/blog\/#\/schema\/person\/dcab619c614d3038751c63bc2aadc06d\"},\"description\":\"Shkruan \u00a0Muhamet Nika Kur p\u00ebrdorim\u00a0 nj\u00eb\u00a0 titull t\u00eb k\u00ebtill\u00eb- \u00a0p\u00ebr nj\u00eb ngjarje ditore\u00a0 zakonisht kuptojm\u00eb\u00a0 q\u00eb \u201ctema \u201c \u00ebsht\u00eb ajo p\u00ebr t\u00eb cil\u00ebn njer\u00ebzit\u00a0 duan\",\"breadcrumb\":{\"@id\":\"https:\/\/www.visit-ulcinj.com\/blog\/2016\/09\/07\/nika-tema-dhe-anatema-e-dites-ne-ulqin\/#breadcrumb\"},\"inLanguage\":\"en-US\",\"potentialAction\":[{\"@type\":\"ReadAction\",\"target\":[\"https:\/\/www.visit-ulcinj.com\/blog\/2016\/09\/07\/nika-tema-dhe-anatema-e-dites-ne-ulqin\/\"]}]},{\"@type\":\"BreadcrumbList\",\"@id\":\"https:\/\/www.visit-ulcinj.com\/blog\/2016\/09\/07\/nika-tema-dhe-anatema-e-dites-ne-ulqin\/#breadcrumb\",\"itemListElement\":[{\"@type\":\"ListItem\",\"position\":1,\"name\":\"Nika: Tema dhe Anatema e dit\u00ebs n\u00eb Ulqin \u2026?!!\"}]},{\"@type\":\"Person\",\"@id\":\"https:\/\/www.visit-ulcinj.com\/blog\/#\/schema\/person\/dcab619c614d3038751c63bc2aadc06d\",\"name\":\"ulqini\",\"sameAs\":[\"http:\/\/www.visit-ulcinj.com\"],\"url\":\"https:\/\/www.visit-ulcinj.com\/blog\/author\/admin\/\"}]}<\/script>\n<!-- \/ Yoast SEO plugin. -->","yoast_head_json":{"title":"Nika: Tema dhe Anatema e dit\u00ebs n\u00eb Ulqin \u2026?!! - Lajme nga Ulqini","description":"Shkruan \u00a0Muhamet Nika Kur p\u00ebrdorim\u00a0 nj\u00eb\u00a0 titull t\u00eb k\u00ebtill\u00eb- \u00a0p\u00ebr nj\u00eb ngjarje ditore\u00a0 zakonisht kuptojm\u00eb\u00a0 q\u00eb \u201ctema \u201c \u00ebsht\u00eb ajo p\u00ebr t\u00eb cil\u00ebn njer\u00ebzit\u00a0 duan","robots":{"index":"index","follow":"follow","max-snippet":"max-snippet:-1","max-image-preview":"max-image-preview:large","max-video-preview":"max-video-preview:-1"},"canonical":"https:\/\/www.visit-ulcinj.com\/blog\/2016\/09\/07\/nika-tema-dhe-anatema-e-dites-ne-ulqin\/","og_locale":"en_US","og_type":"article","og_title":"Nika: Tema dhe Anatema e dit\u00ebs n\u00eb Ulqin \u2026?!! - Lajme nga Ulqini","og_description":"Shkruan \u00a0Muhamet Nika Kur p\u00ebrdorim\u00a0 nj\u00eb\u00a0 titull t\u00eb k\u00ebtill\u00eb- \u00a0p\u00ebr nj\u00eb ngjarje ditore\u00a0 zakonisht kuptojm\u00eb\u00a0 q\u00eb \u201ctema \u201c \u00ebsht\u00eb ajo p\u00ebr t\u00eb cil\u00ebn njer\u00ebzit\u00a0 duan","og_url":"https:\/\/www.visit-ulcinj.com\/blog\/2016\/09\/07\/nika-tema-dhe-anatema-e-dites-ne-ulqin\/","og_site_name":"Lajme nga Ulqini","article_published_time":"2016-09-07T17:37:47+00:00","article_modified_time":"2016-09-11T06:23:28+00:00","og_image":[{"url":"http:\/\/www.visit-ulcinj.com\/blog\/wp-content\/uploads\/2016\/09\/Pritja-e-Gjukanoviqit-ne-Komun-Ulqin.jpg"}],"twitter_misc":{"Written by":"ulqini","Est. reading time":"6 minutes"},"schema":{"@context":"https:\/\/schema.org","@graph":[{"@type":"WebSite","@id":"https:\/\/www.visit-ulcinj.com\/blog\/#website","url":"https:\/\/www.visit-ulcinj.com\/blog\/","name":"Lajme nga Ulqini","description":"Lajme,Vijesti,Ulqini,Ulqin,Crna Gora,Mali i Zi","potentialAction":[{"@type":"SearchAction","target":{"@type":"EntryPoint","urlTemplate":"https:\/\/www.visit-ulcinj.com\/blog\/?s={search_term_string}"},"query-input":"required name=search_term_string"}],"inLanguage":"en-US"},{"@type":"ImageObject","inLanguage":"en-US","@id":"https:\/\/www.visit-ulcinj.com\/blog\/2016\/09\/07\/nika-tema-dhe-anatema-e-dites-ne-ulqin\/#primaryimage","url":"https:\/\/www.visit-ulcinj.com\/blog\/wp-content\/uploads\/2016\/09\/Pritja-e-Gjukanoviqit-ne-Komun-Ulqin.jpg","contentUrl":"https:\/\/www.visit-ulcinj.com\/blog\/wp-content\/uploads\/2016\/09\/Pritja-e-Gjukanoviqit-ne-Komun-Ulqin.jpg","width":623,"height":321},{"@type":"WebPage","@id":"https:\/\/www.visit-ulcinj.com\/blog\/2016\/09\/07\/nika-tema-dhe-anatema-e-dites-ne-ulqin\/#webpage","url":"https:\/\/www.visit-ulcinj.com\/blog\/2016\/09\/07\/nika-tema-dhe-anatema-e-dites-ne-ulqin\/","name":"Nika: Tema dhe Anatema e dit\u00ebs n\u00eb Ulqin \u2026?!! - Lajme nga Ulqini","isPartOf":{"@id":"https:\/\/www.visit-ulcinj.com\/blog\/#website"},"primaryImageOfPage":{"@id":"https:\/\/www.visit-ulcinj.com\/blog\/2016\/09\/07\/nika-tema-dhe-anatema-e-dites-ne-ulqin\/#primaryimage"},"datePublished":"2016-09-07T17:37:47+00:00","dateModified":"2016-09-11T06:23:28+00:00","author":{"@id":"https:\/\/www.visit-ulcinj.com\/blog\/#\/schema\/person\/dcab619c614d3038751c63bc2aadc06d"},"description":"Shkruan \u00a0Muhamet Nika Kur p\u00ebrdorim\u00a0 nj\u00eb\u00a0 titull t\u00eb k\u00ebtill\u00eb- \u00a0p\u00ebr nj\u00eb ngjarje ditore\u00a0 zakonisht kuptojm\u00eb\u00a0 q\u00eb \u201ctema \u201c \u00ebsht\u00eb ajo p\u00ebr t\u00eb cil\u00ebn njer\u00ebzit\u00a0 duan","breadcrumb":{"@id":"https:\/\/www.visit-ulcinj.com\/blog\/2016\/09\/07\/nika-tema-dhe-anatema-e-dites-ne-ulqin\/#breadcrumb"},"inLanguage":"en-US","potentialAction":[{"@type":"ReadAction","target":["https:\/\/www.visit-ulcinj.com\/blog\/2016\/09\/07\/nika-tema-dhe-anatema-e-dites-ne-ulqin\/"]}]},{"@type":"BreadcrumbList","@id":"https:\/\/www.visit-ulcinj.com\/blog\/2016\/09\/07\/nika-tema-dhe-anatema-e-dites-ne-ulqin\/#breadcrumb","itemListElement":[{"@type":"ListItem","position":1,"name":"Nika: Tema dhe Anatema e dit\u00ebs n\u00eb Ulqin \u2026?!!"}]},{"@type":"Person","@id":"https:\/\/www.visit-ulcinj.com\/blog\/#\/schema\/person\/dcab619c614d3038751c63bc2aadc06d","name":"ulqini","sameAs":["http:\/\/www.visit-ulcinj.com"],"url":"https:\/\/www.visit-ulcinj.com\/blog\/author\/admin\/"}]}},"jetpack_featured_media_url":"","jetpack_sharing_enabled":true,"jetpack_shortlink":"https:\/\/wp.me\/pe6lTn-pTn","_links":{"self":[{"href":"https:\/\/www.visit-ulcinj.com\/blog\/wp-json\/wp\/v2\/posts\/99533"}],"collection":[{"href":"https:\/\/www.visit-ulcinj.com\/blog\/wp-json\/wp\/v2\/posts"}],"about":[{"href":"https:\/\/www.visit-ulcinj.com\/blog\/wp-json\/wp\/v2\/types\/post"}],"author":[{"embeddable":true,"href":"https:\/\/www.visit-ulcinj.com\/blog\/wp-json\/wp\/v2\/users\/1"}],"replies":[{"embeddable":true,"href":"https:\/\/www.visit-ulcinj.com\/blog\/wp-json\/wp\/v2\/comments?post=99533"}],"version-history":[{"count":2,"href":"https:\/\/www.visit-ulcinj.com\/blog\/wp-json\/wp\/v2\/posts\/99533\/revisions"}],"predecessor-version":[{"id":99611,"href":"https:\/\/www.visit-ulcinj.com\/blog\/wp-json\/wp\/v2\/posts\/99533\/revisions\/99611"}],"wp:attachment":[{"href":"https:\/\/www.visit-ulcinj.com\/blog\/wp-json\/wp\/v2\/media?parent=99533"}],"wp:term":[{"taxonomy":"category","embeddable":true,"href":"https:\/\/www.visit-ulcinj.com\/blog\/wp-json\/wp\/v2\/categories?post=99533"},{"taxonomy":"post_tag","embeddable":true,"href":"https:\/\/www.visit-ulcinj.com\/blog\/wp-json\/wp\/v2\/tags?post=99533"}],"curies":[{"name":"wp","href":"https:\/\/api.w.org\/{rel}","templated":true}]}}