{"id":99538,"date":"2016-09-08T13:56:09","date_gmt":"2016-09-08T12:56:09","guid":{"rendered":"http:\/\/www.visit-ulcinj.com\/blog\/?p=99538"},"modified":"2016-09-08T13:56:09","modified_gmt":"2016-09-08T12:56:09","slug":"disa-nga-famulltaret-qe-predikuan-fjalen-e-zotit-ne-famulline-e-trieshit","status":"publish","type":"post","link":"https:\/\/www.visit-ulcinj.com\/blog\/2016\/09\/08\/disa-nga-famulltaret-qe-predikuan-fjalen-e-zotit-ne-famulline-e-trieshit\/","title":{"rendered":"Disa nga famulltar\u00ebt  q\u00eb predikuan fjal\u00ebn e Zotit n\u00eb Famullin\u00eb e Trieshit"},"content":{"rendered":"<p><a href=\"http:\/\/www.visit-ulcinj.com\/blog\/wp-content\/uploads\/2013\/10\/Gjeke-Gjonaj-Ulqin.jpg\"><img loading=\"lazy\" class=\"alignleft wp-image-75393\" src=\"http:\/\/www.visit-ulcinj.com\/blog\/wp-content\/uploads\/2013\/10\/Gjeke-Gjonaj-Ulqin.jpg\" alt=\"Gjeke-Gjonaj-Ulqin\" width=\"508\" height=\"467\" srcset=\"https:\/\/www.visit-ulcinj.com\/blog\/wp-content\/uploads\/2013\/10\/Gjeke-Gjonaj-Ulqin.jpg 606w, https:\/\/www.visit-ulcinj.com\/blog\/wp-content\/uploads\/2013\/10\/Gjeke-Gjonaj-Ulqin-300x275.jpg 300w\" sizes=\"(max-width: 508px) 100vw, 508px\" \/><\/a>Gjek\u00eb Gjonaj<br \/>\nTrieshjan\u00ebt \u00a0jan\u00eb t\u00eb besimit katolik. Ata kan\u00eb famullin\u00eb e tyre\u00a0\u00a0 fran\u00e7eskane e cila\u00a0 gjendet 870 metra mbi nivelin e detit n\u00eb nj\u00eb sip\u00ebrfaqe prej\u00a0 110 metrash katror\u00eb. Kjo famulli , sipas\u00a0 Relacioneve t\u00eb\u00a0 vitit 1864, formohet nga fshatar\u00ebt e ndrysh\u00ebm dhe ka vet\u00ebm nj\u00eb kish\u00eb e 4 varreza. P\u00ebrfshin 185 familje\u00a0 me 1080 frym\u00eb (banor\u00eb). Famullia e Trieshit rrjedh nga ajo e Grud\u00ebs. Q\u00eb n\u00eb lasht\u00ebsi misionari i Grud\u00ebs vizitonte katolik\u00ebt e Trieshit dhe pastaj kthehej s\u00ebrish n\u00eb qendr\u00ebn e Misionit. Edhe Trieshi kaloi n\u00ebn Dioqez\u00ebn e Antivarit pas vitit 1878.Famullin\u00eb fran\u00e7eskane t\u00eb Trieshit e ngrit\u00ebn\u00a0 k\u00ebta prift\u00ebrinj:<br \/>\nPat\u00ebr\u00a0 Joannes Pellegrino nga Bolonja, 1763<br \/>\nPat\u00ebr Giuseppe Umbo, 1766<br \/>\nPad\u00ebr Leonardo Di Bavaria, 1775<br \/>\nPad\u00ebr Michelangelo di Nola,\u00a0 1776<br \/>\nPat\u00ebr Gedeo di Trenta, 1778<br \/>\nPat\u00ebr Girolamo di Mandello, 1781<br \/>\nPat\u00ebr Giuseppe Urbaggnia, 1785<br \/>\nPat\u00ebr Benigno di Appignano, 1785<br \/>\nPat\u00ebr\u00a0 Prisco di Selsa, 1787<br \/>\nPat\u00ebr Lodovico Comini, ( ? )<br \/>\nPat\u00ebr\u00a0 Mariano\u00a0 di Onano , prefekt dy her\u00eb\u00a0 1792<br \/>\nPat\u00ebr Kasimiro NN , 1792,<br \/>\nPat\u00ebr Severino da\u00a0 Ponteza, perfekt , 1794<br \/>\nPat\u00ebr Bernardo di Torino,\u00a0\u00a0 1776<br \/>\nPat\u00ebr Severino Thais ,\u00a0 1775<br \/>\nPat\u00ebr Pad\u00ebr\u00a0 Emiliano\u00a0 Zagorano,\u00a0 1780<br \/>\nPat\u00ebr Vicenzo\u00a0 M.Di Roma\u00a0 1791 \u2013 m\u00ebsoi gjuh\u00ebn shqipe n\u00eb Rom\u00eb<br \/>\nPat\u00ebr\u00a0 Severino da\u00a0 Bavaria,\u00a0 1775<br \/>\nPat\u00ebr Pier Crisologo da Bologna,\u00a0 1783<br \/>\nPat\u00ebr\u00a0 Andrea Francesco Anocluto , 1789<br \/>\nPat\u00ebr Francesco di Casola ,\u00a0 1782<br \/>\nPat\u00ebr Vincenco di Filaziano , 1795<br \/>\nPat\u00ebr\u00a0 P. Pietro ( ?) Frano , 1803<br \/>\nPat\u00ebr Raimondo da Roma , 1805<br \/>\nPat\u00ebr Angelo ?\u00a0 , 1805<br \/>\nPat\u00ebr\u00a0 Antonio Jemino , 1806<br \/>\nPat\u00ebr Mariano di Colomaro ,\u00a0 1807<br \/>\nPat\u00ebr\u00a0 Pietropaolo di Campitelli, prefekt, 1808<br \/>\nPat\u00ebr Matia di Varesci , 1813<br \/>\nPat\u00ebr Matia Vaznes , 1813<br \/>\nPat\u00ebr Girolamo di Lesi, 1819<br \/>\nPat\u00ebr Pietro di Ancona , 1809<br \/>\nPat\u00ebr Teodosio di Parma , 1850<br \/>\nPat\u00ebr Secondiano ab Ancona , 1860<br \/>\nPat\u00ebr D Mhilli Glosonovic , 1895<br \/>\nPat\u00ebr Josef Lochman , 1898<br \/>\nPat\u00ebr Giulio Pindo da Napoli , 1901<br \/>\nPat\u00ebr Leonardo Gojani , 1904-1931<br \/>\nP\u00ebrve\u00e7 k\u00ebtyre famullitar\u00ebve n\u00eb Triesh kan\u00eb sh\u00ebrbyer edhe:<br \/>\nDom Ivo,<br \/>\nDom Marku,<br \/>\nDom Zefi Demiroviq,<br \/>\nPat\u00ebr Gjergji\u00a0 Markstepaj,<br \/>\nDom Simon Filipaj,<br \/>\nPat\u00ebr Zefi Jankaj, i cili personifikohet meshtari i par\u00eb q\u00eb celebroi mesh\u00ebn e shenjt\u00eb n\u00eb gjuh\u00ebn shqipe n\u00eb mbar\u00eb bot\u00ebn e krishter\u00eb shqiptare;<br \/>\nPat\u00ebr Frani Dushaj dhe<br \/>\nPat\u00ebr Mirashi Marinaj.<br \/>\nBesimtar\u00ebt\u00a0 trieshjan\u00eb ritet fetare i kryejn\u00eb n\u00eb Kish\u00ebn\u00a0 \u201c Zoja Rruxare\u201d e cila ndodhet n\u00eb qend\u00ebr t\u00eb fshatit Stjepoh.<br \/>\nRegjistrat e famullis\u00eb s\u00eb Trieshit datojn\u00eb n\u00eb vitin 1763 kur edhe mendohet\u00a0 fillimi i k\u00ebsaj famulli.<\/p>\n","protected":false},"excerpt":{"rendered":"<p>Gjek\u00eb Gjonaj Trieshjan\u00ebt \u00a0jan\u00eb t\u00eb besimit katolik. Ata kan\u00eb famullin\u00eb e tyre\u00a0\u00a0 fran\u00e7eskane e cila\u00a0 gjendet 870 metra mbi nivelin e detit n\u00eb nj\u00eb sip\u00ebrfaqe prej\u00a0 110 metrash katror\u00eb. Kjo famulli , sipas\u00a0 Relacioneve t\u00eb\u00a0 vitit 1864, formohet nga fshatar\u00ebt e ndrysh\u00ebm dhe ka vet\u00ebm nj\u00eb kish\u00eb e 4 varreza. P\u00ebrfshin 185 familje\u00a0 me 1080 [&hellip;]<\/p>\n","protected":false},"author":1,"featured_media":0,"comment_status":"closed","ping_status":"closed","sticky":false,"template":"","format":"standard","meta":{"spay_email":"","jetpack_publicize_message":"","jetpack_is_tweetstorm":false,"jetpack_publicize_feature_enabled":true},"categories":[14],"tags":[],"jetpack_publicize_connections":[],"yoast_head":"<!-- This site is optimized with the Yoast SEO plugin v19.1 - https:\/\/yoast.com\/wordpress\/plugins\/seo\/ -->\n<title>Disa nga famulltar\u00ebt q\u00eb predikuan fjal\u00ebn e Zotit n\u00eb Famullin\u00eb e Trieshit - Lajme nga Ulqini<\/title>\n<meta name=\"description\" content=\"Gjek\u00eb Gjonaj Trieshjan\u00ebt \u00a0jan\u00eb t\u00eb besimit katolik. Ata kan\u00eb famullin\u00eb e tyre\u00a0\u00a0 fran\u00e7eskane e cila\u00a0 gjendet 870 metra mbi nivelin e detit n\u00eb nj\u00eb sip\u00ebrfaqe\" \/>\n<meta name=\"robots\" content=\"index, follow, max-snippet:-1, max-image-preview:large, max-video-preview:-1\" \/>\n<link rel=\"canonical\" href=\"https:\/\/www.visit-ulcinj.com\/blog\/2016\/09\/08\/disa-nga-famulltaret-qe-predikuan-fjalen-e-zotit-ne-famulline-e-trieshit\/\" \/>\n<meta property=\"og:locale\" content=\"en_US\" \/>\n<meta property=\"og:type\" content=\"article\" \/>\n<meta property=\"og:title\" content=\"Disa nga famulltar\u00ebt q\u00eb predikuan fjal\u00ebn e Zotit n\u00eb Famullin\u00eb e Trieshit - Lajme nga Ulqini\" \/>\n<meta property=\"og:description\" content=\"Gjek\u00eb Gjonaj Trieshjan\u00ebt \u00a0jan\u00eb t\u00eb besimit katolik. Ata kan\u00eb famullin\u00eb e tyre\u00a0\u00a0 fran\u00e7eskane e cila\u00a0 gjendet 870 metra mbi nivelin e detit n\u00eb nj\u00eb sip\u00ebrfaqe\" \/>\n<meta property=\"og:url\" content=\"https:\/\/www.visit-ulcinj.com\/blog\/2016\/09\/08\/disa-nga-famulltaret-qe-predikuan-fjalen-e-zotit-ne-famulline-e-trieshit\/\" \/>\n<meta property=\"og:site_name\" content=\"Lajme nga Ulqini\" \/>\n<meta property=\"article:published_time\" content=\"2016-09-08T12:56:09+00:00\" \/>\n<meta property=\"og:image\" content=\"http:\/\/www.visit-ulcinj.com\/blog\/wp-content\/uploads\/2013\/10\/Gjeke-Gjonaj-Ulqin.jpg\" \/>\n<meta name=\"twitter:label1\" content=\"Written by\" \/>\n\t<meta name=\"twitter:data1\" content=\"ulqini\" \/>\n\t<meta name=\"twitter:label2\" content=\"Est. reading time\" \/>\n\t<meta name=\"twitter:data2\" content=\"2 minutes\" \/>\n<script type=\"application\/ld+json\" class=\"yoast-schema-graph\">{\"@context\":\"https:\/\/schema.org\",\"@graph\":[{\"@type\":\"WebSite\",\"@id\":\"https:\/\/www.visit-ulcinj.com\/blog\/#website\",\"url\":\"https:\/\/www.visit-ulcinj.com\/blog\/\",\"name\":\"Lajme nga Ulqini\",\"description\":\"Lajme,Vijesti,Ulqini,Ulqin,Crna Gora,Mali i Zi\",\"potentialAction\":[{\"@type\":\"SearchAction\",\"target\":{\"@type\":\"EntryPoint\",\"urlTemplate\":\"https:\/\/www.visit-ulcinj.com\/blog\/?s={search_term_string}\"},\"query-input\":\"required name=search_term_string\"}],\"inLanguage\":\"en-US\"},{\"@type\":\"ImageObject\",\"inLanguage\":\"en-US\",\"@id\":\"https:\/\/www.visit-ulcinj.com\/blog\/2016\/09\/08\/disa-nga-famulltaret-qe-predikuan-fjalen-e-zotit-ne-famulline-e-trieshit\/#primaryimage\",\"url\":\"https:\/\/www.visit-ulcinj.com\/blog\/wp-content\/uploads\/2013\/10\/Gjeke-Gjonaj-Ulqin.jpg\",\"contentUrl\":\"https:\/\/www.visit-ulcinj.com\/blog\/wp-content\/uploads\/2013\/10\/Gjeke-Gjonaj-Ulqin.jpg\",\"width\":606,\"height\":557},{\"@type\":\"WebPage\",\"@id\":\"https:\/\/www.visit-ulcinj.com\/blog\/2016\/09\/08\/disa-nga-famulltaret-qe-predikuan-fjalen-e-zotit-ne-famulline-e-trieshit\/#webpage\",\"url\":\"https:\/\/www.visit-ulcinj.com\/blog\/2016\/09\/08\/disa-nga-famulltaret-qe-predikuan-fjalen-e-zotit-ne-famulline-e-trieshit\/\",\"name\":\"Disa nga famulltar\u00ebt q\u00eb predikuan fjal\u00ebn e Zotit n\u00eb Famullin\u00eb e Trieshit - Lajme nga Ulqini\",\"isPartOf\":{\"@id\":\"https:\/\/www.visit-ulcinj.com\/blog\/#website\"},\"primaryImageOfPage\":{\"@id\":\"https:\/\/www.visit-ulcinj.com\/blog\/2016\/09\/08\/disa-nga-famulltaret-qe-predikuan-fjalen-e-zotit-ne-famulline-e-trieshit\/#primaryimage\"},\"datePublished\":\"2016-09-08T12:56:09+00:00\",\"dateModified\":\"2016-09-08T12:56:09+00:00\",\"author\":{\"@id\":\"https:\/\/www.visit-ulcinj.com\/blog\/#\/schema\/person\/dcab619c614d3038751c63bc2aadc06d\"},\"description\":\"Gjek\u00eb Gjonaj Trieshjan\u00ebt \u00a0jan\u00eb t\u00eb besimit katolik. Ata kan\u00eb famullin\u00eb e tyre\u00a0\u00a0 fran\u00e7eskane e cila\u00a0 gjendet 870 metra mbi nivelin e detit n\u00eb nj\u00eb sip\u00ebrfaqe\",\"breadcrumb\":{\"@id\":\"https:\/\/www.visit-ulcinj.com\/blog\/2016\/09\/08\/disa-nga-famulltaret-qe-predikuan-fjalen-e-zotit-ne-famulline-e-trieshit\/#breadcrumb\"},\"inLanguage\":\"en-US\",\"potentialAction\":[{\"@type\":\"ReadAction\",\"target\":[\"https:\/\/www.visit-ulcinj.com\/blog\/2016\/09\/08\/disa-nga-famulltaret-qe-predikuan-fjalen-e-zotit-ne-famulline-e-trieshit\/\"]}]},{\"@type\":\"BreadcrumbList\",\"@id\":\"https:\/\/www.visit-ulcinj.com\/blog\/2016\/09\/08\/disa-nga-famulltaret-qe-predikuan-fjalen-e-zotit-ne-famulline-e-trieshit\/#breadcrumb\",\"itemListElement\":[{\"@type\":\"ListItem\",\"position\":1,\"name\":\"Disa nga famulltar\u00ebt q\u00eb predikuan fjal\u00ebn e Zotit n\u00eb Famullin\u00eb e Trieshit\"}]},{\"@type\":\"Person\",\"@id\":\"https:\/\/www.visit-ulcinj.com\/blog\/#\/schema\/person\/dcab619c614d3038751c63bc2aadc06d\",\"name\":\"ulqini\",\"sameAs\":[\"http:\/\/www.visit-ulcinj.com\"],\"url\":\"https:\/\/www.visit-ulcinj.com\/blog\/author\/admin\/\"}]}<\/script>\n<!-- \/ Yoast SEO plugin. -->","yoast_head_json":{"title":"Disa nga famulltar\u00ebt q\u00eb predikuan fjal\u00ebn e Zotit n\u00eb Famullin\u00eb e Trieshit - Lajme nga Ulqini","description":"Gjek\u00eb Gjonaj Trieshjan\u00ebt \u00a0jan\u00eb t\u00eb besimit katolik. Ata kan\u00eb famullin\u00eb e tyre\u00a0\u00a0 fran\u00e7eskane e cila\u00a0 gjendet 870 metra mbi nivelin e detit n\u00eb nj\u00eb sip\u00ebrfaqe","robots":{"index":"index","follow":"follow","max-snippet":"max-snippet:-1","max-image-preview":"max-image-preview:large","max-video-preview":"max-video-preview:-1"},"canonical":"https:\/\/www.visit-ulcinj.com\/blog\/2016\/09\/08\/disa-nga-famulltaret-qe-predikuan-fjalen-e-zotit-ne-famulline-e-trieshit\/","og_locale":"en_US","og_type":"article","og_title":"Disa nga famulltar\u00ebt q\u00eb predikuan fjal\u00ebn e Zotit n\u00eb Famullin\u00eb e Trieshit - Lajme nga Ulqini","og_description":"Gjek\u00eb Gjonaj Trieshjan\u00ebt \u00a0jan\u00eb t\u00eb besimit katolik. Ata kan\u00eb famullin\u00eb e tyre\u00a0\u00a0 fran\u00e7eskane e cila\u00a0 gjendet 870 metra mbi nivelin e detit n\u00eb nj\u00eb sip\u00ebrfaqe","og_url":"https:\/\/www.visit-ulcinj.com\/blog\/2016\/09\/08\/disa-nga-famulltaret-qe-predikuan-fjalen-e-zotit-ne-famulline-e-trieshit\/","og_site_name":"Lajme nga Ulqini","article_published_time":"2016-09-08T12:56:09+00:00","og_image":[{"url":"http:\/\/www.visit-ulcinj.com\/blog\/wp-content\/uploads\/2013\/10\/Gjeke-Gjonaj-Ulqin.jpg"}],"twitter_misc":{"Written by":"ulqini","Est. reading time":"2 minutes"},"schema":{"@context":"https:\/\/schema.org","@graph":[{"@type":"WebSite","@id":"https:\/\/www.visit-ulcinj.com\/blog\/#website","url":"https:\/\/www.visit-ulcinj.com\/blog\/","name":"Lajme nga Ulqini","description":"Lajme,Vijesti,Ulqini,Ulqin,Crna Gora,Mali i Zi","potentialAction":[{"@type":"SearchAction","target":{"@type":"EntryPoint","urlTemplate":"https:\/\/www.visit-ulcinj.com\/blog\/?s={search_term_string}"},"query-input":"required name=search_term_string"}],"inLanguage":"en-US"},{"@type":"ImageObject","inLanguage":"en-US","@id":"https:\/\/www.visit-ulcinj.com\/blog\/2016\/09\/08\/disa-nga-famulltaret-qe-predikuan-fjalen-e-zotit-ne-famulline-e-trieshit\/#primaryimage","url":"https:\/\/www.visit-ulcinj.com\/blog\/wp-content\/uploads\/2013\/10\/Gjeke-Gjonaj-Ulqin.jpg","contentUrl":"https:\/\/www.visit-ulcinj.com\/blog\/wp-content\/uploads\/2013\/10\/Gjeke-Gjonaj-Ulqin.jpg","width":606,"height":557},{"@type":"WebPage","@id":"https:\/\/www.visit-ulcinj.com\/blog\/2016\/09\/08\/disa-nga-famulltaret-qe-predikuan-fjalen-e-zotit-ne-famulline-e-trieshit\/#webpage","url":"https:\/\/www.visit-ulcinj.com\/blog\/2016\/09\/08\/disa-nga-famulltaret-qe-predikuan-fjalen-e-zotit-ne-famulline-e-trieshit\/","name":"Disa nga famulltar\u00ebt q\u00eb predikuan fjal\u00ebn e Zotit n\u00eb Famullin\u00eb e Trieshit - Lajme nga Ulqini","isPartOf":{"@id":"https:\/\/www.visit-ulcinj.com\/blog\/#website"},"primaryImageOfPage":{"@id":"https:\/\/www.visit-ulcinj.com\/blog\/2016\/09\/08\/disa-nga-famulltaret-qe-predikuan-fjalen-e-zotit-ne-famulline-e-trieshit\/#primaryimage"},"datePublished":"2016-09-08T12:56:09+00:00","dateModified":"2016-09-08T12:56:09+00:00","author":{"@id":"https:\/\/www.visit-ulcinj.com\/blog\/#\/schema\/person\/dcab619c614d3038751c63bc2aadc06d"},"description":"Gjek\u00eb Gjonaj Trieshjan\u00ebt \u00a0jan\u00eb t\u00eb besimit katolik. Ata kan\u00eb famullin\u00eb e tyre\u00a0\u00a0 fran\u00e7eskane e cila\u00a0 gjendet 870 metra mbi nivelin e detit n\u00eb nj\u00eb sip\u00ebrfaqe","breadcrumb":{"@id":"https:\/\/www.visit-ulcinj.com\/blog\/2016\/09\/08\/disa-nga-famulltaret-qe-predikuan-fjalen-e-zotit-ne-famulline-e-trieshit\/#breadcrumb"},"inLanguage":"en-US","potentialAction":[{"@type":"ReadAction","target":["https:\/\/www.visit-ulcinj.com\/blog\/2016\/09\/08\/disa-nga-famulltaret-qe-predikuan-fjalen-e-zotit-ne-famulline-e-trieshit\/"]}]},{"@type":"BreadcrumbList","@id":"https:\/\/www.visit-ulcinj.com\/blog\/2016\/09\/08\/disa-nga-famulltaret-qe-predikuan-fjalen-e-zotit-ne-famulline-e-trieshit\/#breadcrumb","itemListElement":[{"@type":"ListItem","position":1,"name":"Disa nga famulltar\u00ebt q\u00eb predikuan fjal\u00ebn e Zotit n\u00eb Famullin\u00eb e Trieshit"}]},{"@type":"Person","@id":"https:\/\/www.visit-ulcinj.com\/blog\/#\/schema\/person\/dcab619c614d3038751c63bc2aadc06d","name":"ulqini","sameAs":["http:\/\/www.visit-ulcinj.com"],"url":"https:\/\/www.visit-ulcinj.com\/blog\/author\/admin\/"}]}},"jetpack_featured_media_url":"","jetpack_sharing_enabled":true,"jetpack_shortlink":"https:\/\/wp.me\/pe6lTn-pTs","_links":{"self":[{"href":"https:\/\/www.visit-ulcinj.com\/blog\/wp-json\/wp\/v2\/posts\/99538"}],"collection":[{"href":"https:\/\/www.visit-ulcinj.com\/blog\/wp-json\/wp\/v2\/posts"}],"about":[{"href":"https:\/\/www.visit-ulcinj.com\/blog\/wp-json\/wp\/v2\/types\/post"}],"author":[{"embeddable":true,"href":"https:\/\/www.visit-ulcinj.com\/blog\/wp-json\/wp\/v2\/users\/1"}],"replies":[{"embeddable":true,"href":"https:\/\/www.visit-ulcinj.com\/blog\/wp-json\/wp\/v2\/comments?post=99538"}],"version-history":[{"count":1,"href":"https:\/\/www.visit-ulcinj.com\/blog\/wp-json\/wp\/v2\/posts\/99538\/revisions"}],"predecessor-version":[{"id":99539,"href":"https:\/\/www.visit-ulcinj.com\/blog\/wp-json\/wp\/v2\/posts\/99538\/revisions\/99539"}],"wp:attachment":[{"href":"https:\/\/www.visit-ulcinj.com\/blog\/wp-json\/wp\/v2\/media?parent=99538"}],"wp:term":[{"taxonomy":"category","embeddable":true,"href":"https:\/\/www.visit-ulcinj.com\/blog\/wp-json\/wp\/v2\/categories?post=99538"},{"taxonomy":"post_tag","embeddable":true,"href":"https:\/\/www.visit-ulcinj.com\/blog\/wp-json\/wp\/v2\/tags?post=99538"}],"curies":[{"name":"wp","href":"https:\/\/api.w.org\/{rel}","templated":true}]}}