{"id":99540,"date":"2016-09-08T16:59:19","date_gmt":"2016-09-08T15:59:19","guid":{"rendered":"http:\/\/www.visit-ulcinj.com\/blog\/?p=99540"},"modified":"2016-09-09T14:20:07","modified_gmt":"2016-09-09T13:20:07","slug":"ulqini-behet-kinema-solare","status":"publish","type":"post","link":"https:\/\/www.visit-ulcinj.com\/blog\/2016\/09\/08\/ulqini-behet-kinema-solare\/","title":{"rendered":"Ulqini b\u00ebhet me kinema solare"},"content":{"rendered":"<p><a href=\"http:\/\/www.visit-ulcinj.com\/blog\/wp-content\/uploads\/2016\/09\/Ulqini-b\u00ebhet-me-kinema-solare.jpg\"><img loading=\"lazy\" class=\"alignleft wp-image-99541\" src=\"http:\/\/www.visit-ulcinj.com\/blog\/wp-content\/uploads\/2016\/09\/Ulqini-b\u00ebhet-me-kinema-solare.jpg\" alt=\"Ulqini b\u00ebhet me kinema solare\" width=\"508\" height=\"337\" srcset=\"https:\/\/www.visit-ulcinj.com\/blog\/wp-content\/uploads\/2016\/09\/Ulqini-b\u00ebhet-me-kinema-solare.jpg 931w, https:\/\/www.visit-ulcinj.com\/blog\/wp-content\/uploads\/2016\/09\/Ulqini-b\u00ebhet-me-kinema-solare-300x199.jpg 300w, https:\/\/www.visit-ulcinj.com\/blog\/wp-content\/uploads\/2016\/09\/Ulqini-b\u00ebhet-me-kinema-solare-768x510.jpg 768w\" sizes=\"(max-width: 508px) 100vw, 508px\" \/><\/a><\/p>\n<p style=\"text-align: center;\"><strong>\u00a0\u201cSeanema\u201d sjell kineman\u00eb solare n\u00eb Ulqin<\/strong><\/p>\n<p>Podgoric\u00eb, 8 shtator 2016 \u2013 U zhvillua sot konferenca e par\u00eb p\u00ebr shtyp e Festivalit t\u00eb filmit \u201cSeanema\u201d, n\u00eb bashk\u00ebpunim me Ambasad\u00ebn Amerikane, te \u201cK\u00ebndi amerikan\u201d (\u201cAmerican Corner\u201d) n\u00eb Podgoric\u00eb. Konferenc\u00ebn p\u00ebr shtyp e hapi z. Bix Aliu, Z\u00ebvend\u00ebs Ambasador i Shteteve t\u00eb Bashkuara t\u00eb Amerik\u00ebs i cili n\u00ebnvizoi q\u00eb projekti i kinemas\u00eb pran\u00eb detit ishte iniciativ\u00eb e alumnistes s\u00eb nj\u00ebrit prej programeve t\u00eb Departamentit t\u00eb Shtetit, znj. Drita Llolla s\u00eb bashku me nj\u00eb grup aktivist\u00ebsh nga Ulqini q\u00eb m\u00eb pas krijuan OJQ \u201ciACT\u201d ose \u201cUn\u00eb VEPROJ\u201d.<\/p>\n<p>\u201cVitin e kaluar festivali u financua pjes\u00ebrisht nga fondet e zyr\u00ebs s\u00eb alumnist\u00ebve pran\u00eb Departamentit t\u00eb Shtetit. Oganizator\u00ebt tejkaluan pritshm\u00ebrit\u00eb tona duke e shnd\u00ebrruar n\u00eb nj\u00eb festival me karakter nd\u00ebrkomb\u00ebtar\u00eb i cili mblodhi nj\u00eb spekt\u00ebr t\u00eb gj\u00ebr\u00eb t\u00eb alumnist\u00ebve nga Mali i Zi dhe SHBA-t\u00eb, t\u00eb ftuar t\u00eb num\u00ebrt nga Shqip\u00ebria dhe Kosova si edhe aktivist\u00eb t\u00eb shoq\u00ebris\u00eb civile dhe protagonist\u00eb filmi nga Kolumbia dhe Greqia. Suksesi i edicionit t\u00eb par\u00eb na motivoi q\u00eb k\u00ebt\u00eb vit, Ambasada Amerikane t\u00eb jet\u00eb mb\u00ebshtet\u00ebse kryesore e festivalit, me shpresen q\u00eb festivali t\u00eb kthehet n\u00eb nj\u00eb event tradicional p\u00ebr qytetin e Ulqinit\u201d, vijoi z. Aliu.<\/p>\n<p>N\u00eb konferenc\u00eb mori pjes\u00eb edhe p\u00ebrfaq\u00ebsuesi i Komun\u00ebs s\u00eb Ulqinit, z. Arsllan Hajdinaga i cili rikonfirmoi gatishm\u00ebrin\u00eb e komun\u00ebs p\u00ebr t\u00eb mb\u00ebshtetur edicionin e dyt\u00eb t\u00eb Festivalit \u201cSeanema\u201d, si sponsor i art\u00eb. Ai premtoi se Komuna e Ulqinit do t\u00eb vijoj\u00eb mb\u00ebshtetjen e k\u00ebtij projekti dhe projekteve t\u00eb tjera t\u00eb k\u00ebsaj natyre.<\/p>\n<p>Drejtorja ekzekutive e OJQ \u201ciACT\u201d, nj\u00ebkoh\u00ebsisht e Festivalit t\u00eb filimit \u201cSeanema\u201d, znj. Drita Llolla shprehu mir\u00ebnjohjen e saj t\u00eb thell\u00eb ndaj Ambasad\u00ebs Amerikane, q\u00eb besuan te potenciali i k\u00ebtij projekti por dhe te aft\u00ebsia e t\u00eb rinjve p\u00ebr ta sjell\u00eb n\u00eb jet\u00eb. Znj. Llolla vijoi me prezantimin e tem\u00ebs dhe programit t\u00eb k\u00ebtij edicioni, duke ndaluar te risia e k\u00ebtij viti q\u00eb \u00ebsht\u00eb instalimi i kinemas\u00eb solare e cila p\u00ebrdor energjin\u00eb e diellore p\u00ebr shfaqjen e filmave. \u201ciACT, p\u00ebrve\u00e7 se organizon gj\u00ebra t\u00eb bukura p\u00ebr qytetin, nd\u00ebrgjegj\u00ebson rreth r\u00ebnd\u00ebsis\u00eb s\u00eb shfryt\u00ebzimit t\u00eb burimeve t\u00eb energjive t\u00eb rinovueshme\u201d, u shpreh ajo n\u00eb vijim.<\/p>\n<p>Gjat\u00eb konferenc\u00ebs, znj. Llolla n\u00ebnvizoi r\u00ebnd\u00ebsin\u00eb e nj\u00ebr\u00ebs prej temave t\u00eb k\u00ebtij viti, pabarazia gjinore dhe n\u00ebnp\u00ebrfaq\u00ebsimi i grave dhe vajzave n\u00eb jet\u00ebn publike dhe politike, por jo vet\u00ebm.<br \/>\n\u201cNj\u00eb nga arsyet p\u00ebrse zgjodh\u00ebm q\u00eb p\u00ebrmes kino-aktivizmit t\u00eb rikthejm\u00eb v\u00ebmendjen te pabarazia gjinore, \u00ebsht\u00eb n\u00ebnp\u00ebrfaq\u00ebsimi i grave n\u00eb nj\u00eb mas\u00eb t\u00eb till\u00eb sa sot, ne hasemi me t\u00eb dh\u00ebna, si: vet\u00ebm 9% i K\u00ebshillit t\u00eb Komun\u00ebs n\u00eb Ulqin p\u00ebrfaq\u00ebsohet nga vajza dhe gra; vet\u00ebm 5,7% e subjekteve private jan\u00eb pron\u00ebsi e grave dhe vajzave. \u201cHendeku\u201d \u00ebsht\u00eb i thell\u00eb n\u00eb sfer\u00ebn politike, ekonomike, sociale dhe kjo \u00ebsht\u00eb majft shqet\u00ebsuese\u201d, u shpreh ajo.<\/p>\n<p>N\u00eb p\u00ebrfundim t\u00eb fjal\u00ebs ajo ftoi t\u00eb gjith\u00eb t\u00eb apasionurit e filmit n\u00eb plazhin Otrant n\u00eb Ulqin, n\u00eb datat 15-18 shtator p\u00ebr nj\u00eb eksperienc\u00eb unike q\u00eb ofron kinemaja solare buz\u00eb detit.<\/p>\n<p>&nbsp;<\/p>\n<p>&nbsp;<\/p>\n","protected":false},"excerpt":{"rendered":"<p>\u00a0\u201cSeanema\u201d sjell kineman\u00eb solare n\u00eb Ulqin Podgoric\u00eb, 8 shtator 2016 \u2013 U zhvillua sot konferenca e par\u00eb p\u00ebr shtyp e Festivalit t\u00eb filmit \u201cSeanema\u201d, n\u00eb bashk\u00ebpunim me Ambasad\u00ebn Amerikane, te \u201cK\u00ebndi amerikan\u201d (\u201cAmerican Corner\u201d) n\u00eb Podgoric\u00eb. Konferenc\u00ebn p\u00ebr shtyp e hapi z. Bix Aliu, Z\u00ebvend\u00ebs Ambasador i Shteteve t\u00eb Bashkuara t\u00eb Amerik\u00ebs i cili n\u00ebnvizoi [&hellip;]<\/p>\n","protected":false},"author":1,"featured_media":0,"comment_status":"closed","ping_status":"closed","sticky":false,"template":"","format":"standard","meta":{"spay_email":"","jetpack_publicize_message":"","jetpack_is_tweetstorm":false,"jetpack_publicize_feature_enabled":true},"categories":[1],"tags":[],"jetpack_publicize_connections":[],"yoast_head":"<!-- This site is optimized with the Yoast SEO plugin v19.1 - https:\/\/yoast.com\/wordpress\/plugins\/seo\/ -->\n<title>Ulqini b\u00ebhet me kinema solare - Lajme nga Ulqini<\/title>\n<meta name=\"description\" content=\"\u00a0\u201cSeanema\u201d sjell kineman\u00eb solare n\u00eb Ulqin Podgoric\u00eb, 8 shtator 2016 \u2013 U zhvillua sot konferenca e par\u00eb p\u00ebr shtyp e Festivalit t\u00eb filmit \u201cSeanema\u201d, n\u00eb\" \/>\n<meta name=\"robots\" content=\"index, follow, max-snippet:-1, max-image-preview:large, max-video-preview:-1\" \/>\n<link rel=\"canonical\" href=\"https:\/\/www.visit-ulcinj.com\/blog\/2016\/09\/08\/ulqini-behet-kinema-solare\/\" \/>\n<meta property=\"og:locale\" content=\"en_US\" \/>\n<meta property=\"og:type\" content=\"article\" \/>\n<meta property=\"og:title\" content=\"Ulqini b\u00ebhet me kinema solare - Lajme nga Ulqini\" \/>\n<meta property=\"og:description\" content=\"\u00a0\u201cSeanema\u201d sjell kineman\u00eb solare n\u00eb Ulqin Podgoric\u00eb, 8 shtator 2016 \u2013 U zhvillua sot konferenca e par\u00eb p\u00ebr shtyp e Festivalit t\u00eb filmit \u201cSeanema\u201d, n\u00eb\" \/>\n<meta property=\"og:url\" content=\"https:\/\/www.visit-ulcinj.com\/blog\/2016\/09\/08\/ulqini-behet-kinema-solare\/\" \/>\n<meta property=\"og:site_name\" content=\"Lajme nga Ulqini\" \/>\n<meta property=\"article:published_time\" content=\"2016-09-08T15:59:19+00:00\" \/>\n<meta property=\"article:modified_time\" content=\"2016-09-09T13:20:07+00:00\" \/>\n<meta name=\"twitter:label1\" content=\"Written by\" \/>\n\t<meta name=\"twitter:data1\" content=\"ulqini\" \/>\n\t<meta name=\"twitter:label2\" content=\"Est. reading time\" \/>\n\t<meta name=\"twitter:data2\" content=\"3 minutes\" \/>\n<script type=\"application\/ld+json\" class=\"yoast-schema-graph\">{\"@context\":\"https:\/\/schema.org\",\"@graph\":[{\"@type\":\"WebSite\",\"@id\":\"https:\/\/www.visit-ulcinj.com\/blog\/#website\",\"url\":\"https:\/\/www.visit-ulcinj.com\/blog\/\",\"name\":\"Lajme nga Ulqini\",\"description\":\"Lajme,Vijesti,Ulqini,Ulqin,Crna Gora,Mali i Zi\",\"potentialAction\":[{\"@type\":\"SearchAction\",\"target\":{\"@type\":\"EntryPoint\",\"urlTemplate\":\"https:\/\/www.visit-ulcinj.com\/blog\/?s={search_term_string}\"},\"query-input\":\"required name=search_term_string\"}],\"inLanguage\":\"en-US\"},{\"@type\":\"WebPage\",\"@id\":\"https:\/\/www.visit-ulcinj.com\/blog\/2016\/09\/08\/ulqini-behet-kinema-solare\/#webpage\",\"url\":\"https:\/\/www.visit-ulcinj.com\/blog\/2016\/09\/08\/ulqini-behet-kinema-solare\/\",\"name\":\"Ulqini b\u00ebhet me kinema solare - Lajme nga Ulqini\",\"isPartOf\":{\"@id\":\"https:\/\/www.visit-ulcinj.com\/blog\/#website\"},\"datePublished\":\"2016-09-08T15:59:19+00:00\",\"dateModified\":\"2016-09-09T13:20:07+00:00\",\"author\":{\"@id\":\"https:\/\/www.visit-ulcinj.com\/blog\/#\/schema\/person\/dcab619c614d3038751c63bc2aadc06d\"},\"description\":\"\u00a0\u201cSeanema\u201d sjell kineman\u00eb solare n\u00eb Ulqin Podgoric\u00eb, 8 shtator 2016 \u2013 U zhvillua sot konferenca e par\u00eb p\u00ebr shtyp e Festivalit t\u00eb filmit \u201cSeanema\u201d, n\u00eb\",\"breadcrumb\":{\"@id\":\"https:\/\/www.visit-ulcinj.com\/blog\/2016\/09\/08\/ulqini-behet-kinema-solare\/#breadcrumb\"},\"inLanguage\":\"en-US\",\"potentialAction\":[{\"@type\":\"ReadAction\",\"target\":[\"https:\/\/www.visit-ulcinj.com\/blog\/2016\/09\/08\/ulqini-behet-kinema-solare\/\"]}]},{\"@type\":\"BreadcrumbList\",\"@id\":\"https:\/\/www.visit-ulcinj.com\/blog\/2016\/09\/08\/ulqini-behet-kinema-solare\/#breadcrumb\",\"itemListElement\":[{\"@type\":\"ListItem\",\"position\":1,\"name\":\"Ulqini b\u00ebhet me kinema solare\"}]},{\"@type\":\"Person\",\"@id\":\"https:\/\/www.visit-ulcinj.com\/blog\/#\/schema\/person\/dcab619c614d3038751c63bc2aadc06d\",\"name\":\"ulqini\",\"sameAs\":[\"http:\/\/www.visit-ulcinj.com\"],\"url\":\"https:\/\/www.visit-ulcinj.com\/blog\/author\/admin\/\"}]}<\/script>\n<!-- \/ Yoast SEO plugin. -->","yoast_head_json":{"title":"Ulqini b\u00ebhet me kinema solare - Lajme nga Ulqini","description":"\u00a0\u201cSeanema\u201d sjell kineman\u00eb solare n\u00eb Ulqin Podgoric\u00eb, 8 shtator 2016 \u2013 U zhvillua sot konferenca e par\u00eb p\u00ebr shtyp e Festivalit t\u00eb filmit \u201cSeanema\u201d, n\u00eb","robots":{"index":"index","follow":"follow","max-snippet":"max-snippet:-1","max-image-preview":"max-image-preview:large","max-video-preview":"max-video-preview:-1"},"canonical":"https:\/\/www.visit-ulcinj.com\/blog\/2016\/09\/08\/ulqini-behet-kinema-solare\/","og_locale":"en_US","og_type":"article","og_title":"Ulqini b\u00ebhet me kinema solare - Lajme nga Ulqini","og_description":"\u00a0\u201cSeanema\u201d sjell kineman\u00eb solare n\u00eb Ulqin Podgoric\u00eb, 8 shtator 2016 \u2013 U zhvillua sot konferenca e par\u00eb p\u00ebr shtyp e Festivalit t\u00eb filmit \u201cSeanema\u201d, n\u00eb","og_url":"https:\/\/www.visit-ulcinj.com\/blog\/2016\/09\/08\/ulqini-behet-kinema-solare\/","og_site_name":"Lajme nga Ulqini","article_published_time":"2016-09-08T15:59:19+00:00","article_modified_time":"2016-09-09T13:20:07+00:00","twitter_misc":{"Written by":"ulqini","Est. reading time":"3 minutes"},"schema":{"@context":"https:\/\/schema.org","@graph":[{"@type":"WebSite","@id":"https:\/\/www.visit-ulcinj.com\/blog\/#website","url":"https:\/\/www.visit-ulcinj.com\/blog\/","name":"Lajme nga Ulqini","description":"Lajme,Vijesti,Ulqini,Ulqin,Crna Gora,Mali i Zi","potentialAction":[{"@type":"SearchAction","target":{"@type":"EntryPoint","urlTemplate":"https:\/\/www.visit-ulcinj.com\/blog\/?s={search_term_string}"},"query-input":"required name=search_term_string"}],"inLanguage":"en-US"},{"@type":"WebPage","@id":"https:\/\/www.visit-ulcinj.com\/blog\/2016\/09\/08\/ulqini-behet-kinema-solare\/#webpage","url":"https:\/\/www.visit-ulcinj.com\/blog\/2016\/09\/08\/ulqini-behet-kinema-solare\/","name":"Ulqini b\u00ebhet me kinema solare - Lajme nga Ulqini","isPartOf":{"@id":"https:\/\/www.visit-ulcinj.com\/blog\/#website"},"datePublished":"2016-09-08T15:59:19+00:00","dateModified":"2016-09-09T13:20:07+00:00","author":{"@id":"https:\/\/www.visit-ulcinj.com\/blog\/#\/schema\/person\/dcab619c614d3038751c63bc2aadc06d"},"description":"\u00a0\u201cSeanema\u201d sjell kineman\u00eb solare n\u00eb Ulqin Podgoric\u00eb, 8 shtator 2016 \u2013 U zhvillua sot konferenca e par\u00eb p\u00ebr shtyp e Festivalit t\u00eb filmit \u201cSeanema\u201d, n\u00eb","breadcrumb":{"@id":"https:\/\/www.visit-ulcinj.com\/blog\/2016\/09\/08\/ulqini-behet-kinema-solare\/#breadcrumb"},"inLanguage":"en-US","potentialAction":[{"@type":"ReadAction","target":["https:\/\/www.visit-ulcinj.com\/blog\/2016\/09\/08\/ulqini-behet-kinema-solare\/"]}]},{"@type":"BreadcrumbList","@id":"https:\/\/www.visit-ulcinj.com\/blog\/2016\/09\/08\/ulqini-behet-kinema-solare\/#breadcrumb","itemListElement":[{"@type":"ListItem","position":1,"name":"Ulqini b\u00ebhet me kinema solare"}]},{"@type":"Person","@id":"https:\/\/www.visit-ulcinj.com\/blog\/#\/schema\/person\/dcab619c614d3038751c63bc2aadc06d","name":"ulqini","sameAs":["http:\/\/www.visit-ulcinj.com"],"url":"https:\/\/www.visit-ulcinj.com\/blog\/author\/admin\/"}]}},"jetpack_featured_media_url":"","jetpack_sharing_enabled":true,"jetpack_shortlink":"https:\/\/wp.me\/pe6lTn-pTu","_links":{"self":[{"href":"https:\/\/www.visit-ulcinj.com\/blog\/wp-json\/wp\/v2\/posts\/99540"}],"collection":[{"href":"https:\/\/www.visit-ulcinj.com\/blog\/wp-json\/wp\/v2\/posts"}],"about":[{"href":"https:\/\/www.visit-ulcinj.com\/blog\/wp-json\/wp\/v2\/types\/post"}],"author":[{"embeddable":true,"href":"https:\/\/www.visit-ulcinj.com\/blog\/wp-json\/wp\/v2\/users\/1"}],"replies":[{"embeddable":true,"href":"https:\/\/www.visit-ulcinj.com\/blog\/wp-json\/wp\/v2\/comments?post=99540"}],"version-history":[{"count":1,"href":"https:\/\/www.visit-ulcinj.com\/blog\/wp-json\/wp\/v2\/posts\/99540\/revisions"}],"predecessor-version":[{"id":99542,"href":"https:\/\/www.visit-ulcinj.com\/blog\/wp-json\/wp\/v2\/posts\/99540\/revisions\/99542"}],"wp:attachment":[{"href":"https:\/\/www.visit-ulcinj.com\/blog\/wp-json\/wp\/v2\/media?parent=99540"}],"wp:term":[{"taxonomy":"category","embeddable":true,"href":"https:\/\/www.visit-ulcinj.com\/blog\/wp-json\/wp\/v2\/categories?post=99540"},{"taxonomy":"post_tag","embeddable":true,"href":"https:\/\/www.visit-ulcinj.com\/blog\/wp-json\/wp\/v2\/tags?post=99540"}],"curies":[{"name":"wp","href":"https:\/\/api.w.org\/{rel}","templated":true}]}}