{"id":99543,"date":"2016-09-08T17:18:24","date_gmt":"2016-09-08T16:18:24","guid":{"rendered":"http:\/\/www.visit-ulcinj.com\/blog\/?p=99543"},"modified":"2016-09-08T17:18:24","modified_gmt":"2016-09-08T16:18:24","slug":"ulcinj-ura-izdaja-interesa-gradjana-ulcinja","status":"publish","type":"post","link":"https:\/\/www.visit-ulcinj.com\/blog\/2016\/09\/08\/ulcinj-ura-izdaja-interesa-gradjana-ulcinja\/","title":{"rendered":"Ulcinj: URA &#8211; Izdaja interesa gradjana Ulcinja"},"content":{"rendered":"<p><a href=\"http:\/\/www.visit-ulcinj.com\/blog\/wp-content\/uploads\/2016\/09\/PUP-VALDANOS.jpg\"><img loading=\"lazy\" class=\"alignleft wp-image-99544\" src=\"http:\/\/www.visit-ulcinj.com\/blog\/wp-content\/uploads\/2016\/09\/PUP-VALDANOS.jpg\" alt=\"PUP-VALDANOS\" width=\"508\" height=\"235\" srcset=\"https:\/\/www.visit-ulcinj.com\/blog\/wp-content\/uploads\/2016\/09\/PUP-VALDANOS.jpg 1120w, https:\/\/www.visit-ulcinj.com\/blog\/wp-content\/uploads\/2016\/09\/PUP-VALDANOS-300x139.jpg 300w, https:\/\/www.visit-ulcinj.com\/blog\/wp-content\/uploads\/2016\/09\/PUP-VALDANOS-768x355.jpg 768w, https:\/\/www.visit-ulcinj.com\/blog\/wp-content\/uploads\/2016\/09\/PUP-VALDANOS-1024x474.jpg 1024w\" sizes=\"(max-width: 508px) 100vw, 508px\" \/><\/a>Ju\u010de smo imali prilike da na javnoj sceni Ulcinja vidimo pe\u010datiranje najve\u0107e izdaje po volji i mjeri premijera ili predsjednika DPS-a ili kreatora ekonomskog fenomena: od op\u0161tine sa najvrijednijim resursima u Crnoj Gori napraviti jednu od najsiroma\u0161nijih op\u0161tina.<\/p>\n<p>Na \u017ealost svih gra\u0111ana, ono \u0161to smo upozorili prilikom formiranja ove vlasti u Ulcinju, obistinilo se. Jer, \u0161to se drugo mo\u017ee o\u010dekivati od jedne ovakve poltronske koalicije, kakva je ova u Ulcinju!? A to se mo\u017ee kval<span class=\"text_exposed_show\">ifikovati jedino kao klasi\u010dna izdaja interesa ove op\u0161tine od strane Cungua u saradnji sa \u0110ukanovi\u0107em, a sve zarad jedne fotelje!<\/span><\/p>\n<div class=\"text_exposed_show\">\n<p>Grubo su prekr\u0161eni jednoglasno usvojeni zaklju\u010dci u lokalnom Parlamentu u vezi sa Prostorno-urbanisti\u010dkim planom op\u0161tine Ulcinj. Zato se i dr\u017ei prijedlog PUP-a u mi\u0161joj rupi i ignori\u0161e i komisija za PUP koja nema pojma \u0161ta se de\u0161ava, osim 4-5 ljudi bliskih predsjedniku.<\/p>\n<p>Ali, krenimo redom.<\/p>\n<p>Izdao je trenutni predsjednik Op\u0161tine, pod pritiskom premijera, Valdanos i preko 200 porodica i vjerskih zajednica koje se decenijama bore za povra\u0107aj Maslinade. Prihvatljivo mu je da \u010ditava uvala bude predvi\u0111ena za izgradnju ko zna \u010dega, dok je premijer stavio ta\u010dku i ugu\u0161io sve nade da \u0107e to biti vra\u0107eno ranijim vlasnicima. Pokazao je svoje prepoznatljivo \u201cvizionarstvo\u201d i i\u0161ao korak dalje najavljuju\u0107i mogu\u0107nost da se Maslinada preda nekom tre\u0107em!? A kad to premijer najavljuje onda se misli na isti princip kao kod Solane: dati prijatelju da se uni\u0161ti taj prirodni resurs i predvidjeti stanove.<\/p>\n<p>A kad smo kod Solane, za predsjednika i premijera je, za po\u010detak, prihvatljivo i 200 kreveta na Solani jer \u0107e se to, poslije, planovima ve\u0107eg reda, i u ime strate\u0161kog partnerstva sa premijerom, pove\u0107ati na mo\u017eda 1.500. I to je u skladu sa svim samo ne sa onim za \u0161to smo se zajedno borili i glasali.<\/p>\n<p>Prihvataju\u0107i ovakav prijedlog PUP-a predsjednik Op\u0161tine je izdao i saobra\u0107ajno povezivanje sa Albanijom. Za\u0161to mu je prihvatljivije da trasa jadransko-jonskog autoputa prolazi kroz teritoriju Podgorice, a ne Ulcinja, to samo on zna, iako su iz albanske vlade bili vi\u0161e nego voljni da trasa ovog autoputa bude predvi\u0111ena na teritoriji op\u0161tine Ulcinj. Ali, sigurnije je u zagrljaju \u0110ukanovi\u0107a. Patriotski, nema \u0161to!<\/p>\n<p><strong>Izvor: <span class=\"fwn fcg\"><span class=\"fwb fcg\" data-ft=\"{&quot;tn&quot;:&quot;k&quot;}\"><a id=\"js_39\" href=\"https:\/\/www.facebook.com\/gradjanskipokret2015\/?hc_ref=PAGES_TIMELINE&amp;fref=nf\" data-hovercard=\"\/ajax\/hovercard\/page.php?id=313006358903165&amp;extragetparams=%7B%22hc_ref%22%3A%22PAGES_TIMELINE%22%2C%22fref%22%3A%22nf%22%7D\">Gra\u0111anski pokret URA\u00a0 Facebook<\/a><\/span><\/span><\/strong><\/p>\n<\/div>\n","protected":false},"excerpt":{"rendered":"<p>Ju\u010de smo imali prilike da na javnoj sceni Ulcinja vidimo pe\u010datiranje najve\u0107e izdaje po volji i mjeri premijera ili predsjednika DPS-a ili kreatora ekonomskog fenomena: od op\u0161tine sa najvrijednijim resursima u Crnoj Gori napraviti jednu od najsiroma\u0161nijih op\u0161tina. Na \u017ealost svih gra\u0111ana, ono \u0161to smo upozorili prilikom formiranja ove vlasti u Ulcinju, obistinilo se. Jer, [&hellip;]<\/p>\n","protected":false},"author":1,"featured_media":0,"comment_status":"closed","ping_status":"closed","sticky":false,"template":"","format":"standard","meta":{"spay_email":"","jetpack_publicize_message":"","jetpack_is_tweetstorm":false,"jetpack_publicize_feature_enabled":true},"categories":[8337],"tags":[],"jetpack_publicize_connections":[],"yoast_head":"<!-- This site is optimized with the Yoast SEO plugin v19.1 - https:\/\/yoast.com\/wordpress\/plugins\/seo\/ -->\n<title>Ulcinj: URA - Izdaja interesa gradjana Ulcinja - Lajme nga Ulqini<\/title>\n<meta name=\"description\" content=\"Ju\u010de smo imali prilike da na javnoj sceni Ulcinja vidimo pe\u010datiranje najve\u0107e izdaje po volji i mjeri premijera ili predsjednika DPS-a ili kreatora\" \/>\n<meta name=\"robots\" content=\"index, follow, max-snippet:-1, max-image-preview:large, max-video-preview:-1\" \/>\n<link rel=\"canonical\" href=\"https:\/\/www.visit-ulcinj.com\/blog\/2016\/09\/08\/ulcinj-ura-izdaja-interesa-gradjana-ulcinja\/\" \/>\n<meta property=\"og:locale\" content=\"en_US\" \/>\n<meta property=\"og:type\" content=\"article\" \/>\n<meta property=\"og:title\" content=\"Ulcinj: URA - Izdaja interesa gradjana Ulcinja - Lajme nga Ulqini\" \/>\n<meta property=\"og:description\" content=\"Ju\u010de smo imali prilike da na javnoj sceni Ulcinja vidimo pe\u010datiranje najve\u0107e izdaje po volji i mjeri premijera ili predsjednika DPS-a ili kreatora\" \/>\n<meta property=\"og:url\" content=\"https:\/\/www.visit-ulcinj.com\/blog\/2016\/09\/08\/ulcinj-ura-izdaja-interesa-gradjana-ulcinja\/\" \/>\n<meta property=\"og:site_name\" content=\"Lajme nga Ulqini\" \/>\n<meta property=\"article:published_time\" content=\"2016-09-08T16:18:24+00:00\" \/>\n<meta property=\"og:image\" content=\"http:\/\/www.visit-ulcinj.com\/blog\/wp-content\/uploads\/2016\/09\/PUP-VALDANOS.jpg\" \/>\n<meta name=\"twitter:label1\" content=\"Written by\" \/>\n\t<meta name=\"twitter:data1\" content=\"ulqini\" \/>\n\t<meta name=\"twitter:label2\" content=\"Est. reading time\" \/>\n\t<meta name=\"twitter:data2\" content=\"2 minutes\" \/>\n<script type=\"application\/ld+json\" class=\"yoast-schema-graph\">{\"@context\":\"https:\/\/schema.org\",\"@graph\":[{\"@type\":\"WebSite\",\"@id\":\"https:\/\/www.visit-ulcinj.com\/blog\/#website\",\"url\":\"https:\/\/www.visit-ulcinj.com\/blog\/\",\"name\":\"Lajme nga Ulqini\",\"description\":\"Lajme,Vijesti,Ulqini,Ulqin,Crna Gora,Mali i Zi\",\"potentialAction\":[{\"@type\":\"SearchAction\",\"target\":{\"@type\":\"EntryPoint\",\"urlTemplate\":\"https:\/\/www.visit-ulcinj.com\/blog\/?s={search_term_string}\"},\"query-input\":\"required name=search_term_string\"}],\"inLanguage\":\"en-US\"},{\"@type\":\"ImageObject\",\"inLanguage\":\"en-US\",\"@id\":\"https:\/\/www.visit-ulcinj.com\/blog\/2016\/09\/08\/ulcinj-ura-izdaja-interesa-gradjana-ulcinja\/#primaryimage\",\"url\":\"https:\/\/www.visit-ulcinj.com\/blog\/wp-content\/uploads\/2016\/09\/PUP-VALDANOS.jpg\",\"contentUrl\":\"https:\/\/www.visit-ulcinj.com\/blog\/wp-content\/uploads\/2016\/09\/PUP-VALDANOS.jpg\",\"width\":1120,\"height\":518},{\"@type\":\"WebPage\",\"@id\":\"https:\/\/www.visit-ulcinj.com\/blog\/2016\/09\/08\/ulcinj-ura-izdaja-interesa-gradjana-ulcinja\/#webpage\",\"url\":\"https:\/\/www.visit-ulcinj.com\/blog\/2016\/09\/08\/ulcinj-ura-izdaja-interesa-gradjana-ulcinja\/\",\"name\":\"Ulcinj: URA - Izdaja interesa gradjana Ulcinja - Lajme nga Ulqini\",\"isPartOf\":{\"@id\":\"https:\/\/www.visit-ulcinj.com\/blog\/#website\"},\"primaryImageOfPage\":{\"@id\":\"https:\/\/www.visit-ulcinj.com\/blog\/2016\/09\/08\/ulcinj-ura-izdaja-interesa-gradjana-ulcinja\/#primaryimage\"},\"datePublished\":\"2016-09-08T16:18:24+00:00\",\"dateModified\":\"2016-09-08T16:18:24+00:00\",\"author\":{\"@id\":\"https:\/\/www.visit-ulcinj.com\/blog\/#\/schema\/person\/dcab619c614d3038751c63bc2aadc06d\"},\"description\":\"Ju\u010de smo imali prilike da na javnoj sceni Ulcinja vidimo pe\u010datiranje najve\u0107e izdaje po volji i mjeri premijera ili predsjednika DPS-a ili kreatora\",\"breadcrumb\":{\"@id\":\"https:\/\/www.visit-ulcinj.com\/blog\/2016\/09\/08\/ulcinj-ura-izdaja-interesa-gradjana-ulcinja\/#breadcrumb\"},\"inLanguage\":\"en-US\",\"potentialAction\":[{\"@type\":\"ReadAction\",\"target\":[\"https:\/\/www.visit-ulcinj.com\/blog\/2016\/09\/08\/ulcinj-ura-izdaja-interesa-gradjana-ulcinja\/\"]}]},{\"@type\":\"BreadcrumbList\",\"@id\":\"https:\/\/www.visit-ulcinj.com\/blog\/2016\/09\/08\/ulcinj-ura-izdaja-interesa-gradjana-ulcinja\/#breadcrumb\",\"itemListElement\":[{\"@type\":\"ListItem\",\"position\":1,\"name\":\"Ulcinj: URA &#8211; Izdaja interesa gradjana Ulcinja\"}]},{\"@type\":\"Person\",\"@id\":\"https:\/\/www.visit-ulcinj.com\/blog\/#\/schema\/person\/dcab619c614d3038751c63bc2aadc06d\",\"name\":\"ulqini\",\"sameAs\":[\"http:\/\/www.visit-ulcinj.com\"],\"url\":\"https:\/\/www.visit-ulcinj.com\/blog\/author\/admin\/\"}]}<\/script>\n<!-- \/ Yoast SEO plugin. -->","yoast_head_json":{"title":"Ulcinj: URA - Izdaja interesa gradjana Ulcinja - Lajme nga Ulqini","description":"Ju\u010de smo imali prilike da na javnoj sceni Ulcinja vidimo pe\u010datiranje najve\u0107e izdaje po volji i mjeri premijera ili predsjednika DPS-a ili kreatora","robots":{"index":"index","follow":"follow","max-snippet":"max-snippet:-1","max-image-preview":"max-image-preview:large","max-video-preview":"max-video-preview:-1"},"canonical":"https:\/\/www.visit-ulcinj.com\/blog\/2016\/09\/08\/ulcinj-ura-izdaja-interesa-gradjana-ulcinja\/","og_locale":"en_US","og_type":"article","og_title":"Ulcinj: URA - Izdaja interesa gradjana Ulcinja - Lajme nga Ulqini","og_description":"Ju\u010de smo imali prilike da na javnoj sceni Ulcinja vidimo pe\u010datiranje najve\u0107e izdaje po volji i mjeri premijera ili predsjednika DPS-a ili kreatora","og_url":"https:\/\/www.visit-ulcinj.com\/blog\/2016\/09\/08\/ulcinj-ura-izdaja-interesa-gradjana-ulcinja\/","og_site_name":"Lajme nga Ulqini","article_published_time":"2016-09-08T16:18:24+00:00","og_image":[{"url":"http:\/\/www.visit-ulcinj.com\/blog\/wp-content\/uploads\/2016\/09\/PUP-VALDANOS.jpg"}],"twitter_misc":{"Written by":"ulqini","Est. reading time":"2 minutes"},"schema":{"@context":"https:\/\/schema.org","@graph":[{"@type":"WebSite","@id":"https:\/\/www.visit-ulcinj.com\/blog\/#website","url":"https:\/\/www.visit-ulcinj.com\/blog\/","name":"Lajme nga Ulqini","description":"Lajme,Vijesti,Ulqini,Ulqin,Crna Gora,Mali i Zi","potentialAction":[{"@type":"SearchAction","target":{"@type":"EntryPoint","urlTemplate":"https:\/\/www.visit-ulcinj.com\/blog\/?s={search_term_string}"},"query-input":"required name=search_term_string"}],"inLanguage":"en-US"},{"@type":"ImageObject","inLanguage":"en-US","@id":"https:\/\/www.visit-ulcinj.com\/blog\/2016\/09\/08\/ulcinj-ura-izdaja-interesa-gradjana-ulcinja\/#primaryimage","url":"https:\/\/www.visit-ulcinj.com\/blog\/wp-content\/uploads\/2016\/09\/PUP-VALDANOS.jpg","contentUrl":"https:\/\/www.visit-ulcinj.com\/blog\/wp-content\/uploads\/2016\/09\/PUP-VALDANOS.jpg","width":1120,"height":518},{"@type":"WebPage","@id":"https:\/\/www.visit-ulcinj.com\/blog\/2016\/09\/08\/ulcinj-ura-izdaja-interesa-gradjana-ulcinja\/#webpage","url":"https:\/\/www.visit-ulcinj.com\/blog\/2016\/09\/08\/ulcinj-ura-izdaja-interesa-gradjana-ulcinja\/","name":"Ulcinj: URA - Izdaja interesa gradjana Ulcinja - Lajme nga Ulqini","isPartOf":{"@id":"https:\/\/www.visit-ulcinj.com\/blog\/#website"},"primaryImageOfPage":{"@id":"https:\/\/www.visit-ulcinj.com\/blog\/2016\/09\/08\/ulcinj-ura-izdaja-interesa-gradjana-ulcinja\/#primaryimage"},"datePublished":"2016-09-08T16:18:24+00:00","dateModified":"2016-09-08T16:18:24+00:00","author":{"@id":"https:\/\/www.visit-ulcinj.com\/blog\/#\/schema\/person\/dcab619c614d3038751c63bc2aadc06d"},"description":"Ju\u010de smo imali prilike da na javnoj sceni Ulcinja vidimo pe\u010datiranje najve\u0107e izdaje po volji i mjeri premijera ili predsjednika DPS-a ili kreatora","breadcrumb":{"@id":"https:\/\/www.visit-ulcinj.com\/blog\/2016\/09\/08\/ulcinj-ura-izdaja-interesa-gradjana-ulcinja\/#breadcrumb"},"inLanguage":"en-US","potentialAction":[{"@type":"ReadAction","target":["https:\/\/www.visit-ulcinj.com\/blog\/2016\/09\/08\/ulcinj-ura-izdaja-interesa-gradjana-ulcinja\/"]}]},{"@type":"BreadcrumbList","@id":"https:\/\/www.visit-ulcinj.com\/blog\/2016\/09\/08\/ulcinj-ura-izdaja-interesa-gradjana-ulcinja\/#breadcrumb","itemListElement":[{"@type":"ListItem","position":1,"name":"Ulcinj: URA &#8211; Izdaja interesa gradjana Ulcinja"}]},{"@type":"Person","@id":"https:\/\/www.visit-ulcinj.com\/blog\/#\/schema\/person\/dcab619c614d3038751c63bc2aadc06d","name":"ulqini","sameAs":["http:\/\/www.visit-ulcinj.com"],"url":"https:\/\/www.visit-ulcinj.com\/blog\/author\/admin\/"}]}},"jetpack_featured_media_url":"","jetpack_sharing_enabled":true,"jetpack_shortlink":"https:\/\/wp.me\/pe6lTn-pTx","_links":{"self":[{"href":"https:\/\/www.visit-ulcinj.com\/blog\/wp-json\/wp\/v2\/posts\/99543"}],"collection":[{"href":"https:\/\/www.visit-ulcinj.com\/blog\/wp-json\/wp\/v2\/posts"}],"about":[{"href":"https:\/\/www.visit-ulcinj.com\/blog\/wp-json\/wp\/v2\/types\/post"}],"author":[{"embeddable":true,"href":"https:\/\/www.visit-ulcinj.com\/blog\/wp-json\/wp\/v2\/users\/1"}],"replies":[{"embeddable":true,"href":"https:\/\/www.visit-ulcinj.com\/blog\/wp-json\/wp\/v2\/comments?post=99543"}],"version-history":[{"count":1,"href":"https:\/\/www.visit-ulcinj.com\/blog\/wp-json\/wp\/v2\/posts\/99543\/revisions"}],"predecessor-version":[{"id":99545,"href":"https:\/\/www.visit-ulcinj.com\/blog\/wp-json\/wp\/v2\/posts\/99543\/revisions\/99545"}],"wp:attachment":[{"href":"https:\/\/www.visit-ulcinj.com\/blog\/wp-json\/wp\/v2\/media?parent=99543"}],"wp:term":[{"taxonomy":"category","embeddable":true,"href":"https:\/\/www.visit-ulcinj.com\/blog\/wp-json\/wp\/v2\/categories?post=99543"},{"taxonomy":"post_tag","embeddable":true,"href":"https:\/\/www.visit-ulcinj.com\/blog\/wp-json\/wp\/v2\/tags?post=99543"}],"curies":[{"name":"wp","href":"https:\/\/api.w.org\/{rel}","templated":true}]}}