{"id":99555,"date":"2016-09-09T14:18:45","date_gmt":"2016-09-09T13:18:45","guid":{"rendered":"http:\/\/www.visit-ulcinj.com\/blog\/?p=99555"},"modified":"2016-09-10T19:05:47","modified_gmt":"2016-09-10T18:05:47","slug":"cungu-qendrim-te-pandryshuar-per-ceshtjen-e-valdanosit","status":"publish","type":"post","link":"https:\/\/www.visit-ulcinj.com\/blog\/2016\/09\/09\/cungu-qendrim-te-pandryshuar-per-ceshtjen-e-valdanosit\/","title":{"rendered":"Cungu me q\u00ebndrim t\u00eb pandryshuar p\u00ebr \u00e7\u00ebshtjen e Valdanosit"},"content":{"rendered":"<p><strong><a href=\"http:\/\/www.visit-ulcinj.com\/blog\/wp-content\/uploads\/2016\/09\/Nazif-Cungu-Qendrimi-Valdanosi.jpg\"><img loading=\"lazy\" class=\"alignleft wp-image-99556\" src=\"http:\/\/www.visit-ulcinj.com\/blog\/wp-content\/uploads\/2016\/09\/Nazif-Cungu-Qendrimi-Valdanosi.jpg\" alt=\"Nazif-Cungu-Qendrimi-Valdanosi\" width=\"508\" height=\"339\" srcset=\"https:\/\/www.visit-ulcinj.com\/blog\/wp-content\/uploads\/2016\/09\/Nazif-Cungu-Qendrimi-Valdanosi.jpg 999w, https:\/\/www.visit-ulcinj.com\/blog\/wp-content\/uploads\/2016\/09\/Nazif-Cungu-Qendrimi-Valdanosi-300x200.jpg 300w, https:\/\/www.visit-ulcinj.com\/blog\/wp-content\/uploads\/2016\/09\/Nazif-Cungu-Qendrimi-Valdanosi-768x512.jpg 768w\" sizes=\"(max-width: 508px) 100vw, 508px\" \/><\/a>Konfirmohen q\u00ebndrimet e pandryshuara t\u00eb Komun\u00ebs p\u00ebr \u00e7\u00ebshtjen e Valdanosit<\/strong><\/p>\n<p>Kryetari i komun\u00ebs s\u00eb Ulqinit Nazif Cungu u takua me p\u00ebrfaqesuesit\u00a0e Shoqat\u00ebs p\u00ebr kthimin e ullisht\u00ebs ne Valdanos, t\u00eb cil\u00ebt shpreh\u00ebn interesim p\u00ebr tu njoftuar p\u00ebrs\u00ebafrmi me Planin Hapsinor Urbanistik i cili tashm\u00eb \u00ebsht\u00eb n\u00eb faz\u00ebn p\u00ebrfundimtare dhe me vizit\u00ebn e Kryeministrit Gjukanoviq\u00a0q\u00eb i b\u00ebri Ulqinit.<\/p>\n<p>Kryetari Cungu edhe n\u00eb k\u00ebt\u00eb takim\u00a0p\u00ebrs\u00ebriti q\u00ebndrimet konform\u00eb vendimeve t\u00eb Kuvendit q\u00eb ullishta duhet ruajtur, dhe duhet ti\u00a0kthehet ish pronar\u00ebve. Pas diskutimeve n\u00eb takim u sollen\u00a0disa konkluza. U la q\u00eb t\u00eb\u00a0 mbahet nj\u00eb takim ndermjet\u00a0 perfaq\u00ebsuesve t\u00eb Komun\u00ebs\u00a0 ish pronar\u00ebve Ministrise s\u00eb\u00a0 financave, Ministrise s\u00eb bujq\u00ebsis\u00eb,\u00a0 Drejtoris\u00eb p\u00ebr patundshm\u00ebri,\u00a0 p\u00ebr tu marr\u00eb vesht\u00a0 p\u00ebr masat\u00a0 konform\u00eb\u00a0 k\u00ebrkesave\u00a0 t\u00eb ish pronar\u00ebve\u00a0 p\u00ebr\u00a0 kthimin e ullisht\u00ebs\u00a0 n\u00eb Valdanos.<\/p>\n<p>Poashtu nj\u00ebz\u00ebri u ra dakord q\u00eb Ullishta n\u00eb Valdanos t\u00eb shpallet\u00a0zon\u00eb e mbrojtuar, konform\u00eb ligjit, respektivisht\u00a0q\u00eb n\u00eb t\u00eb\u00a0t\u00eb\u00a0ndalohet cdo lloj nd\u00ebrtimi.<\/p>\n<p><a href=\"http:\/\/www.visit-ulcinj.com\/blog\/wp-content\/uploads\/2016\/09\/Nazif-Cungu-Qendrimi-Valdanosi-1.jpg\"><img loading=\"lazy\" class=\"alignleft wp-image-99557\" src=\"http:\/\/www.visit-ulcinj.com\/blog\/wp-content\/uploads\/2016\/09\/Nazif-Cungu-Qendrimi-Valdanosi-1.jpg\" alt=\"Nazif-Cungu-Qendrimi-Valdanosi-1\" width=\"508\" height=\"339\" srcset=\"https:\/\/www.visit-ulcinj.com\/blog\/wp-content\/uploads\/2016\/09\/Nazif-Cungu-Qendrimi-Valdanosi-1.jpg 999w, https:\/\/www.visit-ulcinj.com\/blog\/wp-content\/uploads\/2016\/09\/Nazif-Cungu-Qendrimi-Valdanosi-1-300x200.jpg 300w, https:\/\/www.visit-ulcinj.com\/blog\/wp-content\/uploads\/2016\/09\/Nazif-Cungu-Qendrimi-Valdanosi-1-768x512.jpg 768w\" sizes=\"(max-width: 508px) 100vw, 508px\" \/><\/a><\/p>\n<p>Ish\u00a0pronar\u00ebt edhe\u00a0 n\u00eb k\u00ebt\u00eb takim p\u00ebrs\u00ebrit\u00ebn q\u00eb jan\u00eb dakord\u00a0 q\u00eb\u00a0 p\u00ebr kthimin e ullisht\u00ebs\u00a0 t\u00eb kryhet\u00a0 kthim i drejt\u00eb i kompensimit,\u00a0 q\u00eb ish pronar\u00ebt i kan\u00eb pranuar\u00a0 n\u00eb baz\u00eb t\u00eb\u00a0 ekspoprijimit, n\u00eb harmoni\u00a0 me ligjin e eksproprijimit.<\/p>\n<p>Ish pronar\u00ebt\u00a0 pajtohen q\u00eb\u00a0 me Planin\u00a0 Hapsinor\u00eb Urbanistik, hapsira p\u00ebr valorizim turistik\u00a0 t\u00eb kufizohet n\u00eb hapsir\u00ebn n\u00eb t\u00eb cil\u00ebn nuk ka ullisht\u00eb<\/p>\n<p>K\u00ebto konkluza\u00a0i nenshkroi kryetari Cungu, kryetari i Shoqates\u00a0 p\u00ebr\u00a0 kthim Luka -Batko\u00a0 Gjakonoviq\u00a0 dhe Kryetari\u00a0 i kuvendit\u00a0 t\u00eb shoqates\u00a0 Latif &#8211; Avdo Gorana.<\/p>\n<p>P\u00ebrfaq\u00ebsuesit e Shoqates\u00a0 paralajmeruan q\u00eb m\u00eb dat\u00ebn 15 shtator ne sall\u00ebn e Kuvendit t\u00eb Ulqinit do t\u00eb mbajn\u00eb takim me t\u00eb gjith\u00eb\u00a0 ish pronar\u00ebt.<\/p>\n<p>K\u00ebto konkluza do ti d\u00ebrgohen edhe Ministris\u00eb p\u00ebr planifikim hapsinor\u00eb dhe p\u00ebrpunuesit t\u00eb Planit hapsinor\u00eb t\u00eb Ulqinit, q\u00eb t\u00eb inkuadrohen n\u00eb verzionin e fundit t\u00eb Planit i cili pritet t\u00eb miratohet s\u00eb shpejti.<\/p>\n<p>&nbsp;<\/p>\n<p>&nbsp;<\/p>\n<ul>\n<li class=\"one\">\n<ul>\n<li class=\"image\"><\/li>\n<li class=\"short\">\n<h2><a title=\"[0.3MB]\" href=\"http:\/\/ul-gov.me\/upload\/document\/20160909_zakljuci_valdanos.pdf\" target=\"_blank\">Konkluzat nga takimi me p\u00ebrfaqesuesit e Shoqat\u00ebs p\u00ebr kthimin e ullisht\u00ebs n\u00eb Valdanos PDF<\/a><\/h2>\n<\/li>\n<\/ul>\n<\/li>\n<\/ul>\n<p>&nbsp;<\/p>\n","protected":false},"excerpt":{"rendered":"<p>Konfirmohen q\u00ebndrimet e pandryshuara t\u00eb Komun\u00ebs p\u00ebr \u00e7\u00ebshtjen e Valdanosit Kryetari i komun\u00ebs s\u00eb Ulqinit Nazif Cungu u takua me p\u00ebrfaqesuesit\u00a0e Shoqat\u00ebs p\u00ebr kthimin e ullisht\u00ebs ne Valdanos, t\u00eb cil\u00ebt shpreh\u00ebn interesim p\u00ebr tu njoftuar p\u00ebrs\u00ebafrmi me Planin Hapsinor Urbanistik i cili tashm\u00eb \u00ebsht\u00eb n\u00eb faz\u00ebn p\u00ebrfundimtare dhe me vizit\u00ebn e Kryeministrit Gjukanoviq\u00a0q\u00eb i b\u00ebri [&hellip;]<\/p>\n","protected":false},"author":1,"featured_media":0,"comment_status":"closed","ping_status":"closed","sticky":false,"template":"","format":"standard","meta":{"spay_email":"","jetpack_publicize_message":"","jetpack_is_tweetstorm":false,"jetpack_publicize_feature_enabled":true},"categories":[4,1],"tags":[],"jetpack_publicize_connections":[],"yoast_head":"<!-- This site is optimized with the Yoast SEO plugin v19.1 - https:\/\/yoast.com\/wordpress\/plugins\/seo\/ -->\n<title>Cungu me q\u00ebndrim t\u00eb pandryshuar p\u00ebr \u00e7\u00ebshtjen e Valdanosit - Lajme nga Ulqini<\/title>\n<meta name=\"description\" content=\"Konfirmohen q\u00ebndrimet e pandryshuara t\u00eb Komun\u00ebs p\u00ebr \u00e7\u00ebshtjen e Valdanosit Kryetari i komun\u00ebs s\u00eb Ulqinit Nazif Cungu u takua me p\u00ebrfaqesuesit\u00a0e Shoqat\u00ebs\" \/>\n<meta name=\"robots\" content=\"index, follow, max-snippet:-1, max-image-preview:large, max-video-preview:-1\" \/>\n<link rel=\"canonical\" href=\"https:\/\/www.visit-ulcinj.com\/blog\/2016\/09\/09\/cungu-qendrim-te-pandryshuar-per-ceshtjen-e-valdanosit\/\" \/>\n<meta property=\"og:locale\" content=\"en_US\" \/>\n<meta property=\"og:type\" content=\"article\" \/>\n<meta property=\"og:title\" content=\"Cungu me q\u00ebndrim t\u00eb pandryshuar p\u00ebr \u00e7\u00ebshtjen e Valdanosit - Lajme nga Ulqini\" \/>\n<meta property=\"og:description\" content=\"Konfirmohen q\u00ebndrimet e pandryshuara t\u00eb Komun\u00ebs p\u00ebr \u00e7\u00ebshtjen e Valdanosit Kryetari i komun\u00ebs s\u00eb Ulqinit Nazif Cungu u takua me p\u00ebrfaqesuesit\u00a0e Shoqat\u00ebs\" \/>\n<meta property=\"og:url\" content=\"https:\/\/www.visit-ulcinj.com\/blog\/2016\/09\/09\/cungu-qendrim-te-pandryshuar-per-ceshtjen-e-valdanosit\/\" \/>\n<meta property=\"og:site_name\" content=\"Lajme nga Ulqini\" \/>\n<meta property=\"article:published_time\" content=\"2016-09-09T13:18:45+00:00\" \/>\n<meta property=\"article:modified_time\" content=\"2016-09-10T18:05:47+00:00\" \/>\n<meta property=\"og:image\" content=\"http:\/\/www.visit-ulcinj.com\/blog\/wp-content\/uploads\/2016\/09\/Nazif-Cungu-Qendrimi-Valdanosi.jpg\" \/>\n<meta name=\"twitter:label1\" content=\"Written by\" \/>\n\t<meta name=\"twitter:data1\" content=\"ulqini\" \/>\n\t<meta name=\"twitter:label2\" content=\"Est. reading time\" \/>\n\t<meta name=\"twitter:data2\" content=\"2 minutes\" \/>\n<script type=\"application\/ld+json\" class=\"yoast-schema-graph\">{\"@context\":\"https:\/\/schema.org\",\"@graph\":[{\"@type\":\"WebSite\",\"@id\":\"https:\/\/www.visit-ulcinj.com\/blog\/#website\",\"url\":\"https:\/\/www.visit-ulcinj.com\/blog\/\",\"name\":\"Lajme nga Ulqini\",\"description\":\"Lajme,Vijesti,Ulqini,Ulqin,Crna Gora,Mali i Zi\",\"potentialAction\":[{\"@type\":\"SearchAction\",\"target\":{\"@type\":\"EntryPoint\",\"urlTemplate\":\"https:\/\/www.visit-ulcinj.com\/blog\/?s={search_term_string}\"},\"query-input\":\"required name=search_term_string\"}],\"inLanguage\":\"en-US\"},{\"@type\":\"ImageObject\",\"inLanguage\":\"en-US\",\"@id\":\"https:\/\/www.visit-ulcinj.com\/blog\/2016\/09\/09\/cungu-qendrim-te-pandryshuar-per-ceshtjen-e-valdanosit\/#primaryimage\",\"url\":\"https:\/\/www.visit-ulcinj.com\/blog\/wp-content\/uploads\/2016\/09\/Nazif-Cungu-Qendrimi-Valdanosi.jpg\",\"contentUrl\":\"https:\/\/www.visit-ulcinj.com\/blog\/wp-content\/uploads\/2016\/09\/Nazif-Cungu-Qendrimi-Valdanosi.jpg\",\"width\":999,\"height\":666},{\"@type\":\"WebPage\",\"@id\":\"https:\/\/www.visit-ulcinj.com\/blog\/2016\/09\/09\/cungu-qendrim-te-pandryshuar-per-ceshtjen-e-valdanosit\/#webpage\",\"url\":\"https:\/\/www.visit-ulcinj.com\/blog\/2016\/09\/09\/cungu-qendrim-te-pandryshuar-per-ceshtjen-e-valdanosit\/\",\"name\":\"Cungu me q\u00ebndrim t\u00eb pandryshuar p\u00ebr \u00e7\u00ebshtjen e Valdanosit - Lajme nga Ulqini\",\"isPartOf\":{\"@id\":\"https:\/\/www.visit-ulcinj.com\/blog\/#website\"},\"primaryImageOfPage\":{\"@id\":\"https:\/\/www.visit-ulcinj.com\/blog\/2016\/09\/09\/cungu-qendrim-te-pandryshuar-per-ceshtjen-e-valdanosit\/#primaryimage\"},\"datePublished\":\"2016-09-09T13:18:45+00:00\",\"dateModified\":\"2016-09-10T18:05:47+00:00\",\"author\":{\"@id\":\"https:\/\/www.visit-ulcinj.com\/blog\/#\/schema\/person\/dcab619c614d3038751c63bc2aadc06d\"},\"description\":\"Konfirmohen q\u00ebndrimet e pandryshuara t\u00eb Komun\u00ebs p\u00ebr \u00e7\u00ebshtjen e Valdanosit Kryetari i komun\u00ebs s\u00eb Ulqinit Nazif Cungu u takua me p\u00ebrfaqesuesit\u00a0e Shoqat\u00ebs\",\"breadcrumb\":{\"@id\":\"https:\/\/www.visit-ulcinj.com\/blog\/2016\/09\/09\/cungu-qendrim-te-pandryshuar-per-ceshtjen-e-valdanosit\/#breadcrumb\"},\"inLanguage\":\"en-US\",\"potentialAction\":[{\"@type\":\"ReadAction\",\"target\":[\"https:\/\/www.visit-ulcinj.com\/blog\/2016\/09\/09\/cungu-qendrim-te-pandryshuar-per-ceshtjen-e-valdanosit\/\"]}]},{\"@type\":\"BreadcrumbList\",\"@id\":\"https:\/\/www.visit-ulcinj.com\/blog\/2016\/09\/09\/cungu-qendrim-te-pandryshuar-per-ceshtjen-e-valdanosit\/#breadcrumb\",\"itemListElement\":[{\"@type\":\"ListItem\",\"position\":1,\"name\":\"Cungu me q\u00ebndrim t\u00eb pandryshuar p\u00ebr \u00e7\u00ebshtjen e Valdanosit\"}]},{\"@type\":\"Person\",\"@id\":\"https:\/\/www.visit-ulcinj.com\/blog\/#\/schema\/person\/dcab619c614d3038751c63bc2aadc06d\",\"name\":\"ulqini\",\"sameAs\":[\"http:\/\/www.visit-ulcinj.com\"],\"url\":\"https:\/\/www.visit-ulcinj.com\/blog\/author\/admin\/\"}]}<\/script>\n<!-- \/ Yoast SEO plugin. -->","yoast_head_json":{"title":"Cungu me q\u00ebndrim t\u00eb pandryshuar p\u00ebr \u00e7\u00ebshtjen e Valdanosit - Lajme nga Ulqini","description":"Konfirmohen q\u00ebndrimet e pandryshuara t\u00eb Komun\u00ebs p\u00ebr \u00e7\u00ebshtjen e Valdanosit Kryetari i komun\u00ebs s\u00eb Ulqinit Nazif Cungu u takua me p\u00ebrfaqesuesit\u00a0e Shoqat\u00ebs","robots":{"index":"index","follow":"follow","max-snippet":"max-snippet:-1","max-image-preview":"max-image-preview:large","max-video-preview":"max-video-preview:-1"},"canonical":"https:\/\/www.visit-ulcinj.com\/blog\/2016\/09\/09\/cungu-qendrim-te-pandryshuar-per-ceshtjen-e-valdanosit\/","og_locale":"en_US","og_type":"article","og_title":"Cungu me q\u00ebndrim t\u00eb pandryshuar p\u00ebr \u00e7\u00ebshtjen e Valdanosit - Lajme nga Ulqini","og_description":"Konfirmohen q\u00ebndrimet e pandryshuara t\u00eb Komun\u00ebs p\u00ebr \u00e7\u00ebshtjen e Valdanosit Kryetari i komun\u00ebs s\u00eb Ulqinit Nazif Cungu u takua me p\u00ebrfaqesuesit\u00a0e Shoqat\u00ebs","og_url":"https:\/\/www.visit-ulcinj.com\/blog\/2016\/09\/09\/cungu-qendrim-te-pandryshuar-per-ceshtjen-e-valdanosit\/","og_site_name":"Lajme nga Ulqini","article_published_time":"2016-09-09T13:18:45+00:00","article_modified_time":"2016-09-10T18:05:47+00:00","og_image":[{"url":"http:\/\/www.visit-ulcinj.com\/blog\/wp-content\/uploads\/2016\/09\/Nazif-Cungu-Qendrimi-Valdanosi.jpg"}],"twitter_misc":{"Written by":"ulqini","Est. reading time":"2 minutes"},"schema":{"@context":"https:\/\/schema.org","@graph":[{"@type":"WebSite","@id":"https:\/\/www.visit-ulcinj.com\/blog\/#website","url":"https:\/\/www.visit-ulcinj.com\/blog\/","name":"Lajme nga Ulqini","description":"Lajme,Vijesti,Ulqini,Ulqin,Crna Gora,Mali i Zi","potentialAction":[{"@type":"SearchAction","target":{"@type":"EntryPoint","urlTemplate":"https:\/\/www.visit-ulcinj.com\/blog\/?s={search_term_string}"},"query-input":"required name=search_term_string"}],"inLanguage":"en-US"},{"@type":"ImageObject","inLanguage":"en-US","@id":"https:\/\/www.visit-ulcinj.com\/blog\/2016\/09\/09\/cungu-qendrim-te-pandryshuar-per-ceshtjen-e-valdanosit\/#primaryimage","url":"https:\/\/www.visit-ulcinj.com\/blog\/wp-content\/uploads\/2016\/09\/Nazif-Cungu-Qendrimi-Valdanosi.jpg","contentUrl":"https:\/\/www.visit-ulcinj.com\/blog\/wp-content\/uploads\/2016\/09\/Nazif-Cungu-Qendrimi-Valdanosi.jpg","width":999,"height":666},{"@type":"WebPage","@id":"https:\/\/www.visit-ulcinj.com\/blog\/2016\/09\/09\/cungu-qendrim-te-pandryshuar-per-ceshtjen-e-valdanosit\/#webpage","url":"https:\/\/www.visit-ulcinj.com\/blog\/2016\/09\/09\/cungu-qendrim-te-pandryshuar-per-ceshtjen-e-valdanosit\/","name":"Cungu me q\u00ebndrim t\u00eb pandryshuar p\u00ebr \u00e7\u00ebshtjen e Valdanosit - Lajme nga Ulqini","isPartOf":{"@id":"https:\/\/www.visit-ulcinj.com\/blog\/#website"},"primaryImageOfPage":{"@id":"https:\/\/www.visit-ulcinj.com\/blog\/2016\/09\/09\/cungu-qendrim-te-pandryshuar-per-ceshtjen-e-valdanosit\/#primaryimage"},"datePublished":"2016-09-09T13:18:45+00:00","dateModified":"2016-09-10T18:05:47+00:00","author":{"@id":"https:\/\/www.visit-ulcinj.com\/blog\/#\/schema\/person\/dcab619c614d3038751c63bc2aadc06d"},"description":"Konfirmohen q\u00ebndrimet e pandryshuara t\u00eb Komun\u00ebs p\u00ebr \u00e7\u00ebshtjen e Valdanosit Kryetari i komun\u00ebs s\u00eb Ulqinit Nazif Cungu u takua me p\u00ebrfaqesuesit\u00a0e Shoqat\u00ebs","breadcrumb":{"@id":"https:\/\/www.visit-ulcinj.com\/blog\/2016\/09\/09\/cungu-qendrim-te-pandryshuar-per-ceshtjen-e-valdanosit\/#breadcrumb"},"inLanguage":"en-US","potentialAction":[{"@type":"ReadAction","target":["https:\/\/www.visit-ulcinj.com\/blog\/2016\/09\/09\/cungu-qendrim-te-pandryshuar-per-ceshtjen-e-valdanosit\/"]}]},{"@type":"BreadcrumbList","@id":"https:\/\/www.visit-ulcinj.com\/blog\/2016\/09\/09\/cungu-qendrim-te-pandryshuar-per-ceshtjen-e-valdanosit\/#breadcrumb","itemListElement":[{"@type":"ListItem","position":1,"name":"Cungu me q\u00ebndrim t\u00eb pandryshuar p\u00ebr \u00e7\u00ebshtjen e Valdanosit"}]},{"@type":"Person","@id":"https:\/\/www.visit-ulcinj.com\/blog\/#\/schema\/person\/dcab619c614d3038751c63bc2aadc06d","name":"ulqini","sameAs":["http:\/\/www.visit-ulcinj.com"],"url":"https:\/\/www.visit-ulcinj.com\/blog\/author\/admin\/"}]}},"jetpack_featured_media_url":"","jetpack_sharing_enabled":true,"jetpack_shortlink":"https:\/\/wp.me\/pe6lTn-pTJ","_links":{"self":[{"href":"https:\/\/www.visit-ulcinj.com\/blog\/wp-json\/wp\/v2\/posts\/99555"}],"collection":[{"href":"https:\/\/www.visit-ulcinj.com\/blog\/wp-json\/wp\/v2\/posts"}],"about":[{"href":"https:\/\/www.visit-ulcinj.com\/blog\/wp-json\/wp\/v2\/types\/post"}],"author":[{"embeddable":true,"href":"https:\/\/www.visit-ulcinj.com\/blog\/wp-json\/wp\/v2\/users\/1"}],"replies":[{"embeddable":true,"href":"https:\/\/www.visit-ulcinj.com\/blog\/wp-json\/wp\/v2\/comments?post=99555"}],"version-history":[{"count":1,"href":"https:\/\/www.visit-ulcinj.com\/blog\/wp-json\/wp\/v2\/posts\/99555\/revisions"}],"predecessor-version":[{"id":99558,"href":"https:\/\/www.visit-ulcinj.com\/blog\/wp-json\/wp\/v2\/posts\/99555\/revisions\/99558"}],"wp:attachment":[{"href":"https:\/\/www.visit-ulcinj.com\/blog\/wp-json\/wp\/v2\/media?parent=99555"}],"wp:term":[{"taxonomy":"category","embeddable":true,"href":"https:\/\/www.visit-ulcinj.com\/blog\/wp-json\/wp\/v2\/categories?post=99555"},{"taxonomy":"post_tag","embeddable":true,"href":"https:\/\/www.visit-ulcinj.com\/blog\/wp-json\/wp\/v2\/tags?post=99555"}],"curies":[{"name":"wp","href":"https:\/\/api.w.org\/{rel}","templated":true}]}}