{"id":99561,"date":"2016-09-09T14:28:53","date_gmt":"2016-09-09T13:28:53","guid":{"rendered":"http:\/\/www.visit-ulcinj.com\/blog\/?p=99561"},"modified":"2016-09-11T07:22:31","modified_gmt":"2016-09-11T06:22:31","slug":"nika-e-dogji-heret-aleansa-e-te-rinjve-shqiptare-deputetin-e-trete","status":"publish","type":"post","link":"https:\/\/www.visit-ulcinj.com\/blog\/2016\/09\/09\/nika-e-dogji-heret-aleansa-e-te-rinjve-shqiptare-deputetin-e-trete\/","title":{"rendered":"Nika: A e dogji m\u00eb her\u00ebt aleansa e t\u00eb rinjve shqiptar\u00eb deputetin e tret\u00eb ..?!!!"},"content":{"rendered":"<p><strong><a href=\"http:\/\/www.visit-ulcinj.com\/blog\/wp-content\/uploads\/2014\/11\/Muhamet-Nika.jpg\"><img loading=\"lazy\" class=\"alignleft wp-image-86143 size-medium\" src=\"http:\/\/www.visit-ulcinj.com\/blog\/wp-content\/uploads\/2014\/11\/Muhamet-Nika-240x300.jpg\" alt=\"Muhamet Nika\" width=\"240\" height=\"300\" srcset=\"https:\/\/www.visit-ulcinj.com\/blog\/wp-content\/uploads\/2014\/11\/Muhamet-Nika-240x300.jpg 240w, https:\/\/www.visit-ulcinj.com\/blog\/wp-content\/uploads\/2014\/11\/Muhamet-Nika.jpg 256w\" sizes=\"(max-width: 240px) 100vw, 240px\" \/><\/a>Shkruan Muhamet Nika<\/strong><\/p>\n<p>P\u00ebr \u00e7udi , para pak koh\u00ebsh\u00a0 diku\u00a0 rreth or\u00ebs dy t\u00eb nat\u00ebs, m\u00eb arriti nj\u00eb mesazh celulari , n\u00eb gjuh\u00ebn serbe ,\u00a0 ku thuhej: \u201c Aleanca e t\u00eb rinjve shqiptar\u00eb, dogji 531 vot\u00eb, kurse p\u00ebr tu fituar 3 deputet\u00eb p\u00ebr partit\u00eb nacionale shqiptare, munguan rreth 300 vota,sepse votat e Aleanc\u00ebs&#8230;,\u00a0 kaluan n\u00eb koshin tjet\u00ebr, e p\u00ebr t\u00eb shkuar p\u00ebr partit\u00eb shqiptare\u00a0 \u00ebsht\u00eb dashur t\u00eb kalonin cenzusin , prej \u201c 07%\u201d, dhe pastaj deputeti i 3 do t\u2019i kish takuar UDSH-s\u00eb, e jo Frontit Demokratik\u00a0 nga lista \u2013 nr. \u00a0t\u00eb 20-t\u00eb,&#8230; \u00a0prof dr. Jelisava Kaleziq?!!<\/p>\n<p>Nga\u00a0 mesazhi shihet\u00a0 qart\u00eb , q\u00eb dikush mundohej t\u00eb m\u00eb bind\u00eb q\u00eb fajin e kan\u00eb t\u00eb rinjt\u00eb shqiptar\u00eb \u2013 q\u00eb i dogj\u00ebn 500 votat e veta , bashk\u00eb\u00a0 me \u00a03000 votat e Udsh-s\u00eb &#8230;, nga ku doli se 3500 vet\u00eb (shqiptar\u00eb) , paskan votuar\u00a0 nj\u00eb\u00a0 \u00e7etnik diku t\u00eb Kolashinit&#8230;?!<\/p>\n<p>Kurse\u00a0 p\u00ebrgjigja jon\u00eb n\u00eb k\u00ebt\u00eb \u201c faj \u201c \u00ebsht\u00eb e thjesht\u00eb- votat e shqiptar\u00ebve , sipas ligjit zgjedhor , jan\u00eb t\u00eb pa mbrojtura&#8230;?!<\/p>\n<p>Andaj edhe pyesim , a mund t\u00eb ndodh\u00eb\u00a0 q\u00eb jo 3500 vota\u00a0 serbo malazeze, por 3 vota serbo-malazeze\u00a0 tu shkojn\u00eb\u00a0 deputet\u00ebve\u00a0 shqiptar\u00eb- gjat\u00eb ndarjes\u00a0 n\u00ebp\u00ebr 2 koshat ?!\u00a0 P\u00ebrgjigja , dihet se \u00ebsht\u00eb jo&#8230;?!!!Sepse vota e tyre \u00ebsht\u00eb e mbrojtur dhe nuk kalon n\u00eb koshin e shqiptar\u00ebve&#8230;.?!!<\/p>\n<p>Po kush nuk m\u00eb garanton se kjo nuk do t\u00eb p\u00ebrs\u00ebritet , edhe n\u00eb k\u00ebto zgjedhje, kur ligji\u00a0 zgjedhor \u00ebsht\u00eb i nj\u00ebjt\u00eb dhe p\u00ebr s\u00eb ri shkohet n\u00eb shum\u00eb lista&#8230;?!! ASKUSH&#8230;.?!!!<\/p>\n<p><strong><em>Gabimi po p\u00ebrs\u00ebritet&#8230;?!!<\/em><\/strong><\/p>\n<p>Mbaj mend\u00a0 , se bart\u00ebsi i list\u00ebs nga Udsh, n\u00eb at\u00eb koh\u00eb\u00a0 Mehmet Zenka-\u00a0 fitues i \u00e7mimit\u00a0 t\u00eb paqes &#8230;, u tha t\u00eb rinjve T\u00cb ALEANC\u00cbS\u00a0 , N\u00cb\u00a0 AT\u00cb KOH\u00cb \u2013 N\u00cb\u00a0 NJ\u00cb\u00a0 DEBAT TELEVIZIV \u2013 q\u00eb \u201c i keni\u00a0 buz\u00ebt me tamb\u00ebl..\u201d. N\u00eb kuptimi , q\u00eb ende jeni t\u00eb rinj , e s\u2019b\u00ebni p\u00ebr \u00a0POLITIK\u00cb&#8230;?!<\/p>\n<p><strong><em>V\u00ebrtet\u00eb \u2013 buz\u00ebt mund t\u2019i ken\u00eb me tamb\u00ebl- por ama muskujt\u00a0 i kan\u00eb&#8230;?!!!<\/em><\/strong><\/p>\n<p><a href=\"http:\/\/www.visit-ulcinj.com\/blog\/wp-content\/uploads\/2016\/09\/Tifozat-kuq-e-zi-nga-Ulqini.jpg\"><img loading=\"lazy\" class=\"alignleft wp-image-99562\" src=\"http:\/\/www.visit-ulcinj.com\/blog\/wp-content\/uploads\/2016\/09\/Tifozat-kuq-e-zi-nga-Ulqini.jpg\" alt=\"Tifozat-kuq-e-zi-nga-Ulqini\" width=\"508\" height=\"264\" srcset=\"https:\/\/www.visit-ulcinj.com\/blog\/wp-content\/uploads\/2016\/09\/Tifozat-kuq-e-zi-nga-Ulqini.jpg 622w, https:\/\/www.visit-ulcinj.com\/blog\/wp-content\/uploads\/2016\/09\/Tifozat-kuq-e-zi-nga-Ulqini-300x156.jpg 300w\" sizes=\"(max-width: 508px) 100vw, 508px\" \/><\/a><\/p>\n<p>Pra ky , n\u00eb vend se\u00a0 t\u00eb kish b\u00ebr\u00eb marr\u00ebveshje me t\u00eb rinjt\u00eb , i injoroi dhe ngjau ajo q\u00eb ngjau. Si duket , q\u00eb k\u00ebto\u00a0 fjal\u00eb nuk ishin t\u00eb tijat , por ishte i stresuar nga vet\u00eb Bardhi, i cili ngjash\u00ebm , kur Zenka , ishte i ri- dhe k\u00ebrkonte avancim\u00a0 n\u00eb parti- ky i thoshte , q\u00eb je i ri dhe \u201c i keni\u00a0 buz\u00ebt me tamb\u00ebl..\u201d?!!! E dhe pse, \u00e7\u2019 \u00ebsht\u00eb\u00a0 e v\u00ebrteta \u2013 \u00a0nuk ia vari fort\u00a0 Mehmetit..?!!<\/p>\n<p>Mbase t\u00eb rinjt\u00eb , si\u00e7 po duket \u201c i dhan\u00eb nj\u00eb m\u00ebsim\u00a0 \u201c m\u00eb shum\u00eb se t\u00eb mir\u00eb-Zenk\u00ebs, dhe tashti, n\u00eb k\u00ebto zgjedhje, ai \u00a0pasi u dogj tamblit \u00a0\u00a0\u201c i fryu edhe \u00a0\u00a0kosit..\u201d , Forc\u00ebs -duke u bashkuar\u00a0 me ata \u2013 nga kishin \u00a0dal\u00eb&#8230;?!!<\/p>\n<p><strong><em>\u00a0A PO \u00a0GABON\u00a0 NIKA\u00a0 DUKE DAL\u00cb N\u00cb ZGJEDHJE &#8230;?!<\/em><\/strong><\/p>\n<p>Mendimi\u00a0 yn\u00eb \u00ebsht\u00eb se faji n\u00eb k\u00ebt\u00eb situat\u00eb \u00ebsht\u00eb i nd\u00ebrsjell\u00eb&#8230;, pra po gabojn\u00eb ata q\u00eb nuk\u00a0 bisedojn\u00eb me Nik\u00ebn&#8230;?!! Ashtu\u00a0 si u gabua me t\u00eb rinjt\u00eb tjer\u00eb M\u00cb HER\u00cbT . V\u00ebrtet\u00eb \u2013 buz\u00ebt mund t\u2019i ken\u00eb me tamb\u00ebl- por ama edhe muskuj kan\u00eb.<\/p>\n<p>Pra , n\u00ebse vota\u00a0 shqiptare \u00a0ENDE \u00a0vazhdon dhe\u00a0 \u00ebsht\u00eb e pa mbrojtur<strong><em><u>&#8211; Un\u00eb p\u00ebr tu mbrojtur , do dal n\u00eb votim , por do ta anuloj dhe si e till\u00eb, nuk do tu hyj\u00eb n\u00eb pun\u00eb \u2013 as EDPS-it,\u00a0 as shqiptar\u00ebve\u00a0 dhe \u00a0aq m\u00eb pak \u00a0\u00e7etnik\u00ebve&#8230;?!!!<\/u><\/em><\/strong><\/p>\n<p>M\u00eb duket se ata q\u00eb garojn\u00eb n\u00eb lista , n\u00eb k\u00ebto zgjedhje \u00a0\u2013 nga shqiptar\u00ebt\u00a0 dhe ata t\u00eb cil\u00ebt lidhin koalicion p\u00ebr pun\u00eb mjetesh&#8230;, po u ngjet \u00a0p\u00ebr momentin &#8211; ajo q\u00eb populli di t\u00eb thot\u00eb: \u201c Ma keq \u00a0i m\u00ebsumi\u00a0 se i dishrumi..?! Ha, ha, Ha&#8230;.?!!<\/p>\n<p>&nbsp;<\/p>\n<p><a href=\"http:\/\/www.visit-ulcinj.com\/blog\/wp-content\/uploads\/2014\/11\/Muhamet-Nika.jpg\"><img loading=\"lazy\" class=\"alignleft wp-image-86143 size-thumbnail\" src=\"http:\/\/www.visit-ulcinj.com\/blog\/wp-content\/uploads\/2014\/11\/Muhamet-Nika-150x150.jpg\" alt=\"Muhamet Nika\" width=\"150\" height=\"150\" \/><\/a><strong>Sudski tuma\u010d- P\u00ebrkthyes gjyq\u00ebsor  \u201c MUHAMET NIKA \u201d Ulcinj- Ulqin<\/strong><\/p>\n<p><strong>Adresa:<\/strong>  zgrada  SO ULCINJ- nd\u00ebrtesa e KK Ulqin<\/p>\n<p><strong>Telefon-i:              <\/strong> 068 264 122<\/p>\n<p><strong>Email-i <\/strong>: <strong><a href=\"mailto:muhamet-nika@hotmail.com\">muhamet-nika@hotmail.com<\/a><\/strong><\/p>\n<p>Albanski jezik-  prof. Albanskog  jezika<\/p>\n<p>Gjuh\u00eb shqipe- prof. I gjuh\u00ebs shqipe<\/p>\n<p><strong>Pik\u00ebpamjet e shprehura n\u00eb faqen \u201cOPINIONE\u201d nuk p\u00ebrfaq\u00ebsojn\u00eb domosdoshm\u00ebrisht politik\u00ebn redaksionale t\u00eb \u201eLajmeve nga Ulqini\u201e<\/strong><\/p>\n","protected":false},"excerpt":{"rendered":"<p>Shkruan Muhamet Nika P\u00ebr \u00e7udi , para pak koh\u00ebsh\u00a0 diku\u00a0 rreth or\u00ebs dy t\u00eb nat\u00ebs, m\u00eb arriti nj\u00eb mesazh celulari , n\u00eb gjuh\u00ebn serbe ,\u00a0 ku thuhej: \u201c Aleanca e t\u00eb rinjve shqiptar\u00eb, dogji 531 vot\u00eb, kurse p\u00ebr tu fituar 3 deputet\u00eb p\u00ebr partit\u00eb nacionale shqiptare, munguan rreth 300 vota,sepse votat e Aleanc\u00ebs&#8230;,\u00a0 kaluan n\u00eb [&hellip;]<\/p>\n","protected":false},"author":1,"featured_media":0,"comment_status":"closed","ping_status":"closed","sticky":false,"template":"","format":"standard","meta":{"spay_email":"","jetpack_publicize_message":"","jetpack_is_tweetstorm":false,"jetpack_publicize_feature_enabled":true},"categories":[14249],"tags":[],"jetpack_publicize_connections":[],"yoast_head":"<!-- This site is optimized with the Yoast SEO plugin v19.1 - https:\/\/yoast.com\/wordpress\/plugins\/seo\/ -->\n<title>Nika: A e dogji m\u00eb her\u00ebt aleansa e t\u00eb rinjve shqiptar\u00eb deputetin e tret\u00eb ..?!!! - Lajme nga Ulqini<\/title>\n<meta name=\"description\" content=\"Shkruan Muhamet Nika P\u00ebr \u00e7udi , para pak koh\u00ebsh\u00a0 diku\u00a0 rreth or\u00ebs dy t\u00eb nat\u00ebs, m\u00eb arriti nj\u00eb mesazh celulari , n\u00eb gjuh\u00ebn serbe ,\u00a0 ku thuhej: \u201c Aleanca e\" \/>\n<meta name=\"robots\" content=\"index, follow, max-snippet:-1, max-image-preview:large, max-video-preview:-1\" \/>\n<link rel=\"canonical\" href=\"https:\/\/www.visit-ulcinj.com\/blog\/2016\/09\/09\/nika-e-dogji-heret-aleansa-e-te-rinjve-shqiptare-deputetin-e-trete\/\" \/>\n<meta property=\"og:locale\" content=\"en_US\" \/>\n<meta property=\"og:type\" content=\"article\" \/>\n<meta property=\"og:title\" content=\"Nika: A e dogji m\u00eb her\u00ebt aleansa e t\u00eb rinjve shqiptar\u00eb deputetin e tret\u00eb ..?!!! - Lajme nga Ulqini\" \/>\n<meta property=\"og:description\" content=\"Shkruan Muhamet Nika P\u00ebr \u00e7udi , para pak koh\u00ebsh\u00a0 diku\u00a0 rreth or\u00ebs dy t\u00eb nat\u00ebs, m\u00eb arriti nj\u00eb mesazh celulari , n\u00eb gjuh\u00ebn serbe ,\u00a0 ku thuhej: \u201c Aleanca e\" \/>\n<meta property=\"og:url\" content=\"https:\/\/www.visit-ulcinj.com\/blog\/2016\/09\/09\/nika-e-dogji-heret-aleansa-e-te-rinjve-shqiptare-deputetin-e-trete\/\" \/>\n<meta property=\"og:site_name\" content=\"Lajme nga Ulqini\" \/>\n<meta property=\"article:published_time\" content=\"2016-09-09T13:28:53+00:00\" \/>\n<meta property=\"article:modified_time\" content=\"2016-09-11T06:22:31+00:00\" \/>\n<meta property=\"og:image\" content=\"http:\/\/www.visit-ulcinj.com\/blog\/wp-content\/uploads\/2014\/11\/Muhamet-Nika-240x300.jpg\" \/>\n<meta name=\"twitter:label1\" content=\"Written by\" \/>\n\t<meta name=\"twitter:data1\" content=\"ulqini\" \/>\n\t<meta name=\"twitter:label2\" content=\"Est. reading time\" \/>\n\t<meta name=\"twitter:data2\" content=\"3 minutes\" \/>\n<script type=\"application\/ld+json\" class=\"yoast-schema-graph\">{\"@context\":\"https:\/\/schema.org\",\"@graph\":[{\"@type\":\"WebSite\",\"@id\":\"https:\/\/www.visit-ulcinj.com\/blog\/#website\",\"url\":\"https:\/\/www.visit-ulcinj.com\/blog\/\",\"name\":\"Lajme nga Ulqini\",\"description\":\"Lajme,Vijesti,Ulqini,Ulqin,Crna Gora,Mali i Zi\",\"potentialAction\":[{\"@type\":\"SearchAction\",\"target\":{\"@type\":\"EntryPoint\",\"urlTemplate\":\"https:\/\/www.visit-ulcinj.com\/blog\/?s={search_term_string}\"},\"query-input\":\"required name=search_term_string\"}],\"inLanguage\":\"en-US\"},{\"@type\":\"ImageObject\",\"inLanguage\":\"en-US\",\"@id\":\"https:\/\/www.visit-ulcinj.com\/blog\/2016\/09\/09\/nika-e-dogji-heret-aleansa-e-te-rinjve-shqiptare-deputetin-e-trete\/#primaryimage\",\"url\":\"https:\/\/www.visit-ulcinj.com\/blog\/wp-content\/uploads\/2014\/11\/Muhamet-Nika.jpg\",\"contentUrl\":\"https:\/\/www.visit-ulcinj.com\/blog\/wp-content\/uploads\/2014\/11\/Muhamet-Nika.jpg\",\"width\":256,\"height\":319},{\"@type\":\"WebPage\",\"@id\":\"https:\/\/www.visit-ulcinj.com\/blog\/2016\/09\/09\/nika-e-dogji-heret-aleansa-e-te-rinjve-shqiptare-deputetin-e-trete\/#webpage\",\"url\":\"https:\/\/www.visit-ulcinj.com\/blog\/2016\/09\/09\/nika-e-dogji-heret-aleansa-e-te-rinjve-shqiptare-deputetin-e-trete\/\",\"name\":\"Nika: A e dogji m\u00eb her\u00ebt aleansa e t\u00eb rinjve shqiptar\u00eb deputetin e tret\u00eb ..?!!! - Lajme nga Ulqini\",\"isPartOf\":{\"@id\":\"https:\/\/www.visit-ulcinj.com\/blog\/#website\"},\"primaryImageOfPage\":{\"@id\":\"https:\/\/www.visit-ulcinj.com\/blog\/2016\/09\/09\/nika-e-dogji-heret-aleansa-e-te-rinjve-shqiptare-deputetin-e-trete\/#primaryimage\"},\"datePublished\":\"2016-09-09T13:28:53+00:00\",\"dateModified\":\"2016-09-11T06:22:31+00:00\",\"author\":{\"@id\":\"https:\/\/www.visit-ulcinj.com\/blog\/#\/schema\/person\/dcab619c614d3038751c63bc2aadc06d\"},\"description\":\"Shkruan Muhamet Nika P\u00ebr \u00e7udi , para pak koh\u00ebsh\u00a0 diku\u00a0 rreth or\u00ebs dy t\u00eb nat\u00ebs, m\u00eb arriti nj\u00eb mesazh celulari , n\u00eb gjuh\u00ebn serbe ,\u00a0 ku thuhej: \u201c Aleanca e\",\"breadcrumb\":{\"@id\":\"https:\/\/www.visit-ulcinj.com\/blog\/2016\/09\/09\/nika-e-dogji-heret-aleansa-e-te-rinjve-shqiptare-deputetin-e-trete\/#breadcrumb\"},\"inLanguage\":\"en-US\",\"potentialAction\":[{\"@type\":\"ReadAction\",\"target\":[\"https:\/\/www.visit-ulcinj.com\/blog\/2016\/09\/09\/nika-e-dogji-heret-aleansa-e-te-rinjve-shqiptare-deputetin-e-trete\/\"]}]},{\"@type\":\"BreadcrumbList\",\"@id\":\"https:\/\/www.visit-ulcinj.com\/blog\/2016\/09\/09\/nika-e-dogji-heret-aleansa-e-te-rinjve-shqiptare-deputetin-e-trete\/#breadcrumb\",\"itemListElement\":[{\"@type\":\"ListItem\",\"position\":1,\"name\":\"Nika: A e dogji m\u00eb her\u00ebt aleansa e t\u00eb rinjve shqiptar\u00eb deputetin e tret\u00eb ..?!!!\"}]},{\"@type\":\"Person\",\"@id\":\"https:\/\/www.visit-ulcinj.com\/blog\/#\/schema\/person\/dcab619c614d3038751c63bc2aadc06d\",\"name\":\"ulqini\",\"sameAs\":[\"http:\/\/www.visit-ulcinj.com\"],\"url\":\"https:\/\/www.visit-ulcinj.com\/blog\/author\/admin\/\"}]}<\/script>\n<!-- \/ Yoast SEO plugin. -->","yoast_head_json":{"title":"Nika: A e dogji m\u00eb her\u00ebt aleansa e t\u00eb rinjve shqiptar\u00eb deputetin e tret\u00eb ..?!!! - Lajme nga Ulqini","description":"Shkruan Muhamet Nika P\u00ebr \u00e7udi , para pak koh\u00ebsh\u00a0 diku\u00a0 rreth or\u00ebs dy t\u00eb nat\u00ebs, m\u00eb arriti nj\u00eb mesazh celulari , n\u00eb gjuh\u00ebn serbe ,\u00a0 ku thuhej: \u201c Aleanca e","robots":{"index":"index","follow":"follow","max-snippet":"max-snippet:-1","max-image-preview":"max-image-preview:large","max-video-preview":"max-video-preview:-1"},"canonical":"https:\/\/www.visit-ulcinj.com\/blog\/2016\/09\/09\/nika-e-dogji-heret-aleansa-e-te-rinjve-shqiptare-deputetin-e-trete\/","og_locale":"en_US","og_type":"article","og_title":"Nika: A e dogji m\u00eb her\u00ebt aleansa e t\u00eb rinjve shqiptar\u00eb deputetin e tret\u00eb ..?!!! - Lajme nga Ulqini","og_description":"Shkruan Muhamet Nika P\u00ebr \u00e7udi , para pak koh\u00ebsh\u00a0 diku\u00a0 rreth or\u00ebs dy t\u00eb nat\u00ebs, m\u00eb arriti nj\u00eb mesazh celulari , n\u00eb gjuh\u00ebn serbe ,\u00a0 ku thuhej: \u201c Aleanca e","og_url":"https:\/\/www.visit-ulcinj.com\/blog\/2016\/09\/09\/nika-e-dogji-heret-aleansa-e-te-rinjve-shqiptare-deputetin-e-trete\/","og_site_name":"Lajme nga Ulqini","article_published_time":"2016-09-09T13:28:53+00:00","article_modified_time":"2016-09-11T06:22:31+00:00","og_image":[{"url":"http:\/\/www.visit-ulcinj.com\/blog\/wp-content\/uploads\/2014\/11\/Muhamet-Nika-240x300.jpg"}],"twitter_misc":{"Written by":"ulqini","Est. reading time":"3 minutes"},"schema":{"@context":"https:\/\/schema.org","@graph":[{"@type":"WebSite","@id":"https:\/\/www.visit-ulcinj.com\/blog\/#website","url":"https:\/\/www.visit-ulcinj.com\/blog\/","name":"Lajme nga Ulqini","description":"Lajme,Vijesti,Ulqini,Ulqin,Crna Gora,Mali i Zi","potentialAction":[{"@type":"SearchAction","target":{"@type":"EntryPoint","urlTemplate":"https:\/\/www.visit-ulcinj.com\/blog\/?s={search_term_string}"},"query-input":"required name=search_term_string"}],"inLanguage":"en-US"},{"@type":"ImageObject","inLanguage":"en-US","@id":"https:\/\/www.visit-ulcinj.com\/blog\/2016\/09\/09\/nika-e-dogji-heret-aleansa-e-te-rinjve-shqiptare-deputetin-e-trete\/#primaryimage","url":"https:\/\/www.visit-ulcinj.com\/blog\/wp-content\/uploads\/2014\/11\/Muhamet-Nika.jpg","contentUrl":"https:\/\/www.visit-ulcinj.com\/blog\/wp-content\/uploads\/2014\/11\/Muhamet-Nika.jpg","width":256,"height":319},{"@type":"WebPage","@id":"https:\/\/www.visit-ulcinj.com\/blog\/2016\/09\/09\/nika-e-dogji-heret-aleansa-e-te-rinjve-shqiptare-deputetin-e-trete\/#webpage","url":"https:\/\/www.visit-ulcinj.com\/blog\/2016\/09\/09\/nika-e-dogji-heret-aleansa-e-te-rinjve-shqiptare-deputetin-e-trete\/","name":"Nika: A e dogji m\u00eb her\u00ebt aleansa e t\u00eb rinjve shqiptar\u00eb deputetin e tret\u00eb ..?!!! - Lajme nga Ulqini","isPartOf":{"@id":"https:\/\/www.visit-ulcinj.com\/blog\/#website"},"primaryImageOfPage":{"@id":"https:\/\/www.visit-ulcinj.com\/blog\/2016\/09\/09\/nika-e-dogji-heret-aleansa-e-te-rinjve-shqiptare-deputetin-e-trete\/#primaryimage"},"datePublished":"2016-09-09T13:28:53+00:00","dateModified":"2016-09-11T06:22:31+00:00","author":{"@id":"https:\/\/www.visit-ulcinj.com\/blog\/#\/schema\/person\/dcab619c614d3038751c63bc2aadc06d"},"description":"Shkruan Muhamet Nika P\u00ebr \u00e7udi , para pak koh\u00ebsh\u00a0 diku\u00a0 rreth or\u00ebs dy t\u00eb nat\u00ebs, m\u00eb arriti nj\u00eb mesazh celulari , n\u00eb gjuh\u00ebn serbe ,\u00a0 ku thuhej: \u201c Aleanca e","breadcrumb":{"@id":"https:\/\/www.visit-ulcinj.com\/blog\/2016\/09\/09\/nika-e-dogji-heret-aleansa-e-te-rinjve-shqiptare-deputetin-e-trete\/#breadcrumb"},"inLanguage":"en-US","potentialAction":[{"@type":"ReadAction","target":["https:\/\/www.visit-ulcinj.com\/blog\/2016\/09\/09\/nika-e-dogji-heret-aleansa-e-te-rinjve-shqiptare-deputetin-e-trete\/"]}]},{"@type":"BreadcrumbList","@id":"https:\/\/www.visit-ulcinj.com\/blog\/2016\/09\/09\/nika-e-dogji-heret-aleansa-e-te-rinjve-shqiptare-deputetin-e-trete\/#breadcrumb","itemListElement":[{"@type":"ListItem","position":1,"name":"Nika: A e dogji m\u00eb her\u00ebt aleansa e t\u00eb rinjve shqiptar\u00eb deputetin e tret\u00eb ..?!!!"}]},{"@type":"Person","@id":"https:\/\/www.visit-ulcinj.com\/blog\/#\/schema\/person\/dcab619c614d3038751c63bc2aadc06d","name":"ulqini","sameAs":["http:\/\/www.visit-ulcinj.com"],"url":"https:\/\/www.visit-ulcinj.com\/blog\/author\/admin\/"}]}},"jetpack_featured_media_url":"","jetpack_sharing_enabled":true,"jetpack_shortlink":"https:\/\/wp.me\/pe6lTn-pTP","_links":{"self":[{"href":"https:\/\/www.visit-ulcinj.com\/blog\/wp-json\/wp\/v2\/posts\/99561"}],"collection":[{"href":"https:\/\/www.visit-ulcinj.com\/blog\/wp-json\/wp\/v2\/posts"}],"about":[{"href":"https:\/\/www.visit-ulcinj.com\/blog\/wp-json\/wp\/v2\/types\/post"}],"author":[{"embeddable":true,"href":"https:\/\/www.visit-ulcinj.com\/blog\/wp-json\/wp\/v2\/users\/1"}],"replies":[{"embeddable":true,"href":"https:\/\/www.visit-ulcinj.com\/blog\/wp-json\/wp\/v2\/comments?post=99561"}],"version-history":[{"count":3,"href":"https:\/\/www.visit-ulcinj.com\/blog\/wp-json\/wp\/v2\/posts\/99561\/revisions"}],"predecessor-version":[{"id":99610,"href":"https:\/\/www.visit-ulcinj.com\/blog\/wp-json\/wp\/v2\/posts\/99561\/revisions\/99610"}],"wp:attachment":[{"href":"https:\/\/www.visit-ulcinj.com\/blog\/wp-json\/wp\/v2\/media?parent=99561"}],"wp:term":[{"taxonomy":"category","embeddable":true,"href":"https:\/\/www.visit-ulcinj.com\/blog\/wp-json\/wp\/v2\/categories?post=99561"},{"taxonomy":"post_tag","embeddable":true,"href":"https:\/\/www.visit-ulcinj.com\/blog\/wp-json\/wp\/v2\/tags?post=99561"}],"curies":[{"name":"wp","href":"https:\/\/api.w.org\/{rel}","templated":true}]}}