{"id":99569,"date":"2016-09-09T14:39:38","date_gmt":"2016-09-09T13:39:38","guid":{"rendered":"http:\/\/www.visit-ulcinj.com\/blog\/?p=99569"},"modified":"2016-09-09T14:39:38","modified_gmt":"2016-09-09T13:39:38","slug":"veceras-pocinje-prvi-medunarodni-muzicki-festival","status":"publish","type":"post","link":"https:\/\/www.visit-ulcinj.com\/blog\/2016\/09\/09\/veceras-pocinje-prvi-medunarodni-muzicki-festival\/","title":{"rendered":"Ve\u010deras po\u010dinje Prvi me\u0111unarodni muzi\u010dki festival"},"content":{"rendered":"<p><a href=\"http:\/\/www.visit-ulcinj.com\/blog\/wp-content\/uploads\/2016\/09\/Muzicki-Festival-Ulcinj.jpg\"><img loading=\"lazy\" class=\"alignleft wp-image-99570\" src=\"http:\/\/www.visit-ulcinj.com\/blog\/wp-content\/uploads\/2016\/09\/Muzicki-Festival-Ulcinj.jpg\" alt=\"Muzicki-Festival-Ulcinj\" width=\"508\" height=\"651\" srcset=\"https:\/\/www.visit-ulcinj.com\/blog\/wp-content\/uploads\/2016\/09\/Muzicki-Festival-Ulcinj.jpg 390w, https:\/\/www.visit-ulcinj.com\/blog\/wp-content\/uploads\/2016\/09\/Muzicki-Festival-Ulcinj-234x300.jpg 234w\" sizes=\"(max-width: 508px) 100vw, 508px\" \/><\/a>Ve\u010deras u hotelu Mediteran po\u010dinje Prvi me\u0111unaordni muzi\u010dki festival. Festival traja\u0107e 3 dana i ima\u0107e ukupno 4 koncerata renomiranih doma\u0107ih i svjetskih umjetnika.<\/p>\n<p>Koncert se organizuje uz podr\u0161ku Albanian-American Cultural Foundation, Ameri\u010dke ambasade u Podgorici i Op\u0161tine Ulcinj. Ve\u010deras na koncertu bi\u0107e prisutni predsjednik op\u0161tine Ulcinj Nazif Cungu i ambasadorka SAD u Crnoj Gori Margaret Ujehara.<\/p>\n","protected":false},"excerpt":{"rendered":"<p>Ve\u010deras u hotelu Mediteran po\u010dinje Prvi me\u0111unaordni muzi\u010dki festival. Festival traja\u0107e 3 dana i ima\u0107e ukupno 4 koncerata renomiranih doma\u0107ih i svjetskih umjetnika. Koncert se organizuje uz podr\u0161ku Albanian-American Cultural Foundation, Ameri\u010dke ambasade u Podgorici i Op\u0161tine Ulcinj. Ve\u010deras na koncertu bi\u0107e prisutni predsjednik op\u0161tine Ulcinj Nazif Cungu i ambasadorka SAD u Crnoj Gori Margaret [&hellip;]<\/p>\n","protected":false},"author":1,"featured_media":0,"comment_status":"closed","ping_status":"closed","sticky":false,"template":"","format":"standard","meta":{"spay_email":"","jetpack_publicize_message":"","jetpack_is_tweetstorm":false,"jetpack_publicize_feature_enabled":true},"categories":[6950],"tags":[],"jetpack_publicize_connections":[],"yoast_head":"<!-- This site is optimized with the Yoast SEO plugin v19.1 - https:\/\/yoast.com\/wordpress\/plugins\/seo\/ -->\n<title>Ve\u010deras po\u010dinje Prvi me\u0111unarodni muzi\u010dki festival - Lajme nga Ulqini<\/title>\n<meta name=\"description\" content=\"Ve\u010deras u hotelu Mediteran po\u010dinje Prvi me\u0111unaordni muzi\u010dki festival. Festival traja\u0107e 3 dana i ima\u0107e ukupno 4 koncerata renomiranih doma\u0107ih i svjetskih\" \/>\n<meta name=\"robots\" content=\"index, follow, max-snippet:-1, max-image-preview:large, max-video-preview:-1\" \/>\n<link rel=\"canonical\" href=\"https:\/\/www.visit-ulcinj.com\/blog\/2016\/09\/09\/veceras-pocinje-prvi-medunarodni-muzicki-festival\/\" \/>\n<meta property=\"og:locale\" content=\"en_US\" \/>\n<meta property=\"og:type\" content=\"article\" \/>\n<meta property=\"og:title\" content=\"Ve\u010deras po\u010dinje Prvi me\u0111unarodni muzi\u010dki festival - Lajme nga Ulqini\" \/>\n<meta property=\"og:description\" content=\"Ve\u010deras u hotelu Mediteran po\u010dinje Prvi me\u0111unaordni muzi\u010dki festival. Festival traja\u0107e 3 dana i ima\u0107e ukupno 4 koncerata renomiranih doma\u0107ih i svjetskih\" \/>\n<meta property=\"og:url\" content=\"https:\/\/www.visit-ulcinj.com\/blog\/2016\/09\/09\/veceras-pocinje-prvi-medunarodni-muzicki-festival\/\" \/>\n<meta property=\"og:site_name\" content=\"Lajme nga Ulqini\" \/>\n<meta property=\"article:published_time\" content=\"2016-09-09T13:39:38+00:00\" \/>\n<meta property=\"og:image\" content=\"http:\/\/www.visit-ulcinj.com\/blog\/wp-content\/uploads\/2016\/09\/Muzicki-Festival-Ulcinj.jpg\" \/>\n<meta name=\"twitter:label1\" content=\"Written by\" \/>\n\t<meta name=\"twitter:data1\" content=\"ulqini\" \/>\n<script type=\"application\/ld+json\" class=\"yoast-schema-graph\">{\"@context\":\"https:\/\/schema.org\",\"@graph\":[{\"@type\":\"WebSite\",\"@id\":\"https:\/\/www.visit-ulcinj.com\/blog\/#website\",\"url\":\"https:\/\/www.visit-ulcinj.com\/blog\/\",\"name\":\"Lajme nga Ulqini\",\"description\":\"Lajme,Vijesti,Ulqini,Ulqin,Crna Gora,Mali i Zi\",\"potentialAction\":[{\"@type\":\"SearchAction\",\"target\":{\"@type\":\"EntryPoint\",\"urlTemplate\":\"https:\/\/www.visit-ulcinj.com\/blog\/?s={search_term_string}\"},\"query-input\":\"required name=search_term_string\"}],\"inLanguage\":\"en-US\"},{\"@type\":\"ImageObject\",\"inLanguage\":\"en-US\",\"@id\":\"https:\/\/www.visit-ulcinj.com\/blog\/2016\/09\/09\/veceras-pocinje-prvi-medunarodni-muzicki-festival\/#primaryimage\",\"url\":\"https:\/\/www.visit-ulcinj.com\/blog\/wp-content\/uploads\/2016\/09\/Muzicki-Festival-Ulcinj.jpg\",\"contentUrl\":\"https:\/\/www.visit-ulcinj.com\/blog\/wp-content\/uploads\/2016\/09\/Muzicki-Festival-Ulcinj.jpg\",\"width\":390,\"height\":500},{\"@type\":\"WebPage\",\"@id\":\"https:\/\/www.visit-ulcinj.com\/blog\/2016\/09\/09\/veceras-pocinje-prvi-medunarodni-muzicki-festival\/#webpage\",\"url\":\"https:\/\/www.visit-ulcinj.com\/blog\/2016\/09\/09\/veceras-pocinje-prvi-medunarodni-muzicki-festival\/\",\"name\":\"Ve\u010deras po\u010dinje Prvi me\u0111unarodni muzi\u010dki festival - Lajme nga Ulqini\",\"isPartOf\":{\"@id\":\"https:\/\/www.visit-ulcinj.com\/blog\/#website\"},\"primaryImageOfPage\":{\"@id\":\"https:\/\/www.visit-ulcinj.com\/blog\/2016\/09\/09\/veceras-pocinje-prvi-medunarodni-muzicki-festival\/#primaryimage\"},\"datePublished\":\"2016-09-09T13:39:38+00:00\",\"dateModified\":\"2016-09-09T13:39:38+00:00\",\"author\":{\"@id\":\"https:\/\/www.visit-ulcinj.com\/blog\/#\/schema\/person\/dcab619c614d3038751c63bc2aadc06d\"},\"description\":\"Ve\u010deras u hotelu Mediteran po\u010dinje Prvi me\u0111unaordni muzi\u010dki festival. Festival traja\u0107e 3 dana i ima\u0107e ukupno 4 koncerata renomiranih doma\u0107ih i svjetskih\",\"breadcrumb\":{\"@id\":\"https:\/\/www.visit-ulcinj.com\/blog\/2016\/09\/09\/veceras-pocinje-prvi-medunarodni-muzicki-festival\/#breadcrumb\"},\"inLanguage\":\"en-US\",\"potentialAction\":[{\"@type\":\"ReadAction\",\"target\":[\"https:\/\/www.visit-ulcinj.com\/blog\/2016\/09\/09\/veceras-pocinje-prvi-medunarodni-muzicki-festival\/\"]}]},{\"@type\":\"BreadcrumbList\",\"@id\":\"https:\/\/www.visit-ulcinj.com\/blog\/2016\/09\/09\/veceras-pocinje-prvi-medunarodni-muzicki-festival\/#breadcrumb\",\"itemListElement\":[{\"@type\":\"ListItem\",\"position\":1,\"name\":\"Ve\u010deras po\u010dinje Prvi me\u0111unarodni muzi\u010dki festival\"}]},{\"@type\":\"Person\",\"@id\":\"https:\/\/www.visit-ulcinj.com\/blog\/#\/schema\/person\/dcab619c614d3038751c63bc2aadc06d\",\"name\":\"ulqini\",\"sameAs\":[\"http:\/\/www.visit-ulcinj.com\"],\"url\":\"https:\/\/www.visit-ulcinj.com\/blog\/author\/admin\/\"}]}<\/script>\n<!-- \/ Yoast SEO plugin. -->","yoast_head_json":{"title":"Ve\u010deras po\u010dinje Prvi me\u0111unarodni muzi\u010dki festival - Lajme nga Ulqini","description":"Ve\u010deras u hotelu Mediteran po\u010dinje Prvi me\u0111unaordni muzi\u010dki festival. Festival traja\u0107e 3 dana i ima\u0107e ukupno 4 koncerata renomiranih doma\u0107ih i svjetskih","robots":{"index":"index","follow":"follow","max-snippet":"max-snippet:-1","max-image-preview":"max-image-preview:large","max-video-preview":"max-video-preview:-1"},"canonical":"https:\/\/www.visit-ulcinj.com\/blog\/2016\/09\/09\/veceras-pocinje-prvi-medunarodni-muzicki-festival\/","og_locale":"en_US","og_type":"article","og_title":"Ve\u010deras po\u010dinje Prvi me\u0111unarodni muzi\u010dki festival - Lajme nga Ulqini","og_description":"Ve\u010deras u hotelu Mediteran po\u010dinje Prvi me\u0111unaordni muzi\u010dki festival. Festival traja\u0107e 3 dana i ima\u0107e ukupno 4 koncerata renomiranih doma\u0107ih i svjetskih","og_url":"https:\/\/www.visit-ulcinj.com\/blog\/2016\/09\/09\/veceras-pocinje-prvi-medunarodni-muzicki-festival\/","og_site_name":"Lajme nga Ulqini","article_published_time":"2016-09-09T13:39:38+00:00","og_image":[{"url":"http:\/\/www.visit-ulcinj.com\/blog\/wp-content\/uploads\/2016\/09\/Muzicki-Festival-Ulcinj.jpg"}],"twitter_misc":{"Written by":"ulqini"},"schema":{"@context":"https:\/\/schema.org","@graph":[{"@type":"WebSite","@id":"https:\/\/www.visit-ulcinj.com\/blog\/#website","url":"https:\/\/www.visit-ulcinj.com\/blog\/","name":"Lajme nga Ulqini","description":"Lajme,Vijesti,Ulqini,Ulqin,Crna Gora,Mali i Zi","potentialAction":[{"@type":"SearchAction","target":{"@type":"EntryPoint","urlTemplate":"https:\/\/www.visit-ulcinj.com\/blog\/?s={search_term_string}"},"query-input":"required name=search_term_string"}],"inLanguage":"en-US"},{"@type":"ImageObject","inLanguage":"en-US","@id":"https:\/\/www.visit-ulcinj.com\/blog\/2016\/09\/09\/veceras-pocinje-prvi-medunarodni-muzicki-festival\/#primaryimage","url":"https:\/\/www.visit-ulcinj.com\/blog\/wp-content\/uploads\/2016\/09\/Muzicki-Festival-Ulcinj.jpg","contentUrl":"https:\/\/www.visit-ulcinj.com\/blog\/wp-content\/uploads\/2016\/09\/Muzicki-Festival-Ulcinj.jpg","width":390,"height":500},{"@type":"WebPage","@id":"https:\/\/www.visit-ulcinj.com\/blog\/2016\/09\/09\/veceras-pocinje-prvi-medunarodni-muzicki-festival\/#webpage","url":"https:\/\/www.visit-ulcinj.com\/blog\/2016\/09\/09\/veceras-pocinje-prvi-medunarodni-muzicki-festival\/","name":"Ve\u010deras po\u010dinje Prvi me\u0111unarodni muzi\u010dki festival - Lajme nga Ulqini","isPartOf":{"@id":"https:\/\/www.visit-ulcinj.com\/blog\/#website"},"primaryImageOfPage":{"@id":"https:\/\/www.visit-ulcinj.com\/blog\/2016\/09\/09\/veceras-pocinje-prvi-medunarodni-muzicki-festival\/#primaryimage"},"datePublished":"2016-09-09T13:39:38+00:00","dateModified":"2016-09-09T13:39:38+00:00","author":{"@id":"https:\/\/www.visit-ulcinj.com\/blog\/#\/schema\/person\/dcab619c614d3038751c63bc2aadc06d"},"description":"Ve\u010deras u hotelu Mediteran po\u010dinje Prvi me\u0111unaordni muzi\u010dki festival. Festival traja\u0107e 3 dana i ima\u0107e ukupno 4 koncerata renomiranih doma\u0107ih i svjetskih","breadcrumb":{"@id":"https:\/\/www.visit-ulcinj.com\/blog\/2016\/09\/09\/veceras-pocinje-prvi-medunarodni-muzicki-festival\/#breadcrumb"},"inLanguage":"en-US","potentialAction":[{"@type":"ReadAction","target":["https:\/\/www.visit-ulcinj.com\/blog\/2016\/09\/09\/veceras-pocinje-prvi-medunarodni-muzicki-festival\/"]}]},{"@type":"BreadcrumbList","@id":"https:\/\/www.visit-ulcinj.com\/blog\/2016\/09\/09\/veceras-pocinje-prvi-medunarodni-muzicki-festival\/#breadcrumb","itemListElement":[{"@type":"ListItem","position":1,"name":"Ve\u010deras po\u010dinje Prvi me\u0111unarodni muzi\u010dki festival"}]},{"@type":"Person","@id":"https:\/\/www.visit-ulcinj.com\/blog\/#\/schema\/person\/dcab619c614d3038751c63bc2aadc06d","name":"ulqini","sameAs":["http:\/\/www.visit-ulcinj.com"],"url":"https:\/\/www.visit-ulcinj.com\/blog\/author\/admin\/"}]}},"jetpack_featured_media_url":"","jetpack_sharing_enabled":true,"jetpack_shortlink":"https:\/\/wp.me\/pe6lTn-pTX","_links":{"self":[{"href":"https:\/\/www.visit-ulcinj.com\/blog\/wp-json\/wp\/v2\/posts\/99569"}],"collection":[{"href":"https:\/\/www.visit-ulcinj.com\/blog\/wp-json\/wp\/v2\/posts"}],"about":[{"href":"https:\/\/www.visit-ulcinj.com\/blog\/wp-json\/wp\/v2\/types\/post"}],"author":[{"embeddable":true,"href":"https:\/\/www.visit-ulcinj.com\/blog\/wp-json\/wp\/v2\/users\/1"}],"replies":[{"embeddable":true,"href":"https:\/\/www.visit-ulcinj.com\/blog\/wp-json\/wp\/v2\/comments?post=99569"}],"version-history":[{"count":1,"href":"https:\/\/www.visit-ulcinj.com\/blog\/wp-json\/wp\/v2\/posts\/99569\/revisions"}],"predecessor-version":[{"id":99571,"href":"https:\/\/www.visit-ulcinj.com\/blog\/wp-json\/wp\/v2\/posts\/99569\/revisions\/99571"}],"wp:attachment":[{"href":"https:\/\/www.visit-ulcinj.com\/blog\/wp-json\/wp\/v2\/media?parent=99569"}],"wp:term":[{"taxonomy":"category","embeddable":true,"href":"https:\/\/www.visit-ulcinj.com\/blog\/wp-json\/wp\/v2\/categories?post=99569"},{"taxonomy":"post_tag","embeddable":true,"href":"https:\/\/www.visit-ulcinj.com\/blog\/wp-json\/wp\/v2\/tags?post=99569"}],"curies":[{"name":"wp","href":"https:\/\/api.w.org\/{rel}","templated":true}]}}