{"id":99572,"date":"2016-09-09T14:41:40","date_gmt":"2016-09-09T13:41:40","guid":{"rendered":"http:\/\/www.visit-ulcinj.com\/blog\/?p=99572"},"modified":"2016-09-09T14:41:40","modified_gmt":"2016-09-09T13:41:40","slug":"sonte-fillon-festivali-pare-nderkombetare-muzikor","status":"publish","type":"post","link":"https:\/\/www.visit-ulcinj.com\/blog\/2016\/09\/09\/sonte-fillon-festivali-pare-nderkombetare-muzikor\/","title":{"rendered":"Sonte fillon Festivali i Par\u00eb Nd\u00ebrkomb\u00ebtar\u00eb Muzikor"},"content":{"rendered":"<p><a href=\"http:\/\/www.visit-ulcinj.com\/blog\/wp-content\/uploads\/2016\/09\/Muzicki-Festival-Ulcinj.jpg\"><img loading=\"lazy\" class=\"alignleft wp-image-99570\" src=\"http:\/\/www.visit-ulcinj.com\/blog\/wp-content\/uploads\/2016\/09\/Muzicki-Festival-Ulcinj.jpg\" alt=\"Muzicki-Festival-Ulcinj\" width=\"508\" height=\"651\" srcset=\"https:\/\/www.visit-ulcinj.com\/blog\/wp-content\/uploads\/2016\/09\/Muzicki-Festival-Ulcinj.jpg 390w, https:\/\/www.visit-ulcinj.com\/blog\/wp-content\/uploads\/2016\/09\/Muzicki-Festival-Ulcinj-234x300.jpg 234w\" sizes=\"(max-width: 508px) 100vw, 508px\" \/><\/a>Sonte n\u00eb hotelin Mediteran do t\u00eb hapet Festivali i Par\u00eb nd\u00ebrkomb\u00ebtar\u00eb\u00a0 muzikor. P\u00ebr tri dit\u00eb rresht n\u00eb ambientet e hotelit dhe n\u00eb Pallatin Venecia n\u00eb Kala pianist\u00eb dhe interpret\u00eb t\u00eb afirmuar dhe t\u00eb d\u00ebshmuar n\u00eb shum\u00eb festivale dhe skena\u00a0 nd\u00ebrkomb\u00ebtare do t\u00eb\u00a0 interpretojn\u00eb\u00a0 pjes\u00eb t\u00eb kompozitor\u00ebve t\u00eb njohur bot\u00ebror\u00eb\u00a0 dhe vendas.<\/p>\n<p>Ky aktivitet organizohet me mb\u00ebshtetje financiare t\u00eb Albanian-American Cultural Foundation, Ambasad\u00ebs Amerikane n\u00eb Podgoric\u00eb dhe Komun\u00ebs s\u00eb Ulqinit. T\u00eb pranish\u00ebm do t\u00eb jen\u00eb kryetari i komun\u00ebs Nazif Cungu dhe Ambasadorja\u00a0 e SHBA -s\u00eb n\u00eb Podgoric\u00eb\u00a0Margaret Ann Uyehara.<\/p>\n","protected":false},"excerpt":{"rendered":"<p>Sonte n\u00eb hotelin Mediteran do t\u00eb hapet Festivali i Par\u00eb nd\u00ebrkomb\u00ebtar\u00eb\u00a0 muzikor. P\u00ebr tri dit\u00eb rresht n\u00eb ambientet e hotelit dhe n\u00eb Pallatin Venecia n\u00eb Kala pianist\u00eb dhe interpret\u00eb t\u00eb afirmuar dhe t\u00eb d\u00ebshmuar n\u00eb shum\u00eb festivale dhe skena\u00a0 nd\u00ebrkomb\u00ebtare do t\u00eb\u00a0 interpretojn\u00eb\u00a0 pjes\u00eb t\u00eb kompozitor\u00ebve t\u00eb njohur bot\u00ebror\u00eb\u00a0 dhe vendas. Ky aktivitet organizohet me [&hellip;]<\/p>\n","protected":false},"author":1,"featured_media":0,"comment_status":"closed","ping_status":"closed","sticky":false,"template":"","format":"standard","meta":{"spay_email":"","jetpack_publicize_message":"","jetpack_is_tweetstorm":false,"jetpack_publicize_feature_enabled":true},"categories":[1],"tags":[],"jetpack_publicize_connections":[],"yoast_head":"<!-- This site is optimized with the Yoast SEO plugin v19.1 - https:\/\/yoast.com\/wordpress\/plugins\/seo\/ -->\n<title>Sonte fillon Festivali i Par\u00eb Nd\u00ebrkomb\u00ebtar\u00eb Muzikor - Lajme nga Ulqini<\/title>\n<meta name=\"description\" content=\"Sonte n\u00eb hotelin Mediteran do t\u00eb hapet Festivali i Par\u00eb nd\u00ebrkomb\u00ebtar\u00eb\u00a0 muzikor. P\u00ebr tri dit\u00eb rresht n\u00eb ambientet e hotelit dhe n\u00eb Pallatin Venecia n\u00eb Kala\" \/>\n<meta name=\"robots\" content=\"index, follow, max-snippet:-1, max-image-preview:large, max-video-preview:-1\" \/>\n<link rel=\"canonical\" href=\"https:\/\/www.visit-ulcinj.com\/blog\/2016\/09\/09\/sonte-fillon-festivali-pare-nderkombetare-muzikor\/\" \/>\n<meta property=\"og:locale\" content=\"en_US\" \/>\n<meta property=\"og:type\" content=\"article\" \/>\n<meta property=\"og:title\" content=\"Sonte fillon Festivali i Par\u00eb Nd\u00ebrkomb\u00ebtar\u00eb Muzikor - Lajme nga Ulqini\" \/>\n<meta property=\"og:description\" content=\"Sonte n\u00eb hotelin Mediteran do t\u00eb hapet Festivali i Par\u00eb nd\u00ebrkomb\u00ebtar\u00eb\u00a0 muzikor. P\u00ebr tri dit\u00eb rresht n\u00eb ambientet e hotelit dhe n\u00eb Pallatin Venecia n\u00eb Kala\" \/>\n<meta property=\"og:url\" content=\"https:\/\/www.visit-ulcinj.com\/blog\/2016\/09\/09\/sonte-fillon-festivali-pare-nderkombetare-muzikor\/\" \/>\n<meta property=\"og:site_name\" content=\"Lajme nga Ulqini\" \/>\n<meta property=\"article:published_time\" content=\"2016-09-09T13:41:40+00:00\" \/>\n<meta property=\"og:image\" content=\"http:\/\/www.visit-ulcinj.com\/blog\/wp-content\/uploads\/2016\/09\/Muzicki-Festival-Ulcinj.jpg\" \/>\n<meta name=\"twitter:label1\" content=\"Written by\" \/>\n\t<meta name=\"twitter:data1\" content=\"ulqini\" \/>\n\t<meta name=\"twitter:label2\" content=\"Est. reading time\" \/>\n\t<meta name=\"twitter:data2\" content=\"1 minute\" \/>\n<script type=\"application\/ld+json\" class=\"yoast-schema-graph\">{\"@context\":\"https:\/\/schema.org\",\"@graph\":[{\"@type\":\"WebSite\",\"@id\":\"https:\/\/www.visit-ulcinj.com\/blog\/#website\",\"url\":\"https:\/\/www.visit-ulcinj.com\/blog\/\",\"name\":\"Lajme nga Ulqini\",\"description\":\"Lajme,Vijesti,Ulqini,Ulqin,Crna Gora,Mali i Zi\",\"potentialAction\":[{\"@type\":\"SearchAction\",\"target\":{\"@type\":\"EntryPoint\",\"urlTemplate\":\"https:\/\/www.visit-ulcinj.com\/blog\/?s={search_term_string}\"},\"query-input\":\"required name=search_term_string\"}],\"inLanguage\":\"en-US\"},{\"@type\":\"ImageObject\",\"inLanguage\":\"en-US\",\"@id\":\"https:\/\/www.visit-ulcinj.com\/blog\/2016\/09\/09\/sonte-fillon-festivali-pare-nderkombetare-muzikor\/#primaryimage\",\"url\":\"https:\/\/www.visit-ulcinj.com\/blog\/wp-content\/uploads\/2016\/09\/Muzicki-Festival-Ulcinj.jpg\",\"contentUrl\":\"https:\/\/www.visit-ulcinj.com\/blog\/wp-content\/uploads\/2016\/09\/Muzicki-Festival-Ulcinj.jpg\",\"width\":390,\"height\":500},{\"@type\":\"WebPage\",\"@id\":\"https:\/\/www.visit-ulcinj.com\/blog\/2016\/09\/09\/sonte-fillon-festivali-pare-nderkombetare-muzikor\/#webpage\",\"url\":\"https:\/\/www.visit-ulcinj.com\/blog\/2016\/09\/09\/sonte-fillon-festivali-pare-nderkombetare-muzikor\/\",\"name\":\"Sonte fillon Festivali i Par\u00eb Nd\u00ebrkomb\u00ebtar\u00eb Muzikor - Lajme nga Ulqini\",\"isPartOf\":{\"@id\":\"https:\/\/www.visit-ulcinj.com\/blog\/#website\"},\"primaryImageOfPage\":{\"@id\":\"https:\/\/www.visit-ulcinj.com\/blog\/2016\/09\/09\/sonte-fillon-festivali-pare-nderkombetare-muzikor\/#primaryimage\"},\"datePublished\":\"2016-09-09T13:41:40+00:00\",\"dateModified\":\"2016-09-09T13:41:40+00:00\",\"author\":{\"@id\":\"https:\/\/www.visit-ulcinj.com\/blog\/#\/schema\/person\/dcab619c614d3038751c63bc2aadc06d\"},\"description\":\"Sonte n\u00eb hotelin Mediteran do t\u00eb hapet Festivali i Par\u00eb nd\u00ebrkomb\u00ebtar\u00eb\u00a0 muzikor. P\u00ebr tri dit\u00eb rresht n\u00eb ambientet e hotelit dhe n\u00eb Pallatin Venecia n\u00eb Kala\",\"breadcrumb\":{\"@id\":\"https:\/\/www.visit-ulcinj.com\/blog\/2016\/09\/09\/sonte-fillon-festivali-pare-nderkombetare-muzikor\/#breadcrumb\"},\"inLanguage\":\"en-US\",\"potentialAction\":[{\"@type\":\"ReadAction\",\"target\":[\"https:\/\/www.visit-ulcinj.com\/blog\/2016\/09\/09\/sonte-fillon-festivali-pare-nderkombetare-muzikor\/\"]}]},{\"@type\":\"BreadcrumbList\",\"@id\":\"https:\/\/www.visit-ulcinj.com\/blog\/2016\/09\/09\/sonte-fillon-festivali-pare-nderkombetare-muzikor\/#breadcrumb\",\"itemListElement\":[{\"@type\":\"ListItem\",\"position\":1,\"name\":\"Sonte fillon Festivali i Par\u00eb Nd\u00ebrkomb\u00ebtar\u00eb Muzikor\"}]},{\"@type\":\"Person\",\"@id\":\"https:\/\/www.visit-ulcinj.com\/blog\/#\/schema\/person\/dcab619c614d3038751c63bc2aadc06d\",\"name\":\"ulqini\",\"sameAs\":[\"http:\/\/www.visit-ulcinj.com\"],\"url\":\"https:\/\/www.visit-ulcinj.com\/blog\/author\/admin\/\"}]}<\/script>\n<!-- \/ Yoast SEO plugin. -->","yoast_head_json":{"title":"Sonte fillon Festivali i Par\u00eb Nd\u00ebrkomb\u00ebtar\u00eb Muzikor - Lajme nga Ulqini","description":"Sonte n\u00eb hotelin Mediteran do t\u00eb hapet Festivali i Par\u00eb nd\u00ebrkomb\u00ebtar\u00eb\u00a0 muzikor. P\u00ebr tri dit\u00eb rresht n\u00eb ambientet e hotelit dhe n\u00eb Pallatin Venecia n\u00eb Kala","robots":{"index":"index","follow":"follow","max-snippet":"max-snippet:-1","max-image-preview":"max-image-preview:large","max-video-preview":"max-video-preview:-1"},"canonical":"https:\/\/www.visit-ulcinj.com\/blog\/2016\/09\/09\/sonte-fillon-festivali-pare-nderkombetare-muzikor\/","og_locale":"en_US","og_type":"article","og_title":"Sonte fillon Festivali i Par\u00eb Nd\u00ebrkomb\u00ebtar\u00eb Muzikor - Lajme nga Ulqini","og_description":"Sonte n\u00eb hotelin Mediteran do t\u00eb hapet Festivali i Par\u00eb nd\u00ebrkomb\u00ebtar\u00eb\u00a0 muzikor. P\u00ebr tri dit\u00eb rresht n\u00eb ambientet e hotelit dhe n\u00eb Pallatin Venecia n\u00eb Kala","og_url":"https:\/\/www.visit-ulcinj.com\/blog\/2016\/09\/09\/sonte-fillon-festivali-pare-nderkombetare-muzikor\/","og_site_name":"Lajme nga Ulqini","article_published_time":"2016-09-09T13:41:40+00:00","og_image":[{"url":"http:\/\/www.visit-ulcinj.com\/blog\/wp-content\/uploads\/2016\/09\/Muzicki-Festival-Ulcinj.jpg"}],"twitter_misc":{"Written by":"ulqini","Est. reading time":"1 minute"},"schema":{"@context":"https:\/\/schema.org","@graph":[{"@type":"WebSite","@id":"https:\/\/www.visit-ulcinj.com\/blog\/#website","url":"https:\/\/www.visit-ulcinj.com\/blog\/","name":"Lajme nga Ulqini","description":"Lajme,Vijesti,Ulqini,Ulqin,Crna Gora,Mali i Zi","potentialAction":[{"@type":"SearchAction","target":{"@type":"EntryPoint","urlTemplate":"https:\/\/www.visit-ulcinj.com\/blog\/?s={search_term_string}"},"query-input":"required name=search_term_string"}],"inLanguage":"en-US"},{"@type":"ImageObject","inLanguage":"en-US","@id":"https:\/\/www.visit-ulcinj.com\/blog\/2016\/09\/09\/sonte-fillon-festivali-pare-nderkombetare-muzikor\/#primaryimage","url":"https:\/\/www.visit-ulcinj.com\/blog\/wp-content\/uploads\/2016\/09\/Muzicki-Festival-Ulcinj.jpg","contentUrl":"https:\/\/www.visit-ulcinj.com\/blog\/wp-content\/uploads\/2016\/09\/Muzicki-Festival-Ulcinj.jpg","width":390,"height":500},{"@type":"WebPage","@id":"https:\/\/www.visit-ulcinj.com\/blog\/2016\/09\/09\/sonte-fillon-festivali-pare-nderkombetare-muzikor\/#webpage","url":"https:\/\/www.visit-ulcinj.com\/blog\/2016\/09\/09\/sonte-fillon-festivali-pare-nderkombetare-muzikor\/","name":"Sonte fillon Festivali i Par\u00eb Nd\u00ebrkomb\u00ebtar\u00eb Muzikor - Lajme nga Ulqini","isPartOf":{"@id":"https:\/\/www.visit-ulcinj.com\/blog\/#website"},"primaryImageOfPage":{"@id":"https:\/\/www.visit-ulcinj.com\/blog\/2016\/09\/09\/sonte-fillon-festivali-pare-nderkombetare-muzikor\/#primaryimage"},"datePublished":"2016-09-09T13:41:40+00:00","dateModified":"2016-09-09T13:41:40+00:00","author":{"@id":"https:\/\/www.visit-ulcinj.com\/blog\/#\/schema\/person\/dcab619c614d3038751c63bc2aadc06d"},"description":"Sonte n\u00eb hotelin Mediteran do t\u00eb hapet Festivali i Par\u00eb nd\u00ebrkomb\u00ebtar\u00eb\u00a0 muzikor. P\u00ebr tri dit\u00eb rresht n\u00eb ambientet e hotelit dhe n\u00eb Pallatin Venecia n\u00eb Kala","breadcrumb":{"@id":"https:\/\/www.visit-ulcinj.com\/blog\/2016\/09\/09\/sonte-fillon-festivali-pare-nderkombetare-muzikor\/#breadcrumb"},"inLanguage":"en-US","potentialAction":[{"@type":"ReadAction","target":["https:\/\/www.visit-ulcinj.com\/blog\/2016\/09\/09\/sonte-fillon-festivali-pare-nderkombetare-muzikor\/"]}]},{"@type":"BreadcrumbList","@id":"https:\/\/www.visit-ulcinj.com\/blog\/2016\/09\/09\/sonte-fillon-festivali-pare-nderkombetare-muzikor\/#breadcrumb","itemListElement":[{"@type":"ListItem","position":1,"name":"Sonte fillon Festivali i Par\u00eb Nd\u00ebrkomb\u00ebtar\u00eb Muzikor"}]},{"@type":"Person","@id":"https:\/\/www.visit-ulcinj.com\/blog\/#\/schema\/person\/dcab619c614d3038751c63bc2aadc06d","name":"ulqini","sameAs":["http:\/\/www.visit-ulcinj.com"],"url":"https:\/\/www.visit-ulcinj.com\/blog\/author\/admin\/"}]}},"jetpack_featured_media_url":"","jetpack_sharing_enabled":true,"jetpack_shortlink":"https:\/\/wp.me\/pe6lTn-pU0","_links":{"self":[{"href":"https:\/\/www.visit-ulcinj.com\/blog\/wp-json\/wp\/v2\/posts\/99572"}],"collection":[{"href":"https:\/\/www.visit-ulcinj.com\/blog\/wp-json\/wp\/v2\/posts"}],"about":[{"href":"https:\/\/www.visit-ulcinj.com\/blog\/wp-json\/wp\/v2\/types\/post"}],"author":[{"embeddable":true,"href":"https:\/\/www.visit-ulcinj.com\/blog\/wp-json\/wp\/v2\/users\/1"}],"replies":[{"embeddable":true,"href":"https:\/\/www.visit-ulcinj.com\/blog\/wp-json\/wp\/v2\/comments?post=99572"}],"version-history":[{"count":1,"href":"https:\/\/www.visit-ulcinj.com\/blog\/wp-json\/wp\/v2\/posts\/99572\/revisions"}],"predecessor-version":[{"id":99573,"href":"https:\/\/www.visit-ulcinj.com\/blog\/wp-json\/wp\/v2\/posts\/99572\/revisions\/99573"}],"wp:attachment":[{"href":"https:\/\/www.visit-ulcinj.com\/blog\/wp-json\/wp\/v2\/media?parent=99572"}],"wp:term":[{"taxonomy":"category","embeddable":true,"href":"https:\/\/www.visit-ulcinj.com\/blog\/wp-json\/wp\/v2\/categories?post=99572"},{"taxonomy":"post_tag","embeddable":true,"href":"https:\/\/www.visit-ulcinj.com\/blog\/wp-json\/wp\/v2\/tags?post=99572"}],"curies":[{"name":"wp","href":"https:\/\/api.w.org\/{rel}","templated":true}]}}