{"id":99579,"date":"2016-09-09T15:49:37","date_gmt":"2016-09-09T14:49:37","guid":{"rendered":"http:\/\/www.visit-ulcinj.com\/blog\/?p=99579"},"modified":"2016-09-09T15:49:37","modified_gmt":"2016-09-09T14:49:37","slug":"faton-abdullahu-mali-zi-mund-te-terheqe-njohjen-e-kosoves","status":"publish","type":"post","link":"https:\/\/www.visit-ulcinj.com\/blog\/2016\/09\/09\/faton-abdullahu-mali-zi-mund-te-terheqe-njohjen-e-kosoves\/","title":{"rendered":"Faton Abdullahu: Mali i Zi mund t\u00eb t\u00ebrheq\u00eb njohjen e Kosov\u00ebs"},"content":{"rendered":"<div class=\"text FullText\">\n<div class=\"shortText\"><strong>Kryeministri i Malit t\u00eb Zi Milo Gjukanovic ka deklaruar se Mali i Zi dhe Kosova mund ta d\u00ebrgojn\u00eb n\u00eb arbitrazh nd\u00ebrkomb\u00ebtar \u00e7\u00ebshtjen e demarkacionit n\u00ebse nuk arrijn\u00eb pajtim.<\/strong><\/div>\n<div class=\"articleContainer\">\u00a0<a href=\"http:\/\/www.visit-ulcinj.com\/blog\/wp-content\/uploads\/2016\/09\/Faton-Abdullahu.jpg\"><img loading=\"lazy\" class=\"alignleft wp-image-99580\" src=\"http:\/\/www.visit-ulcinj.com\/blog\/wp-content\/uploads\/2016\/09\/Faton-Abdullahu.jpg\" alt=\"Faton Abdullahu\" width=\"508\" height=\"287\" srcset=\"https:\/\/www.visit-ulcinj.com\/blog\/wp-content\/uploads\/2016\/09\/Faton-Abdullahu.jpg 673w, https:\/\/www.visit-ulcinj.com\/blog\/wp-content\/uploads\/2016\/09\/Faton-Abdullahu-300x169.jpg 300w\" sizes=\"(max-width: 508px) 100vw, 508px\" \/><\/a><\/div>\n<div class=\"centeredDIV hideMobile\"><\/div>\n<p>Ai ka th\u00ebn\u00eb se nuk duhet t\u00eb lejuar q\u00eb Podgorica dhe Prishtina t\u2019i prishin raportet duke theksuar se vendi i tij nuk e do asnj\u00eb met\u00ebr t\u00eb Kosov\u00ebs.<\/p>\n<p>Por, z\u00ebdh\u00ebn\u00ebsi i Qeveris\u00eb Faton Abdullahu \u00ebsht\u00eb shfaqur si specialist i \u00e7\u00ebshtjes duke th\u00ebn\u00eb se Mali i Zi mund ta t\u00ebrheq njohjen q\u00eb i kishte b\u00ebr\u00eb Republik\u00ebs s\u00eb Kosov\u00ebs.<\/p>\n<p>Mali i Zi dhe Maqedonia e kishin njohur pavar\u00ebsin\u00eb e Kosov\u00ebs n\u00eb tetor t\u00eb vitit 2008, disa muaj pas shpalljes s\u00eb pavar\u00ebsis\u00eb \u2013 duke nxitur edhe nj\u00eb her\u00eb hidh\u00ebrimin e Serbis\u00eb me njohjet q\u00eb po i vinin shtetit t\u00eb ri.<\/p>\n<p>Vet Gjukanovic theksoi se Kosova nuk ka raporte t\u00eb k\u00ebqija me Malin e Zi por gjith\u00eb\u00a0k\u00ebt\u00eb\u00a0e interpretoi si nj\u00eb\u00a0luft\u00eb\u00a0t\u00eb\u00a0brendshme nd\u00ebrmjet partive politike n\u00eb\u00a0Kosov\u00eb.<\/p>\n<p>Por tani, sipas Abdullahut, gj\u00ebrat kan\u00eb shkuar aq larg sa Mali i Zi \u00ebsht\u00eb af\u00ebr t\u00ebrheqjes s\u00eb njohjes.<\/p>\n<p><strong>\u201c<\/strong>Pajtimi p\u00ebr demarkacionin q\u00eb mund ta na sjell humbje t\u00eb pariparueshme. \u00a0N\u00ebse do t\u00eb pajtohemi pozit\u00eb dhe opozit\u00eb p\u00ebr demarkacionin, ashtu sikur pretendon opozita, tek at\u00ebher\u00eb do t\u00eb shohim \u00e7ka do t\u00eb humb Kosova, tek at\u00ebher\u00eb do t\u00eb shohim \u00e7ka do t\u00eb thot\u00eb mospajtim\u201d, shkruan Abdullahu n\u00eb llogarin\u00eb e tij n\u00eb facebook.<\/p>\n<p>\u201cMospajtim dhe humbje e shansit p\u00ebr vazhdim t\u00eb normalizimit t\u00eb marr\u00ebdh\u00ebnieve me Malin e Zi vend i cili pas Serbis\u00eb e ka potencialin p\u00ebrbrenda p\u00ebr t\u00eb qen\u00eb kund\u00ebr nesh dhe k\u00ebt\u00eb n\u00eb t\u00eb ardhmen mund ta b\u00ebj deri n\u00eb t\u00ebrheqjen e njohjes s\u00eb pavar\u00ebsis\u00eb\u201d, shkruan ai.<\/p>\n<p>Sipas Abdullahut, ky mospajtim do t\u00eb mund t\u00eb ishte deri n\u00eb humbjen e shansit p\u00ebr integrime evropiane, sepse n\u00eb rrug\u00ebtimin ton\u00eb p\u00ebr n\u00eb BE, do t\u00eb na ndizet drita e kuqe.<\/p>\n<p>\u201c\u00a0Mospajtim me SHBA-t\u00eb duke fituar logjika kryene\u00e7e opozitare se ne \u2018populli i p\u00ebrvuajtur i nj\u00eb vendi t\u00eb vog\u00ebl\u2019 mund ta kemi mir\u00eb dhe jo SHBA-t\u00eb, q\u00eb do t\u00eb mund t\u00eb vazhdohet ngjash\u00ebm edhe p\u00ebr \u2018Asociacionin\u2019 edhe p\u00ebr procese tjera\u201d, shkruan ai.<\/p>\n<p>\u201cHumbje e mund\u00ebsis\u00eb q\u00eb si shtet i ri ta ndihmojm\u00eb tutje procesin e forcimit dhe konsolidimit t\u00eb pranis\u00eb politiko-ushtarake t\u00eb NATO-s n\u00eb Ballkan. Transformimi i FSK-s\u00eb dhe Vizat as q\u00eb do t\u00eb na bien n\u00eb mend\u201d.\/lajmi.net<\/p>\n<\/div>\n","protected":false},"excerpt":{"rendered":"<p>Kryeministri i Malit t\u00eb Zi Milo Gjukanovic ka deklaruar se Mali i Zi dhe Kosova mund ta d\u00ebrgojn\u00eb n\u00eb arbitrazh nd\u00ebrkomb\u00ebtar \u00e7\u00ebshtjen e demarkacionit n\u00ebse nuk arrijn\u00eb pajtim. \u00a0 Ai ka th\u00ebn\u00eb se nuk duhet t\u00eb lejuar q\u00eb Podgorica dhe Prishtina t\u2019i prishin raportet duke theksuar se vendi i tij nuk e do asnj\u00eb met\u00ebr [&hellip;]<\/p>\n","protected":false},"author":1,"featured_media":0,"comment_status":"closed","ping_status":"closed","sticky":false,"template":"","format":"standard","meta":{"spay_email":"","jetpack_publicize_message":"","jetpack_is_tweetstorm":false,"jetpack_publicize_feature_enabled":true},"categories":[14],"tags":[],"jetpack_publicize_connections":[],"yoast_head":"<!-- This site is optimized with the Yoast SEO plugin v19.1 - https:\/\/yoast.com\/wordpress\/plugins\/seo\/ -->\n<title>Faton Abdullahu: Mali i Zi mund t\u00eb t\u00ebrheq\u00eb njohjen e Kosov\u00ebs - Lajme nga Ulqini<\/title>\n<meta name=\"description\" content=\"Kryeministri i Malit t\u00eb Zi Milo Gjukanovic ka deklaruar se Mali i Zi dhe Kosova mund ta d\u00ebrgojn\u00eb n\u00eb arbitrazh nd\u00ebrkomb\u00ebtar \u00e7\u00ebshtjen e demarkacionit n\u00ebse\" \/>\n<meta name=\"robots\" content=\"index, follow, max-snippet:-1, max-image-preview:large, max-video-preview:-1\" \/>\n<link rel=\"canonical\" href=\"https:\/\/www.visit-ulcinj.com\/blog\/2016\/09\/09\/faton-abdullahu-mali-zi-mund-te-terheqe-njohjen-e-kosoves\/\" \/>\n<meta property=\"og:locale\" content=\"en_US\" \/>\n<meta property=\"og:type\" content=\"article\" \/>\n<meta property=\"og:title\" content=\"Faton Abdullahu: Mali i Zi mund t\u00eb t\u00ebrheq\u00eb njohjen e Kosov\u00ebs - Lajme nga Ulqini\" \/>\n<meta property=\"og:description\" content=\"Kryeministri i Malit t\u00eb Zi Milo Gjukanovic ka deklaruar se Mali i Zi dhe Kosova mund ta d\u00ebrgojn\u00eb n\u00eb arbitrazh nd\u00ebrkomb\u00ebtar \u00e7\u00ebshtjen e demarkacionit n\u00ebse\" \/>\n<meta property=\"og:url\" content=\"https:\/\/www.visit-ulcinj.com\/blog\/2016\/09\/09\/faton-abdullahu-mali-zi-mund-te-terheqe-njohjen-e-kosoves\/\" \/>\n<meta property=\"og:site_name\" content=\"Lajme nga Ulqini\" \/>\n<meta property=\"article:published_time\" content=\"2016-09-09T14:49:37+00:00\" \/>\n<meta property=\"og:image\" content=\"http:\/\/www.visit-ulcinj.com\/blog\/wp-content\/uploads\/2016\/09\/Faton-Abdullahu.jpg\" \/>\n<meta name=\"twitter:label1\" content=\"Written by\" \/>\n\t<meta name=\"twitter:data1\" content=\"ulqini\" \/>\n\t<meta name=\"twitter:label2\" content=\"Est. reading time\" \/>\n\t<meta name=\"twitter:data2\" content=\"2 minutes\" \/>\n<script type=\"application\/ld+json\" class=\"yoast-schema-graph\">{\"@context\":\"https:\/\/schema.org\",\"@graph\":[{\"@type\":\"WebSite\",\"@id\":\"https:\/\/www.visit-ulcinj.com\/blog\/#website\",\"url\":\"https:\/\/www.visit-ulcinj.com\/blog\/\",\"name\":\"Lajme nga Ulqini\",\"description\":\"Lajme,Vijesti,Ulqini,Ulqin,Crna Gora,Mali i Zi\",\"potentialAction\":[{\"@type\":\"SearchAction\",\"target\":{\"@type\":\"EntryPoint\",\"urlTemplate\":\"https:\/\/www.visit-ulcinj.com\/blog\/?s={search_term_string}\"},\"query-input\":\"required name=search_term_string\"}],\"inLanguage\":\"en-US\"},{\"@type\":\"ImageObject\",\"inLanguage\":\"en-US\",\"@id\":\"https:\/\/www.visit-ulcinj.com\/blog\/2016\/09\/09\/faton-abdullahu-mali-zi-mund-te-terheqe-njohjen-e-kosoves\/#primaryimage\",\"url\":\"https:\/\/www.visit-ulcinj.com\/blog\/wp-content\/uploads\/2016\/09\/Faton-Abdullahu.jpg\",\"contentUrl\":\"https:\/\/www.visit-ulcinj.com\/blog\/wp-content\/uploads\/2016\/09\/Faton-Abdullahu.jpg\",\"width\":673,\"height\":380},{\"@type\":\"WebPage\",\"@id\":\"https:\/\/www.visit-ulcinj.com\/blog\/2016\/09\/09\/faton-abdullahu-mali-zi-mund-te-terheqe-njohjen-e-kosoves\/#webpage\",\"url\":\"https:\/\/www.visit-ulcinj.com\/blog\/2016\/09\/09\/faton-abdullahu-mali-zi-mund-te-terheqe-njohjen-e-kosoves\/\",\"name\":\"Faton Abdullahu: Mali i Zi mund t\u00eb t\u00ebrheq\u00eb njohjen e Kosov\u00ebs - Lajme nga Ulqini\",\"isPartOf\":{\"@id\":\"https:\/\/www.visit-ulcinj.com\/blog\/#website\"},\"primaryImageOfPage\":{\"@id\":\"https:\/\/www.visit-ulcinj.com\/blog\/2016\/09\/09\/faton-abdullahu-mali-zi-mund-te-terheqe-njohjen-e-kosoves\/#primaryimage\"},\"datePublished\":\"2016-09-09T14:49:37+00:00\",\"dateModified\":\"2016-09-09T14:49:37+00:00\",\"author\":{\"@id\":\"https:\/\/www.visit-ulcinj.com\/blog\/#\/schema\/person\/dcab619c614d3038751c63bc2aadc06d\"},\"description\":\"Kryeministri i Malit t\u00eb Zi Milo Gjukanovic ka deklaruar se Mali i Zi dhe Kosova mund ta d\u00ebrgojn\u00eb n\u00eb arbitrazh nd\u00ebrkomb\u00ebtar \u00e7\u00ebshtjen e demarkacionit n\u00ebse\",\"breadcrumb\":{\"@id\":\"https:\/\/www.visit-ulcinj.com\/blog\/2016\/09\/09\/faton-abdullahu-mali-zi-mund-te-terheqe-njohjen-e-kosoves\/#breadcrumb\"},\"inLanguage\":\"en-US\",\"potentialAction\":[{\"@type\":\"ReadAction\",\"target\":[\"https:\/\/www.visit-ulcinj.com\/blog\/2016\/09\/09\/faton-abdullahu-mali-zi-mund-te-terheqe-njohjen-e-kosoves\/\"]}]},{\"@type\":\"BreadcrumbList\",\"@id\":\"https:\/\/www.visit-ulcinj.com\/blog\/2016\/09\/09\/faton-abdullahu-mali-zi-mund-te-terheqe-njohjen-e-kosoves\/#breadcrumb\",\"itemListElement\":[{\"@type\":\"ListItem\",\"position\":1,\"name\":\"Faton Abdullahu: Mali i Zi mund t\u00eb t\u00ebrheq\u00eb njohjen e Kosov\u00ebs\"}]},{\"@type\":\"Person\",\"@id\":\"https:\/\/www.visit-ulcinj.com\/blog\/#\/schema\/person\/dcab619c614d3038751c63bc2aadc06d\",\"name\":\"ulqini\",\"sameAs\":[\"http:\/\/www.visit-ulcinj.com\"],\"url\":\"https:\/\/www.visit-ulcinj.com\/blog\/author\/admin\/\"}]}<\/script>\n<!-- \/ Yoast SEO plugin. -->","yoast_head_json":{"title":"Faton Abdullahu: Mali i Zi mund t\u00eb t\u00ebrheq\u00eb njohjen e Kosov\u00ebs - Lajme nga Ulqini","description":"Kryeministri i Malit t\u00eb Zi Milo Gjukanovic ka deklaruar se Mali i Zi dhe Kosova mund ta d\u00ebrgojn\u00eb n\u00eb arbitrazh nd\u00ebrkomb\u00ebtar \u00e7\u00ebshtjen e demarkacionit n\u00ebse","robots":{"index":"index","follow":"follow","max-snippet":"max-snippet:-1","max-image-preview":"max-image-preview:large","max-video-preview":"max-video-preview:-1"},"canonical":"https:\/\/www.visit-ulcinj.com\/blog\/2016\/09\/09\/faton-abdullahu-mali-zi-mund-te-terheqe-njohjen-e-kosoves\/","og_locale":"en_US","og_type":"article","og_title":"Faton Abdullahu: Mali i Zi mund t\u00eb t\u00ebrheq\u00eb njohjen e Kosov\u00ebs - Lajme nga Ulqini","og_description":"Kryeministri i Malit t\u00eb Zi Milo Gjukanovic ka deklaruar se Mali i Zi dhe Kosova mund ta d\u00ebrgojn\u00eb n\u00eb arbitrazh nd\u00ebrkomb\u00ebtar \u00e7\u00ebshtjen e demarkacionit n\u00ebse","og_url":"https:\/\/www.visit-ulcinj.com\/blog\/2016\/09\/09\/faton-abdullahu-mali-zi-mund-te-terheqe-njohjen-e-kosoves\/","og_site_name":"Lajme nga Ulqini","article_published_time":"2016-09-09T14:49:37+00:00","og_image":[{"url":"http:\/\/www.visit-ulcinj.com\/blog\/wp-content\/uploads\/2016\/09\/Faton-Abdullahu.jpg"}],"twitter_misc":{"Written by":"ulqini","Est. reading time":"2 minutes"},"schema":{"@context":"https:\/\/schema.org","@graph":[{"@type":"WebSite","@id":"https:\/\/www.visit-ulcinj.com\/blog\/#website","url":"https:\/\/www.visit-ulcinj.com\/blog\/","name":"Lajme nga Ulqini","description":"Lajme,Vijesti,Ulqini,Ulqin,Crna Gora,Mali i Zi","potentialAction":[{"@type":"SearchAction","target":{"@type":"EntryPoint","urlTemplate":"https:\/\/www.visit-ulcinj.com\/blog\/?s={search_term_string}"},"query-input":"required name=search_term_string"}],"inLanguage":"en-US"},{"@type":"ImageObject","inLanguage":"en-US","@id":"https:\/\/www.visit-ulcinj.com\/blog\/2016\/09\/09\/faton-abdullahu-mali-zi-mund-te-terheqe-njohjen-e-kosoves\/#primaryimage","url":"https:\/\/www.visit-ulcinj.com\/blog\/wp-content\/uploads\/2016\/09\/Faton-Abdullahu.jpg","contentUrl":"https:\/\/www.visit-ulcinj.com\/blog\/wp-content\/uploads\/2016\/09\/Faton-Abdullahu.jpg","width":673,"height":380},{"@type":"WebPage","@id":"https:\/\/www.visit-ulcinj.com\/blog\/2016\/09\/09\/faton-abdullahu-mali-zi-mund-te-terheqe-njohjen-e-kosoves\/#webpage","url":"https:\/\/www.visit-ulcinj.com\/blog\/2016\/09\/09\/faton-abdullahu-mali-zi-mund-te-terheqe-njohjen-e-kosoves\/","name":"Faton Abdullahu: Mali i Zi mund t\u00eb t\u00ebrheq\u00eb njohjen e Kosov\u00ebs - Lajme nga Ulqini","isPartOf":{"@id":"https:\/\/www.visit-ulcinj.com\/blog\/#website"},"primaryImageOfPage":{"@id":"https:\/\/www.visit-ulcinj.com\/blog\/2016\/09\/09\/faton-abdullahu-mali-zi-mund-te-terheqe-njohjen-e-kosoves\/#primaryimage"},"datePublished":"2016-09-09T14:49:37+00:00","dateModified":"2016-09-09T14:49:37+00:00","author":{"@id":"https:\/\/www.visit-ulcinj.com\/blog\/#\/schema\/person\/dcab619c614d3038751c63bc2aadc06d"},"description":"Kryeministri i Malit t\u00eb Zi Milo Gjukanovic ka deklaruar se Mali i Zi dhe Kosova mund ta d\u00ebrgojn\u00eb n\u00eb arbitrazh nd\u00ebrkomb\u00ebtar \u00e7\u00ebshtjen e demarkacionit n\u00ebse","breadcrumb":{"@id":"https:\/\/www.visit-ulcinj.com\/blog\/2016\/09\/09\/faton-abdullahu-mali-zi-mund-te-terheqe-njohjen-e-kosoves\/#breadcrumb"},"inLanguage":"en-US","potentialAction":[{"@type":"ReadAction","target":["https:\/\/www.visit-ulcinj.com\/blog\/2016\/09\/09\/faton-abdullahu-mali-zi-mund-te-terheqe-njohjen-e-kosoves\/"]}]},{"@type":"BreadcrumbList","@id":"https:\/\/www.visit-ulcinj.com\/blog\/2016\/09\/09\/faton-abdullahu-mali-zi-mund-te-terheqe-njohjen-e-kosoves\/#breadcrumb","itemListElement":[{"@type":"ListItem","position":1,"name":"Faton Abdullahu: Mali i Zi mund t\u00eb t\u00ebrheq\u00eb njohjen e Kosov\u00ebs"}]},{"@type":"Person","@id":"https:\/\/www.visit-ulcinj.com\/blog\/#\/schema\/person\/dcab619c614d3038751c63bc2aadc06d","name":"ulqini","sameAs":["http:\/\/www.visit-ulcinj.com"],"url":"https:\/\/www.visit-ulcinj.com\/blog\/author\/admin\/"}]}},"jetpack_featured_media_url":"","jetpack_sharing_enabled":true,"jetpack_shortlink":"https:\/\/wp.me\/pe6lTn-pU7","_links":{"self":[{"href":"https:\/\/www.visit-ulcinj.com\/blog\/wp-json\/wp\/v2\/posts\/99579"}],"collection":[{"href":"https:\/\/www.visit-ulcinj.com\/blog\/wp-json\/wp\/v2\/posts"}],"about":[{"href":"https:\/\/www.visit-ulcinj.com\/blog\/wp-json\/wp\/v2\/types\/post"}],"author":[{"embeddable":true,"href":"https:\/\/www.visit-ulcinj.com\/blog\/wp-json\/wp\/v2\/users\/1"}],"replies":[{"embeddable":true,"href":"https:\/\/www.visit-ulcinj.com\/blog\/wp-json\/wp\/v2\/comments?post=99579"}],"version-history":[{"count":1,"href":"https:\/\/www.visit-ulcinj.com\/blog\/wp-json\/wp\/v2\/posts\/99579\/revisions"}],"predecessor-version":[{"id":99581,"href":"https:\/\/www.visit-ulcinj.com\/blog\/wp-json\/wp\/v2\/posts\/99579\/revisions\/99581"}],"wp:attachment":[{"href":"https:\/\/www.visit-ulcinj.com\/blog\/wp-json\/wp\/v2\/media?parent=99579"}],"wp:term":[{"taxonomy":"category","embeddable":true,"href":"https:\/\/www.visit-ulcinj.com\/blog\/wp-json\/wp\/v2\/categories?post=99579"},{"taxonomy":"post_tag","embeddable":true,"href":"https:\/\/www.visit-ulcinj.com\/blog\/wp-json\/wp\/v2\/tags?post=99579"}],"curies":[{"name":"wp","href":"https:\/\/api.w.org\/{rel}","templated":true}]}}