{"id":99582,"date":"2016-09-09T15:59:21","date_gmt":"2016-09-09T14:59:21","guid":{"rendered":"http:\/\/www.visit-ulcinj.com\/blog\/?p=99582"},"modified":"2016-09-09T15:59:21","modified_gmt":"2016-09-09T14:59:21","slug":"cungu-forca-sdo-te-jete-kunder-vullnetit-te-qytetareve","status":"publish","type":"post","link":"https:\/\/www.visit-ulcinj.com\/blog\/2016\/09\/09\/cungu-forca-sdo-te-jete-kunder-vullnetit-te-qytetareve\/","title":{"rendered":"Cungu: Forca s&#8217;do t\u00eb jet\u00eb kund\u00ebr vullnetit t\u00eb qytetar\u00ebve"},"content":{"rendered":"<p style=\"text-align: center;\"><strong><a href=\"http:\/\/www.visit-ulcinj.com\/blog\/wp-content\/uploads\/2016\/09\/Nazif-Cungu-Qendrimi-Valdanosi-2-1.jpg\"><img loading=\"lazy\" class=\"alignleft wp-image-99584\" src=\"http:\/\/www.visit-ulcinj.com\/blog\/wp-content\/uploads\/2016\/09\/Nazif-Cungu-Qendrimi-Valdanosi-2-1.jpg\" alt=\"Nazif-Cungu-Qendrimi-Valdanosi-2\" width=\"508\" height=\"303\" srcset=\"https:\/\/www.visit-ulcinj.com\/blog\/wp-content\/uploads\/2016\/09\/Nazif-Cungu-Qendrimi-Valdanosi-2-1.jpg 999w, https:\/\/www.visit-ulcinj.com\/blog\/wp-content\/uploads\/2016\/09\/Nazif-Cungu-Qendrimi-Valdanosi-2-1-300x179.jpg 300w, https:\/\/www.visit-ulcinj.com\/blog\/wp-content\/uploads\/2016\/09\/Nazif-Cungu-Qendrimi-Valdanosi-2-1-768x457.jpg 768w\" sizes=\"(max-width: 508px) 100vw, 508px\" \/><\/a>Kumtes\u00eb p\u00ebr media<\/strong><\/p>\n<p>&nbsp;<\/p>\n<p><strong>Duke pasur parasysh <\/strong>reagimet e shumta q\u00eb\u00a0 dit\u00ebt e fundit u shfaqen n\u00eb publik,\u00a0 lidhur me kthimin e ullisht\u00ebs n\u00eb Valdanos,\u00a0 jemi t\u00eb detyruar q\u00eb edhe nj\u00eb her\u00eb t\u00eb p\u00ebrs\u00ebrisim publikisht q\u00ebndrimin e njohur t\u00eb Forc\u00ebs s\u00eb Re Demokratike p\u00ebr k\u00ebt\u00eb \u00e7\u00ebshtje.<\/p>\n<p><strong>Kthimi i ullisht\u00ebs n\u00eb Valdanos<\/strong> \u00ebsht\u00eb nj\u00eb nga orientimet dhe objektivat themelore t\u00eb programit t\u00eb Forc\u00ebs s\u00eb Re Demokratike, nga e cila ne si subjekt politik kurr\u00eb nuk do t\u00eb heqim dor\u00eb, cka edhe e kemi theksuar gjat\u00eb gjith\u00eb veprimtaris\u00eb son\u00eb politike.<\/p>\n<p><strong>P\u00ebr k\u00ebt\u00eb \u00e7\u00ebshtje<\/strong> ne nuk jemi t\u00eb gatsh\u00ebm\u00a0 t\u00eb b\u00ebjm\u00eb asnj\u00eb kompromis, dhe e vetmja zgjidhje\u00a0 e drejt\u00eb\u00a0 \u00ebsht\u00eb kthimi i ullishtes pronar\u00ebve t\u00eb m\u00ebparsh\u00ebm.<\/p>\n<p><strong>Kjo do t\u00eb ishte edhe zgjidhja e vetme e bazuar\u00a0 n\u00eb Kushtetut\u00ebn dhe ligjet e Malit t\u00eb Zi.<\/strong><\/p>\n<p><strong>Cdo zgjidhje tjeter<\/strong> q\u00eb \u00ebsht\u00eb kund\u00ebr vullnetit t\u00eb qytetar\u00ebve t\u00eb Komun\u00ebs s\u00eb Ulqinit p\u00ebr ne \u00ebsht\u00eb e papranueshme.<\/p>\n<p><strong>Si subjekt politik,<\/strong> i cili p\u00ebr shum\u00eb vite \u00ebsht\u00eb duke u p\u00ebrpjekur t\u00eb mbroj\u00eb interesat e shqiptar\u00ebve n\u00eb Mal t\u00eb Zi, duke respektuar t\u00eb gjitha mekanizmat ligjore, mund t\u00eb themi me plot bindje se deklarata e Kryeministrit \u00ebsht\u00eb nxjerr\u00eb jasht\u00eb kontekstit nga disa media, n\u00eb m\u00ebnyr\u00eb q\u00eb t\u00eb p\u00ebrfitojn\u00eb pik\u00eb politike p\u00ebr subjektet e caktuara n\u00eb zgjedhjet e ardhshme parlamentare.<\/p>\n<p><strong>Perpjekjet<\/strong> q\u00eb\u00a0 valorizimi i \u00a0Valdanosin te behet n\u00eb m\u00ebnyr\u00eb q\u00eb rrezikon t\u00eb drejtat legjitime t\u00eb ish-pronar\u00ebve, nuk do t\u00eb ket\u00eb p\u00ebrkrahjen tone.<\/p>\n<p>Kryetar<\/p>\n<p>Nazif Cungu<\/p>\n","protected":false},"excerpt":{"rendered":"<p>Kumtes\u00eb p\u00ebr media &nbsp; Duke pasur parasysh reagimet e shumta q\u00eb\u00a0 dit\u00ebt e fundit u shfaqen n\u00eb publik,\u00a0 lidhur me kthimin e ullisht\u00ebs n\u00eb Valdanos,\u00a0 jemi t\u00eb detyruar q\u00eb edhe nj\u00eb her\u00eb t\u00eb p\u00ebrs\u00ebrisim publikisht q\u00ebndrimin e njohur t\u00eb Forc\u00ebs s\u00eb Re Demokratike p\u00ebr k\u00ebt\u00eb \u00e7\u00ebshtje. Kthimi i ullisht\u00ebs n\u00eb Valdanos \u00ebsht\u00eb nj\u00eb nga orientimet [&hellip;]<\/p>\n","protected":false},"author":1,"featured_media":0,"comment_status":"closed","ping_status":"closed","sticky":false,"template":"","format":"standard","meta":{"spay_email":"","jetpack_publicize_message":"","jetpack_is_tweetstorm":false,"jetpack_publicize_feature_enabled":true},"categories":[13],"tags":[],"jetpack_publicize_connections":[],"yoast_head":"<!-- This site is optimized with the Yoast SEO plugin v19.1 - https:\/\/yoast.com\/wordpress\/plugins\/seo\/ -->\n<title>Cungu: Forca s&#039;do t\u00eb jet\u00eb kund\u00ebr vullnetit t\u00eb qytetar\u00ebve - Lajme nga Ulqini<\/title>\n<meta name=\"description\" content=\"Kumtes\u00eb p\u00ebr media &nbsp; Duke pasur parasysh reagimet e shumta q\u00eb\u00a0 dit\u00ebt e fundit u shfaqen n\u00eb publik,\u00a0 lidhur me kthimin e ullisht\u00ebs n\u00eb Valdanos,\u00a0 jemi\" \/>\n<meta name=\"robots\" content=\"index, follow, max-snippet:-1, max-image-preview:large, max-video-preview:-1\" \/>\n<link rel=\"canonical\" href=\"https:\/\/www.visit-ulcinj.com\/blog\/2016\/09\/09\/cungu-forca-sdo-te-jete-kunder-vullnetit-te-qytetareve\/\" \/>\n<meta property=\"og:locale\" content=\"en_US\" \/>\n<meta property=\"og:type\" content=\"article\" \/>\n<meta property=\"og:title\" content=\"Cungu: Forca s&#039;do t\u00eb jet\u00eb kund\u00ebr vullnetit t\u00eb qytetar\u00ebve - Lajme nga Ulqini\" \/>\n<meta property=\"og:description\" content=\"Kumtes\u00eb p\u00ebr media &nbsp; Duke pasur parasysh reagimet e shumta q\u00eb\u00a0 dit\u00ebt e fundit u shfaqen n\u00eb publik,\u00a0 lidhur me kthimin e ullisht\u00ebs n\u00eb Valdanos,\u00a0 jemi\" \/>\n<meta property=\"og:url\" content=\"https:\/\/www.visit-ulcinj.com\/blog\/2016\/09\/09\/cungu-forca-sdo-te-jete-kunder-vullnetit-te-qytetareve\/\" \/>\n<meta property=\"og:site_name\" content=\"Lajme nga Ulqini\" \/>\n<meta property=\"article:published_time\" content=\"2016-09-09T14:59:21+00:00\" \/>\n<meta property=\"og:image\" content=\"http:\/\/www.visit-ulcinj.com\/blog\/wp-content\/uploads\/2016\/09\/Nazif-Cungu-Qendrimi-Valdanosi-2-1.jpg\" \/>\n<meta name=\"twitter:label1\" content=\"Written by\" \/>\n\t<meta name=\"twitter:data1\" content=\"ulqini\" \/>\n\t<meta name=\"twitter:label2\" content=\"Est. reading time\" \/>\n\t<meta name=\"twitter:data2\" content=\"1 minute\" \/>\n<script type=\"application\/ld+json\" class=\"yoast-schema-graph\">{\"@context\":\"https:\/\/schema.org\",\"@graph\":[{\"@type\":\"WebSite\",\"@id\":\"https:\/\/www.visit-ulcinj.com\/blog\/#website\",\"url\":\"https:\/\/www.visit-ulcinj.com\/blog\/\",\"name\":\"Lajme nga Ulqini\",\"description\":\"Lajme,Vijesti,Ulqini,Ulqin,Crna Gora,Mali i Zi\",\"potentialAction\":[{\"@type\":\"SearchAction\",\"target\":{\"@type\":\"EntryPoint\",\"urlTemplate\":\"https:\/\/www.visit-ulcinj.com\/blog\/?s={search_term_string}\"},\"query-input\":\"required name=search_term_string\"}],\"inLanguage\":\"en-US\"},{\"@type\":\"ImageObject\",\"inLanguage\":\"en-US\",\"@id\":\"https:\/\/www.visit-ulcinj.com\/blog\/2016\/09\/09\/cungu-forca-sdo-te-jete-kunder-vullnetit-te-qytetareve\/#primaryimage\",\"url\":\"https:\/\/www.visit-ulcinj.com\/blog\/wp-content\/uploads\/2016\/09\/Nazif-Cungu-Qendrimi-Valdanosi-2-1.jpg\",\"contentUrl\":\"https:\/\/www.visit-ulcinj.com\/blog\/wp-content\/uploads\/2016\/09\/Nazif-Cungu-Qendrimi-Valdanosi-2-1.jpg\",\"width\":999,\"height\":595},{\"@type\":\"WebPage\",\"@id\":\"https:\/\/www.visit-ulcinj.com\/blog\/2016\/09\/09\/cungu-forca-sdo-te-jete-kunder-vullnetit-te-qytetareve\/#webpage\",\"url\":\"https:\/\/www.visit-ulcinj.com\/blog\/2016\/09\/09\/cungu-forca-sdo-te-jete-kunder-vullnetit-te-qytetareve\/\",\"name\":\"Cungu: Forca s'do t\u00eb jet\u00eb kund\u00ebr vullnetit t\u00eb qytetar\u00ebve - Lajme nga Ulqini\",\"isPartOf\":{\"@id\":\"https:\/\/www.visit-ulcinj.com\/blog\/#website\"},\"primaryImageOfPage\":{\"@id\":\"https:\/\/www.visit-ulcinj.com\/blog\/2016\/09\/09\/cungu-forca-sdo-te-jete-kunder-vullnetit-te-qytetareve\/#primaryimage\"},\"datePublished\":\"2016-09-09T14:59:21+00:00\",\"dateModified\":\"2016-09-09T14:59:21+00:00\",\"author\":{\"@id\":\"https:\/\/www.visit-ulcinj.com\/blog\/#\/schema\/person\/dcab619c614d3038751c63bc2aadc06d\"},\"description\":\"Kumtes\u00eb p\u00ebr media &nbsp; Duke pasur parasysh reagimet e shumta q\u00eb\u00a0 dit\u00ebt e fundit u shfaqen n\u00eb publik,\u00a0 lidhur me kthimin e ullisht\u00ebs n\u00eb Valdanos,\u00a0 jemi\",\"breadcrumb\":{\"@id\":\"https:\/\/www.visit-ulcinj.com\/blog\/2016\/09\/09\/cungu-forca-sdo-te-jete-kunder-vullnetit-te-qytetareve\/#breadcrumb\"},\"inLanguage\":\"en-US\",\"potentialAction\":[{\"@type\":\"ReadAction\",\"target\":[\"https:\/\/www.visit-ulcinj.com\/blog\/2016\/09\/09\/cungu-forca-sdo-te-jete-kunder-vullnetit-te-qytetareve\/\"]}]},{\"@type\":\"BreadcrumbList\",\"@id\":\"https:\/\/www.visit-ulcinj.com\/blog\/2016\/09\/09\/cungu-forca-sdo-te-jete-kunder-vullnetit-te-qytetareve\/#breadcrumb\",\"itemListElement\":[{\"@type\":\"ListItem\",\"position\":1,\"name\":\"Cungu: Forca s&#8217;do t\u00eb jet\u00eb kund\u00ebr vullnetit t\u00eb qytetar\u00ebve\"}]},{\"@type\":\"Person\",\"@id\":\"https:\/\/www.visit-ulcinj.com\/blog\/#\/schema\/person\/dcab619c614d3038751c63bc2aadc06d\",\"name\":\"ulqini\",\"sameAs\":[\"http:\/\/www.visit-ulcinj.com\"],\"url\":\"https:\/\/www.visit-ulcinj.com\/blog\/author\/admin\/\"}]}<\/script>\n<!-- \/ Yoast SEO plugin. -->","yoast_head_json":{"title":"Cungu: Forca s'do t\u00eb jet\u00eb kund\u00ebr vullnetit t\u00eb qytetar\u00ebve - Lajme nga Ulqini","description":"Kumtes\u00eb p\u00ebr media &nbsp; Duke pasur parasysh reagimet e shumta q\u00eb\u00a0 dit\u00ebt e fundit u shfaqen n\u00eb publik,\u00a0 lidhur me kthimin e ullisht\u00ebs n\u00eb Valdanos,\u00a0 jemi","robots":{"index":"index","follow":"follow","max-snippet":"max-snippet:-1","max-image-preview":"max-image-preview:large","max-video-preview":"max-video-preview:-1"},"canonical":"https:\/\/www.visit-ulcinj.com\/blog\/2016\/09\/09\/cungu-forca-sdo-te-jete-kunder-vullnetit-te-qytetareve\/","og_locale":"en_US","og_type":"article","og_title":"Cungu: Forca s'do t\u00eb jet\u00eb kund\u00ebr vullnetit t\u00eb qytetar\u00ebve - Lajme nga Ulqini","og_description":"Kumtes\u00eb p\u00ebr media &nbsp; Duke pasur parasysh reagimet e shumta q\u00eb\u00a0 dit\u00ebt e fundit u shfaqen n\u00eb publik,\u00a0 lidhur me kthimin e ullisht\u00ebs n\u00eb Valdanos,\u00a0 jemi","og_url":"https:\/\/www.visit-ulcinj.com\/blog\/2016\/09\/09\/cungu-forca-sdo-te-jete-kunder-vullnetit-te-qytetareve\/","og_site_name":"Lajme nga Ulqini","article_published_time":"2016-09-09T14:59:21+00:00","og_image":[{"url":"http:\/\/www.visit-ulcinj.com\/blog\/wp-content\/uploads\/2016\/09\/Nazif-Cungu-Qendrimi-Valdanosi-2-1.jpg"}],"twitter_misc":{"Written by":"ulqini","Est. reading time":"1 minute"},"schema":{"@context":"https:\/\/schema.org","@graph":[{"@type":"WebSite","@id":"https:\/\/www.visit-ulcinj.com\/blog\/#website","url":"https:\/\/www.visit-ulcinj.com\/blog\/","name":"Lajme nga Ulqini","description":"Lajme,Vijesti,Ulqini,Ulqin,Crna Gora,Mali i Zi","potentialAction":[{"@type":"SearchAction","target":{"@type":"EntryPoint","urlTemplate":"https:\/\/www.visit-ulcinj.com\/blog\/?s={search_term_string}"},"query-input":"required name=search_term_string"}],"inLanguage":"en-US"},{"@type":"ImageObject","inLanguage":"en-US","@id":"https:\/\/www.visit-ulcinj.com\/blog\/2016\/09\/09\/cungu-forca-sdo-te-jete-kunder-vullnetit-te-qytetareve\/#primaryimage","url":"https:\/\/www.visit-ulcinj.com\/blog\/wp-content\/uploads\/2016\/09\/Nazif-Cungu-Qendrimi-Valdanosi-2-1.jpg","contentUrl":"https:\/\/www.visit-ulcinj.com\/blog\/wp-content\/uploads\/2016\/09\/Nazif-Cungu-Qendrimi-Valdanosi-2-1.jpg","width":999,"height":595},{"@type":"WebPage","@id":"https:\/\/www.visit-ulcinj.com\/blog\/2016\/09\/09\/cungu-forca-sdo-te-jete-kunder-vullnetit-te-qytetareve\/#webpage","url":"https:\/\/www.visit-ulcinj.com\/blog\/2016\/09\/09\/cungu-forca-sdo-te-jete-kunder-vullnetit-te-qytetareve\/","name":"Cungu: Forca s'do t\u00eb jet\u00eb kund\u00ebr vullnetit t\u00eb qytetar\u00ebve - Lajme nga Ulqini","isPartOf":{"@id":"https:\/\/www.visit-ulcinj.com\/blog\/#website"},"primaryImageOfPage":{"@id":"https:\/\/www.visit-ulcinj.com\/blog\/2016\/09\/09\/cungu-forca-sdo-te-jete-kunder-vullnetit-te-qytetareve\/#primaryimage"},"datePublished":"2016-09-09T14:59:21+00:00","dateModified":"2016-09-09T14:59:21+00:00","author":{"@id":"https:\/\/www.visit-ulcinj.com\/blog\/#\/schema\/person\/dcab619c614d3038751c63bc2aadc06d"},"description":"Kumtes\u00eb p\u00ebr media &nbsp; Duke pasur parasysh reagimet e shumta q\u00eb\u00a0 dit\u00ebt e fundit u shfaqen n\u00eb publik,\u00a0 lidhur me kthimin e ullisht\u00ebs n\u00eb Valdanos,\u00a0 jemi","breadcrumb":{"@id":"https:\/\/www.visit-ulcinj.com\/blog\/2016\/09\/09\/cungu-forca-sdo-te-jete-kunder-vullnetit-te-qytetareve\/#breadcrumb"},"inLanguage":"en-US","potentialAction":[{"@type":"ReadAction","target":["https:\/\/www.visit-ulcinj.com\/blog\/2016\/09\/09\/cungu-forca-sdo-te-jete-kunder-vullnetit-te-qytetareve\/"]}]},{"@type":"BreadcrumbList","@id":"https:\/\/www.visit-ulcinj.com\/blog\/2016\/09\/09\/cungu-forca-sdo-te-jete-kunder-vullnetit-te-qytetareve\/#breadcrumb","itemListElement":[{"@type":"ListItem","position":1,"name":"Cungu: Forca s&#8217;do t\u00eb jet\u00eb kund\u00ebr vullnetit t\u00eb qytetar\u00ebve"}]},{"@type":"Person","@id":"https:\/\/www.visit-ulcinj.com\/blog\/#\/schema\/person\/dcab619c614d3038751c63bc2aadc06d","name":"ulqini","sameAs":["http:\/\/www.visit-ulcinj.com"],"url":"https:\/\/www.visit-ulcinj.com\/blog\/author\/admin\/"}]}},"jetpack_featured_media_url":"","jetpack_sharing_enabled":true,"jetpack_shortlink":"https:\/\/wp.me\/pe6lTn-pUa","_links":{"self":[{"href":"https:\/\/www.visit-ulcinj.com\/blog\/wp-json\/wp\/v2\/posts\/99582"}],"collection":[{"href":"https:\/\/www.visit-ulcinj.com\/blog\/wp-json\/wp\/v2\/posts"}],"about":[{"href":"https:\/\/www.visit-ulcinj.com\/blog\/wp-json\/wp\/v2\/types\/post"}],"author":[{"embeddable":true,"href":"https:\/\/www.visit-ulcinj.com\/blog\/wp-json\/wp\/v2\/users\/1"}],"replies":[{"embeddable":true,"href":"https:\/\/www.visit-ulcinj.com\/blog\/wp-json\/wp\/v2\/comments?post=99582"}],"version-history":[{"count":1,"href":"https:\/\/www.visit-ulcinj.com\/blog\/wp-json\/wp\/v2\/posts\/99582\/revisions"}],"predecessor-version":[{"id":99585,"href":"https:\/\/www.visit-ulcinj.com\/blog\/wp-json\/wp\/v2\/posts\/99582\/revisions\/99585"}],"wp:attachment":[{"href":"https:\/\/www.visit-ulcinj.com\/blog\/wp-json\/wp\/v2\/media?parent=99582"}],"wp:term":[{"taxonomy":"category","embeddable":true,"href":"https:\/\/www.visit-ulcinj.com\/blog\/wp-json\/wp\/v2\/categories?post=99582"},{"taxonomy":"post_tag","embeddable":true,"href":"https:\/\/www.visit-ulcinj.com\/blog\/wp-json\/wp\/v2\/tags?post=99582"}],"curies":[{"name":"wp","href":"https:\/\/api.w.org\/{rel}","templated":true}]}}