{"id":99615,"date":"2016-09-11T10:44:39","date_gmt":"2016-09-11T09:44:39","guid":{"rendered":"http:\/\/www.visit-ulcinj.com\/blog\/?p=99615"},"modified":"2016-09-11T10:44:39","modified_gmt":"2016-09-11T09:44:39","slug":"hajdinaga-albanci-u-cg-nijesu-za-veliku-albaniju","status":"publish","type":"post","link":"https:\/\/www.visit-ulcinj.com\/blog\/2016\/09\/11\/hajdinaga-albanci-u-cg-nijesu-za-veliku-albaniju\/","title":{"rendered":"Hajdinaga: Albanci u CG nijesu za Veliku Albaniju"},"content":{"rendered":"<p><strong><a href=\"http:\/\/www.visit-ulcinj.com\/blog\/wp-content\/uploads\/2011\/06\/Kampanja-Zove-more-_predstavljena-i-u-Albaniji.1.jpg\"><img loading=\"lazy\" class=\"alignleft wp-image-47242\" src=\"http:\/\/www.visit-ulcinj.com\/blog\/wp-content\/uploads\/2011\/06\/Kampanja-Zove-more-_predstavljena-i-u-Albaniji.1.jpg\" alt=\"Kampanja - Zove more _predstavljena i u Albaniji.1\" width=\"508\" height=\"355\" srcset=\"https:\/\/www.visit-ulcinj.com\/blog\/wp-content\/uploads\/2011\/06\/Kampanja-Zove-more-_predstavljena-i-u-Albaniji.1.jpg 470w, https:\/\/www.visit-ulcinj.com\/blog\/wp-content\/uploads\/2011\/06\/Kampanja-Zove-more-_predstavljena-i-u-Albaniji.1-300x209.jpg 300w\" sizes=\"(max-width: 508px) 100vw, 508px\" \/><\/a>Ideje o Velikoj Albaniji nemaju prolaz kod Albanaca u Crnoj Gori, ocijenio je nekada\u0161nji ministar u Vladi i gradona\u010delnik Ulcinja, Gzim Hajdinaga. Naglasio je da okretanje ka Albaniji nije i okretanje le\u0111a Crnoj Gori. <\/strong><\/p>\n<p>On se, nakon petogodi\u0161nje pauze, vratio na politi\u010dku scenu, i to kao nosilac liste Demokratske partije, Gra\u0111anske inicijative i GP Perspektiva. Koalicija albanskih partija se, kako je kazao, ne\u0107e zadr\u017eati na tim strankama.<\/p>\n<p>\u201cZa koji dan javnost \u0107e biti upoznata i s drugim partijama koje su se pridru\u017eile trojnoj koaliciji. Ve\u0107 sada najavljujem da \u0107e se nam se pridru\u017eiti i Demokratski savez. Ostalo je svega par detalja, dogovor \u2018pada\u2019 do kraja ove sedmice ili po\u010detkom naredne\u201d, rekao je Hajdinaga gostuju\u0107i u emisiji \u201c\u017diva istina\u201c, koja je na programu ve\u010deras.<\/p>\n<p>Kako je dodao, razloga za povratak politici bilo je mnogo. Ipak, jedan je prevagnuo.<\/p>\n<p>\u201cBio sam obavije\u0161ten i razgovarao pojedina\u010dno sa ostalima da \u0107emo biti zajedno. To daje snagu i mo\u0107 na\u0161im zahtjevima. Ako ujedinimo projekte, mi\u0161ljenja, znanja i kandidujemo to na jednu adresu, ja mislim da \u0107e prohodnost i realizacija biti ja\u010da i bolja\u201d, objasnio je Hajdinaga.<\/p>\n<p>U javnosti se nerijetko mo\u017ee \u010duti teza da su Albanci glasali za nezavisnost Crne Gore kako bi se lak\u0161e spojili sa Albanijom i Kosovom. Hajdinaga, me\u0111utim, nagla\u0161ava da okretanje ka Albaniji nije i okretanje le\u0111a Crnoj Gori.<\/p>\n<p>\u201cAko ka\u017eemo da nam je komunikacija sa Albanijom i sa Kosovom svakodnevna, ja mislim da je to dobro i za mog prijatelja Crnogorca, Srbina i za generalno cijelu Crnu Goru. Svaka dr\u017eava, u ovom slu\u010daju Crna Gora, se mo\u017ee time ponositi jer to govori kakve kom\u0161ijske odnose ima sa ostalima. Da uprostim pri\u010du \u2013 kakav bih ja bio \u010dovjek ako nemam komunikaciju s prvim kom\u0161ijama?\u201d naglasio je on.<\/p>\n<p>Kada se radi o povremenim dolasci zagovornika Velike Albanije u Crnu Goru, Hajdinaga ka\u017ee da na to ne treba tro\u0161iti rije\u010di.<\/p>\n<p>\u201cMo\u017eda je to dokaz jednog dobrog nivoa ljudskih prava. Svako ima pravo da misli i da ka\u017ee ono \u0161to ho\u0107e. Ali isto postoji pravo da njegove rije\u010di nemaju uto\u010di\u0161te kod pametnih i umnih ljudi. Praksa govori da takvi nemaju prolaza i da takve ideje nisu prona\u0161le uto\u010di\u0161te kod Albanaca u Crnoj Gori\u201d, rekao je Hajdinaga.<\/p>\n<p><strong>Izvor: RTCG<\/strong><\/p>\n","protected":false},"excerpt":{"rendered":"<p>Ideje o Velikoj Albaniji nemaju prolaz kod Albanaca u Crnoj Gori, ocijenio je nekada\u0161nji ministar u Vladi i gradona\u010delnik Ulcinja, Gzim Hajdinaga. Naglasio je da okretanje ka Albaniji nije i okretanje le\u0111a Crnoj Gori. On se, nakon petogodi\u0161nje pauze, vratio na politi\u010dku scenu, i to kao nosilac liste Demokratske partije, Gra\u0111anske inicijative i GP Perspektiva. [&hellip;]<\/p>\n","protected":false},"author":1,"featured_media":0,"comment_status":"closed","ping_status":"closed","sticky":false,"template":"","format":"standard","meta":{"spay_email":"","jetpack_publicize_message":"","jetpack_is_tweetstorm":false,"jetpack_publicize_feature_enabled":true},"categories":[8337],"tags":[],"jetpack_publicize_connections":[],"yoast_head":"<!-- This site is optimized with the Yoast SEO plugin v19.1 - https:\/\/yoast.com\/wordpress\/plugins\/seo\/ -->\n<title>Hajdinaga: Albanci u CG nijesu za Veliku Albaniju - Lajme nga Ulqini<\/title>\n<meta name=\"description\" content=\"Ideje o Velikoj Albaniji nemaju prolaz kod Albanaca u Crnoj Gori, ocijenio je nekada\u0161nji ministar u Vladi i gradona\u010delnik Ulcinja, Gzim Hajdinaga.\" \/>\n<meta name=\"robots\" content=\"index, follow, max-snippet:-1, max-image-preview:large, max-video-preview:-1\" \/>\n<link rel=\"canonical\" href=\"https:\/\/www.visit-ulcinj.com\/blog\/2016\/09\/11\/hajdinaga-albanci-u-cg-nijesu-za-veliku-albaniju\/\" \/>\n<meta property=\"og:locale\" content=\"en_US\" \/>\n<meta property=\"og:type\" content=\"article\" \/>\n<meta property=\"og:title\" content=\"Hajdinaga: Albanci u CG nijesu za Veliku Albaniju - Lajme nga Ulqini\" \/>\n<meta property=\"og:description\" content=\"Ideje o Velikoj Albaniji nemaju prolaz kod Albanaca u Crnoj Gori, ocijenio je nekada\u0161nji ministar u Vladi i gradona\u010delnik Ulcinja, Gzim Hajdinaga.\" \/>\n<meta property=\"og:url\" content=\"https:\/\/www.visit-ulcinj.com\/blog\/2016\/09\/11\/hajdinaga-albanci-u-cg-nijesu-za-veliku-albaniju\/\" \/>\n<meta property=\"og:site_name\" content=\"Lajme nga Ulqini\" \/>\n<meta property=\"article:published_time\" content=\"2016-09-11T09:44:39+00:00\" \/>\n<meta property=\"og:image\" content=\"http:\/\/www.visit-ulcinj.com\/blog\/wp-content\/uploads\/2011\/06\/Kampanja-Zove-more-_predstavljena-i-u-Albaniji.1.jpg\" \/>\n<meta name=\"twitter:label1\" content=\"Written by\" \/>\n\t<meta name=\"twitter:data1\" content=\"ulqini\" \/>\n\t<meta name=\"twitter:label2\" content=\"Est. reading time\" \/>\n\t<meta name=\"twitter:data2\" content=\"2 minutes\" \/>\n<script type=\"application\/ld+json\" class=\"yoast-schema-graph\">{\"@context\":\"https:\/\/schema.org\",\"@graph\":[{\"@type\":\"WebSite\",\"@id\":\"https:\/\/www.visit-ulcinj.com\/blog\/#website\",\"url\":\"https:\/\/www.visit-ulcinj.com\/blog\/\",\"name\":\"Lajme nga Ulqini\",\"description\":\"Lajme,Vijesti,Ulqini,Ulqin,Crna Gora,Mali i Zi\",\"potentialAction\":[{\"@type\":\"SearchAction\",\"target\":{\"@type\":\"EntryPoint\",\"urlTemplate\":\"https:\/\/www.visit-ulcinj.com\/blog\/?s={search_term_string}\"},\"query-input\":\"required name=search_term_string\"}],\"inLanguage\":\"en-US\"},{\"@type\":\"ImageObject\",\"inLanguage\":\"en-US\",\"@id\":\"https:\/\/www.visit-ulcinj.com\/blog\/2016\/09\/11\/hajdinaga-albanci-u-cg-nijesu-za-veliku-albaniju\/#primaryimage\",\"url\":\"https:\/\/www.visit-ulcinj.com\/blog\/wp-content\/uploads\/2011\/06\/Kampanja-Zove-more-_predstavljena-i-u-Albaniji.1.jpg\",\"contentUrl\":\"https:\/\/www.visit-ulcinj.com\/blog\/wp-content\/uploads\/2011\/06\/Kampanja-Zove-more-_predstavljena-i-u-Albaniji.1.jpg\",\"width\":\"470\",\"height\":\"328\"},{\"@type\":\"WebPage\",\"@id\":\"https:\/\/www.visit-ulcinj.com\/blog\/2016\/09\/11\/hajdinaga-albanci-u-cg-nijesu-za-veliku-albaniju\/#webpage\",\"url\":\"https:\/\/www.visit-ulcinj.com\/blog\/2016\/09\/11\/hajdinaga-albanci-u-cg-nijesu-za-veliku-albaniju\/\",\"name\":\"Hajdinaga: Albanci u CG nijesu za Veliku Albaniju - Lajme nga Ulqini\",\"isPartOf\":{\"@id\":\"https:\/\/www.visit-ulcinj.com\/blog\/#website\"},\"primaryImageOfPage\":{\"@id\":\"https:\/\/www.visit-ulcinj.com\/blog\/2016\/09\/11\/hajdinaga-albanci-u-cg-nijesu-za-veliku-albaniju\/#primaryimage\"},\"datePublished\":\"2016-09-11T09:44:39+00:00\",\"dateModified\":\"2016-09-11T09:44:39+00:00\",\"author\":{\"@id\":\"https:\/\/www.visit-ulcinj.com\/blog\/#\/schema\/person\/dcab619c614d3038751c63bc2aadc06d\"},\"description\":\"Ideje o Velikoj Albaniji nemaju prolaz kod Albanaca u Crnoj Gori, ocijenio je nekada\u0161nji ministar u Vladi i gradona\u010delnik Ulcinja, Gzim Hajdinaga.\",\"breadcrumb\":{\"@id\":\"https:\/\/www.visit-ulcinj.com\/blog\/2016\/09\/11\/hajdinaga-albanci-u-cg-nijesu-za-veliku-albaniju\/#breadcrumb\"},\"inLanguage\":\"en-US\",\"potentialAction\":[{\"@type\":\"ReadAction\",\"target\":[\"https:\/\/www.visit-ulcinj.com\/blog\/2016\/09\/11\/hajdinaga-albanci-u-cg-nijesu-za-veliku-albaniju\/\"]}]},{\"@type\":\"BreadcrumbList\",\"@id\":\"https:\/\/www.visit-ulcinj.com\/blog\/2016\/09\/11\/hajdinaga-albanci-u-cg-nijesu-za-veliku-albaniju\/#breadcrumb\",\"itemListElement\":[{\"@type\":\"ListItem\",\"position\":1,\"name\":\"Hajdinaga: Albanci u CG nijesu za Veliku Albaniju\"}]},{\"@type\":\"Person\",\"@id\":\"https:\/\/www.visit-ulcinj.com\/blog\/#\/schema\/person\/dcab619c614d3038751c63bc2aadc06d\",\"name\":\"ulqini\",\"sameAs\":[\"http:\/\/www.visit-ulcinj.com\"],\"url\":\"https:\/\/www.visit-ulcinj.com\/blog\/author\/admin\/\"}]}<\/script>\n<!-- \/ Yoast SEO plugin. -->","yoast_head_json":{"title":"Hajdinaga: Albanci u CG nijesu za Veliku Albaniju - Lajme nga Ulqini","description":"Ideje o Velikoj Albaniji nemaju prolaz kod Albanaca u Crnoj Gori, ocijenio je nekada\u0161nji ministar u Vladi i gradona\u010delnik Ulcinja, Gzim Hajdinaga.","robots":{"index":"index","follow":"follow","max-snippet":"max-snippet:-1","max-image-preview":"max-image-preview:large","max-video-preview":"max-video-preview:-1"},"canonical":"https:\/\/www.visit-ulcinj.com\/blog\/2016\/09\/11\/hajdinaga-albanci-u-cg-nijesu-za-veliku-albaniju\/","og_locale":"en_US","og_type":"article","og_title":"Hajdinaga: Albanci u CG nijesu za Veliku Albaniju - Lajme nga Ulqini","og_description":"Ideje o Velikoj Albaniji nemaju prolaz kod Albanaca u Crnoj Gori, ocijenio je nekada\u0161nji ministar u Vladi i gradona\u010delnik Ulcinja, Gzim Hajdinaga.","og_url":"https:\/\/www.visit-ulcinj.com\/blog\/2016\/09\/11\/hajdinaga-albanci-u-cg-nijesu-za-veliku-albaniju\/","og_site_name":"Lajme nga Ulqini","article_published_time":"2016-09-11T09:44:39+00:00","og_image":[{"url":"http:\/\/www.visit-ulcinj.com\/blog\/wp-content\/uploads\/2011\/06\/Kampanja-Zove-more-_predstavljena-i-u-Albaniji.1.jpg"}],"twitter_misc":{"Written by":"ulqini","Est. reading time":"2 minutes"},"schema":{"@context":"https:\/\/schema.org","@graph":[{"@type":"WebSite","@id":"https:\/\/www.visit-ulcinj.com\/blog\/#website","url":"https:\/\/www.visit-ulcinj.com\/blog\/","name":"Lajme nga Ulqini","description":"Lajme,Vijesti,Ulqini,Ulqin,Crna Gora,Mali i Zi","potentialAction":[{"@type":"SearchAction","target":{"@type":"EntryPoint","urlTemplate":"https:\/\/www.visit-ulcinj.com\/blog\/?s={search_term_string}"},"query-input":"required name=search_term_string"}],"inLanguage":"en-US"},{"@type":"ImageObject","inLanguage":"en-US","@id":"https:\/\/www.visit-ulcinj.com\/blog\/2016\/09\/11\/hajdinaga-albanci-u-cg-nijesu-za-veliku-albaniju\/#primaryimage","url":"https:\/\/www.visit-ulcinj.com\/blog\/wp-content\/uploads\/2011\/06\/Kampanja-Zove-more-_predstavljena-i-u-Albaniji.1.jpg","contentUrl":"https:\/\/www.visit-ulcinj.com\/blog\/wp-content\/uploads\/2011\/06\/Kampanja-Zove-more-_predstavljena-i-u-Albaniji.1.jpg","width":"470","height":"328"},{"@type":"WebPage","@id":"https:\/\/www.visit-ulcinj.com\/blog\/2016\/09\/11\/hajdinaga-albanci-u-cg-nijesu-za-veliku-albaniju\/#webpage","url":"https:\/\/www.visit-ulcinj.com\/blog\/2016\/09\/11\/hajdinaga-albanci-u-cg-nijesu-za-veliku-albaniju\/","name":"Hajdinaga: Albanci u CG nijesu za Veliku Albaniju - Lajme nga Ulqini","isPartOf":{"@id":"https:\/\/www.visit-ulcinj.com\/blog\/#website"},"primaryImageOfPage":{"@id":"https:\/\/www.visit-ulcinj.com\/blog\/2016\/09\/11\/hajdinaga-albanci-u-cg-nijesu-za-veliku-albaniju\/#primaryimage"},"datePublished":"2016-09-11T09:44:39+00:00","dateModified":"2016-09-11T09:44:39+00:00","author":{"@id":"https:\/\/www.visit-ulcinj.com\/blog\/#\/schema\/person\/dcab619c614d3038751c63bc2aadc06d"},"description":"Ideje o Velikoj Albaniji nemaju prolaz kod Albanaca u Crnoj Gori, ocijenio je nekada\u0161nji ministar u Vladi i gradona\u010delnik Ulcinja, Gzim Hajdinaga.","breadcrumb":{"@id":"https:\/\/www.visit-ulcinj.com\/blog\/2016\/09\/11\/hajdinaga-albanci-u-cg-nijesu-za-veliku-albaniju\/#breadcrumb"},"inLanguage":"en-US","potentialAction":[{"@type":"ReadAction","target":["https:\/\/www.visit-ulcinj.com\/blog\/2016\/09\/11\/hajdinaga-albanci-u-cg-nijesu-za-veliku-albaniju\/"]}]},{"@type":"BreadcrumbList","@id":"https:\/\/www.visit-ulcinj.com\/blog\/2016\/09\/11\/hajdinaga-albanci-u-cg-nijesu-za-veliku-albaniju\/#breadcrumb","itemListElement":[{"@type":"ListItem","position":1,"name":"Hajdinaga: Albanci u CG nijesu za Veliku Albaniju"}]},{"@type":"Person","@id":"https:\/\/www.visit-ulcinj.com\/blog\/#\/schema\/person\/dcab619c614d3038751c63bc2aadc06d","name":"ulqini","sameAs":["http:\/\/www.visit-ulcinj.com"],"url":"https:\/\/www.visit-ulcinj.com\/blog\/author\/admin\/"}]}},"jetpack_featured_media_url":"","jetpack_sharing_enabled":true,"jetpack_shortlink":"https:\/\/wp.me\/pe6lTn-pUH","_links":{"self":[{"href":"https:\/\/www.visit-ulcinj.com\/blog\/wp-json\/wp\/v2\/posts\/99615"}],"collection":[{"href":"https:\/\/www.visit-ulcinj.com\/blog\/wp-json\/wp\/v2\/posts"}],"about":[{"href":"https:\/\/www.visit-ulcinj.com\/blog\/wp-json\/wp\/v2\/types\/post"}],"author":[{"embeddable":true,"href":"https:\/\/www.visit-ulcinj.com\/blog\/wp-json\/wp\/v2\/users\/1"}],"replies":[{"embeddable":true,"href":"https:\/\/www.visit-ulcinj.com\/blog\/wp-json\/wp\/v2\/comments?post=99615"}],"version-history":[{"count":1,"href":"https:\/\/www.visit-ulcinj.com\/blog\/wp-json\/wp\/v2\/posts\/99615\/revisions"}],"predecessor-version":[{"id":99616,"href":"https:\/\/www.visit-ulcinj.com\/blog\/wp-json\/wp\/v2\/posts\/99615\/revisions\/99616"}],"wp:attachment":[{"href":"https:\/\/www.visit-ulcinj.com\/blog\/wp-json\/wp\/v2\/media?parent=99615"}],"wp:term":[{"taxonomy":"category","embeddable":true,"href":"https:\/\/www.visit-ulcinj.com\/blog\/wp-json\/wp\/v2\/categories?post=99615"},{"taxonomy":"post_tag","embeddable":true,"href":"https:\/\/www.visit-ulcinj.com\/blog\/wp-json\/wp\/v2\/tags?post=99615"}],"curies":[{"name":"wp","href":"https:\/\/api.w.org\/{rel}","templated":true}]}}