{"id":99617,"date":"2016-09-11T11:58:31","date_gmt":"2016-09-11T10:58:31","guid":{"rendered":"http:\/\/www.visit-ulcinj.com\/blog\/?p=99617"},"modified":"2016-09-15T11:00:55","modified_gmt":"2016-09-15T10:00:55","slug":"forumi-rinor-te-festojme-se-bashku-ne-ulqin-dhe-katerkolle","status":"publish","type":"post","link":"https:\/\/www.visit-ulcinj.com\/blog\/2016\/09\/11\/forumi-rinor-te-festojme-se-bashku-ne-ulqin-dhe-katerkolle\/","title":{"rendered":"Forumi Rinor: \u201cT\u00eb festojm\u00eb s\u00eb bashku\u201d, n\u00eb Ulqin dhe Kat\u00ebrkoll\u00eb"},"content":{"rendered":"<p><span id=\"fbPhotoSnowliftCaption\" class=\"fbPhotosPhotoCaption\" tabindex=\"0\" data-ft=\"{&quot;tn&quot;:&quot;K&quot;}\"><span class=\"hasCaption\"><a href=\"http:\/\/www.visit-ulcinj.com\/blog\/wp-content\/uploads\/2016\/09\/Forumi-Rinor-Kllezen-Katerkoll\u00eb-Ulqin.jpg\"><img loading=\"lazy\" class=\"alignleft wp-image-99618\" src=\"http:\/\/www.visit-ulcinj.com\/blog\/wp-content\/uploads\/2016\/09\/Forumi-Rinor-Kllezen-Katerkoll\u00eb-Ulqin.jpg\" alt=\"Forumi Rinor -Kllezen-Katerkoll\u00eb-Ulqin\" width=\"508\" height=\"286\" srcset=\"https:\/\/www.visit-ulcinj.com\/blog\/wp-content\/uploads\/2016\/09\/Forumi-Rinor-Kllezen-Katerkoll\u00eb-Ulqin.jpg 960w, https:\/\/www.visit-ulcinj.com\/blog\/wp-content\/uploads\/2016\/09\/Forumi-Rinor-Kllezen-Katerkoll\u00eb-Ulqin-300x169.jpg 300w, https:\/\/www.visit-ulcinj.com\/blog\/wp-content\/uploads\/2016\/09\/Forumi-Rinor-Kllezen-Katerkoll\u00eb-Ulqin-768x432.jpg 768w\" sizes=\"(max-width: 508px) 100vw, 508px\" \/><\/a>Dit\u00ebn e Enjte n\u00eb Kat\u00ebrkoll\u00eb dhe t\u00eb Premt\u00ebn n\u00eb Ulqin, Forumi Rinor i Xhamis\u00eb s\u00eb Kllezn\u00ebs realizoi kampanj\u00ebn me moton \u201cT\u00eb festojm\u00eb s\u00eb bashku\u201d, i cili realizohet p\u00ebr t\u00eb tretin vit me radh\u00eb n\u00eb prag t\u00eb fest\u00ebs s\u00eb Kurban Bajramit.<\/span><\/span><\/p>\n<p>Me an\u00eb t\u00eb k\u00ebtij aktiviteti aktivist\u00ebt dhe aktivistet e Forumit Rinor t\u00eb Xhamis\u00eb s\u00eb Kllezn\u00ebs, treguan dhe uruan qytetaret e pranishem dhe kalimtar\u00ebt e rastit duke e ndar\u00eb s\u00eb ba<span class=\"text_exposed_show\">shku g\u00ebzimin dhe festimin e k\u00ebsaj feste madh\u00ebshtore p\u00ebrmes ndarjes s\u00eb mesazheve hyjnore Islame, duke treguar dhe p\u00ebrcjellur p\u00ebrmes kartolinave moralin islam, edukat\u00ebn q\u00eb duhet ndjekur \u00e7do njeri, si dhe duke treguar vlerat islame si fe e paqes, toleranc\u00ebs, dashuris\u00eb, e lumturis\u00eb.<\/span><\/p>\n<p>Edhe pse kjo kampanj\u00eb e thjesht\u00eb n\u00eb vetvehte ngjalli interes jasht\u00eb zakonisht t\u00eb madh tek qytetar\u00ebt e Komun\u00ebs s\u00eb Ulqinit, gj\u00eb q\u00eb e p\u00ebrg\u00ebzuan Forumin Rinor p\u00ebr k\u00ebto ide kreative dhe mesazhe inkurajuse. Po ashtu njer\u00ebzit pat\u00ebn mund\u00ebsin t\u00eb shijojn\u00eb \u00ebmb\u00eblsirat e p\u00ebrgatitura p\u00ebr k\u00ebt\u00eb fest bajrami.<\/p>\n<p><span id=\"fbPhotoSnowliftCaption\" class=\"fbPhotosPhotoCaption\" tabindex=\"0\" data-ft=\"{&quot;tn&quot;:&quot;K&quot;}\"><span class=\"hasCaption\"><span class=\"text_exposed_show\"><a href=\"http:\/\/www.visit-ulcinj.com\/blog\/wp-content\/uploads\/2016\/09\/Forumi-Rinor-Kllezen-Katerkoll\u00eb-Ulqin-1.jpg\"><img loading=\"lazy\" class=\"alignleft wp-image-99619\" src=\"http:\/\/www.visit-ulcinj.com\/blog\/wp-content\/uploads\/2016\/09\/Forumi-Rinor-Kllezen-Katerkoll\u00eb-Ulqin-1.jpg\" alt=\"Forumi Rinor -Kllezen-Katerkoll\u00eb-Ulqin-1\" width=\"508\" height=\"286\" srcset=\"https:\/\/www.visit-ulcinj.com\/blog\/wp-content\/uploads\/2016\/09\/Forumi-Rinor-Kllezen-Katerkoll\u00eb-Ulqin-1.jpg 960w, https:\/\/www.visit-ulcinj.com\/blog\/wp-content\/uploads\/2016\/09\/Forumi-Rinor-Kllezen-Katerkoll\u00eb-Ulqin-1-300x169.jpg 300w, https:\/\/www.visit-ulcinj.com\/blog\/wp-content\/uploads\/2016\/09\/Forumi-Rinor-Kllezen-Katerkoll\u00eb-Ulqin-1-768x432.jpg 768w\" sizes=\"(max-width: 508px) 100vw, 508px\" \/><\/a><br \/>\nPun\u00ebt me t\u00eb dashura p\u00ebr Zotin jan\u00eb pun\u00ebt e vazhdueshme edhe n\u00ebse jan\u00eb t\u00eb vogla, andaj ne, shpresojm\u00eb n\u00eb vazhdim\u00ebsin\u00eb e pun\u00ebs dhe aktiviteteve tona n\u00eb t\u00eb mir\u00eb t\u00eb qytetar\u00ebve tan\u00eb.<\/span><\/span><\/span><\/p>\n<p>N\u00eb em\u00ebr t\u00eb Forumit Rinor\u00eb t\u00eb xhamis\u00eb s\u00eb Kllezn\u00ebs fal\u00ebnderojm\u00eb t\u00eb gjith\u00eb donator\u00ebt dhe bashk\u00ebpun\u00ebtor\u00ebt q\u00eb ndihmuan realizimin me sukses t\u00eb k\u00ebsaj kampanje.<\/p>\n<p>Gjith\u00eb besimtar\u00ebve t\u00eb besimit islam iu urojm\u00eb fest\u00ebn e Kurban Bajramit.<br \/>\nPa\u00e7i sh\u00ebndet, lumturi, dashuri dhe begati n\u00eb familjet e juaja.<\/p>\n<p>Me respekt.<br \/>\nKryesia e Forumit Rinor t\u00eb xhamis\u00eb s\u00eb Kllezn\u00ebs<\/p>\n<p><strong><a id=\"js_e\" class=\"_hli\" href=\"https:\/\/www.facebook.com\/xhamiaklleznes\" data-hovercard=\"\/ajax\/hovercard\/user.php?id=100004174742969\">Xhamia Klleznes Ulqin <\/a>Facebook<\/strong><\/p>\n","protected":false},"excerpt":{"rendered":"<p>Dit\u00ebn e Enjte n\u00eb Kat\u00ebrkoll\u00eb dhe t\u00eb Premt\u00ebn n\u00eb Ulqin, Forumi Rinor i Xhamis\u00eb s\u00eb Kllezn\u00ebs realizoi kampanj\u00ebn me moton \u201cT\u00eb festojm\u00eb s\u00eb bashku\u201d, i cili realizohet p\u00ebr t\u00eb tretin vit me radh\u00eb n\u00eb prag t\u00eb fest\u00ebs s\u00eb Kurban Bajramit. Me an\u00eb t\u00eb k\u00ebtij aktiviteti aktivist\u00ebt dhe aktivistet e Forumit Rinor t\u00eb Xhamis\u00eb s\u00eb Kllezn\u00ebs, [&hellip;]<\/p>\n","protected":false},"author":1,"featured_media":0,"comment_status":"closed","ping_status":"closed","sticky":false,"template":"","format":"standard","meta":{"spay_email":"","jetpack_publicize_message":"","jetpack_is_tweetstorm":false,"jetpack_publicize_feature_enabled":true},"categories":[1,6950],"tags":[],"jetpack_publicize_connections":[],"yoast_head":"<!-- This site is optimized with the Yoast SEO plugin v19.1 - https:\/\/yoast.com\/wordpress\/plugins\/seo\/ -->\n<title>Forumi Rinor: \u201cT\u00eb festojm\u00eb s\u00eb bashku\u201d, n\u00eb Ulqin dhe Kat\u00ebrkoll\u00eb - Lajme nga Ulqini<\/title>\n<meta name=\"description\" content=\"Dit\u00ebn e Enjte n\u00eb Kat\u00ebrkoll\u00eb dhe t\u00eb Premt\u00ebn n\u00eb Ulqin, Forumi Rinor i Xhamis\u00eb s\u00eb Kllezn\u00ebs realizoi kampanj\u00ebn me moton \u201cT\u00eb festojm\u00eb s\u00eb bashku\u201d, i cili\" \/>\n<meta name=\"robots\" content=\"index, follow, max-snippet:-1, max-image-preview:large, max-video-preview:-1\" \/>\n<link rel=\"canonical\" href=\"https:\/\/www.visit-ulcinj.com\/blog\/2016\/09\/11\/forumi-rinor-te-festojme-se-bashku-ne-ulqin-dhe-katerkolle\/\" \/>\n<meta property=\"og:locale\" content=\"en_US\" \/>\n<meta property=\"og:type\" content=\"article\" \/>\n<meta property=\"og:title\" content=\"Forumi Rinor: \u201cT\u00eb festojm\u00eb s\u00eb bashku\u201d, n\u00eb Ulqin dhe Kat\u00ebrkoll\u00eb - Lajme nga Ulqini\" \/>\n<meta property=\"og:description\" content=\"Dit\u00ebn e Enjte n\u00eb Kat\u00ebrkoll\u00eb dhe t\u00eb Premt\u00ebn n\u00eb Ulqin, Forumi Rinor i Xhamis\u00eb s\u00eb Kllezn\u00ebs realizoi kampanj\u00ebn me moton \u201cT\u00eb festojm\u00eb s\u00eb bashku\u201d, i cili\" \/>\n<meta property=\"og:url\" content=\"https:\/\/www.visit-ulcinj.com\/blog\/2016\/09\/11\/forumi-rinor-te-festojme-se-bashku-ne-ulqin-dhe-katerkolle\/\" \/>\n<meta property=\"og:site_name\" content=\"Lajme nga Ulqini\" \/>\n<meta property=\"article:published_time\" content=\"2016-09-11T10:58:31+00:00\" \/>\n<meta property=\"article:modified_time\" content=\"2016-09-15T10:00:55+00:00\" \/>\n<meta name=\"twitter:label1\" content=\"Written by\" \/>\n\t<meta name=\"twitter:data1\" content=\"ulqini\" \/>\n\t<meta name=\"twitter:label2\" content=\"Est. reading time\" \/>\n\t<meta name=\"twitter:data2\" content=\"1 minute\" \/>\n<script type=\"application\/ld+json\" class=\"yoast-schema-graph\">{\"@context\":\"https:\/\/schema.org\",\"@graph\":[{\"@type\":\"WebSite\",\"@id\":\"https:\/\/www.visit-ulcinj.com\/blog\/#website\",\"url\":\"https:\/\/www.visit-ulcinj.com\/blog\/\",\"name\":\"Lajme nga Ulqini\",\"description\":\"Lajme,Vijesti,Ulqini,Ulqin,Crna Gora,Mali i Zi\",\"potentialAction\":[{\"@type\":\"SearchAction\",\"target\":{\"@type\":\"EntryPoint\",\"urlTemplate\":\"https:\/\/www.visit-ulcinj.com\/blog\/?s={search_term_string}\"},\"query-input\":\"required name=search_term_string\"}],\"inLanguage\":\"en-US\"},{\"@type\":\"WebPage\",\"@id\":\"https:\/\/www.visit-ulcinj.com\/blog\/2016\/09\/11\/forumi-rinor-te-festojme-se-bashku-ne-ulqin-dhe-katerkolle\/#webpage\",\"url\":\"https:\/\/www.visit-ulcinj.com\/blog\/2016\/09\/11\/forumi-rinor-te-festojme-se-bashku-ne-ulqin-dhe-katerkolle\/\",\"name\":\"Forumi Rinor: \u201cT\u00eb festojm\u00eb s\u00eb bashku\u201d, n\u00eb Ulqin dhe Kat\u00ebrkoll\u00eb - Lajme nga Ulqini\",\"isPartOf\":{\"@id\":\"https:\/\/www.visit-ulcinj.com\/blog\/#website\"},\"datePublished\":\"2016-09-11T10:58:31+00:00\",\"dateModified\":\"2016-09-15T10:00:55+00:00\",\"author\":{\"@id\":\"https:\/\/www.visit-ulcinj.com\/blog\/#\/schema\/person\/dcab619c614d3038751c63bc2aadc06d\"},\"description\":\"Dit\u00ebn e Enjte n\u00eb Kat\u00ebrkoll\u00eb dhe t\u00eb Premt\u00ebn n\u00eb Ulqin, Forumi Rinor i Xhamis\u00eb s\u00eb Kllezn\u00ebs realizoi kampanj\u00ebn me moton \u201cT\u00eb festojm\u00eb s\u00eb bashku\u201d, i cili\",\"breadcrumb\":{\"@id\":\"https:\/\/www.visit-ulcinj.com\/blog\/2016\/09\/11\/forumi-rinor-te-festojme-se-bashku-ne-ulqin-dhe-katerkolle\/#breadcrumb\"},\"inLanguage\":\"en-US\",\"potentialAction\":[{\"@type\":\"ReadAction\",\"target\":[\"https:\/\/www.visit-ulcinj.com\/blog\/2016\/09\/11\/forumi-rinor-te-festojme-se-bashku-ne-ulqin-dhe-katerkolle\/\"]}]},{\"@type\":\"BreadcrumbList\",\"@id\":\"https:\/\/www.visit-ulcinj.com\/blog\/2016\/09\/11\/forumi-rinor-te-festojme-se-bashku-ne-ulqin-dhe-katerkolle\/#breadcrumb\",\"itemListElement\":[{\"@type\":\"ListItem\",\"position\":1,\"name\":\"Forumi Rinor: \u201cT\u00eb festojm\u00eb s\u00eb bashku\u201d, n\u00eb Ulqin dhe Kat\u00ebrkoll\u00eb\"}]},{\"@type\":\"Person\",\"@id\":\"https:\/\/www.visit-ulcinj.com\/blog\/#\/schema\/person\/dcab619c614d3038751c63bc2aadc06d\",\"name\":\"ulqini\",\"sameAs\":[\"http:\/\/www.visit-ulcinj.com\"],\"url\":\"https:\/\/www.visit-ulcinj.com\/blog\/author\/admin\/\"}]}<\/script>\n<!-- \/ Yoast SEO plugin. -->","yoast_head_json":{"title":"Forumi Rinor: \u201cT\u00eb festojm\u00eb s\u00eb bashku\u201d, n\u00eb Ulqin dhe Kat\u00ebrkoll\u00eb - Lajme nga Ulqini","description":"Dit\u00ebn e Enjte n\u00eb Kat\u00ebrkoll\u00eb dhe t\u00eb Premt\u00ebn n\u00eb Ulqin, Forumi Rinor i Xhamis\u00eb s\u00eb Kllezn\u00ebs realizoi kampanj\u00ebn me moton \u201cT\u00eb festojm\u00eb s\u00eb bashku\u201d, i cili","robots":{"index":"index","follow":"follow","max-snippet":"max-snippet:-1","max-image-preview":"max-image-preview:large","max-video-preview":"max-video-preview:-1"},"canonical":"https:\/\/www.visit-ulcinj.com\/blog\/2016\/09\/11\/forumi-rinor-te-festojme-se-bashku-ne-ulqin-dhe-katerkolle\/","og_locale":"en_US","og_type":"article","og_title":"Forumi Rinor: \u201cT\u00eb festojm\u00eb s\u00eb bashku\u201d, n\u00eb Ulqin dhe Kat\u00ebrkoll\u00eb - Lajme nga Ulqini","og_description":"Dit\u00ebn e Enjte n\u00eb Kat\u00ebrkoll\u00eb dhe t\u00eb Premt\u00ebn n\u00eb Ulqin, Forumi Rinor i Xhamis\u00eb s\u00eb Kllezn\u00ebs realizoi kampanj\u00ebn me moton \u201cT\u00eb festojm\u00eb s\u00eb bashku\u201d, i cili","og_url":"https:\/\/www.visit-ulcinj.com\/blog\/2016\/09\/11\/forumi-rinor-te-festojme-se-bashku-ne-ulqin-dhe-katerkolle\/","og_site_name":"Lajme nga Ulqini","article_published_time":"2016-09-11T10:58:31+00:00","article_modified_time":"2016-09-15T10:00:55+00:00","twitter_misc":{"Written by":"ulqini","Est. reading time":"1 minute"},"schema":{"@context":"https:\/\/schema.org","@graph":[{"@type":"WebSite","@id":"https:\/\/www.visit-ulcinj.com\/blog\/#website","url":"https:\/\/www.visit-ulcinj.com\/blog\/","name":"Lajme nga Ulqini","description":"Lajme,Vijesti,Ulqini,Ulqin,Crna Gora,Mali i Zi","potentialAction":[{"@type":"SearchAction","target":{"@type":"EntryPoint","urlTemplate":"https:\/\/www.visit-ulcinj.com\/blog\/?s={search_term_string}"},"query-input":"required name=search_term_string"}],"inLanguage":"en-US"},{"@type":"WebPage","@id":"https:\/\/www.visit-ulcinj.com\/blog\/2016\/09\/11\/forumi-rinor-te-festojme-se-bashku-ne-ulqin-dhe-katerkolle\/#webpage","url":"https:\/\/www.visit-ulcinj.com\/blog\/2016\/09\/11\/forumi-rinor-te-festojme-se-bashku-ne-ulqin-dhe-katerkolle\/","name":"Forumi Rinor: \u201cT\u00eb festojm\u00eb s\u00eb bashku\u201d, n\u00eb Ulqin dhe Kat\u00ebrkoll\u00eb - Lajme nga Ulqini","isPartOf":{"@id":"https:\/\/www.visit-ulcinj.com\/blog\/#website"},"datePublished":"2016-09-11T10:58:31+00:00","dateModified":"2016-09-15T10:00:55+00:00","author":{"@id":"https:\/\/www.visit-ulcinj.com\/blog\/#\/schema\/person\/dcab619c614d3038751c63bc2aadc06d"},"description":"Dit\u00ebn e Enjte n\u00eb Kat\u00ebrkoll\u00eb dhe t\u00eb Premt\u00ebn n\u00eb Ulqin, Forumi Rinor i Xhamis\u00eb s\u00eb Kllezn\u00ebs realizoi kampanj\u00ebn me moton \u201cT\u00eb festojm\u00eb s\u00eb bashku\u201d, i cili","breadcrumb":{"@id":"https:\/\/www.visit-ulcinj.com\/blog\/2016\/09\/11\/forumi-rinor-te-festojme-se-bashku-ne-ulqin-dhe-katerkolle\/#breadcrumb"},"inLanguage":"en-US","potentialAction":[{"@type":"ReadAction","target":["https:\/\/www.visit-ulcinj.com\/blog\/2016\/09\/11\/forumi-rinor-te-festojme-se-bashku-ne-ulqin-dhe-katerkolle\/"]}]},{"@type":"BreadcrumbList","@id":"https:\/\/www.visit-ulcinj.com\/blog\/2016\/09\/11\/forumi-rinor-te-festojme-se-bashku-ne-ulqin-dhe-katerkolle\/#breadcrumb","itemListElement":[{"@type":"ListItem","position":1,"name":"Forumi Rinor: \u201cT\u00eb festojm\u00eb s\u00eb bashku\u201d, n\u00eb Ulqin dhe Kat\u00ebrkoll\u00eb"}]},{"@type":"Person","@id":"https:\/\/www.visit-ulcinj.com\/blog\/#\/schema\/person\/dcab619c614d3038751c63bc2aadc06d","name":"ulqini","sameAs":["http:\/\/www.visit-ulcinj.com"],"url":"https:\/\/www.visit-ulcinj.com\/blog\/author\/admin\/"}]}},"jetpack_featured_media_url":"","jetpack_sharing_enabled":true,"jetpack_shortlink":"https:\/\/wp.me\/pe6lTn-pUJ","_links":{"self":[{"href":"https:\/\/www.visit-ulcinj.com\/blog\/wp-json\/wp\/v2\/posts\/99617"}],"collection":[{"href":"https:\/\/www.visit-ulcinj.com\/blog\/wp-json\/wp\/v2\/posts"}],"about":[{"href":"https:\/\/www.visit-ulcinj.com\/blog\/wp-json\/wp\/v2\/types\/post"}],"author":[{"embeddable":true,"href":"https:\/\/www.visit-ulcinj.com\/blog\/wp-json\/wp\/v2\/users\/1"}],"replies":[{"embeddable":true,"href":"https:\/\/www.visit-ulcinj.com\/blog\/wp-json\/wp\/v2\/comments?post=99617"}],"version-history":[{"count":2,"href":"https:\/\/www.visit-ulcinj.com\/blog\/wp-json\/wp\/v2\/posts\/99617\/revisions"}],"predecessor-version":[{"id":99622,"href":"https:\/\/www.visit-ulcinj.com\/blog\/wp-json\/wp\/v2\/posts\/99617\/revisions\/99622"}],"wp:attachment":[{"href":"https:\/\/www.visit-ulcinj.com\/blog\/wp-json\/wp\/v2\/media?parent=99617"}],"wp:term":[{"taxonomy":"category","embeddable":true,"href":"https:\/\/www.visit-ulcinj.com\/blog\/wp-json\/wp\/v2\/categories?post=99617"},{"taxonomy":"post_tag","embeddable":true,"href":"https:\/\/www.visit-ulcinj.com\/blog\/wp-json\/wp\/v2\/tags?post=99617"}],"curies":[{"name":"wp","href":"https:\/\/api.w.org\/{rel}","templated":true}]}}