{"id":99630,"date":"2016-09-12T18:16:57","date_gmt":"2016-09-12T17:16:57","guid":{"rendered":"http:\/\/www.visit-ulcinj.com\/blog\/?p=99630"},"modified":"2016-09-13T12:22:37","modified_gmt":"2016-09-13T11:22:37","slug":"sinoc-u-ulcinj-zavrsen-prvi-medunarodni-muzicki-festival","status":"publish","type":"post","link":"https:\/\/www.visit-ulcinj.com\/blog\/2016\/09\/12\/sinoc-u-ulcinj-zavrsen-prvi-medunarodni-muzicki-festival\/","title":{"rendered":"Sino\u0107 u Ulcinj zavr\u0161en prvi me\u0111unarodni muzi\u010dki festival"},"content":{"rendered":"<p><a href=\"http:\/\/www.visit-ulcinj.com\/blog\/wp-content\/uploads\/2016\/09\/international_music_festival-Ulcinj.jpg\"><img loading=\"lazy\" class=\"alignleft wp-image-99631\" src=\"http:\/\/www.visit-ulcinj.com\/blog\/wp-content\/uploads\/2016\/09\/international_music_festival-Ulcinj.jpg\" alt=\"international_music_festival Ulcinj\" width=\"508\" height=\"338\" srcset=\"https:\/\/www.visit-ulcinj.com\/blog\/wp-content\/uploads\/2016\/09\/international_music_festival-Ulcinj.jpg 1200w, https:\/\/www.visit-ulcinj.com\/blog\/wp-content\/uploads\/2016\/09\/international_music_festival-Ulcinj-300x200.jpg 300w, https:\/\/www.visit-ulcinj.com\/blog\/wp-content\/uploads\/2016\/09\/international_music_festival-Ulcinj-768x511.jpg 768w, https:\/\/www.visit-ulcinj.com\/blog\/wp-content\/uploads\/2016\/09\/international_music_festival-Ulcinj-1024x682.jpg 1024w\" sizes=\"(max-width: 508px) 100vw, 508px\" \/><\/a>U Ulcinju je sino\u0107 zavr\u0161en prvi\u00a0me\u0111unarodni muzi\u010dki festival koji je odr\u017ean od petka 9. septembra do nedelje 11. septembra. Na festivalu su u\u010destvovali vrhunski balkanski muzi\u010dari i poznati svjetski umjetnici.\u00a0Ove godine na festivalu\u00a0su nastupiti umjetnice iz Crne Gore:\u00a0Gjylie Pelingu, sopran, i\u00a0Iliriana Gjoni, pijanistkinja, srpska\u00a0pijanistkinja\u00a0Nata\u0161a Mitrovi\u0107,\u00a0i njujor\u0161ko muzi\u010dko udru\u017eenje &#8221;Poetica Musica&#8221;u kome su:\u00a0Oren Fader, gitarista, Barry Crawford,\u00a0flautista, and Eleanor Valkenburg, sopran.\u00a0Oni su izvodili djela Debisija, \u010cajkovskog, Bogdanovi\u0107a, \u0160opena, Mendelsona, Ger\u0161vina i pjesme i klavirska djela albanskih kompozitora Tonina Harapija i Zef \u010cobaja.<\/p>\n<p><a href=\"http:\/\/www.visit-ulcinj.com\/blog\/wp-content\/uploads\/2016\/09\/First-Ulcinj-International-Music-Festival.jpg\"><img loading=\"lazy\" class=\"alignleft wp-image-99640\" src=\"http:\/\/www.visit-ulcinj.com\/blog\/wp-content\/uploads\/2016\/09\/First-Ulcinj-International-Music-Festival.jpg\" alt=\"First Ulcinj International Music Festival\" width=\"508\" height=\"338\" srcset=\"https:\/\/www.visit-ulcinj.com\/blog\/wp-content\/uploads\/2016\/09\/First-Ulcinj-International-Music-Festival.jpg 960w, https:\/\/www.visit-ulcinj.com\/blog\/wp-content\/uploads\/2016\/09\/First-Ulcinj-International-Music-Festival-300x200.jpg 300w, https:\/\/www.visit-ulcinj.com\/blog\/wp-content\/uploads\/2016\/09\/First-Ulcinj-International-Music-Festival-768x511.jpg 768w\" sizes=\"(max-width: 508px) 100vw, 508px\" \/><\/a><\/p>\n<p>Festival su podr\u017eali Albansko-ameri\u010dka kulturna fondacija iz Njujorka u saradnji sa muzi\u010dkom \u0161kolom u Ulcinju, hotel Mediteran, hotel Palata Venezia i Op\u0161tina Ulcinj.<\/p>\n<p><a href=\"http:\/\/www.visit-ulcinj.com\/blog\/wp-content\/uploads\/2016\/09\/international_music_festival-Ulcinj-1-1.jpg\"><img loading=\"lazy\" class=\"alignleft wp-image-99637\" src=\"http:\/\/www.visit-ulcinj.com\/blog\/wp-content\/uploads\/2016\/09\/international_music_festival-Ulcinj-1-1.jpg\" alt=\"international_music_festival Ulcinj-1\" width=\"508\" height=\"338\" srcset=\"https:\/\/www.visit-ulcinj.com\/blog\/wp-content\/uploads\/2016\/09\/international_music_festival-Ulcinj-1-1.jpg 960w, https:\/\/www.visit-ulcinj.com\/blog\/wp-content\/uploads\/2016\/09\/international_music_festival-Ulcinj-1-1-300x200.jpg 300w, https:\/\/www.visit-ulcinj.com\/blog\/wp-content\/uploads\/2016\/09\/international_music_festival-Ulcinj-1-1-768x511.jpg 768w\" sizes=\"(max-width: 508px) 100vw, 508px\" \/><\/a><\/p>\n","protected":false},"excerpt":{"rendered":"<p>U Ulcinju je sino\u0107 zavr\u0161en prvi\u00a0me\u0111unarodni muzi\u010dki festival koji je odr\u017ean od petka 9. septembra do nedelje 11. septembra. Na festivalu su u\u010destvovali vrhunski balkanski muzi\u010dari i poznati svjetski umjetnici.\u00a0Ove godine na festivalu\u00a0su nastupiti umjetnice iz Crne Gore:\u00a0Gjylie Pelingu, sopran, i\u00a0Iliriana Gjoni, pijanistkinja, srpska\u00a0pijanistkinja\u00a0Nata\u0161a Mitrovi\u0107,\u00a0i njujor\u0161ko muzi\u010dko udru\u017eenje &#8221;Poetica Musica&#8221;u kome su:\u00a0Oren Fader, gitarista, Barry [&hellip;]<\/p>\n","protected":false},"author":1,"featured_media":0,"comment_status":"closed","ping_status":"closed","sticky":false,"template":"","format":"standard","meta":{"spay_email":"","jetpack_publicize_message":"","jetpack_is_tweetstorm":false,"jetpack_publicize_feature_enabled":true},"categories":[8337],"tags":[],"jetpack_publicize_connections":[],"yoast_head":"<!-- This site is optimized with the Yoast SEO plugin v19.1 - https:\/\/yoast.com\/wordpress\/plugins\/seo\/ -->\n<title>Sino\u0107 u Ulcinj zavr\u0161en prvi me\u0111unarodni muzi\u010dki festival - Lajme nga Ulqini<\/title>\n<meta name=\"description\" content=\"U Ulcinju je sino\u0107 zavr\u0161en prvi\u00a0me\u0111unarodni muzi\u010dki festival koji je odr\u017ean od petka 9. septembra do nedelje 11. septembra. Na festivalu su u\u010destvovali\" \/>\n<meta name=\"robots\" content=\"index, follow, max-snippet:-1, max-image-preview:large, max-video-preview:-1\" \/>\n<link rel=\"canonical\" href=\"https:\/\/www.visit-ulcinj.com\/blog\/2016\/09\/12\/sinoc-u-ulcinj-zavrsen-prvi-medunarodni-muzicki-festival\/\" \/>\n<meta property=\"og:locale\" content=\"en_US\" \/>\n<meta property=\"og:type\" content=\"article\" \/>\n<meta property=\"og:title\" content=\"Sino\u0107 u Ulcinj zavr\u0161en prvi me\u0111unarodni muzi\u010dki festival - Lajme nga Ulqini\" \/>\n<meta property=\"og:description\" content=\"U Ulcinju je sino\u0107 zavr\u0161en prvi\u00a0me\u0111unarodni muzi\u010dki festival koji je odr\u017ean od petka 9. septembra do nedelje 11. septembra. Na festivalu su u\u010destvovali\" \/>\n<meta property=\"og:url\" content=\"https:\/\/www.visit-ulcinj.com\/blog\/2016\/09\/12\/sinoc-u-ulcinj-zavrsen-prvi-medunarodni-muzicki-festival\/\" \/>\n<meta property=\"og:site_name\" content=\"Lajme nga Ulqini\" \/>\n<meta property=\"article:published_time\" content=\"2016-09-12T17:16:57+00:00\" \/>\n<meta property=\"article:modified_time\" content=\"2016-09-13T11:22:37+00:00\" \/>\n<meta property=\"og:image\" content=\"http:\/\/www.visit-ulcinj.com\/blog\/wp-content\/uploads\/2016\/09\/international_music_festival-Ulcinj.jpg\" \/>\n<meta name=\"twitter:label1\" content=\"Written by\" \/>\n\t<meta name=\"twitter:data1\" content=\"ulqini\" \/>\n\t<meta name=\"twitter:label2\" content=\"Est. reading time\" \/>\n\t<meta name=\"twitter:data2\" content=\"1 minute\" \/>\n<script type=\"application\/ld+json\" class=\"yoast-schema-graph\">{\"@context\":\"https:\/\/schema.org\",\"@graph\":[{\"@type\":\"WebSite\",\"@id\":\"https:\/\/www.visit-ulcinj.com\/blog\/#website\",\"url\":\"https:\/\/www.visit-ulcinj.com\/blog\/\",\"name\":\"Lajme nga Ulqini\",\"description\":\"Lajme,Vijesti,Ulqini,Ulqin,Crna Gora,Mali i Zi\",\"potentialAction\":[{\"@type\":\"SearchAction\",\"target\":{\"@type\":\"EntryPoint\",\"urlTemplate\":\"https:\/\/www.visit-ulcinj.com\/blog\/?s={search_term_string}\"},\"query-input\":\"required name=search_term_string\"}],\"inLanguage\":\"en-US\"},{\"@type\":\"ImageObject\",\"inLanguage\":\"en-US\",\"@id\":\"https:\/\/www.visit-ulcinj.com\/blog\/2016\/09\/12\/sinoc-u-ulcinj-zavrsen-prvi-medunarodni-muzicki-festival\/#primaryimage\",\"url\":\"https:\/\/www.visit-ulcinj.com\/blog\/wp-content\/uploads\/2016\/09\/international_music_festival-Ulcinj.jpg\",\"contentUrl\":\"https:\/\/www.visit-ulcinj.com\/blog\/wp-content\/uploads\/2016\/09\/international_music_festival-Ulcinj.jpg\",\"width\":1200,\"height\":799},{\"@type\":\"WebPage\",\"@id\":\"https:\/\/www.visit-ulcinj.com\/blog\/2016\/09\/12\/sinoc-u-ulcinj-zavrsen-prvi-medunarodni-muzicki-festival\/#webpage\",\"url\":\"https:\/\/www.visit-ulcinj.com\/blog\/2016\/09\/12\/sinoc-u-ulcinj-zavrsen-prvi-medunarodni-muzicki-festival\/\",\"name\":\"Sino\u0107 u Ulcinj zavr\u0161en prvi me\u0111unarodni muzi\u010dki festival - Lajme nga Ulqini\",\"isPartOf\":{\"@id\":\"https:\/\/www.visit-ulcinj.com\/blog\/#website\"},\"primaryImageOfPage\":{\"@id\":\"https:\/\/www.visit-ulcinj.com\/blog\/2016\/09\/12\/sinoc-u-ulcinj-zavrsen-prvi-medunarodni-muzicki-festival\/#primaryimage\"},\"datePublished\":\"2016-09-12T17:16:57+00:00\",\"dateModified\":\"2016-09-13T11:22:37+00:00\",\"author\":{\"@id\":\"https:\/\/www.visit-ulcinj.com\/blog\/#\/schema\/person\/dcab619c614d3038751c63bc2aadc06d\"},\"description\":\"U Ulcinju je sino\u0107 zavr\u0161en prvi\u00a0me\u0111unarodni muzi\u010dki festival koji je odr\u017ean od petka 9. septembra do nedelje 11. septembra. Na festivalu su u\u010destvovali\",\"breadcrumb\":{\"@id\":\"https:\/\/www.visit-ulcinj.com\/blog\/2016\/09\/12\/sinoc-u-ulcinj-zavrsen-prvi-medunarodni-muzicki-festival\/#breadcrumb\"},\"inLanguage\":\"en-US\",\"potentialAction\":[{\"@type\":\"ReadAction\",\"target\":[\"https:\/\/www.visit-ulcinj.com\/blog\/2016\/09\/12\/sinoc-u-ulcinj-zavrsen-prvi-medunarodni-muzicki-festival\/\"]}]},{\"@type\":\"BreadcrumbList\",\"@id\":\"https:\/\/www.visit-ulcinj.com\/blog\/2016\/09\/12\/sinoc-u-ulcinj-zavrsen-prvi-medunarodni-muzicki-festival\/#breadcrumb\",\"itemListElement\":[{\"@type\":\"ListItem\",\"position\":1,\"name\":\"Sino\u0107 u Ulcinj zavr\u0161en prvi me\u0111unarodni muzi\u010dki festival\"}]},{\"@type\":\"Person\",\"@id\":\"https:\/\/www.visit-ulcinj.com\/blog\/#\/schema\/person\/dcab619c614d3038751c63bc2aadc06d\",\"name\":\"ulqini\",\"sameAs\":[\"http:\/\/www.visit-ulcinj.com\"],\"url\":\"https:\/\/www.visit-ulcinj.com\/blog\/author\/admin\/\"}]}<\/script>\n<!-- \/ Yoast SEO plugin. -->","yoast_head_json":{"title":"Sino\u0107 u Ulcinj zavr\u0161en prvi me\u0111unarodni muzi\u010dki festival - Lajme nga Ulqini","description":"U Ulcinju je sino\u0107 zavr\u0161en prvi\u00a0me\u0111unarodni muzi\u010dki festival koji je odr\u017ean od petka 9. septembra do nedelje 11. septembra. Na festivalu su u\u010destvovali","robots":{"index":"index","follow":"follow","max-snippet":"max-snippet:-1","max-image-preview":"max-image-preview:large","max-video-preview":"max-video-preview:-1"},"canonical":"https:\/\/www.visit-ulcinj.com\/blog\/2016\/09\/12\/sinoc-u-ulcinj-zavrsen-prvi-medunarodni-muzicki-festival\/","og_locale":"en_US","og_type":"article","og_title":"Sino\u0107 u Ulcinj zavr\u0161en prvi me\u0111unarodni muzi\u010dki festival - Lajme nga Ulqini","og_description":"U Ulcinju je sino\u0107 zavr\u0161en prvi\u00a0me\u0111unarodni muzi\u010dki festival koji je odr\u017ean od petka 9. septembra do nedelje 11. septembra. Na festivalu su u\u010destvovali","og_url":"https:\/\/www.visit-ulcinj.com\/blog\/2016\/09\/12\/sinoc-u-ulcinj-zavrsen-prvi-medunarodni-muzicki-festival\/","og_site_name":"Lajme nga Ulqini","article_published_time":"2016-09-12T17:16:57+00:00","article_modified_time":"2016-09-13T11:22:37+00:00","og_image":[{"url":"http:\/\/www.visit-ulcinj.com\/blog\/wp-content\/uploads\/2016\/09\/international_music_festival-Ulcinj.jpg"}],"twitter_misc":{"Written by":"ulqini","Est. reading time":"1 minute"},"schema":{"@context":"https:\/\/schema.org","@graph":[{"@type":"WebSite","@id":"https:\/\/www.visit-ulcinj.com\/blog\/#website","url":"https:\/\/www.visit-ulcinj.com\/blog\/","name":"Lajme nga Ulqini","description":"Lajme,Vijesti,Ulqini,Ulqin,Crna Gora,Mali i Zi","potentialAction":[{"@type":"SearchAction","target":{"@type":"EntryPoint","urlTemplate":"https:\/\/www.visit-ulcinj.com\/blog\/?s={search_term_string}"},"query-input":"required name=search_term_string"}],"inLanguage":"en-US"},{"@type":"ImageObject","inLanguage":"en-US","@id":"https:\/\/www.visit-ulcinj.com\/blog\/2016\/09\/12\/sinoc-u-ulcinj-zavrsen-prvi-medunarodni-muzicki-festival\/#primaryimage","url":"https:\/\/www.visit-ulcinj.com\/blog\/wp-content\/uploads\/2016\/09\/international_music_festival-Ulcinj.jpg","contentUrl":"https:\/\/www.visit-ulcinj.com\/blog\/wp-content\/uploads\/2016\/09\/international_music_festival-Ulcinj.jpg","width":1200,"height":799},{"@type":"WebPage","@id":"https:\/\/www.visit-ulcinj.com\/blog\/2016\/09\/12\/sinoc-u-ulcinj-zavrsen-prvi-medunarodni-muzicki-festival\/#webpage","url":"https:\/\/www.visit-ulcinj.com\/blog\/2016\/09\/12\/sinoc-u-ulcinj-zavrsen-prvi-medunarodni-muzicki-festival\/","name":"Sino\u0107 u Ulcinj zavr\u0161en prvi me\u0111unarodni muzi\u010dki festival - Lajme nga Ulqini","isPartOf":{"@id":"https:\/\/www.visit-ulcinj.com\/blog\/#website"},"primaryImageOfPage":{"@id":"https:\/\/www.visit-ulcinj.com\/blog\/2016\/09\/12\/sinoc-u-ulcinj-zavrsen-prvi-medunarodni-muzicki-festival\/#primaryimage"},"datePublished":"2016-09-12T17:16:57+00:00","dateModified":"2016-09-13T11:22:37+00:00","author":{"@id":"https:\/\/www.visit-ulcinj.com\/blog\/#\/schema\/person\/dcab619c614d3038751c63bc2aadc06d"},"description":"U Ulcinju je sino\u0107 zavr\u0161en prvi\u00a0me\u0111unarodni muzi\u010dki festival koji je odr\u017ean od petka 9. septembra do nedelje 11. septembra. Na festivalu su u\u010destvovali","breadcrumb":{"@id":"https:\/\/www.visit-ulcinj.com\/blog\/2016\/09\/12\/sinoc-u-ulcinj-zavrsen-prvi-medunarodni-muzicki-festival\/#breadcrumb"},"inLanguage":"en-US","potentialAction":[{"@type":"ReadAction","target":["https:\/\/www.visit-ulcinj.com\/blog\/2016\/09\/12\/sinoc-u-ulcinj-zavrsen-prvi-medunarodni-muzicki-festival\/"]}]},{"@type":"BreadcrumbList","@id":"https:\/\/www.visit-ulcinj.com\/blog\/2016\/09\/12\/sinoc-u-ulcinj-zavrsen-prvi-medunarodni-muzicki-festival\/#breadcrumb","itemListElement":[{"@type":"ListItem","position":1,"name":"Sino\u0107 u Ulcinj zavr\u0161en prvi me\u0111unarodni muzi\u010dki festival"}]},{"@type":"Person","@id":"https:\/\/www.visit-ulcinj.com\/blog\/#\/schema\/person\/dcab619c614d3038751c63bc2aadc06d","name":"ulqini","sameAs":["http:\/\/www.visit-ulcinj.com"],"url":"https:\/\/www.visit-ulcinj.com\/blog\/author\/admin\/"}]}},"jetpack_featured_media_url":"","jetpack_sharing_enabled":true,"jetpack_shortlink":"https:\/\/wp.me\/pe6lTn-pUW","_links":{"self":[{"href":"https:\/\/www.visit-ulcinj.com\/blog\/wp-json\/wp\/v2\/posts\/99630"}],"collection":[{"href":"https:\/\/www.visit-ulcinj.com\/blog\/wp-json\/wp\/v2\/posts"}],"about":[{"href":"https:\/\/www.visit-ulcinj.com\/blog\/wp-json\/wp\/v2\/types\/post"}],"author":[{"embeddable":true,"href":"https:\/\/www.visit-ulcinj.com\/blog\/wp-json\/wp\/v2\/users\/1"}],"replies":[{"embeddable":true,"href":"https:\/\/www.visit-ulcinj.com\/blog\/wp-json\/wp\/v2\/comments?post=99630"}],"version-history":[{"count":3,"href":"https:\/\/www.visit-ulcinj.com\/blog\/wp-json\/wp\/v2\/posts\/99630\/revisions"}],"predecessor-version":[{"id":99642,"href":"https:\/\/www.visit-ulcinj.com\/blog\/wp-json\/wp\/v2\/posts\/99630\/revisions\/99642"}],"wp:attachment":[{"href":"https:\/\/www.visit-ulcinj.com\/blog\/wp-json\/wp\/v2\/media?parent=99630"}],"wp:term":[{"taxonomy":"category","embeddable":true,"href":"https:\/\/www.visit-ulcinj.com\/blog\/wp-json\/wp\/v2\/categories?post=99630"},{"taxonomy":"post_tag","embeddable":true,"href":"https:\/\/www.visit-ulcinj.com\/blog\/wp-json\/wp\/v2\/tags?post=99630"}],"curies":[{"name":"wp","href":"https:\/\/api.w.org\/{rel}","templated":true}]}}