{"id":9964,"date":"2009-01-28T18:51:53","date_gmt":"2009-01-28T17:51:53","guid":{"rendered":"http:\/\/www.visit-ulcinj.com\/blog\/?p=9964"},"modified":"2009-02-01T15:16:57","modified_gmt":"2009-02-01T14:16:57","slug":"kryetarja-e-kuvendit-te-shqiperise-jozefina-topallitakon-presidentin-e-malit-te-zi-vujanoviq","status":"publish","type":"post","link":"https:\/\/www.visit-ulcinj.com\/blog\/2009\/01\/28\/kryetarja-e-kuvendit-te-shqiperise-jozefina-topallitakon-presidentin-e-malit-te-zi-vujanoviq\/","title":{"rendered":"Kryetarja e Kuvendit t\u00eb Shqip\u00ebris\u00eb Jozefina Topalli,takon Presidentin e Malit t\u00eb Zi, Vujanoviq &#8211; Video"},"content":{"rendered":"<p><a rel=\"attachment wp-att-9965\" href=\"http:\/\/www.visit-ulcinj.com\/blog\/2009\/01\/28\/kryetarja-e-kuvendit-te-shqiperise-jozefina-topallitakon-presidentin-e-malit-te-zi-vujanoviq\/jozefina-topalli_filip-vujanovic\/\"><img loading=\"lazy\" class=\"alignleft size-full wp-image-9965\" title=\"jozefina-topalli_filip-vujanovic\" src=\"http:\/\/www.visit-ulcinj.com\/blog\/wp-content\/uploads\/2009\/01\/jozefina-topalli_filip-vujanovic.jpg\" alt=\"jozefina-topalli_filip-vujanovic\" width=\"570\" height=\"400\" \/><\/a>Kryetarja e Kuvendit takon Presidentin e Malit t\u00eb Zi, Vujanovi\u00e7: Hapat e shpejt\u00eb t\u00eb Shqip\u00ebris\u00eb drejt NATO-s, inspiruese p\u00ebr t\u00eb gjith\u00eb rrajonin<br \/>\n\u201cMarrja e ftes\u00ebs p\u00ebr an\u00ebtar\u00ebsim n\u00eb NATO nga Shqip\u00ebria dhe p\u00ebrshpejtimi i ratifikimit t\u00eb protokollit t\u00eb NATO-s, \u00ebsht\u00eb nj\u00eb inkurajim dhe mb\u00ebshtetje p\u00ebr Malin e Zi dhe p\u00ebr t\u00eb gjith\u00eb rajonin\u201d.<\/p>\n<p>K\u00ebshtu u shpreh Presidenti i Malit t\u00eb zi Filip Vujanovi\u00e7, n\u00eb takimin q\u00eb i rezervoi Kryetares s\u00eb Kuvendit t\u00eb Shqip\u00ebris\u00eb dhe delegacionit q\u00eb e shoq\u00ebronte.<\/p>\n<p>&#8220;Rajoni, tha Kryetarja e Kuvendit , po p\u00ebrjeton momente historike dhe po p\u00ebrshpejton hapat drejt NATO-s dhe BE-s\u00eb.<\/p>\n<p>Ndaj, vijoi ajo, \u00e7do sukses i secilit prej vendeve t\u00eb Ballkanit Per\u00ebndimor \u00ebsht\u00eb nj\u00eb sukses p\u00ebr t\u00eb gjith\u00eb rajonin\u00a0 ton\u00eb. Shqip\u00ebria, pas marrjes s\u00eb ftes\u00ebs p\u00ebr an\u00ebtar\u00ebsim n\u00eb NATO po punon fort p\u00ebr ratifikimin e protokollit t\u00eb an\u00ebtar\u00ebsimit nd\u00ebrsa sapo ka p\u00ebrmbyllur n\u00eb nj\u00eb koh\u00eb shum\u00eb t\u00eb shpejt\u00eb ratifikimin e MSA-s\u00eb nga vendet an\u00ebtare t\u00eb BE-s\u00eb.&#8221;<\/p>\n<p>Aktualisht nj\u00eb nga projektet tona q\u00eb ka nisur udh\u00eb, \u00ebsht\u00eb paisja e qytetar\u00ebve me Kartat foto28 e Identitetit, t\u00eb cilat s\u00eb pari do t\u00eb japin garanci p\u00ebr realizimin e l\u00ebvizjes s\u00eb lir\u00eb t\u00eb qytetar\u00ebve dhe s\u00eb dyti do t\u00eb mund\u00ebsojn\u00eb zgjedhje me standarte.<\/p>\n<p>Presidenti Vajanovi\u00e7 theksoi se \u201cShqip\u00ebria \u00ebsht\u00eb nj\u00eb sh\u00ebmbull i mir\u00eb p\u00ebrsa i p\u00ebrket p\u00ebrshpejtimit t\u00eb rrug\u00ebs integruese dhe Mali i Zi mund t\u00eb p\u00ebrfitoj\u00eb shum\u00eb nga p\u00ebrvoja juaj.<\/p>\n<p>Kryetarja e Kuvendit garantoi zotin Vujanovi\u00e7 se Shqip\u00ebria \u00ebsht\u00eb nj\u00eb mb\u00ebshtet\u00ebse e fort\u00eb e p\u00ebrafrimit t\u00eb vendeve t\u00eb Ballkanit Per\u00ebndimor me NATO-n dhe BE-n\u00eb, duke siguruar se autoritetet shqiptare do t\u00eb japin t\u00eb gjith\u00eb eksperienc\u00ebn e tyre p\u00ebr vendet e tjera t\u00eb rrajonit.<\/p>\n<p><strong>Parlament.al\/ Press<\/strong><\/p>\n<p><!--YouTube Error: bad URL entered--><strong><br \/>\n<\/strong><\/p>\n","protected":false},"excerpt":{"rendered":"<p>Kryetarja e Kuvendit takon Presidentin e Malit t\u00eb Zi, Vujanovi\u00e7: Hapat e shpejt\u00eb t\u00eb Shqip\u00ebris\u00eb drejt NATO-s, inspiruese p\u00ebr t\u00eb gjith\u00eb rrajonin \u201cMarrja e ftes\u00ebs p\u00ebr an\u00ebtar\u00ebsim n\u00eb NATO nga Shqip\u00ebria dhe p\u00ebrshpejtimi i ratifikimit t\u00eb protokollit t\u00eb NATO-s, \u00ebsht\u00eb nj\u00eb inkurajim dhe mb\u00ebshtetje p\u00ebr Malin e Zi dhe p\u00ebr t\u00eb gjith\u00eb rajonin\u201d. K\u00ebshtu u [&hellip;]<\/p>\n","protected":false},"author":1,"featured_media":0,"comment_status":"open","ping_status":"closed","sticky":false,"template":"","format":"standard","meta":{"spay_email":"","jetpack_publicize_message":"","jetpack_is_tweetstorm":false,"jetpack_publicize_feature_enabled":true},"categories":[6],"tags":[1768,6160,6162,6161],"jetpack_publicize_connections":[],"yoast_head":"<!-- This site is optimized with the Yoast SEO plugin v19.1 - https:\/\/yoast.com\/wordpress\/plugins\/seo\/ -->\n<title>Kryetarja e Kuvendit t\u00eb Shqip\u00ebris\u00eb Jozefina Topalli,takon Presidentin e Malit t\u00eb Zi, Vujanoviq - Video - Lajme nga Ulqini<\/title>\n<meta name=\"description\" content=\"Kryetarja e Kuvendit takon Presidentin e Malit t\u00eb Zi, Vujanovi\u00e7: Hapat e shpejt\u00eb t\u00eb Shqip\u00ebris\u00eb drejt NATO-s, inspiruese p\u00ebr t\u00eb gjith\u00eb rrajonin \u201cMarrja e\" \/>\n<meta name=\"robots\" content=\"index, follow, max-snippet:-1, max-image-preview:large, max-video-preview:-1\" \/>\n<link rel=\"canonical\" href=\"https:\/\/www.visit-ulcinj.com\/blog\/2009\/01\/28\/kryetarja-e-kuvendit-te-shqiperise-jozefina-topallitakon-presidentin-e-malit-te-zi-vujanoviq\/\" \/>\n<meta property=\"og:locale\" content=\"en_US\" \/>\n<meta property=\"og:type\" content=\"article\" \/>\n<meta property=\"og:title\" content=\"Kryetarja e Kuvendit t\u00eb Shqip\u00ebris\u00eb Jozefina Topalli,takon Presidentin e Malit t\u00eb Zi, Vujanoviq - Video - Lajme nga Ulqini\" \/>\n<meta property=\"og:description\" content=\"Kryetarja e Kuvendit takon Presidentin e Malit t\u00eb Zi, Vujanovi\u00e7: Hapat e shpejt\u00eb t\u00eb Shqip\u00ebris\u00eb drejt NATO-s, inspiruese p\u00ebr t\u00eb gjith\u00eb rrajonin \u201cMarrja e\" \/>\n<meta property=\"og:url\" content=\"https:\/\/www.visit-ulcinj.com\/blog\/2009\/01\/28\/kryetarja-e-kuvendit-te-shqiperise-jozefina-topallitakon-presidentin-e-malit-te-zi-vujanoviq\/\" \/>\n<meta property=\"og:site_name\" content=\"Lajme nga Ulqini\" \/>\n<meta property=\"article:published_time\" content=\"2009-01-28T17:51:53+00:00\" \/>\n<meta property=\"article:modified_time\" content=\"2009-02-01T14:16:57+00:00\" \/>\n<meta property=\"og:image\" content=\"http:\/\/www.visit-ulcinj.com\/blog\/wp-content\/uploads\/2009\/01\/jozefina-topalli_filip-vujanovic.jpg\" \/>\n<meta name=\"twitter:label1\" content=\"Written by\" \/>\n\t<meta name=\"twitter:data1\" content=\"ulqini\" \/>\n\t<meta name=\"twitter:label2\" content=\"Est. reading time\" \/>\n\t<meta name=\"twitter:data2\" content=\"2 minutes\" \/>\n<script type=\"application\/ld+json\" class=\"yoast-schema-graph\">{\"@context\":\"https:\/\/schema.org\",\"@graph\":[{\"@type\":\"WebSite\",\"@id\":\"https:\/\/www.visit-ulcinj.com\/blog\/#website\",\"url\":\"https:\/\/www.visit-ulcinj.com\/blog\/\",\"name\":\"Lajme nga Ulqini\",\"description\":\"Lajme,Vijesti,Ulqini,Ulqin,Crna Gora,Mali i Zi\",\"potentialAction\":[{\"@type\":\"SearchAction\",\"target\":{\"@type\":\"EntryPoint\",\"urlTemplate\":\"https:\/\/www.visit-ulcinj.com\/blog\/?s={search_term_string}\"},\"query-input\":\"required name=search_term_string\"}],\"inLanguage\":\"en-US\"},{\"@type\":\"ImageObject\",\"inLanguage\":\"en-US\",\"@id\":\"https:\/\/www.visit-ulcinj.com\/blog\/2009\/01\/28\/kryetarja-e-kuvendit-te-shqiperise-jozefina-topallitakon-presidentin-e-malit-te-zi-vujanoviq\/#primaryimage\",\"url\":\"https:\/\/www.visit-ulcinj.com\/blog\/wp-content\/uploads\/2009\/01\/jozefina-topalli_filip-vujanovic.jpg\",\"contentUrl\":\"https:\/\/www.visit-ulcinj.com\/blog\/wp-content\/uploads\/2009\/01\/jozefina-topalli_filip-vujanovic.jpg\",\"width\":\"640\",\"height\":\"504\"},{\"@type\":\"WebPage\",\"@id\":\"https:\/\/www.visit-ulcinj.com\/blog\/2009\/01\/28\/kryetarja-e-kuvendit-te-shqiperise-jozefina-topallitakon-presidentin-e-malit-te-zi-vujanoviq\/#webpage\",\"url\":\"https:\/\/www.visit-ulcinj.com\/blog\/2009\/01\/28\/kryetarja-e-kuvendit-te-shqiperise-jozefina-topallitakon-presidentin-e-malit-te-zi-vujanoviq\/\",\"name\":\"Kryetarja e Kuvendit t\u00eb Shqip\u00ebris\u00eb Jozefina Topalli,takon Presidentin e Malit t\u00eb Zi, Vujanoviq - Video - Lajme nga Ulqini\",\"isPartOf\":{\"@id\":\"https:\/\/www.visit-ulcinj.com\/blog\/#website\"},\"primaryImageOfPage\":{\"@id\":\"https:\/\/www.visit-ulcinj.com\/blog\/2009\/01\/28\/kryetarja-e-kuvendit-te-shqiperise-jozefina-topallitakon-presidentin-e-malit-te-zi-vujanoviq\/#primaryimage\"},\"datePublished\":\"2009-01-28T17:51:53+00:00\",\"dateModified\":\"2009-02-01T14:16:57+00:00\",\"author\":{\"@id\":\"https:\/\/www.visit-ulcinj.com\/blog\/#\/schema\/person\/dcab619c614d3038751c63bc2aadc06d\"},\"description\":\"Kryetarja e Kuvendit takon Presidentin e Malit t\u00eb Zi, Vujanovi\u00e7: Hapat e shpejt\u00eb t\u00eb Shqip\u00ebris\u00eb drejt NATO-s, inspiruese p\u00ebr t\u00eb gjith\u00eb rrajonin \u201cMarrja e\",\"breadcrumb\":{\"@id\":\"https:\/\/www.visit-ulcinj.com\/blog\/2009\/01\/28\/kryetarja-e-kuvendit-te-shqiperise-jozefina-topallitakon-presidentin-e-malit-te-zi-vujanoviq\/#breadcrumb\"},\"inLanguage\":\"en-US\",\"potentialAction\":[{\"@type\":\"ReadAction\",\"target\":[\"https:\/\/www.visit-ulcinj.com\/blog\/2009\/01\/28\/kryetarja-e-kuvendit-te-shqiperise-jozefina-topallitakon-presidentin-e-malit-te-zi-vujanoviq\/\"]}]},{\"@type\":\"BreadcrumbList\",\"@id\":\"https:\/\/www.visit-ulcinj.com\/blog\/2009\/01\/28\/kryetarja-e-kuvendit-te-shqiperise-jozefina-topallitakon-presidentin-e-malit-te-zi-vujanoviq\/#breadcrumb\",\"itemListElement\":[{\"@type\":\"ListItem\",\"position\":1,\"name\":\"Kryetarja e Kuvendit t\u00eb Shqip\u00ebris\u00eb Jozefina Topalli,takon Presidentin e Malit t\u00eb Zi, Vujanoviq &#8211; Video\"}]},{\"@type\":\"Person\",\"@id\":\"https:\/\/www.visit-ulcinj.com\/blog\/#\/schema\/person\/dcab619c614d3038751c63bc2aadc06d\",\"name\":\"ulqini\",\"sameAs\":[\"http:\/\/www.visit-ulcinj.com\"],\"url\":\"https:\/\/www.visit-ulcinj.com\/blog\/author\/admin\/\"}]}<\/script>\n<!-- \/ Yoast SEO plugin. -->","yoast_head_json":{"title":"Kryetarja e Kuvendit t\u00eb Shqip\u00ebris\u00eb Jozefina Topalli,takon Presidentin e Malit t\u00eb Zi, Vujanoviq - Video - Lajme nga Ulqini","description":"Kryetarja e Kuvendit takon Presidentin e Malit t\u00eb Zi, Vujanovi\u00e7: Hapat e shpejt\u00eb t\u00eb Shqip\u00ebris\u00eb drejt NATO-s, inspiruese p\u00ebr t\u00eb gjith\u00eb rrajonin \u201cMarrja e","robots":{"index":"index","follow":"follow","max-snippet":"max-snippet:-1","max-image-preview":"max-image-preview:large","max-video-preview":"max-video-preview:-1"},"canonical":"https:\/\/www.visit-ulcinj.com\/blog\/2009\/01\/28\/kryetarja-e-kuvendit-te-shqiperise-jozefina-topallitakon-presidentin-e-malit-te-zi-vujanoviq\/","og_locale":"en_US","og_type":"article","og_title":"Kryetarja e Kuvendit t\u00eb Shqip\u00ebris\u00eb Jozefina Topalli,takon Presidentin e Malit t\u00eb Zi, Vujanoviq - Video - Lajme nga Ulqini","og_description":"Kryetarja e Kuvendit takon Presidentin e Malit t\u00eb Zi, Vujanovi\u00e7: Hapat e shpejt\u00eb t\u00eb Shqip\u00ebris\u00eb drejt NATO-s, inspiruese p\u00ebr t\u00eb gjith\u00eb rrajonin \u201cMarrja e","og_url":"https:\/\/www.visit-ulcinj.com\/blog\/2009\/01\/28\/kryetarja-e-kuvendit-te-shqiperise-jozefina-topallitakon-presidentin-e-malit-te-zi-vujanoviq\/","og_site_name":"Lajme nga Ulqini","article_published_time":"2009-01-28T17:51:53+00:00","article_modified_time":"2009-02-01T14:16:57+00:00","og_image":[{"url":"http:\/\/www.visit-ulcinj.com\/blog\/wp-content\/uploads\/2009\/01\/jozefina-topalli_filip-vujanovic.jpg"}],"twitter_misc":{"Written by":"ulqini","Est. reading time":"2 minutes"},"schema":{"@context":"https:\/\/schema.org","@graph":[{"@type":"WebSite","@id":"https:\/\/www.visit-ulcinj.com\/blog\/#website","url":"https:\/\/www.visit-ulcinj.com\/blog\/","name":"Lajme nga Ulqini","description":"Lajme,Vijesti,Ulqini,Ulqin,Crna Gora,Mali i Zi","potentialAction":[{"@type":"SearchAction","target":{"@type":"EntryPoint","urlTemplate":"https:\/\/www.visit-ulcinj.com\/blog\/?s={search_term_string}"},"query-input":"required name=search_term_string"}],"inLanguage":"en-US"},{"@type":"ImageObject","inLanguage":"en-US","@id":"https:\/\/www.visit-ulcinj.com\/blog\/2009\/01\/28\/kryetarja-e-kuvendit-te-shqiperise-jozefina-topallitakon-presidentin-e-malit-te-zi-vujanoviq\/#primaryimage","url":"https:\/\/www.visit-ulcinj.com\/blog\/wp-content\/uploads\/2009\/01\/jozefina-topalli_filip-vujanovic.jpg","contentUrl":"https:\/\/www.visit-ulcinj.com\/blog\/wp-content\/uploads\/2009\/01\/jozefina-topalli_filip-vujanovic.jpg","width":"640","height":"504"},{"@type":"WebPage","@id":"https:\/\/www.visit-ulcinj.com\/blog\/2009\/01\/28\/kryetarja-e-kuvendit-te-shqiperise-jozefina-topallitakon-presidentin-e-malit-te-zi-vujanoviq\/#webpage","url":"https:\/\/www.visit-ulcinj.com\/blog\/2009\/01\/28\/kryetarja-e-kuvendit-te-shqiperise-jozefina-topallitakon-presidentin-e-malit-te-zi-vujanoviq\/","name":"Kryetarja e Kuvendit t\u00eb Shqip\u00ebris\u00eb Jozefina Topalli,takon Presidentin e Malit t\u00eb Zi, Vujanoviq - Video - Lajme nga Ulqini","isPartOf":{"@id":"https:\/\/www.visit-ulcinj.com\/blog\/#website"},"primaryImageOfPage":{"@id":"https:\/\/www.visit-ulcinj.com\/blog\/2009\/01\/28\/kryetarja-e-kuvendit-te-shqiperise-jozefina-topallitakon-presidentin-e-malit-te-zi-vujanoviq\/#primaryimage"},"datePublished":"2009-01-28T17:51:53+00:00","dateModified":"2009-02-01T14:16:57+00:00","author":{"@id":"https:\/\/www.visit-ulcinj.com\/blog\/#\/schema\/person\/dcab619c614d3038751c63bc2aadc06d"},"description":"Kryetarja e Kuvendit takon Presidentin e Malit t\u00eb Zi, Vujanovi\u00e7: Hapat e shpejt\u00eb t\u00eb Shqip\u00ebris\u00eb drejt NATO-s, inspiruese p\u00ebr t\u00eb gjith\u00eb rrajonin \u201cMarrja e","breadcrumb":{"@id":"https:\/\/www.visit-ulcinj.com\/blog\/2009\/01\/28\/kryetarja-e-kuvendit-te-shqiperise-jozefina-topallitakon-presidentin-e-malit-te-zi-vujanoviq\/#breadcrumb"},"inLanguage":"en-US","potentialAction":[{"@type":"ReadAction","target":["https:\/\/www.visit-ulcinj.com\/blog\/2009\/01\/28\/kryetarja-e-kuvendit-te-shqiperise-jozefina-topallitakon-presidentin-e-malit-te-zi-vujanoviq\/"]}]},{"@type":"BreadcrumbList","@id":"https:\/\/www.visit-ulcinj.com\/blog\/2009\/01\/28\/kryetarja-e-kuvendit-te-shqiperise-jozefina-topallitakon-presidentin-e-malit-te-zi-vujanoviq\/#breadcrumb","itemListElement":[{"@type":"ListItem","position":1,"name":"Kryetarja e Kuvendit t\u00eb Shqip\u00ebris\u00eb Jozefina Topalli,takon Presidentin e Malit t\u00eb Zi, Vujanoviq &#8211; Video"}]},{"@type":"Person","@id":"https:\/\/www.visit-ulcinj.com\/blog\/#\/schema\/person\/dcab619c614d3038751c63bc2aadc06d","name":"ulqini","sameAs":["http:\/\/www.visit-ulcinj.com"],"url":"https:\/\/www.visit-ulcinj.com\/blog\/author\/admin\/"}]}},"jetpack_featured_media_url":"","jetpack_sharing_enabled":true,"jetpack_shortlink":"https:\/\/wp.me\/pe6lTn-2AI","_links":{"self":[{"href":"https:\/\/www.visit-ulcinj.com\/blog\/wp-json\/wp\/v2\/posts\/9964"}],"collection":[{"href":"https:\/\/www.visit-ulcinj.com\/blog\/wp-json\/wp\/v2\/posts"}],"about":[{"href":"https:\/\/www.visit-ulcinj.com\/blog\/wp-json\/wp\/v2\/types\/post"}],"author":[{"embeddable":true,"href":"https:\/\/www.visit-ulcinj.com\/blog\/wp-json\/wp\/v2\/users\/1"}],"replies":[{"embeddable":true,"href":"https:\/\/www.visit-ulcinj.com\/blog\/wp-json\/wp\/v2\/comments?post=9964"}],"version-history":[{"count":0,"href":"https:\/\/www.visit-ulcinj.com\/blog\/wp-json\/wp\/v2\/posts\/9964\/revisions"}],"wp:attachment":[{"href":"https:\/\/www.visit-ulcinj.com\/blog\/wp-json\/wp\/v2\/media?parent=9964"}],"wp:term":[{"taxonomy":"category","embeddable":true,"href":"https:\/\/www.visit-ulcinj.com\/blog\/wp-json\/wp\/v2\/categories?post=9964"},{"taxonomy":"post_tag","embeddable":true,"href":"https:\/\/www.visit-ulcinj.com\/blog\/wp-json\/wp\/v2\/tags?post=9964"}],"curies":[{"name":"wp","href":"https:\/\/api.w.org\/{rel}","templated":true}]}}