{"id":99647,"date":"2016-09-13T17:38:10","date_gmt":"2016-09-13T16:38:10","guid":{"rendered":"http:\/\/www.visit-ulcinj.com\/blog\/?p=99647"},"modified":"2016-09-14T12:49:43","modified_gmt":"2016-09-14T11:49:43","slug":"nika-vertete-u-varros-perfundimisht-ullishta-gjiri-valdanosit","status":"publish","type":"post","link":"https:\/\/www.visit-ulcinj.com\/blog\/2016\/09\/13\/nika-vertete-u-varros-perfundimisht-ullishta-gjiri-valdanosit\/","title":{"rendered":"Nika: V\u00ebrtet\u00eb a u varros p\u00ebrfundimisht ullishta &#8211; Gjiri  i  Valdanosit\u2026.?!!!"},"content":{"rendered":"<p><strong><em><a href=\"http:\/\/www.visit-ulcinj.com\/blog\/wp-content\/uploads\/2016\/09\/PUP-VALDANOS.jpg\"><img loading=\"lazy\" class=\"alignleft wp-image-99544\" src=\"http:\/\/www.visit-ulcinj.com\/blog\/wp-content\/uploads\/2016\/09\/PUP-VALDANOS.jpg\" alt=\"PUP-VALDANOS\" width=\"508\" height=\"235\" srcset=\"https:\/\/www.visit-ulcinj.com\/blog\/wp-content\/uploads\/2016\/09\/PUP-VALDANOS.jpg 1120w, https:\/\/www.visit-ulcinj.com\/blog\/wp-content\/uploads\/2016\/09\/PUP-VALDANOS-300x139.jpg 300w, https:\/\/www.visit-ulcinj.com\/blog\/wp-content\/uploads\/2016\/09\/PUP-VALDANOS-768x355.jpg 768w, https:\/\/www.visit-ulcinj.com\/blog\/wp-content\/uploads\/2016\/09\/PUP-VALDANOS-1024x474.jpg 1024w\" sizes=\"(max-width: 508px) 100vw, 508px\" \/><\/a>Shkruan Muhamet Nika<\/em><\/strong><\/p>\n<p><strong><em><u>Inshalla\u00a0 e ruan\u00a0 vet\u00eb emir &#8211; ZANI (ZOT) I TIJ- VALDANUS\u2026, \u00a0q\u00eb greqisht\u00a0 (pellazgjisht ) \u00a0do t\u00eb thot\u00eb\u00a0 LUGIN\u00cb\u00a0 E QET\u00cb- \u201c DOLINA MIRA\u2026\u201d?! Se k\u00ebta t\u00eb Forc\u00ebs , e t\u00eb Ur\u00ebs, \u00a0bashk\u00eb me gjith\u00eb&#8230;., e kishin shit\u00eb edhe nj\u00ebher\u00eb p\u00ebr ta\u00a0 pambrojtur si dikur&#8230;, n\u00eb \u201cem\u00ebr t\u00eb popullit &#8230;. \u201c ?!!!<\/u><\/em><\/strong><\/p>\n<p>Sipas\u00a0 k\u00ebsaj fotografie \u00a0t\u00eb Valdanosit q\u00eb shp\u00ebrndau\u00a0 \u201cUra\u201d n\u00eb reagim, p\u00ebrve\u00e7\u00a0 tjerash \u00a0than\u00eb \u00a0\u00a0se kryetari Cungu, po e ma\u00a0 t\u00eb fshehur\u00a0 planin hap\u00ebsinor urbanistik t\u00eb k\u00ebtij lokaliteti dhe se p\u00ebr te jan\u00eb n\u00eb dijeni vet\u00ebm 4-5 vet\u00eb af\u00ebr kryetarit.\u00a0 Konstatimi dihet se\u00a0 nuk q\u00ebndron\u00a0 dhe u tha me q\u00ebllim \u201c p\u00ebr t\u00eb mbrojtur \u201d Cungun&#8230;., nga\u00a0 k\u00ebndi i gjuh\u00ebs s\u00eb \u201carmikut\u201d?!!<\/p>\n<p>Ky plan edhe mua , q\u00eb nuk jam i ky\u00e7ur p\u00ebr momentin, n\u00eb forumet udh\u00ebheq\u00ebse\u00a0 &#8211; me pak interesim\u00a0 p\u00ebr ta par\u00eb e jo\u00a0 m\u00eb p\u00ebr ta sht\u00ebn\u00eb n\u00eb dor\u00eb &#8230;, \u00a0\u00a0e arrita \u00a0\u00a0\u2013 fare leht\u00eb. Andaj \u00a0\u00a0po e p\u00ebrs\u00ebris- si \u00a0konstatim\u00a0 nuk q\u00ebndron. Dhe \u00a0po themi, se \u00a0t\u00ebr\u00ebsisht \u2013 \u00a0Valdanosi \u00a0, q\u00eb shihni n\u00eb fokus t\u00eb fotografis\u00eb, \u00ebsht\u00eb\u00a0 plot\u00ebsisht \u00a0i mbrojtur nga \u201c PUP-I\u201d i\u00a0 ministrit Gvozdenoviq , e p\u00ebr k\u00ebt\u00eb t\u00eb gjith\u00eb( k\u00ebta t\u00eb mjedisit&#8230;.), le t\u00eb flen\u00eb rehat&#8230;?!! Asnj\u00eb rr\u00ebnj\u00eb ulliri nuk \u00ebsht\u00eb e k\u00ebrc\u00ebnuar&#8230;?!! \u00a0Dhe plani , merret vesh , se ka siguruar p\u00ebrkrahje\u00a0 edhe nga jasht\u00eb&#8230;?!<\/p>\n<p>Milloja , \u00a0gjat\u00eb vizit\u00ebs \u00a0n\u00eb Ulqin- vet\u00ebm\u00a0 se b\u00ebri promovimin e k\u00ebsaj ideje , duke arsyetuar : \u00a0se do tu jepet t\u00eb huajve me qira \u2013p\u00ebr mir\u00ebmbajtje.\u00a0 At\u00ebher\u00eb , p\u00ebr mua \u2013 si adhurues i natyr\u00ebs dhe tradit\u00ebs, pak ka r\u00ebnd\u00ebsi \u00a0ose aspak se kush e shfryt\u00ebzon \u2013 por\u00a0 a e kultivon si duhet ?! Dhe k\u00ebshtu \u00a0na\u00a0 del q\u00eb problemi u zgjidh(varros ) p\u00ebrfundimisht&#8230;.?!!!<\/p>\n<p>E pse &#8211; Abazoviq , si nx\u00ebn\u00ebs\u00a0 , po duket jo fort\u00a0 i dob\u00ebt i Cungut \u00a0\u2013\u00a0 q\u00eb\u00a0 \u00a0e kish \u00a0\u00a0model\u00a0 politik , pasi Cungu- at\u00eb, e shpalli \u00a0\u00a0ekspert\u00a0 i \u201c eshalonit\u00a0 t\u00eb par\u00eb\u201d- z\u00ebdh\u00ebn\u00ebs\u00a0\u00a0 \u00a0\u00a0i Forc\u00ebs\u00a0 n\u00eb TV Teut\u00eb, konstatimin\u00a0 e \u00a0cekur n\u00eb reagim, \u00a0po duket\u00a0 e b\u00ebn\u00eb\u00a0 me q\u00ebllim?! \u00a0Merret\u00a0 vesh q\u00eb Cungut dhe atyre q\u00eb jan\u00eb e ishin\u00a0 me te&#8230;, \u00a0\u00a0u ishte sugjeruar\u00a0\u00a0 \u201c Pupin\u201d, \u00a0ta mbajn\u00eb\u00a0 sa m\u00eb \u00a0t\u00eb \u00a0fshehur \u00a0p\u00ebr opinion- kuvend&#8230;?! Por kjo nuk ndodhi, ai \u201crast\u00ebsisht\u201d u b\u00eb\u00a0 publik. &#8230;?!!P\u00ebr \u00e7ka\u00a0 \u00a0e gjith\u00eb kjo, edhe mund t\u2019iu- kushtoj\u00eb \u00a0si \u00a0transparenc\u00eb e tepruar\u00a0 q\u00eb zbulon hilen e qeveris\u00eb&#8230;?!<\/p>\n<p>Se \u00a0edhe \u00a0\u00a0di\u00e7ka tjet\u00ebr \u00a0, n\u00eb k\u00ebt\u00eb mesele &#8230;, nuk ishte n\u00eb rregull(si \u00a0pun\u00eb pazari\u00a0 matrapaz\u00ebsh\u00a0 t\u00eb qytetit&#8230;), e hetoi edhe Mehmet\u00a0 Zenka , i cili \u00a0n\u00eb kuvend, tha se k\u00ebta\u201d \u00a0t\u00eb komisionit t\u00eb v\u00ebrejtjeve ..\u201d, n\u00eb plan- \u00a0\u00a0kishin parapar\u00eb q\u00eb edhe n\u00eb lokalitetin Hije, \u00a0t\u00eb nd\u00ebrtohej edhe nj\u00eb Ulqin i tret\u00eb &#8230;?!!Por as ky , nuk\u00a0 i p\u00ebrmendi \u00a0nd\u00ebrtimet n\u00eb shpatet e Valdanosit \u2013 thua se\u00a0 nuk\u00a0 i shihte&#8230;.?!!<\/p>\n<p><strong><em>Si \u00ebsht\u00eb e v\u00ebrteta e zez\u00eb ..?!<\/em><\/strong><\/p>\n<p>\u201cE zeza e gjith\u00eb \u00a0k\u00ebsaj\u00a0 \u00a0pune \u00a0\u201c\u00a0 \u00ebsht\u00eb n\u00eb at\u00eb &#8211; jasht\u00eb asaj q\u00eb rrok\u00eb fotografia?!<\/p>\n<p>Shtetit \u2013 me \u201cPUP\u201d, shihet se ka dal\u00eb, k\u00ebsaj radhe \u00a0\u00a0me planifikim nd\u00ebrtimesh\u201d t\u00eb kubikazh\u00ebs \u201c s\u00eb madhe- \u00a0jasht\u00eb \u00a0ullisht\u00ebs- \u00a0mbi t\u00eb&#8230;, n\u00eb shpatet e malit mbi\u00a0 Ullisht\u00eb\u00a0 &#8211; \u00a0Ana\u00a0 \u00a0veriore dhe\u00a0 veri per\u00ebndimore e malit q\u00eb ngrihet mbi gji\u00a0 dhe \u00a0\u00ebsht\u00eb pron\u00eb shtet\u00ebrore&#8230;?! Thjesht\u00eb b\u00ebhet fjal\u00eb edhe p\u00ebr nj\u00eb Ulqin \u00a0tjet\u00ebr &#8230;?!!<\/p>\n<p><strong><em>A E DI\u00a0 KRYETARI\u00a0 I ULQINIT\u00a0\u00a0 N. CUNGU \u00a0K\u00cbT\u00cb , \u00a0<\/em><\/strong><\/p>\n<p><strong><em>DHE\u00a0 NJ\u00cb \u00a0P\u00cbRSH\u00cbNDETJE \u00a0GENCIT \u2026\u201d?!!<\/em><\/strong><\/p>\n<p>Ta\u00a0 ha mendja q\u00eb e di. Ai me funksionin q\u00eb ka si kryetar komune \u2013 me ligj, \u00ebsht\u00eb edhe an\u00ebtar\u00eb i kolegjiumit t\u00eb shitjes s\u00eb pron\u00ebs shtet\u00ebrore- i shpateve t\u00eb Valdanosit.\u00a0 Nd\u00ebrsa\u00a0 me\u00a0 k\u00ebt\u00eb komision (t\u00eb tenderi)- \u00a0kryeson\u00a0 vet\u00eb \u00a0kryeministri Gjukanoviq &#8230;? \u00a0K\u00ebshtu \u00a0ky- \u00a0edhe me p\u00eblqimin e p\u00ebrmendur nga jasht\u00eb- \u00a0tash \u00ebsht\u00eb sovran \u00a0p\u00ebr shitje\u00a0 t\u00eb territorit shtet\u00ebror &#8230;?!<\/p>\n<p>Dhe tjet\u00ebr dyshimi , n\u00eb k\u00ebt\u00eb pun\u00eb , sa vjen e rritet&#8230;, kur dihet\u00a0 q\u00eb \u00a0edhe deputeti \u00a0Genc Niman Begu, votoi \u00a0\u00a0ligjin, \u00a0<strong><em><u>i cili nuk u miratua<\/u><\/em><\/strong> p\u00ebr fat, por pret t\u00eb\u00a0 miratohet &#8230;, dhe parasheh t\u00eb drejt\u00ebn e \u00a0shtetit , q\u00eb \u00a0\u00a0pron\u00ebn e qytetar\u00ebve- Ulqinak\u00ebve , pra edhe Ullisht\u00eb, Shtojin,\u00a0 An\u00ebn E malit etj&#8230;.?!!! , mund ta qes \u00a0n\u00eb\u00a0 kadast\u00ebr\u00a0\u00a0 t\u00eb vet \u2013 pa ta paguar tok\u00ebn-\u00a0 q\u00eb trash\u00ebgon nga t\u00eb par\u00ebt&#8230;.?!!! \u00a0\u00a0<strong><em>O ZOTI \u00a0JU MARROFT\u00cb\u00a0 , \u00a0N\u00cbSE \u00a0VE\u00c7 NUK \u00a0E KA B\u00cbR\u00cb \u00a0K\u00cbT\u00cb&#8230;?!!<\/em><\/strong><\/p>\n<p>E \u00a0Genc , o Genc&#8230;, kujto at\u00eb populloren-\u201c Basi- kujtuesi&#8230;.\u201d, \u00a0mendojm\u00eb n\u00eb \u00a0ATO akuzat q\u00eb m\u00eb drejtoje dikur \u00a0si Kryetar Kuvendi i Ulqinit, duke th\u00ebn\u00eb \u00a0se un\u00eb aty isha i instaluar dhe\u00a0 i shitur&#8230;., bashk\u00eb\u00a0 me do trima tjer\u00eb&#8230;?! \u00a0Edhe pse nja dy her\u00eb (p\u00ebr \u00e7\u00ebshtje\u00a0 fundamentale) e dini se e \u00a0qita DPS-in , bashk\u00eb me Union, prej sall\u00ebs \u00a0p\u00ebrjashta\u00a0 <strong><em><u>dhe do t\u2019i kisha qitur prap\u00eb \u00a0\u00a0p\u00ebr Ulqin,\u00a0 duke mos ma ndier &#8230;..?<\/u><\/em><\/strong>!<\/p>\n<p>Po ju ku i lat\u00eb \u00a0\u00a0more\u00a0 edhe \u201cka\u00e7ilet ..\u201d ,\u00a0\u00a0 \u201c me n\u00ebnshkrimet e qytetar\u00ebve &#8230;.\u201d, pse nuk po e \u00a0v\u00ebni \u00a0edhe nj\u00ebher\u00eb \u00e7\u00ebshtjen e kthimit t\u00eb\u00a0 Ullisjht\u00ebs\u00a0 n\u00eb Kuvend?!! \u00a0Po nejse &#8230;, p\u00ebr vete\u00a0 e di se deri n\u00eb t\u00eb 7 brez \u2013 jam n\u00eb rregull me k\u00ebto pun\u00eb. Kurse e juaja mbetet t\u00eb shihet&#8230;?!!<\/p>\n<p>Kurse Cungu , \u00a0at\u00ebher\u00eb n\u00eb polemikat me mua , \u00a0n\u00eb kuvend- shkonte edhe m\u00eb tej duke m\u00eb \u201cshpallur \u00a0me veprim &#8211; malok..\u201d dhe \u00a0thoshte haptas n\u00eb kuvend \u00a0: \u201c Vidite , predsednik\u00a0 skup\u0161tine, ne zna koje \u00a0predlaga\u010d , a koje\u00a0 obra\u0111iva\u010d plana \u201d, \u00a0Hahaha&#8230;.?!\u00a0 Duke\u00a0 m\u00eb futur edhe mua n\u00eb nj\u00eb kosh me ata \u201c rrypat \u2013 m\u00eb falni , ekspertat e tij\u201d q\u00eb nj\u00eb nga nj\u00eb\u00a0 u avulluan dhe duke u rrethuar me do injoranta \u2013sipas peshores s\u00eb ligjit.\u00a0 Dhe tashti\u00a0 , si duket- me k\u00ebta , ia \u00a0arriti\u00a0 plot\u00ebsisht q\u00ebllimit \u00a0\u00a0t\u00eb \u00a0\u00a0vet\u00eb, duke qen\u00eb\u00a0 edhe predlaga\u010d plana, obra\u0111iva\u010d\u00a0 plana , i trgovac- preprodavac- tyxhar\u00a0 i Valdanosit &#8230; ?!!! E n\u00eb fund dua t\u00eb klith\u00eb, \u00a0por jo latinisht &#8211; serbisht \u2013 q\u00eb ta(mos e) kuptoni \u201c O sveta\u00a0 prostoto&#8230;?!!!\u00a0 <strong>JAN HUS&#8230;?!! Dhe qe pse:<\/strong><\/p>\n<p><strong>Prej 20 vet\u00ebve sa jeni, n\u00eb kryesi t\u00eb komun\u00ebs \u2013ve\u00e7 2 t\u00eb Partis\u00eb Demokratike i plot\u00ebsojn\u00eb kushtet me ligj t\u00eb jen\u00eb udh\u00ebheq\u00ebs..?!!<\/strong><\/p>\n<p><iframe loading=\"lazy\" src=\"\/\/www.dailymotion.com\/embed\/video\/x4sq47h?autoPlay=1\" width=\"508\" height=\"340\" frameborder=\"0\" allowfullscreen=\"allowfullscreen\"><\/iframe><\/p>\n<p><iframe loading=\"lazy\" src=\"\/\/www.dailymotion.com\/embed\/video\/x4s6pcd\" width=\"508\" height=\"340\" frameborder=\"0\" allowfullscreen=\"allowfullscreen\"><\/iframe><\/p>\n<p><a href=\"http:\/\/www.visit-ulcinj.com\/blog\/wp-content\/uploads\/2014\/11\/Muhamet-Nika.jpg\"><img loading=\"lazy\" class=\"alignleft wp-image-86143 size-thumbnail\" src=\"http:\/\/www.visit-ulcinj.com\/blog\/wp-content\/uploads\/2014\/11\/Muhamet-Nika-150x150.jpg\" alt=\"Muhamet Nika\" width=\"150\" height=\"150\" \/><\/a><strong>Sudski tuma\u010d- P\u00ebrkthyes gjyq\u00ebsor \u201c MUHAMET NIKA \u201d Ulcinj- Ulqin<\/strong><\/p>\n<p><strong>Adresa:<\/strong> zgrada SO ULCINJ- nd\u00ebrtesa e KK Ulqin<\/p>\n<p><strong>Telefon-i: <\/strong> 068 264 122<\/p>\n<p><strong>Email-i <\/strong>: <strong><a href=\"mailto:muhamet-nika@hotmail.com\">muhamet-nika@hotmail.com<\/a><\/strong><\/p>\n<p>Albanski jezik- prof. Albanskog jezika<\/p>\n<p>Gjuh\u00eb shqipe- prof. I gjuh\u00ebs shqipe<\/p>\n<p><strong>Pik\u00ebpamjet e shprehura n\u00eb faqen ton\u00eb nuk p\u00ebrfaq\u00ebsojn\u00eb domosdoshm\u00ebrisht politik\u00ebn redaksionale t\u00eb \u201eLajmeve nga Ulqini\u201e<\/strong><\/p>\n","protected":false},"excerpt":{"rendered":"<p>Shkruan Muhamet Nika Inshalla\u00a0 e ruan\u00a0 vet\u00eb emir &#8211; ZANI (ZOT) I TIJ- VALDANUS\u2026, \u00a0q\u00eb greqisht\u00a0 (pellazgjisht ) \u00a0do t\u00eb thot\u00eb\u00a0 LUGIN\u00cb\u00a0 E QET\u00cb- \u201c DOLINA MIRA\u2026\u201d?! Se k\u00ebta t\u00eb Forc\u00ebs , e t\u00eb Ur\u00ebs, \u00a0bashk\u00eb me gjith\u00eb&#8230;., e kishin shit\u00eb edhe nj\u00ebher\u00eb p\u00ebr ta\u00a0 pambrojtur si dikur&#8230;, n\u00eb \u201cem\u00ebr t\u00eb popullit &#8230;. \u201c ?!!! [&hellip;]<\/p>\n","protected":false},"author":1,"featured_media":0,"comment_status":"closed","ping_status":"closed","sticky":false,"template":"","format":"standard","meta":{"spay_email":"","jetpack_publicize_message":"","jetpack_is_tweetstorm":false,"jetpack_publicize_feature_enabled":true},"categories":[1],"tags":[],"jetpack_publicize_connections":[],"yoast_head":"<!-- This site is optimized with the Yoast SEO plugin v19.1 - https:\/\/yoast.com\/wordpress\/plugins\/seo\/ -->\n<title>Nika: V\u00ebrtet\u00eb a u varros p\u00ebrfundimisht ullishta - Gjiri i Valdanosit\u2026.?!!! - Lajme nga Ulqini<\/title>\n<meta name=\"description\" content=\"Shkruan Muhamet Nika Inshalla\u00a0 e ruan\u00a0 vet\u00eb emir - ZANI (ZOT) I TIJ- VALDANUS\u2026, \u00a0q\u00eb greqisht\u00a0 (pellazgjisht ) \u00a0do t\u00eb thot\u00eb\u00a0 LUGIN\u00cb\u00a0 E QET\u00cb- \u201c DOLINA\" \/>\n<meta name=\"robots\" content=\"index, follow, max-snippet:-1, max-image-preview:large, max-video-preview:-1\" \/>\n<link rel=\"canonical\" href=\"https:\/\/www.visit-ulcinj.com\/blog\/2016\/09\/13\/nika-vertete-u-varros-perfundimisht-ullishta-gjiri-valdanosit\/\" \/>\n<meta property=\"og:locale\" content=\"en_US\" \/>\n<meta property=\"og:type\" content=\"article\" \/>\n<meta property=\"og:title\" content=\"Nika: V\u00ebrtet\u00eb a u varros p\u00ebrfundimisht ullishta - Gjiri i Valdanosit\u2026.?!!! - Lajme nga Ulqini\" \/>\n<meta property=\"og:description\" content=\"Shkruan Muhamet Nika Inshalla\u00a0 e ruan\u00a0 vet\u00eb emir - ZANI (ZOT) I TIJ- VALDANUS\u2026, \u00a0q\u00eb greqisht\u00a0 (pellazgjisht ) \u00a0do t\u00eb thot\u00eb\u00a0 LUGIN\u00cb\u00a0 E QET\u00cb- \u201c DOLINA\" \/>\n<meta property=\"og:url\" content=\"https:\/\/www.visit-ulcinj.com\/blog\/2016\/09\/13\/nika-vertete-u-varros-perfundimisht-ullishta-gjiri-valdanosit\/\" \/>\n<meta property=\"og:site_name\" content=\"Lajme nga Ulqini\" \/>\n<meta property=\"article:published_time\" content=\"2016-09-13T16:38:10+00:00\" \/>\n<meta property=\"article:modified_time\" content=\"2016-09-14T11:49:43+00:00\" \/>\n<meta property=\"og:image\" content=\"http:\/\/www.visit-ulcinj.com\/blog\/wp-content\/uploads\/2016\/09\/PUP-VALDANOS.jpg\" \/>\n<meta name=\"twitter:label1\" content=\"Written by\" \/>\n\t<meta name=\"twitter:data1\" content=\"ulqini\" \/>\n\t<meta name=\"twitter:label2\" content=\"Est. reading time\" \/>\n\t<meta name=\"twitter:data2\" content=\"5 minutes\" \/>\n<script type=\"application\/ld+json\" class=\"yoast-schema-graph\">{\"@context\":\"https:\/\/schema.org\",\"@graph\":[{\"@type\":\"WebSite\",\"@id\":\"https:\/\/www.visit-ulcinj.com\/blog\/#website\",\"url\":\"https:\/\/www.visit-ulcinj.com\/blog\/\",\"name\":\"Lajme nga Ulqini\",\"description\":\"Lajme,Vijesti,Ulqini,Ulqin,Crna Gora,Mali i Zi\",\"potentialAction\":[{\"@type\":\"SearchAction\",\"target\":{\"@type\":\"EntryPoint\",\"urlTemplate\":\"https:\/\/www.visit-ulcinj.com\/blog\/?s={search_term_string}\"},\"query-input\":\"required name=search_term_string\"}],\"inLanguage\":\"en-US\"},{\"@type\":\"ImageObject\",\"inLanguage\":\"en-US\",\"@id\":\"https:\/\/www.visit-ulcinj.com\/blog\/2016\/09\/13\/nika-vertete-u-varros-perfundimisht-ullishta-gjiri-valdanosit\/#primaryimage\",\"url\":\"https:\/\/www.visit-ulcinj.com\/blog\/wp-content\/uploads\/2016\/09\/PUP-VALDANOS.jpg\",\"contentUrl\":\"https:\/\/www.visit-ulcinj.com\/blog\/wp-content\/uploads\/2016\/09\/PUP-VALDANOS.jpg\",\"width\":1120,\"height\":518},{\"@type\":\"WebPage\",\"@id\":\"https:\/\/www.visit-ulcinj.com\/blog\/2016\/09\/13\/nika-vertete-u-varros-perfundimisht-ullishta-gjiri-valdanosit\/#webpage\",\"url\":\"https:\/\/www.visit-ulcinj.com\/blog\/2016\/09\/13\/nika-vertete-u-varros-perfundimisht-ullishta-gjiri-valdanosit\/\",\"name\":\"Nika: V\u00ebrtet\u00eb a u varros p\u00ebrfundimisht ullishta - Gjiri i Valdanosit\u2026.?!!! - Lajme nga Ulqini\",\"isPartOf\":{\"@id\":\"https:\/\/www.visit-ulcinj.com\/blog\/#website\"},\"primaryImageOfPage\":{\"@id\":\"https:\/\/www.visit-ulcinj.com\/blog\/2016\/09\/13\/nika-vertete-u-varros-perfundimisht-ullishta-gjiri-valdanosit\/#primaryimage\"},\"datePublished\":\"2016-09-13T16:38:10+00:00\",\"dateModified\":\"2016-09-14T11:49:43+00:00\",\"author\":{\"@id\":\"https:\/\/www.visit-ulcinj.com\/blog\/#\/schema\/person\/dcab619c614d3038751c63bc2aadc06d\"},\"description\":\"Shkruan Muhamet Nika Inshalla\u00a0 e ruan\u00a0 vet\u00eb emir - ZANI (ZOT) I TIJ- VALDANUS\u2026, \u00a0q\u00eb greqisht\u00a0 (pellazgjisht ) \u00a0do t\u00eb thot\u00eb\u00a0 LUGIN\u00cb\u00a0 E QET\u00cb- \u201c DOLINA\",\"breadcrumb\":{\"@id\":\"https:\/\/www.visit-ulcinj.com\/blog\/2016\/09\/13\/nika-vertete-u-varros-perfundimisht-ullishta-gjiri-valdanosit\/#breadcrumb\"},\"inLanguage\":\"en-US\",\"potentialAction\":[{\"@type\":\"ReadAction\",\"target\":[\"https:\/\/www.visit-ulcinj.com\/blog\/2016\/09\/13\/nika-vertete-u-varros-perfundimisht-ullishta-gjiri-valdanosit\/\"]}]},{\"@type\":\"BreadcrumbList\",\"@id\":\"https:\/\/www.visit-ulcinj.com\/blog\/2016\/09\/13\/nika-vertete-u-varros-perfundimisht-ullishta-gjiri-valdanosit\/#breadcrumb\",\"itemListElement\":[{\"@type\":\"ListItem\",\"position\":1,\"name\":\"Nika: V\u00ebrtet\u00eb a u varros p\u00ebrfundimisht ullishta &#8211; Gjiri i Valdanosit\u2026.?!!!\"}]},{\"@type\":\"Person\",\"@id\":\"https:\/\/www.visit-ulcinj.com\/blog\/#\/schema\/person\/dcab619c614d3038751c63bc2aadc06d\",\"name\":\"ulqini\",\"sameAs\":[\"http:\/\/www.visit-ulcinj.com\"],\"url\":\"https:\/\/www.visit-ulcinj.com\/blog\/author\/admin\/\"}]}<\/script>\n<!-- \/ Yoast SEO plugin. -->","yoast_head_json":{"title":"Nika: V\u00ebrtet\u00eb a u varros p\u00ebrfundimisht ullishta - Gjiri i Valdanosit\u2026.?!!! - Lajme nga Ulqini","description":"Shkruan Muhamet Nika Inshalla\u00a0 e ruan\u00a0 vet\u00eb emir - ZANI (ZOT) I TIJ- VALDANUS\u2026, \u00a0q\u00eb greqisht\u00a0 (pellazgjisht ) \u00a0do t\u00eb thot\u00eb\u00a0 LUGIN\u00cb\u00a0 E QET\u00cb- \u201c DOLINA","robots":{"index":"index","follow":"follow","max-snippet":"max-snippet:-1","max-image-preview":"max-image-preview:large","max-video-preview":"max-video-preview:-1"},"canonical":"https:\/\/www.visit-ulcinj.com\/blog\/2016\/09\/13\/nika-vertete-u-varros-perfundimisht-ullishta-gjiri-valdanosit\/","og_locale":"en_US","og_type":"article","og_title":"Nika: V\u00ebrtet\u00eb a u varros p\u00ebrfundimisht ullishta - Gjiri i Valdanosit\u2026.?!!! - Lajme nga Ulqini","og_description":"Shkruan Muhamet Nika Inshalla\u00a0 e ruan\u00a0 vet\u00eb emir - ZANI (ZOT) I TIJ- VALDANUS\u2026, \u00a0q\u00eb greqisht\u00a0 (pellazgjisht ) \u00a0do t\u00eb thot\u00eb\u00a0 LUGIN\u00cb\u00a0 E QET\u00cb- \u201c DOLINA","og_url":"https:\/\/www.visit-ulcinj.com\/blog\/2016\/09\/13\/nika-vertete-u-varros-perfundimisht-ullishta-gjiri-valdanosit\/","og_site_name":"Lajme nga Ulqini","article_published_time":"2016-09-13T16:38:10+00:00","article_modified_time":"2016-09-14T11:49:43+00:00","og_image":[{"url":"http:\/\/www.visit-ulcinj.com\/blog\/wp-content\/uploads\/2016\/09\/PUP-VALDANOS.jpg"}],"twitter_misc":{"Written by":"ulqini","Est. reading time":"5 minutes"},"schema":{"@context":"https:\/\/schema.org","@graph":[{"@type":"WebSite","@id":"https:\/\/www.visit-ulcinj.com\/blog\/#website","url":"https:\/\/www.visit-ulcinj.com\/blog\/","name":"Lajme nga Ulqini","description":"Lajme,Vijesti,Ulqini,Ulqin,Crna Gora,Mali i Zi","potentialAction":[{"@type":"SearchAction","target":{"@type":"EntryPoint","urlTemplate":"https:\/\/www.visit-ulcinj.com\/blog\/?s={search_term_string}"},"query-input":"required name=search_term_string"}],"inLanguage":"en-US"},{"@type":"ImageObject","inLanguage":"en-US","@id":"https:\/\/www.visit-ulcinj.com\/blog\/2016\/09\/13\/nika-vertete-u-varros-perfundimisht-ullishta-gjiri-valdanosit\/#primaryimage","url":"https:\/\/www.visit-ulcinj.com\/blog\/wp-content\/uploads\/2016\/09\/PUP-VALDANOS.jpg","contentUrl":"https:\/\/www.visit-ulcinj.com\/blog\/wp-content\/uploads\/2016\/09\/PUP-VALDANOS.jpg","width":1120,"height":518},{"@type":"WebPage","@id":"https:\/\/www.visit-ulcinj.com\/blog\/2016\/09\/13\/nika-vertete-u-varros-perfundimisht-ullishta-gjiri-valdanosit\/#webpage","url":"https:\/\/www.visit-ulcinj.com\/blog\/2016\/09\/13\/nika-vertete-u-varros-perfundimisht-ullishta-gjiri-valdanosit\/","name":"Nika: V\u00ebrtet\u00eb a u varros p\u00ebrfundimisht ullishta - Gjiri i Valdanosit\u2026.?!!! - Lajme nga Ulqini","isPartOf":{"@id":"https:\/\/www.visit-ulcinj.com\/blog\/#website"},"primaryImageOfPage":{"@id":"https:\/\/www.visit-ulcinj.com\/blog\/2016\/09\/13\/nika-vertete-u-varros-perfundimisht-ullishta-gjiri-valdanosit\/#primaryimage"},"datePublished":"2016-09-13T16:38:10+00:00","dateModified":"2016-09-14T11:49:43+00:00","author":{"@id":"https:\/\/www.visit-ulcinj.com\/blog\/#\/schema\/person\/dcab619c614d3038751c63bc2aadc06d"},"description":"Shkruan Muhamet Nika Inshalla\u00a0 e ruan\u00a0 vet\u00eb emir - ZANI (ZOT) I TIJ- VALDANUS\u2026, \u00a0q\u00eb greqisht\u00a0 (pellazgjisht ) \u00a0do t\u00eb thot\u00eb\u00a0 LUGIN\u00cb\u00a0 E QET\u00cb- \u201c DOLINA","breadcrumb":{"@id":"https:\/\/www.visit-ulcinj.com\/blog\/2016\/09\/13\/nika-vertete-u-varros-perfundimisht-ullishta-gjiri-valdanosit\/#breadcrumb"},"inLanguage":"en-US","potentialAction":[{"@type":"ReadAction","target":["https:\/\/www.visit-ulcinj.com\/blog\/2016\/09\/13\/nika-vertete-u-varros-perfundimisht-ullishta-gjiri-valdanosit\/"]}]},{"@type":"BreadcrumbList","@id":"https:\/\/www.visit-ulcinj.com\/blog\/2016\/09\/13\/nika-vertete-u-varros-perfundimisht-ullishta-gjiri-valdanosit\/#breadcrumb","itemListElement":[{"@type":"ListItem","position":1,"name":"Nika: V\u00ebrtet\u00eb a u varros p\u00ebrfundimisht ullishta &#8211; Gjiri i Valdanosit\u2026.?!!!"}]},{"@type":"Person","@id":"https:\/\/www.visit-ulcinj.com\/blog\/#\/schema\/person\/dcab619c614d3038751c63bc2aadc06d","name":"ulqini","sameAs":["http:\/\/www.visit-ulcinj.com"],"url":"https:\/\/www.visit-ulcinj.com\/blog\/author\/admin\/"}]}},"jetpack_featured_media_url":"","jetpack_sharing_enabled":true,"jetpack_shortlink":"https:\/\/wp.me\/pe6lTn-pVd","_links":{"self":[{"href":"https:\/\/www.visit-ulcinj.com\/blog\/wp-json\/wp\/v2\/posts\/99647"}],"collection":[{"href":"https:\/\/www.visit-ulcinj.com\/blog\/wp-json\/wp\/v2\/posts"}],"about":[{"href":"https:\/\/www.visit-ulcinj.com\/blog\/wp-json\/wp\/v2\/types\/post"}],"author":[{"embeddable":true,"href":"https:\/\/www.visit-ulcinj.com\/blog\/wp-json\/wp\/v2\/users\/1"}],"replies":[{"embeddable":true,"href":"https:\/\/www.visit-ulcinj.com\/blog\/wp-json\/wp\/v2\/comments?post=99647"}],"version-history":[{"count":6,"href":"https:\/\/www.visit-ulcinj.com\/blog\/wp-json\/wp\/v2\/posts\/99647\/revisions"}],"predecessor-version":[{"id":99658,"href":"https:\/\/www.visit-ulcinj.com\/blog\/wp-json\/wp\/v2\/posts\/99647\/revisions\/99658"}],"wp:attachment":[{"href":"https:\/\/www.visit-ulcinj.com\/blog\/wp-json\/wp\/v2\/media?parent=99647"}],"wp:term":[{"taxonomy":"category","embeddable":true,"href":"https:\/\/www.visit-ulcinj.com\/blog\/wp-json\/wp\/v2\/categories?post=99647"},{"taxonomy":"post_tag","embeddable":true,"href":"https:\/\/www.visit-ulcinj.com\/blog\/wp-json\/wp\/v2\/tags?post=99647"}],"curies":[{"name":"wp","href":"https:\/\/api.w.org\/{rel}","templated":true}]}}