{"id":99655,"date":"2016-09-14T12:46:54","date_gmt":"2016-09-14T11:46:54","guid":{"rendered":"http:\/\/www.visit-ulcinj.com\/blog\/?p=99655"},"modified":"2016-09-14T18:25:37","modified_gmt":"2016-09-14T17:25:37","slug":"seanematalks-prezanton-hadixha-gjoni","status":"publish","type":"post","link":"https:\/\/www.visit-ulcinj.com\/blog\/2016\/09\/14\/seanematalks-prezanton-hadixha-gjoni\/","title":{"rendered":"SeanemaTalks prezanton: Hadixha GJONI"},"content":{"rendered":"<p><strong>Paneli i par\u00eb diskutues &#8220;Thyerja e tavanit t\u00eb qelqit&#8221;<\/strong><br \/>\n<strong> E enjte, 15 shtator 2016, 21:00h, Plazhi i Otrantit<\/strong><\/p>\n<p><a href=\"http:\/\/www.visit-ulcinj.com\/blog\/wp-content\/uploads\/2016\/09\/Hadixha-GJONI.jpg\"><img loading=\"lazy\" class=\"alignleft wp-image-99656 size-full\" src=\"http:\/\/www.visit-ulcinj.com\/blog\/wp-content\/uploads\/2016\/09\/Hadixha-GJONI.jpg\" alt=\"Hadixha GJONI\" width=\"508\" height=\"635\" srcset=\"https:\/\/www.visit-ulcinj.com\/blog\/wp-content\/uploads\/2016\/09\/Hadixha-GJONI.jpg 508w, https:\/\/www.visit-ulcinj.com\/blog\/wp-content\/uploads\/2016\/09\/Hadixha-GJONI-240x300.jpg 240w\" sizes=\"(max-width: 508px) 100vw, 508px\" \/><\/a><\/p>\n<p>Hadixha Gjoni \u00ebsht\u00eb me profesion ekonomiste. Karrier\u00ebn e saj politike e filloi n\u00eb vitin 1987 si delegate e K\u00ebshillit t\u00eb Pun\u00ebs s\u00eb P\u00ebrbashk\u00ebt n\u00eb Kuvendin Komunal t\u00eb Ulqinit. Deri n\u00eb vitin 1990 ishte delegate dhe N\u00ebnkryetare e K\u00ebshillit t\u00eb Bashk\u00ebsive Lokale, si dhe an\u00ebtare e kryesis\u00eb s\u00eb KK Ulqin. Gjithashtu, sh\u00ebrbeu si k\u00ebshilltare e Kuvendit t\u00eb par\u00eb shum\u00ebpartiak n\u00eb Komun\u00ebn e Ulqinit prej vitit 1990 deri n\u00eb vitin 1992.<\/p>\n<p>Hadixha Gjoni mori pjes\u00eb aktivisht n\u00eb themelimin e Unionit Demokratik t\u00eb Shqiptar\u00ebve n\u00eb Mal t\u00eb Zi. Tani ajo \u00ebsht\u00eb n\u00ebnkryetare e partis\u00eb dhe kryetare e Forumit t\u00eb gruas t\u00eb k\u00ebtij subjekti politik. Prej vitit 2002 e deri m\u00eb sot drejtoi klubin e k\u00ebshilltar\u00ebve t\u00eb UDSH-s\u00eb. N\u00eb mars t\u00eb vitit 2016 u em\u00ebrua N\u00ebnkryetare e Komun\u00ebs s\u00eb Ulqinit.<\/p>\n<p>P\u00ebrve\u00e7 angazhimit t\u00eb saj politik, Hadixha njihet p\u00ebr kontributin e saj edhe n\u00eb sektorin joqeveritar, si edhe n\u00eb organizata dhe fondacione nd\u00ebrkomb\u00ebtare. Ajo \u00ebsht\u00eb nj\u00eb nga themelueset e Shoqat\u00ebs s\u00eb grave \u201cAnima\u201d, Qendr\u00ebs p\u00ebr zhvillimin e sip\u00ebrmarrjes te grat\u00eb, Institutin p\u00ebr politika gjinore \u201cDulcinea\u201d, Rrjetin p\u00ebr afirmimin e sektorit joqeveritar (MANS) &#8211; ku p\u00ebr nj\u00eb periudh\u00eb t\u00eb caktuar kohore ishte an\u00ebtare e K\u00ebshillit drejtues.<\/p>\n<p>&nbsp;<\/p>\n<p id=\"js_n\" class=\"_5pbw _5vra\" data-ft=\"{&quot;tn&quot;:&quot;C&quot;}\"><strong><span class=\"fwn fcg\"><span class=\"fwb fcg\" data-ft=\"{&quot;tn&quot;:&quot;k&quot;}\"><a id=\"js_19\" href=\"https:\/\/www.facebook.com\/seanemafilmfest\/?fref=nf\" data-hovercard=\"\/ajax\/hovercard\/page.php?id=428431210681928&amp;extragetparams=%7B%22fref%22%3A%22nf%22%7D\">Seanema Film Festival Facebook<\/a><\/span><\/span><\/strong><\/p>\n","protected":false},"excerpt":{"rendered":"<p>Paneli i par\u00eb diskutues &#8220;Thyerja e tavanit t\u00eb qelqit&#8221; E enjte, 15 shtator 2016, 21:00h, Plazhi i Otrantit Hadixha Gjoni \u00ebsht\u00eb me profesion ekonomiste. Karrier\u00ebn e saj politike e filloi n\u00eb vitin 1987 si delegate e K\u00ebshillit t\u00eb Pun\u00ebs s\u00eb P\u00ebrbashk\u00ebt n\u00eb Kuvendin Komunal t\u00eb Ulqinit. Deri n\u00eb vitin 1990 ishte delegate dhe N\u00ebnkryetare e [&hellip;]<\/p>\n","protected":false},"author":1,"featured_media":0,"comment_status":"closed","ping_status":"closed","sticky":false,"template":"","format":"standard","meta":{"spay_email":"","jetpack_publicize_message":"","jetpack_is_tweetstorm":false,"jetpack_publicize_feature_enabled":true},"categories":[1,13],"tags":[],"jetpack_publicize_connections":[],"yoast_head":"<!-- This site is optimized with the Yoast SEO plugin v19.1 - https:\/\/yoast.com\/wordpress\/plugins\/seo\/ -->\n<title>SeanemaTalks prezanton: Hadixha GJONI - Lajme nga Ulqini<\/title>\n<meta name=\"description\" content=\"Paneli i par\u00eb diskutues &quot;Thyerja e tavanit t\u00eb qelqit&quot; E enjte, 15 shtator 2016, 21:00h, Plazhi i Otrantit Hadixha Gjoni \u00ebsht\u00eb me profesion ekonomiste.\" \/>\n<meta name=\"robots\" content=\"index, follow, max-snippet:-1, max-image-preview:large, max-video-preview:-1\" \/>\n<link rel=\"canonical\" href=\"https:\/\/www.visit-ulcinj.com\/blog\/2016\/09\/14\/seanematalks-prezanton-hadixha-gjoni\/\" \/>\n<meta property=\"og:locale\" content=\"en_US\" \/>\n<meta property=\"og:type\" content=\"article\" \/>\n<meta property=\"og:title\" content=\"SeanemaTalks prezanton: Hadixha GJONI - Lajme nga Ulqini\" \/>\n<meta property=\"og:description\" content=\"Paneli i par\u00eb diskutues &quot;Thyerja e tavanit t\u00eb qelqit&quot; E enjte, 15 shtator 2016, 21:00h, Plazhi i Otrantit Hadixha Gjoni \u00ebsht\u00eb me profesion ekonomiste.\" \/>\n<meta property=\"og:url\" content=\"https:\/\/www.visit-ulcinj.com\/blog\/2016\/09\/14\/seanematalks-prezanton-hadixha-gjoni\/\" \/>\n<meta property=\"og:site_name\" content=\"Lajme nga Ulqini\" \/>\n<meta property=\"article:published_time\" content=\"2016-09-14T11:46:54+00:00\" \/>\n<meta property=\"article:modified_time\" content=\"2016-09-14T17:25:37+00:00\" \/>\n<meta property=\"og:image\" content=\"http:\/\/www.visit-ulcinj.com\/blog\/wp-content\/uploads\/2016\/09\/Hadixha-GJONI.jpg\" \/>\n<meta name=\"twitter:label1\" content=\"Written by\" \/>\n\t<meta name=\"twitter:data1\" content=\"ulqini\" \/>\n\t<meta name=\"twitter:label2\" content=\"Est. reading time\" \/>\n\t<meta name=\"twitter:data2\" content=\"1 minute\" \/>\n<script type=\"application\/ld+json\" class=\"yoast-schema-graph\">{\"@context\":\"https:\/\/schema.org\",\"@graph\":[{\"@type\":\"WebSite\",\"@id\":\"https:\/\/www.visit-ulcinj.com\/blog\/#website\",\"url\":\"https:\/\/www.visit-ulcinj.com\/blog\/\",\"name\":\"Lajme nga Ulqini\",\"description\":\"Lajme,Vijesti,Ulqini,Ulqin,Crna Gora,Mali i Zi\",\"potentialAction\":[{\"@type\":\"SearchAction\",\"target\":{\"@type\":\"EntryPoint\",\"urlTemplate\":\"https:\/\/www.visit-ulcinj.com\/blog\/?s={search_term_string}\"},\"query-input\":\"required name=search_term_string\"}],\"inLanguage\":\"en-US\"},{\"@type\":\"ImageObject\",\"inLanguage\":\"en-US\",\"@id\":\"https:\/\/www.visit-ulcinj.com\/blog\/2016\/09\/14\/seanematalks-prezanton-hadixha-gjoni\/#primaryimage\",\"url\":\"https:\/\/www.visit-ulcinj.com\/blog\/wp-content\/uploads\/2016\/09\/Hadixha-GJONI.jpg\",\"contentUrl\":\"https:\/\/www.visit-ulcinj.com\/blog\/wp-content\/uploads\/2016\/09\/Hadixha-GJONI.jpg\",\"width\":508,\"height\":635},{\"@type\":\"WebPage\",\"@id\":\"https:\/\/www.visit-ulcinj.com\/blog\/2016\/09\/14\/seanematalks-prezanton-hadixha-gjoni\/#webpage\",\"url\":\"https:\/\/www.visit-ulcinj.com\/blog\/2016\/09\/14\/seanematalks-prezanton-hadixha-gjoni\/\",\"name\":\"SeanemaTalks prezanton: Hadixha GJONI - Lajme nga Ulqini\",\"isPartOf\":{\"@id\":\"https:\/\/www.visit-ulcinj.com\/blog\/#website\"},\"primaryImageOfPage\":{\"@id\":\"https:\/\/www.visit-ulcinj.com\/blog\/2016\/09\/14\/seanematalks-prezanton-hadixha-gjoni\/#primaryimage\"},\"datePublished\":\"2016-09-14T11:46:54+00:00\",\"dateModified\":\"2016-09-14T17:25:37+00:00\",\"author\":{\"@id\":\"https:\/\/www.visit-ulcinj.com\/blog\/#\/schema\/person\/dcab619c614d3038751c63bc2aadc06d\"},\"description\":\"Paneli i par\u00eb diskutues \\\"Thyerja e tavanit t\u00eb qelqit\\\" E enjte, 15 shtator 2016, 21:00h, Plazhi i Otrantit Hadixha Gjoni \u00ebsht\u00eb me profesion ekonomiste.\",\"breadcrumb\":{\"@id\":\"https:\/\/www.visit-ulcinj.com\/blog\/2016\/09\/14\/seanematalks-prezanton-hadixha-gjoni\/#breadcrumb\"},\"inLanguage\":\"en-US\",\"potentialAction\":[{\"@type\":\"ReadAction\",\"target\":[\"https:\/\/www.visit-ulcinj.com\/blog\/2016\/09\/14\/seanematalks-prezanton-hadixha-gjoni\/\"]}]},{\"@type\":\"BreadcrumbList\",\"@id\":\"https:\/\/www.visit-ulcinj.com\/blog\/2016\/09\/14\/seanematalks-prezanton-hadixha-gjoni\/#breadcrumb\",\"itemListElement\":[{\"@type\":\"ListItem\",\"position\":1,\"name\":\"SeanemaTalks prezanton: Hadixha GJONI\"}]},{\"@type\":\"Person\",\"@id\":\"https:\/\/www.visit-ulcinj.com\/blog\/#\/schema\/person\/dcab619c614d3038751c63bc2aadc06d\",\"name\":\"ulqini\",\"sameAs\":[\"http:\/\/www.visit-ulcinj.com\"],\"url\":\"https:\/\/www.visit-ulcinj.com\/blog\/author\/admin\/\"}]}<\/script>\n<!-- \/ Yoast SEO plugin. -->","yoast_head_json":{"title":"SeanemaTalks prezanton: Hadixha GJONI - Lajme nga Ulqini","description":"Paneli i par\u00eb diskutues \"Thyerja e tavanit t\u00eb qelqit\" E enjte, 15 shtator 2016, 21:00h, Plazhi i Otrantit Hadixha Gjoni \u00ebsht\u00eb me profesion ekonomiste.","robots":{"index":"index","follow":"follow","max-snippet":"max-snippet:-1","max-image-preview":"max-image-preview:large","max-video-preview":"max-video-preview:-1"},"canonical":"https:\/\/www.visit-ulcinj.com\/blog\/2016\/09\/14\/seanematalks-prezanton-hadixha-gjoni\/","og_locale":"en_US","og_type":"article","og_title":"SeanemaTalks prezanton: Hadixha GJONI - Lajme nga Ulqini","og_description":"Paneli i par\u00eb diskutues \"Thyerja e tavanit t\u00eb qelqit\" E enjte, 15 shtator 2016, 21:00h, Plazhi i Otrantit Hadixha Gjoni \u00ebsht\u00eb me profesion ekonomiste.","og_url":"https:\/\/www.visit-ulcinj.com\/blog\/2016\/09\/14\/seanematalks-prezanton-hadixha-gjoni\/","og_site_name":"Lajme nga Ulqini","article_published_time":"2016-09-14T11:46:54+00:00","article_modified_time":"2016-09-14T17:25:37+00:00","og_image":[{"url":"http:\/\/www.visit-ulcinj.com\/blog\/wp-content\/uploads\/2016\/09\/Hadixha-GJONI.jpg"}],"twitter_misc":{"Written by":"ulqini","Est. reading time":"1 minute"},"schema":{"@context":"https:\/\/schema.org","@graph":[{"@type":"WebSite","@id":"https:\/\/www.visit-ulcinj.com\/blog\/#website","url":"https:\/\/www.visit-ulcinj.com\/blog\/","name":"Lajme nga Ulqini","description":"Lajme,Vijesti,Ulqini,Ulqin,Crna Gora,Mali i Zi","potentialAction":[{"@type":"SearchAction","target":{"@type":"EntryPoint","urlTemplate":"https:\/\/www.visit-ulcinj.com\/blog\/?s={search_term_string}"},"query-input":"required name=search_term_string"}],"inLanguage":"en-US"},{"@type":"ImageObject","inLanguage":"en-US","@id":"https:\/\/www.visit-ulcinj.com\/blog\/2016\/09\/14\/seanematalks-prezanton-hadixha-gjoni\/#primaryimage","url":"https:\/\/www.visit-ulcinj.com\/blog\/wp-content\/uploads\/2016\/09\/Hadixha-GJONI.jpg","contentUrl":"https:\/\/www.visit-ulcinj.com\/blog\/wp-content\/uploads\/2016\/09\/Hadixha-GJONI.jpg","width":508,"height":635},{"@type":"WebPage","@id":"https:\/\/www.visit-ulcinj.com\/blog\/2016\/09\/14\/seanematalks-prezanton-hadixha-gjoni\/#webpage","url":"https:\/\/www.visit-ulcinj.com\/blog\/2016\/09\/14\/seanematalks-prezanton-hadixha-gjoni\/","name":"SeanemaTalks prezanton: Hadixha GJONI - Lajme nga Ulqini","isPartOf":{"@id":"https:\/\/www.visit-ulcinj.com\/blog\/#website"},"primaryImageOfPage":{"@id":"https:\/\/www.visit-ulcinj.com\/blog\/2016\/09\/14\/seanematalks-prezanton-hadixha-gjoni\/#primaryimage"},"datePublished":"2016-09-14T11:46:54+00:00","dateModified":"2016-09-14T17:25:37+00:00","author":{"@id":"https:\/\/www.visit-ulcinj.com\/blog\/#\/schema\/person\/dcab619c614d3038751c63bc2aadc06d"},"description":"Paneli i par\u00eb diskutues \"Thyerja e tavanit t\u00eb qelqit\" E enjte, 15 shtator 2016, 21:00h, Plazhi i Otrantit Hadixha Gjoni \u00ebsht\u00eb me profesion ekonomiste.","breadcrumb":{"@id":"https:\/\/www.visit-ulcinj.com\/blog\/2016\/09\/14\/seanematalks-prezanton-hadixha-gjoni\/#breadcrumb"},"inLanguage":"en-US","potentialAction":[{"@type":"ReadAction","target":["https:\/\/www.visit-ulcinj.com\/blog\/2016\/09\/14\/seanematalks-prezanton-hadixha-gjoni\/"]}]},{"@type":"BreadcrumbList","@id":"https:\/\/www.visit-ulcinj.com\/blog\/2016\/09\/14\/seanematalks-prezanton-hadixha-gjoni\/#breadcrumb","itemListElement":[{"@type":"ListItem","position":1,"name":"SeanemaTalks prezanton: Hadixha GJONI"}]},{"@type":"Person","@id":"https:\/\/www.visit-ulcinj.com\/blog\/#\/schema\/person\/dcab619c614d3038751c63bc2aadc06d","name":"ulqini","sameAs":["http:\/\/www.visit-ulcinj.com"],"url":"https:\/\/www.visit-ulcinj.com\/blog\/author\/admin\/"}]}},"jetpack_featured_media_url":"","jetpack_sharing_enabled":true,"jetpack_shortlink":"https:\/\/wp.me\/pe6lTn-pVl","_links":{"self":[{"href":"https:\/\/www.visit-ulcinj.com\/blog\/wp-json\/wp\/v2\/posts\/99655"}],"collection":[{"href":"https:\/\/www.visit-ulcinj.com\/blog\/wp-json\/wp\/v2\/posts"}],"about":[{"href":"https:\/\/www.visit-ulcinj.com\/blog\/wp-json\/wp\/v2\/types\/post"}],"author":[{"embeddable":true,"href":"https:\/\/www.visit-ulcinj.com\/blog\/wp-json\/wp\/v2\/users\/1"}],"replies":[{"embeddable":true,"href":"https:\/\/www.visit-ulcinj.com\/blog\/wp-json\/wp\/v2\/comments?post=99655"}],"version-history":[{"count":1,"href":"https:\/\/www.visit-ulcinj.com\/blog\/wp-json\/wp\/v2\/posts\/99655\/revisions"}],"predecessor-version":[{"id":99657,"href":"https:\/\/www.visit-ulcinj.com\/blog\/wp-json\/wp\/v2\/posts\/99655\/revisions\/99657"}],"wp:attachment":[{"href":"https:\/\/www.visit-ulcinj.com\/blog\/wp-json\/wp\/v2\/media?parent=99655"}],"wp:term":[{"taxonomy":"category","embeddable":true,"href":"https:\/\/www.visit-ulcinj.com\/blog\/wp-json\/wp\/v2\/categories?post=99655"},{"taxonomy":"post_tag","embeddable":true,"href":"https:\/\/www.visit-ulcinj.com\/blog\/wp-json\/wp\/v2\/tags?post=99655"}],"curies":[{"name":"wp","href":"https:\/\/api.w.org\/{rel}","templated":true}]}}