{"id":99659,"date":"2016-09-14T14:19:16","date_gmt":"2016-09-14T13:19:16","guid":{"rendered":"http:\/\/www.visit-ulcinj.com\/blog\/?p=99659"},"modified":"2016-09-15T20:10:37","modified_gmt":"2016-09-15T19:10:37","slug":"neser-fillon-edicioni-dyte-festivalit-te-filmit-seanema","status":"publish","type":"post","link":"https:\/\/www.visit-ulcinj.com\/blog\/2016\/09\/14\/neser-fillon-edicioni-dyte-festivalit-te-filmit-seanema\/","title":{"rendered":"Nes\u00ebr fillon edicioni i dyt\u00eb i Festivalit t\u00eb filmit \u201cSeanema\u201d"},"content":{"rendered":"<p><a href=\"http:\/\/www.visit-ulcinj.com\/blog\/wp-content\/uploads\/2016\/09\/Edicioni-i-dyt\u00eb-i-Festivalit-t\u00eb-filmit-Seanema.jpg\"><img loading=\"lazy\" class=\"alignleft wp-image-99660\" src=\"http:\/\/www.visit-ulcinj.com\/blog\/wp-content\/uploads\/2016\/09\/Edicioni-i-dyt\u00eb-i-Festivalit-t\u00eb-filmit-Seanema.jpg\" alt=\"Edicioni i dyt\u00eb i Festivalit t\u00eb filmit Seanema\" width=\"508\" height=\"355\" srcset=\"https:\/\/www.visit-ulcinj.com\/blog\/wp-content\/uploads\/2016\/09\/Edicioni-i-dyt\u00eb-i-Festivalit-t\u00eb-filmit-Seanema.jpg 999w, https:\/\/www.visit-ulcinj.com\/blog\/wp-content\/uploads\/2016\/09\/Edicioni-i-dyt\u00eb-i-Festivalit-t\u00eb-filmit-Seanema-300x210.jpg 300w, https:\/\/www.visit-ulcinj.com\/blog\/wp-content\/uploads\/2016\/09\/Edicioni-i-dyt\u00eb-i-Festivalit-t\u00eb-filmit-Seanema-768x537.jpg 768w\" sizes=\"(max-width: 508px) 100vw, 508px\" \/><\/a>Ulqin, 14 shtator 2016 \u2013 Edicioni i dyt\u00eb i Festivalit t\u00eb filmit \u201cSeanema\u201d do t\u00eb filloj\u00eb nes\u00ebr n\u00eb ora 19.00 n\u00eb Plazhin Otrant. N\u00eb hapjen e edicionit t\u00eb dyt\u00eb do t\u00eb thon\u00eb fjal\u00ebn e tyre p\u00ebrsh\u00ebndet\u00ebse Kryetari i Komun\u00ebs Ulqin, z. Nazif Cungu,\u00a0 z. Bix Aliu &#8211; Z\u00ebvend\u00ebs Ambasadori i SHBA-ve, regjisori i mir\u00ebnjohur malazez, z. Nikolla Vuk\u00e7eviq dhe drejtorja e k\u00ebtij festivali, znj. Drita Llolla.<br \/>\nGjat\u00eb nat\u00ebs s\u00eb par\u00eb do t\u00eb shfaqen dy krijime kinematografike t\u00eb zhanrit dram\u00eb, filmi \u201cSuffragette\u201d i cili trajton historin\u00eb e grave n\u00eb fillimin e shekullit 20. n\u00eb Britanin\u00eb e Madhe, t\u00eb gatshme p\u00ebr t\u00eb humbur gjith\u00e7ka n\u00eb luft\u00ebn e tyre p\u00ebr t\u00eb drejt\u00ebn e vot\u00ebs dhe t\u00eb drejta t\u00eb barabarta.<\/p>\n<p>Menj\u00ebher\u00eb pas shfaqjes s\u00eb filmit, do t\u00eb hapet paneli i par\u00eb i edicionit t\u00eb dyt\u00eb t\u00eb Seanema, i cili nga organizator\u00ebt u em\u00ebrtua \u201cThyerja e tavanit t\u00eb qeliqit\u201d (eng. \u201cBreaking through the glass ceiling\u201d) e q\u00eb do t\u00eb flas\u00eb rreth pengesave shpesh t\u00eb pajustifikueshme n\u00eb avancimin e grave dhe minoriteteve n\u00eb jet\u00ebn e tyre profesionale.<\/p>\n<p>Paneli do t\u00eb hapet nga znj. Sabina Osmanoviq, doktorante n\u00eb fush\u00ebn e filologjis\u00eb gjermane, lektore dhe e angazhuar n\u00eb nj\u00eb s\u00ebr\u00eb aktivitetesh shkencore dhe edukative n\u00eb rajon. Panelist\u00ebt e tjer\u00eb q\u00eb do t\u00eb shprehin pik\u00ebpamjet e tyre rreth tem\u00ebs do t\u00eb jen\u00eb: znj. Ermira Mehmeti, deputete n\u00eb Parlamentin e Maqedonis\u00eb, z. Agon Maliqi, hulumtues dhe k\u00ebshilltar n\u00eb fush\u00ebn e politikave publike n\u00eb sektorin privat, znj. Ivana Mrvaljeviq, drejtore e Teatrit t\u00eb qytetit t\u00eb Podgoric\u00ebs dhe znj. Hadixha Gjoni, n\u00ebnkryetare e Komun\u00ebs Ulqin.<\/p>\n<p>Filmi i dyt\u00eb i nat\u00ebs \u201cDobra zena\u201d ose \u201cGruaja e mir\u00eb\u201d \u00ebsht\u00eb nj\u00eb nga p\u00ebrzgjedhjet zyrtare t\u00eb festivalit prestigjoz \u201cSundance\u201d dhe debutimi i par\u00eb i aktores s\u00eb mir\u00ebnjohur Mirjana Karanoviq si regjisore. Filmi ka marr\u00eb shum\u00eb vler\u00ebsime n\u00eb rajon dhe m\u00eb gj\u00ebr\u00eb. N\u00eb k\u00ebt\u00eb edicion do t`i prezantohet edhe publikut ton\u00eb.<\/p>\n<p>Organizator\u00ebt e k\u00ebtij festivali ftojn\u00eb t\u00eb gjith\u00eb qytetar\u00ebt t\u00eb marrin pjes\u00eb, pasi eventi do jet\u00eb pa bilet\u00eb hyr\u00ebse. Gjithashtu, ata ftojn\u00eb t\u00eb vini t\u00eb shijoni magjin\u00eb e kinemas\u00eb e cila punon me energji diellore (solare) e para e till\u00eb n\u00eb Mal t\u00eb Zi.<\/p>\n","protected":false},"excerpt":{"rendered":"<p>Ulqin, 14 shtator 2016 \u2013 Edicioni i dyt\u00eb i Festivalit t\u00eb filmit \u201cSeanema\u201d do t\u00eb filloj\u00eb nes\u00ebr n\u00eb ora 19.00 n\u00eb Plazhin Otrant. N\u00eb hapjen e edicionit t\u00eb dyt\u00eb do t\u00eb thon\u00eb fjal\u00ebn e tyre p\u00ebrsh\u00ebndet\u00ebse Kryetari i Komun\u00ebs Ulqin, z. Nazif Cungu,\u00a0 z. Bix Aliu &#8211; Z\u00ebvend\u00ebs Ambasadori i SHBA-ve, regjisori i mir\u00ebnjohur malazez, [&hellip;]<\/p>\n","protected":false},"author":1,"featured_media":0,"comment_status":"closed","ping_status":"closed","sticky":false,"template":"","format":"standard","meta":{"spay_email":"","jetpack_publicize_message":"","jetpack_is_tweetstorm":false,"jetpack_publicize_feature_enabled":true},"categories":[4,6950],"tags":[],"jetpack_publicize_connections":[],"yoast_head":"<!-- This site is optimized with the Yoast SEO plugin v19.1 - https:\/\/yoast.com\/wordpress\/plugins\/seo\/ -->\n<title>Nes\u00ebr fillon edicioni i dyt\u00eb i Festivalit t\u00eb filmit \u201cSeanema\u201d - Lajme nga Ulqini<\/title>\n<meta name=\"description\" content=\"Ulqin, 14 shtator 2016 \u2013 Edicioni i dyt\u00eb i Festivalit t\u00eb filmit \u201cSeanema\u201d do t\u00eb filloj\u00eb nes\u00ebr n\u00eb ora 19.00 n\u00eb Plazhin Otrant. N\u00eb hapjen e edicionit t\u00eb\" \/>\n<meta name=\"robots\" content=\"index, follow, max-snippet:-1, max-image-preview:large, max-video-preview:-1\" \/>\n<link rel=\"canonical\" href=\"https:\/\/www.visit-ulcinj.com\/blog\/2016\/09\/14\/neser-fillon-edicioni-dyte-festivalit-te-filmit-seanema\/\" \/>\n<meta property=\"og:locale\" content=\"en_US\" \/>\n<meta property=\"og:type\" content=\"article\" \/>\n<meta property=\"og:title\" content=\"Nes\u00ebr fillon edicioni i dyt\u00eb i Festivalit t\u00eb filmit \u201cSeanema\u201d - Lajme nga Ulqini\" \/>\n<meta property=\"og:description\" content=\"Ulqin, 14 shtator 2016 \u2013 Edicioni i dyt\u00eb i Festivalit t\u00eb filmit \u201cSeanema\u201d do t\u00eb filloj\u00eb nes\u00ebr n\u00eb ora 19.00 n\u00eb Plazhin Otrant. N\u00eb hapjen e edicionit t\u00eb\" \/>\n<meta property=\"og:url\" content=\"https:\/\/www.visit-ulcinj.com\/blog\/2016\/09\/14\/neser-fillon-edicioni-dyte-festivalit-te-filmit-seanema\/\" \/>\n<meta property=\"og:site_name\" content=\"Lajme nga Ulqini\" \/>\n<meta property=\"article:published_time\" content=\"2016-09-14T13:19:16+00:00\" \/>\n<meta property=\"article:modified_time\" content=\"2016-09-15T19:10:37+00:00\" \/>\n<meta name=\"twitter:label1\" content=\"Written by\" \/>\n\t<meta name=\"twitter:data1\" content=\"ulqini\" \/>\n\t<meta name=\"twitter:label2\" content=\"Est. reading time\" \/>\n\t<meta name=\"twitter:data2\" content=\"2 minutes\" \/>\n<script type=\"application\/ld+json\" class=\"yoast-schema-graph\">{\"@context\":\"https:\/\/schema.org\",\"@graph\":[{\"@type\":\"WebSite\",\"@id\":\"https:\/\/www.visit-ulcinj.com\/blog\/#website\",\"url\":\"https:\/\/www.visit-ulcinj.com\/blog\/\",\"name\":\"Lajme nga Ulqini\",\"description\":\"Lajme,Vijesti,Ulqini,Ulqin,Crna Gora,Mali i Zi\",\"potentialAction\":[{\"@type\":\"SearchAction\",\"target\":{\"@type\":\"EntryPoint\",\"urlTemplate\":\"https:\/\/www.visit-ulcinj.com\/blog\/?s={search_term_string}\"},\"query-input\":\"required name=search_term_string\"}],\"inLanguage\":\"en-US\"},{\"@type\":\"WebPage\",\"@id\":\"https:\/\/www.visit-ulcinj.com\/blog\/2016\/09\/14\/neser-fillon-edicioni-dyte-festivalit-te-filmit-seanema\/#webpage\",\"url\":\"https:\/\/www.visit-ulcinj.com\/blog\/2016\/09\/14\/neser-fillon-edicioni-dyte-festivalit-te-filmit-seanema\/\",\"name\":\"Nes\u00ebr fillon edicioni i dyt\u00eb i Festivalit t\u00eb filmit \u201cSeanema\u201d - Lajme nga Ulqini\",\"isPartOf\":{\"@id\":\"https:\/\/www.visit-ulcinj.com\/blog\/#website\"},\"datePublished\":\"2016-09-14T13:19:16+00:00\",\"dateModified\":\"2016-09-15T19:10:37+00:00\",\"author\":{\"@id\":\"https:\/\/www.visit-ulcinj.com\/blog\/#\/schema\/person\/dcab619c614d3038751c63bc2aadc06d\"},\"description\":\"Ulqin, 14 shtator 2016 \u2013 Edicioni i dyt\u00eb i Festivalit t\u00eb filmit \u201cSeanema\u201d do t\u00eb filloj\u00eb nes\u00ebr n\u00eb ora 19.00 n\u00eb Plazhin Otrant. N\u00eb hapjen e edicionit t\u00eb\",\"breadcrumb\":{\"@id\":\"https:\/\/www.visit-ulcinj.com\/blog\/2016\/09\/14\/neser-fillon-edicioni-dyte-festivalit-te-filmit-seanema\/#breadcrumb\"},\"inLanguage\":\"en-US\",\"potentialAction\":[{\"@type\":\"ReadAction\",\"target\":[\"https:\/\/www.visit-ulcinj.com\/blog\/2016\/09\/14\/neser-fillon-edicioni-dyte-festivalit-te-filmit-seanema\/\"]}]},{\"@type\":\"BreadcrumbList\",\"@id\":\"https:\/\/www.visit-ulcinj.com\/blog\/2016\/09\/14\/neser-fillon-edicioni-dyte-festivalit-te-filmit-seanema\/#breadcrumb\",\"itemListElement\":[{\"@type\":\"ListItem\",\"position\":1,\"name\":\"Nes\u00ebr fillon edicioni i dyt\u00eb i Festivalit t\u00eb filmit \u201cSeanema\u201d\"}]},{\"@type\":\"Person\",\"@id\":\"https:\/\/www.visit-ulcinj.com\/blog\/#\/schema\/person\/dcab619c614d3038751c63bc2aadc06d\",\"name\":\"ulqini\",\"sameAs\":[\"http:\/\/www.visit-ulcinj.com\"],\"url\":\"https:\/\/www.visit-ulcinj.com\/blog\/author\/admin\/\"}]}<\/script>\n<!-- \/ Yoast SEO plugin. -->","yoast_head_json":{"title":"Nes\u00ebr fillon edicioni i dyt\u00eb i Festivalit t\u00eb filmit \u201cSeanema\u201d - Lajme nga Ulqini","description":"Ulqin, 14 shtator 2016 \u2013 Edicioni i dyt\u00eb i Festivalit t\u00eb filmit \u201cSeanema\u201d do t\u00eb filloj\u00eb nes\u00ebr n\u00eb ora 19.00 n\u00eb Plazhin Otrant. N\u00eb hapjen e edicionit t\u00eb","robots":{"index":"index","follow":"follow","max-snippet":"max-snippet:-1","max-image-preview":"max-image-preview:large","max-video-preview":"max-video-preview:-1"},"canonical":"https:\/\/www.visit-ulcinj.com\/blog\/2016\/09\/14\/neser-fillon-edicioni-dyte-festivalit-te-filmit-seanema\/","og_locale":"en_US","og_type":"article","og_title":"Nes\u00ebr fillon edicioni i dyt\u00eb i Festivalit t\u00eb filmit \u201cSeanema\u201d - Lajme nga Ulqini","og_description":"Ulqin, 14 shtator 2016 \u2013 Edicioni i dyt\u00eb i Festivalit t\u00eb filmit \u201cSeanema\u201d do t\u00eb filloj\u00eb nes\u00ebr n\u00eb ora 19.00 n\u00eb Plazhin Otrant. N\u00eb hapjen e edicionit t\u00eb","og_url":"https:\/\/www.visit-ulcinj.com\/blog\/2016\/09\/14\/neser-fillon-edicioni-dyte-festivalit-te-filmit-seanema\/","og_site_name":"Lajme nga Ulqini","article_published_time":"2016-09-14T13:19:16+00:00","article_modified_time":"2016-09-15T19:10:37+00:00","twitter_misc":{"Written by":"ulqini","Est. reading time":"2 minutes"},"schema":{"@context":"https:\/\/schema.org","@graph":[{"@type":"WebSite","@id":"https:\/\/www.visit-ulcinj.com\/blog\/#website","url":"https:\/\/www.visit-ulcinj.com\/blog\/","name":"Lajme nga Ulqini","description":"Lajme,Vijesti,Ulqini,Ulqin,Crna Gora,Mali i Zi","potentialAction":[{"@type":"SearchAction","target":{"@type":"EntryPoint","urlTemplate":"https:\/\/www.visit-ulcinj.com\/blog\/?s={search_term_string}"},"query-input":"required name=search_term_string"}],"inLanguage":"en-US"},{"@type":"WebPage","@id":"https:\/\/www.visit-ulcinj.com\/blog\/2016\/09\/14\/neser-fillon-edicioni-dyte-festivalit-te-filmit-seanema\/#webpage","url":"https:\/\/www.visit-ulcinj.com\/blog\/2016\/09\/14\/neser-fillon-edicioni-dyte-festivalit-te-filmit-seanema\/","name":"Nes\u00ebr fillon edicioni i dyt\u00eb i Festivalit t\u00eb filmit \u201cSeanema\u201d - Lajme nga Ulqini","isPartOf":{"@id":"https:\/\/www.visit-ulcinj.com\/blog\/#website"},"datePublished":"2016-09-14T13:19:16+00:00","dateModified":"2016-09-15T19:10:37+00:00","author":{"@id":"https:\/\/www.visit-ulcinj.com\/blog\/#\/schema\/person\/dcab619c614d3038751c63bc2aadc06d"},"description":"Ulqin, 14 shtator 2016 \u2013 Edicioni i dyt\u00eb i Festivalit t\u00eb filmit \u201cSeanema\u201d do t\u00eb filloj\u00eb nes\u00ebr n\u00eb ora 19.00 n\u00eb Plazhin Otrant. N\u00eb hapjen e edicionit t\u00eb","breadcrumb":{"@id":"https:\/\/www.visit-ulcinj.com\/blog\/2016\/09\/14\/neser-fillon-edicioni-dyte-festivalit-te-filmit-seanema\/#breadcrumb"},"inLanguage":"en-US","potentialAction":[{"@type":"ReadAction","target":["https:\/\/www.visit-ulcinj.com\/blog\/2016\/09\/14\/neser-fillon-edicioni-dyte-festivalit-te-filmit-seanema\/"]}]},{"@type":"BreadcrumbList","@id":"https:\/\/www.visit-ulcinj.com\/blog\/2016\/09\/14\/neser-fillon-edicioni-dyte-festivalit-te-filmit-seanema\/#breadcrumb","itemListElement":[{"@type":"ListItem","position":1,"name":"Nes\u00ebr fillon edicioni i dyt\u00eb i Festivalit t\u00eb filmit \u201cSeanema\u201d"}]},{"@type":"Person","@id":"https:\/\/www.visit-ulcinj.com\/blog\/#\/schema\/person\/dcab619c614d3038751c63bc2aadc06d","name":"ulqini","sameAs":["http:\/\/www.visit-ulcinj.com"],"url":"https:\/\/www.visit-ulcinj.com\/blog\/author\/admin\/"}]}},"jetpack_featured_media_url":"","jetpack_sharing_enabled":true,"jetpack_shortlink":"https:\/\/wp.me\/pe6lTn-pVp","_links":{"self":[{"href":"https:\/\/www.visit-ulcinj.com\/blog\/wp-json\/wp\/v2\/posts\/99659"}],"collection":[{"href":"https:\/\/www.visit-ulcinj.com\/blog\/wp-json\/wp\/v2\/posts"}],"about":[{"href":"https:\/\/www.visit-ulcinj.com\/blog\/wp-json\/wp\/v2\/types\/post"}],"author":[{"embeddable":true,"href":"https:\/\/www.visit-ulcinj.com\/blog\/wp-json\/wp\/v2\/users\/1"}],"replies":[{"embeddable":true,"href":"https:\/\/www.visit-ulcinj.com\/blog\/wp-json\/wp\/v2\/comments?post=99659"}],"version-history":[{"count":2,"href":"https:\/\/www.visit-ulcinj.com\/blog\/wp-json\/wp\/v2\/posts\/99659\/revisions"}],"predecessor-version":[{"id":99662,"href":"https:\/\/www.visit-ulcinj.com\/blog\/wp-json\/wp\/v2\/posts\/99659\/revisions\/99662"}],"wp:attachment":[{"href":"https:\/\/www.visit-ulcinj.com\/blog\/wp-json\/wp\/v2\/media?parent=99659"}],"wp:term":[{"taxonomy":"category","embeddable":true,"href":"https:\/\/www.visit-ulcinj.com\/blog\/wp-json\/wp\/v2\/categories?post=99659"},{"taxonomy":"post_tag","embeddable":true,"href":"https:\/\/www.visit-ulcinj.com\/blog\/wp-json\/wp\/v2\/tags?post=99659"}],"curies":[{"name":"wp","href":"https:\/\/api.w.org\/{rel}","templated":true}]}}