{"id":99666,"date":"2016-09-14T14:28:16","date_gmt":"2016-09-14T13:28:16","guid":{"rendered":"http:\/\/www.visit-ulcinj.com\/blog\/?p=99666"},"modified":"2016-09-14T14:28:16","modified_gmt":"2016-09-14T13:28:16","slug":"seanematalks-predstavlja-hadixha-gjoni","status":"publish","type":"post","link":"https:\/\/www.visit-ulcinj.com\/blog\/2016\/09\/14\/seanematalks-predstavlja-hadixha-gjoni\/","title":{"rendered":"SeanemaTalks predstavlja: Hadixha Gjoni"},"content":{"rendered":"<p><span id=\"fbPhotoSnowliftCaption\" class=\"fbPhotosPhotoCaption\" tabindex=\"0\" data-ft=\"{&quot;tn&quot;:&quot;K&quot;}\"><span class=\"hasCaption\"><span class=\"text_exposed_show\"><strong><a href=\"http:\/\/www.visit-ulcinj.com\/blog\/wp-content\/uploads\/2016\/09\/Hadixha-GJONI.jpg\"><img loading=\"lazy\" class=\"alignleft wp-image-99656 size-full\" src=\"http:\/\/www.visit-ulcinj.com\/blog\/wp-content\/uploads\/2016\/09\/Hadixha-GJONI.jpg\" alt=\"Hadixha GJONI\" width=\"508\" height=\"635\" srcset=\"https:\/\/www.visit-ulcinj.com\/blog\/wp-content\/uploads\/2016\/09\/Hadixha-GJONI.jpg 508w, https:\/\/www.visit-ulcinj.com\/blog\/wp-content\/uploads\/2016\/09\/Hadixha-GJONI-240x300.jpg 240w\" sizes=\"(max-width: 508px) 100vw, 508px\" \/><\/a>Prvi panel diskusija &#8220;Razbijanje staklenog plafona&#8221;<\/strong><br \/>\n<strong> \u010cetvrtak, 15 septembar 2016, 21:00h, Pla\u017ea Otrant<\/strong><\/p>\n<p>Hadixha Gjoni je ro\u0111ena 14.09.1955. godine u Podgorici. Osnovnu i srednju ekonomsku \u0161kolu je zavr\u0161ila u Podgorici. Studirala je na Ekonomskom fakultetu Univerziteta \u201eVeljko Vlahovi\u0107\u201c u Podgorici.<br \/>\nSvoju politi\u010dku karijeru zapo\u010dela je 1987. godine kao delegat Vije\u0107a udru\u017eenog rada u SO Ulcinj, a zatim do 1990. godine bila je delegat Vije\u0107a mjesnih zajednica i potpredsjednica tog Vije\u0107a kao i \u010dlan predsjedni\u0161tva SO Ulcinj. Bila je odbornik prve vi\u0161estrana\u010dke Skup\u0161tine Op\u0161tine Ulcinj 1990-1992. godine. Hadixha Gjoni je aktivno u\u010destvovala u osnivanju Demokratske Unije Albanaca. Trenutno je potpredsjednica ove partije i predsjednica Foruma \u017eena tog politi\u010dkog subjekta. Od 2002. godine do danas uglavnom je rukovodila odborni\u010dkim klubom DUA.<\/p>\n<p>Pored svog radnog i politi\u010dkog anga\u017emana evidentan je njen anga\u017eman u NVO sektoru, me\u0111unarodnim organizacijama i Fondacijama. Jedna je od osniva\u010dica Udru\u017eenja \u017eena \u201eAnima\u201c, Centra za razvoj \u017eenskog preduzetni\u0161tva, Instituta za rodnu politiku \u201eDulcinea\u201c, Mre\u017ee za afirmaciju nevladinog sektora (MANS) u kojoj je odre\u0111eni period bila i \u010dlanica Upravnog odbora.<\/span><\/span><\/span><\/p>\n<p>&nbsp;<\/p>\n<p><strong><a id=\"js_1j\" class=\"_hli\" href=\"https:\/\/www.facebook.com\/seanemafilmfest\/\" data-ft=\"{&quot;tn&quot;:&quot;k&quot;}\" data-hovercard=\"\/ajax\/hovercard\/page.php?id=428431210681928\">Seanema Film Festival <\/a>Facebook<\/strong><\/p>\n","protected":false},"excerpt":{"rendered":"<p>Prvi panel diskusija &#8220;Razbijanje staklenog plafona&#8221; \u010cetvrtak, 15 septembar 2016, 21:00h, Pla\u017ea Otrant Hadixha Gjoni je ro\u0111ena 14.09.1955. godine u Podgorici. Osnovnu i srednju ekonomsku \u0161kolu je zavr\u0161ila u Podgorici. Studirala je na Ekonomskom fakultetu Univerziteta \u201eVeljko Vlahovi\u0107\u201c u Podgorici. Svoju politi\u010dku karijeru zapo\u010dela je 1987. godine kao delegat Vije\u0107a udru\u017eenog rada u SO Ulcinj, [&hellip;]<\/p>\n","protected":false},"author":1,"featured_media":0,"comment_status":"closed","ping_status":"closed","sticky":false,"template":"","format":"standard","meta":{"spay_email":"","jetpack_publicize_message":"","jetpack_is_tweetstorm":false,"jetpack_publicize_feature_enabled":true},"categories":[8337],"tags":[],"jetpack_publicize_connections":[],"yoast_head":"<!-- This site is optimized with the Yoast SEO plugin v19.1 - https:\/\/yoast.com\/wordpress\/plugins\/seo\/ -->\n<title>SeanemaTalks predstavlja: Hadixha Gjoni - Lajme nga Ulqini<\/title>\n<meta name=\"description\" content=\"Prvi panel diskusija &quot;Razbijanje staklenog plafona&quot; \u010cetvrtak, 15 septembar 2016, 21:00h, Pla\u017ea Otrant Hadixha Gjoni je ro\u0111ena 14.09.1955. godine u\" \/>\n<meta name=\"robots\" content=\"index, follow, max-snippet:-1, max-image-preview:large, max-video-preview:-1\" \/>\n<link rel=\"canonical\" href=\"https:\/\/www.visit-ulcinj.com\/blog\/2016\/09\/14\/seanematalks-predstavlja-hadixha-gjoni\/\" \/>\n<meta property=\"og:locale\" content=\"en_US\" \/>\n<meta property=\"og:type\" content=\"article\" \/>\n<meta property=\"og:title\" content=\"SeanemaTalks predstavlja: Hadixha Gjoni - Lajme nga Ulqini\" \/>\n<meta property=\"og:description\" content=\"Prvi panel diskusija &quot;Razbijanje staklenog plafona&quot; \u010cetvrtak, 15 septembar 2016, 21:00h, Pla\u017ea Otrant Hadixha Gjoni je ro\u0111ena 14.09.1955. godine u\" \/>\n<meta property=\"og:url\" content=\"https:\/\/www.visit-ulcinj.com\/blog\/2016\/09\/14\/seanematalks-predstavlja-hadixha-gjoni\/\" \/>\n<meta property=\"og:site_name\" content=\"Lajme nga Ulqini\" \/>\n<meta property=\"article:published_time\" content=\"2016-09-14T13:28:16+00:00\" \/>\n<meta property=\"og:image\" content=\"http:\/\/www.visit-ulcinj.com\/blog\/wp-content\/uploads\/2016\/09\/Hadixha-GJONI.jpg\" \/>\n<meta name=\"twitter:label1\" content=\"Written by\" \/>\n\t<meta name=\"twitter:data1\" content=\"ulqini\" \/>\n\t<meta name=\"twitter:label2\" content=\"Est. reading time\" \/>\n\t<meta name=\"twitter:data2\" content=\"1 minute\" \/>\n<script type=\"application\/ld+json\" class=\"yoast-schema-graph\">{\"@context\":\"https:\/\/schema.org\",\"@graph\":[{\"@type\":\"WebSite\",\"@id\":\"https:\/\/www.visit-ulcinj.com\/blog\/#website\",\"url\":\"https:\/\/www.visit-ulcinj.com\/blog\/\",\"name\":\"Lajme nga Ulqini\",\"description\":\"Lajme,Vijesti,Ulqini,Ulqin,Crna Gora,Mali i Zi\",\"potentialAction\":[{\"@type\":\"SearchAction\",\"target\":{\"@type\":\"EntryPoint\",\"urlTemplate\":\"https:\/\/www.visit-ulcinj.com\/blog\/?s={search_term_string}\"},\"query-input\":\"required name=search_term_string\"}],\"inLanguage\":\"en-US\"},{\"@type\":\"ImageObject\",\"inLanguage\":\"en-US\",\"@id\":\"https:\/\/www.visit-ulcinj.com\/blog\/2016\/09\/14\/seanematalks-predstavlja-hadixha-gjoni\/#primaryimage\",\"url\":\"https:\/\/www.visit-ulcinj.com\/blog\/wp-content\/uploads\/2016\/09\/Hadixha-GJONI.jpg\",\"contentUrl\":\"https:\/\/www.visit-ulcinj.com\/blog\/wp-content\/uploads\/2016\/09\/Hadixha-GJONI.jpg\",\"width\":508,\"height\":635},{\"@type\":\"WebPage\",\"@id\":\"https:\/\/www.visit-ulcinj.com\/blog\/2016\/09\/14\/seanematalks-predstavlja-hadixha-gjoni\/#webpage\",\"url\":\"https:\/\/www.visit-ulcinj.com\/blog\/2016\/09\/14\/seanematalks-predstavlja-hadixha-gjoni\/\",\"name\":\"SeanemaTalks predstavlja: Hadixha Gjoni - Lajme nga Ulqini\",\"isPartOf\":{\"@id\":\"https:\/\/www.visit-ulcinj.com\/blog\/#website\"},\"primaryImageOfPage\":{\"@id\":\"https:\/\/www.visit-ulcinj.com\/blog\/2016\/09\/14\/seanematalks-predstavlja-hadixha-gjoni\/#primaryimage\"},\"datePublished\":\"2016-09-14T13:28:16+00:00\",\"dateModified\":\"2016-09-14T13:28:16+00:00\",\"author\":{\"@id\":\"https:\/\/www.visit-ulcinj.com\/blog\/#\/schema\/person\/dcab619c614d3038751c63bc2aadc06d\"},\"description\":\"Prvi panel diskusija \\\"Razbijanje staklenog plafona\\\" \u010cetvrtak, 15 septembar 2016, 21:00h, Pla\u017ea Otrant Hadixha Gjoni je ro\u0111ena 14.09.1955. godine u\",\"breadcrumb\":{\"@id\":\"https:\/\/www.visit-ulcinj.com\/blog\/2016\/09\/14\/seanematalks-predstavlja-hadixha-gjoni\/#breadcrumb\"},\"inLanguage\":\"en-US\",\"potentialAction\":[{\"@type\":\"ReadAction\",\"target\":[\"https:\/\/www.visit-ulcinj.com\/blog\/2016\/09\/14\/seanematalks-predstavlja-hadixha-gjoni\/\"]}]},{\"@type\":\"BreadcrumbList\",\"@id\":\"https:\/\/www.visit-ulcinj.com\/blog\/2016\/09\/14\/seanematalks-predstavlja-hadixha-gjoni\/#breadcrumb\",\"itemListElement\":[{\"@type\":\"ListItem\",\"position\":1,\"name\":\"SeanemaTalks predstavlja: Hadixha Gjoni\"}]},{\"@type\":\"Person\",\"@id\":\"https:\/\/www.visit-ulcinj.com\/blog\/#\/schema\/person\/dcab619c614d3038751c63bc2aadc06d\",\"name\":\"ulqini\",\"sameAs\":[\"http:\/\/www.visit-ulcinj.com\"],\"url\":\"https:\/\/www.visit-ulcinj.com\/blog\/author\/admin\/\"}]}<\/script>\n<!-- \/ Yoast SEO plugin. -->","yoast_head_json":{"title":"SeanemaTalks predstavlja: Hadixha Gjoni - Lajme nga Ulqini","description":"Prvi panel diskusija \"Razbijanje staklenog plafona\" \u010cetvrtak, 15 septembar 2016, 21:00h, Pla\u017ea Otrant Hadixha Gjoni je ro\u0111ena 14.09.1955. godine u","robots":{"index":"index","follow":"follow","max-snippet":"max-snippet:-1","max-image-preview":"max-image-preview:large","max-video-preview":"max-video-preview:-1"},"canonical":"https:\/\/www.visit-ulcinj.com\/blog\/2016\/09\/14\/seanematalks-predstavlja-hadixha-gjoni\/","og_locale":"en_US","og_type":"article","og_title":"SeanemaTalks predstavlja: Hadixha Gjoni - Lajme nga Ulqini","og_description":"Prvi panel diskusija \"Razbijanje staklenog plafona\" \u010cetvrtak, 15 septembar 2016, 21:00h, Pla\u017ea Otrant Hadixha Gjoni je ro\u0111ena 14.09.1955. godine u","og_url":"https:\/\/www.visit-ulcinj.com\/blog\/2016\/09\/14\/seanematalks-predstavlja-hadixha-gjoni\/","og_site_name":"Lajme nga Ulqini","article_published_time":"2016-09-14T13:28:16+00:00","og_image":[{"url":"http:\/\/www.visit-ulcinj.com\/blog\/wp-content\/uploads\/2016\/09\/Hadixha-GJONI.jpg"}],"twitter_misc":{"Written by":"ulqini","Est. reading time":"1 minute"},"schema":{"@context":"https:\/\/schema.org","@graph":[{"@type":"WebSite","@id":"https:\/\/www.visit-ulcinj.com\/blog\/#website","url":"https:\/\/www.visit-ulcinj.com\/blog\/","name":"Lajme nga Ulqini","description":"Lajme,Vijesti,Ulqini,Ulqin,Crna Gora,Mali i Zi","potentialAction":[{"@type":"SearchAction","target":{"@type":"EntryPoint","urlTemplate":"https:\/\/www.visit-ulcinj.com\/blog\/?s={search_term_string}"},"query-input":"required name=search_term_string"}],"inLanguage":"en-US"},{"@type":"ImageObject","inLanguage":"en-US","@id":"https:\/\/www.visit-ulcinj.com\/blog\/2016\/09\/14\/seanematalks-predstavlja-hadixha-gjoni\/#primaryimage","url":"https:\/\/www.visit-ulcinj.com\/blog\/wp-content\/uploads\/2016\/09\/Hadixha-GJONI.jpg","contentUrl":"https:\/\/www.visit-ulcinj.com\/blog\/wp-content\/uploads\/2016\/09\/Hadixha-GJONI.jpg","width":508,"height":635},{"@type":"WebPage","@id":"https:\/\/www.visit-ulcinj.com\/blog\/2016\/09\/14\/seanematalks-predstavlja-hadixha-gjoni\/#webpage","url":"https:\/\/www.visit-ulcinj.com\/blog\/2016\/09\/14\/seanematalks-predstavlja-hadixha-gjoni\/","name":"SeanemaTalks predstavlja: Hadixha Gjoni - Lajme nga Ulqini","isPartOf":{"@id":"https:\/\/www.visit-ulcinj.com\/blog\/#website"},"primaryImageOfPage":{"@id":"https:\/\/www.visit-ulcinj.com\/blog\/2016\/09\/14\/seanematalks-predstavlja-hadixha-gjoni\/#primaryimage"},"datePublished":"2016-09-14T13:28:16+00:00","dateModified":"2016-09-14T13:28:16+00:00","author":{"@id":"https:\/\/www.visit-ulcinj.com\/blog\/#\/schema\/person\/dcab619c614d3038751c63bc2aadc06d"},"description":"Prvi panel diskusija \"Razbijanje staklenog plafona\" \u010cetvrtak, 15 septembar 2016, 21:00h, Pla\u017ea Otrant Hadixha Gjoni je ro\u0111ena 14.09.1955. godine u","breadcrumb":{"@id":"https:\/\/www.visit-ulcinj.com\/blog\/2016\/09\/14\/seanematalks-predstavlja-hadixha-gjoni\/#breadcrumb"},"inLanguage":"en-US","potentialAction":[{"@type":"ReadAction","target":["https:\/\/www.visit-ulcinj.com\/blog\/2016\/09\/14\/seanematalks-predstavlja-hadixha-gjoni\/"]}]},{"@type":"BreadcrumbList","@id":"https:\/\/www.visit-ulcinj.com\/blog\/2016\/09\/14\/seanematalks-predstavlja-hadixha-gjoni\/#breadcrumb","itemListElement":[{"@type":"ListItem","position":1,"name":"SeanemaTalks predstavlja: Hadixha Gjoni"}]},{"@type":"Person","@id":"https:\/\/www.visit-ulcinj.com\/blog\/#\/schema\/person\/dcab619c614d3038751c63bc2aadc06d","name":"ulqini","sameAs":["http:\/\/www.visit-ulcinj.com"],"url":"https:\/\/www.visit-ulcinj.com\/blog\/author\/admin\/"}]}},"jetpack_featured_media_url":"","jetpack_sharing_enabled":true,"jetpack_shortlink":"https:\/\/wp.me\/pe6lTn-pVw","_links":{"self":[{"href":"https:\/\/www.visit-ulcinj.com\/blog\/wp-json\/wp\/v2\/posts\/99666"}],"collection":[{"href":"https:\/\/www.visit-ulcinj.com\/blog\/wp-json\/wp\/v2\/posts"}],"about":[{"href":"https:\/\/www.visit-ulcinj.com\/blog\/wp-json\/wp\/v2\/types\/post"}],"author":[{"embeddable":true,"href":"https:\/\/www.visit-ulcinj.com\/blog\/wp-json\/wp\/v2\/users\/1"}],"replies":[{"embeddable":true,"href":"https:\/\/www.visit-ulcinj.com\/blog\/wp-json\/wp\/v2\/comments?post=99666"}],"version-history":[{"count":1,"href":"https:\/\/www.visit-ulcinj.com\/blog\/wp-json\/wp\/v2\/posts\/99666\/revisions"}],"predecessor-version":[{"id":99667,"href":"https:\/\/www.visit-ulcinj.com\/blog\/wp-json\/wp\/v2\/posts\/99666\/revisions\/99667"}],"wp:attachment":[{"href":"https:\/\/www.visit-ulcinj.com\/blog\/wp-json\/wp\/v2\/media?parent=99666"}],"wp:term":[{"taxonomy":"category","embeddable":true,"href":"https:\/\/www.visit-ulcinj.com\/blog\/wp-json\/wp\/v2\/categories?post=99666"},{"taxonomy":"post_tag","embeddable":true,"href":"https:\/\/www.visit-ulcinj.com\/blog\/wp-json\/wp\/v2\/tags?post=99666"}],"curies":[{"name":"wp","href":"https:\/\/api.w.org\/{rel}","templated":true}]}}