{"id":99680,"date":"2016-09-14T21:31:09","date_gmt":"2016-09-14T20:31:09","guid":{"rendered":"http:\/\/www.visit-ulcinj.com\/blog\/?p=99680"},"modified":"2016-09-14T21:31:41","modified_gmt":"2016-09-14T20:31:41","slug":"new-york-cfare-mrekullie-bejne-shqipetaret-e-amerikes","status":"publish","type":"post","link":"https:\/\/www.visit-ulcinj.com\/blog\/2016\/09\/14\/new-york-cfare-mrekullie-bejne-shqipetaret-e-amerikes\/","title":{"rendered":"New York : \u00c7far\u00eb mrekullie b\u00ebjn\u00eb Shqip\u00ebtar\u00ebt e Amerik\u00ebs !"},"content":{"rendered":"<p>Beqir SINA &#8211; New York City<\/p>\n<p><strong>Samiti i 70-t\u00eb i Asambles\u00eb s\u00eb P\u00ebrgjithshme t\u00eb Organizat\u00ebs s\u00eb Kombeve t\u00eb Bashkuara &#8211; Shqiptar\u00ebt e Amerik\u00ebs, vendos<\/strong><strong>\u00eb<\/strong><strong>n Shtatoren e Shejteresh Nena Terezes, n\u00eb kryeq\u00ebndr\u00ebn e bot\u00ebs- New York<\/strong><\/p>\n<p><a href=\"http:\/\/www.visit-ulcinj.com\/blog\/wp-content\/uploads\/2016\/09\/beqir-sina-mark-gjonaj.jpg\"><img loading=\"lazy\" class=\"alignleft wp-image-99681\" src=\"http:\/\/www.visit-ulcinj.com\/blog\/wp-content\/uploads\/2016\/09\/beqir-sina-mark-gjonaj.jpg\" alt=\"beqir-sina-mark-gjonaj\" width=\"508\" height=\"339\" srcset=\"https:\/\/www.visit-ulcinj.com\/blog\/wp-content\/uploads\/2016\/09\/beqir-sina-mark-gjonaj.jpg 850w, https:\/\/www.visit-ulcinj.com\/blog\/wp-content\/uploads\/2016\/09\/beqir-sina-mark-gjonaj-300x200.jpg 300w, https:\/\/www.visit-ulcinj.com\/blog\/wp-content\/uploads\/2016\/09\/beqir-sina-mark-gjonaj-768x512.jpg 768w\" sizes=\"(max-width: 508px) 100vw, 508px\" \/><\/a><\/p>\n<p>N\u00eb foto autori Beqir Sina me asambleistin shqiptaro-amerikan Mark Gjonaj<\/p>\n<p>Daghamarskojd Plaza UN : Sheshi i kryeq\u00ebndr\u00ebs s\u00eb bot\u00ebs, \u00ebsht\u00eb i zbukuruar dhe hijeshuar, si asnj\u00ebher tjet\u00ebr, duke na bere edhe ne shqiptar\u00ebve t\u00eb Amerik\u00ebs edhe me shum\u00eb krenar\u00eb, se jemi Shqiptar\u00ebt e N\u00ebn\u00eb Terezes dhe jemi duke e pritur k\u00ebto dit\u00eb mbar\u00eb bot\u00ebn, me Shtatoren e t\u00eb Shejt\u00ebs N\u00ebna Tereze.<\/p>\n<p>&nbsp;<\/p>\n<p>Kjo, shtatore e madh\u00ebrishme, e vendosur n\u00eb sy t\u00eb t\u00eb gjith\u00eb bot\u00ebs, e p\u00ebruruar k\u00ebt\u00eb fund jav\u00eb &#8212; ajo jav\u00ebn tjet\u00ebr n\u00eb Nju Jork do t\u00eb pres\u00eb t\u00eb gjith\u00eb ata q\u00eb do t\u00eb &#8220;zbarkojn\u00eb&#8221; nga mbara bota.<\/p>\n<p>&nbsp;<\/p>\n<p>Mbret\u00ebr, Persident, Kryeministra, ministra, udh\u00ebheq\u00ebs fetar\u00eb nga mbar\u00eb bota, politikan\u00eb, artist\u00eb, sportist\u00eb, afarist\u00eb, biznesmen\u00eb dhe gazetar\u00eb nga i gjith\u00eb planeti &#8211; do t\u00eb falen para k\u00ebsaj Shtatore t\u00eb Shejt\u00eb, e cila do t\u00eb sh\u00ebnd\u00ebrris n\u00eb mes t\u00eb k\u00ebtij sheshi n\u00eb metropolin e bot\u00ebs, qytetin e New Yorkut.<\/p>\n<p><a href=\"http:\/\/www.visit-ulcinj.com\/blog\/wp-content\/uploads\/2016\/09\/nana-tereza-new-york.jpg\"><img loading=\"lazy\" class=\"alignleft wp-image-99682\" src=\"http:\/\/www.visit-ulcinj.com\/blog\/wp-content\/uploads\/2016\/09\/nana-tereza-new-york.jpg\" alt=\"nana tereza-new-york\" width=\"508\" height=\"381\" srcset=\"https:\/\/www.visit-ulcinj.com\/blog\/wp-content\/uploads\/2016\/09\/nana-tereza-new-york.jpg 850w, https:\/\/www.visit-ulcinj.com\/blog\/wp-content\/uploads\/2016\/09\/nana-tereza-new-york-300x225.jpg 300w, https:\/\/www.visit-ulcinj.com\/blog\/wp-content\/uploads\/2016\/09\/nana-tereza-new-york-768x576.jpg 768w\" sizes=\"(max-width: 508px) 100vw, 508px\" \/><\/a><\/p>\n<p>Qytet, ky i cili do t\u00eb k\u00ebt\u00eb shtatoren m\u00eb t\u00eb lart dhe m\u00eb t\u00eb bukur &#8211; ngjyr\u00eb floriri &#8211; dhe shpirt floriri, ashtu si e kishte vet kjo N\u00ebn\u00eb e Madhe &#8211; N\u00ebna e gjith\u00eb Bot\u00ebs &#8211; Nena jon\u00eb N\u00ebna Tereza me gjak Shqiptare.<\/p>\n<p>&nbsp;<\/p>\n<p>Jav\u00ebn e ardhsh\u00ebme, ky shesh Daghamarskojd Plaza &#8211; do t\u00eb b\u00ebhet edhe kryeqendra e bot\u00ebs &#8211; aty do t\u00eb flitet p\u00ebr gjith\u00eb bot\u00ebn p\u00ebr gjith\u00eb planetin, do t\u00eb flasin burrshtetas\u00eb n\u00eb t\u00eb gjitha gjuh\u00ebt e bot\u00ebs, aty do t\u00eb jet\u00eb e gjith\u00eb bota , mbar\u00eb njer\u00ebzimi, t\u00eb t\u00eb gjitha racave, komb\u00ebsive dhe t\u00eb gjitha besimeve fetare.<\/p>\n<p>&nbsp;<\/p>\n<p>Pik\u00ebrisht, aty ku jo shum\u00eb larg tashm\u00eb, shqiptar\u00ebt e Amerik\u00ebs b\u00ebn\u00eb nj\u00eb mrekulli tjet\u00ebr. Ata fund jav\u00ebn e kaluar, teksa vendos\u00ebn Shtatoren e Shejter\u00ebsh N\u00ebna Terezes, pik\u00ebrisht n\u00eb vendin ku jav\u00ebn tjet\u00ebr do t\u00eb mblidhet Samiti i 70-t\u00eb i Asambles\u00eb s\u00eb P\u00ebrgjithshme t\u00eb Organizat\u00ebs s\u00eb Kombeve t\u00eb Bashkuara.<\/p>\n<p>&nbsp;<\/p>\n<p>Tani ky shesh dhe ky vend i bekuar &#8211; ka p\u00ebr t\u00eb folur shqip me vet\u00eb emrin edhe me bekimin e Shejt\u00ebresh\u00ebs shqiptare N\u00ebna Terezes &#8211; krenaris\u00eb son\u00eb Shqiptare, n\u00eb mes t\u00eb Amerik\u00ebs.<\/p>\n<p>&nbsp;<\/p>\n<p>Beqir Sina<\/p>\n","protected":false},"excerpt":{"rendered":"<p>Beqir SINA &#8211; New York City Samiti i 70-t\u00eb i Asambles\u00eb s\u00eb P\u00ebrgjithshme t\u00eb Organizat\u00ebs s\u00eb Kombeve t\u00eb Bashkuara &#8211; Shqiptar\u00ebt e Amerik\u00ebs, vendos\u00ebn Shtatoren e Shejteresh Nena Terezes, n\u00eb kryeq\u00ebndr\u00ebn e bot\u00ebs- New York N\u00eb foto autori Beqir Sina me asambleistin shqiptaro-amerikan Mark Gjonaj Daghamarskojd Plaza UN : Sheshi i kryeq\u00ebndr\u00ebs s\u00eb bot\u00ebs, \u00ebsht\u00eb [&hellip;]<\/p>\n","protected":false},"author":1,"featured_media":0,"comment_status":"closed","ping_status":"closed","sticky":false,"template":"","format":"standard","meta":{"spay_email":"","jetpack_publicize_message":"","jetpack_is_tweetstorm":false,"jetpack_publicize_feature_enabled":true},"categories":[7],"tags":[],"jetpack_publicize_connections":[],"yoast_head":"<!-- This site is optimized with the Yoast SEO plugin v19.1 - https:\/\/yoast.com\/wordpress\/plugins\/seo\/ -->\n<title>New York : \u00c7far\u00eb mrekullie b\u00ebjn\u00eb Shqip\u00ebtar\u00ebt e Amerik\u00ebs ! - Lajme nga Ulqini<\/title>\n<meta name=\"description\" content=\"Beqir SINA - New York City Samiti i 70-t\u00eb i Asambles\u00eb s\u00eb P\u00ebrgjithshme t\u00eb Organizat\u00ebs s\u00eb Kombeve t\u00eb Bashkuara - Shqiptar\u00ebt e Amerik\u00ebs, vendos\u00ebn Shtatoren e\" \/>\n<meta name=\"robots\" content=\"index, follow, max-snippet:-1, max-image-preview:large, max-video-preview:-1\" \/>\n<link rel=\"canonical\" href=\"https:\/\/www.visit-ulcinj.com\/blog\/2016\/09\/14\/new-york-cfare-mrekullie-bejne-shqipetaret-e-amerikes\/\" \/>\n<meta property=\"og:locale\" content=\"en_US\" \/>\n<meta property=\"og:type\" content=\"article\" \/>\n<meta property=\"og:title\" content=\"New York : \u00c7far\u00eb mrekullie b\u00ebjn\u00eb Shqip\u00ebtar\u00ebt e Amerik\u00ebs ! - Lajme nga Ulqini\" \/>\n<meta property=\"og:description\" content=\"Beqir SINA - New York City Samiti i 70-t\u00eb i Asambles\u00eb s\u00eb P\u00ebrgjithshme t\u00eb Organizat\u00ebs s\u00eb Kombeve t\u00eb Bashkuara - Shqiptar\u00ebt e Amerik\u00ebs, vendos\u00ebn Shtatoren e\" \/>\n<meta property=\"og:url\" content=\"https:\/\/www.visit-ulcinj.com\/blog\/2016\/09\/14\/new-york-cfare-mrekullie-bejne-shqipetaret-e-amerikes\/\" \/>\n<meta property=\"og:site_name\" content=\"Lajme nga Ulqini\" \/>\n<meta property=\"article:published_time\" content=\"2016-09-14T20:31:09+00:00\" \/>\n<meta property=\"article:modified_time\" content=\"2016-09-14T20:31:41+00:00\" \/>\n<meta property=\"og:image\" content=\"http:\/\/www.visit-ulcinj.com\/blog\/wp-content\/uploads\/2016\/09\/beqir-sina-mark-gjonaj.jpg\" \/>\n<meta name=\"twitter:label1\" content=\"Written by\" \/>\n\t<meta name=\"twitter:data1\" content=\"ulqini\" \/>\n\t<meta name=\"twitter:label2\" content=\"Est. reading time\" \/>\n\t<meta name=\"twitter:data2\" content=\"2 minutes\" \/>\n<script type=\"application\/ld+json\" class=\"yoast-schema-graph\">{\"@context\":\"https:\/\/schema.org\",\"@graph\":[{\"@type\":\"WebSite\",\"@id\":\"https:\/\/www.visit-ulcinj.com\/blog\/#website\",\"url\":\"https:\/\/www.visit-ulcinj.com\/blog\/\",\"name\":\"Lajme nga Ulqini\",\"description\":\"Lajme,Vijesti,Ulqini,Ulqin,Crna Gora,Mali i Zi\",\"potentialAction\":[{\"@type\":\"SearchAction\",\"target\":{\"@type\":\"EntryPoint\",\"urlTemplate\":\"https:\/\/www.visit-ulcinj.com\/blog\/?s={search_term_string}\"},\"query-input\":\"required name=search_term_string\"}],\"inLanguage\":\"en-US\"},{\"@type\":\"ImageObject\",\"inLanguage\":\"en-US\",\"@id\":\"https:\/\/www.visit-ulcinj.com\/blog\/2016\/09\/14\/new-york-cfare-mrekullie-bejne-shqipetaret-e-amerikes\/#primaryimage\",\"url\":\"https:\/\/www.visit-ulcinj.com\/blog\/wp-content\/uploads\/2016\/09\/beqir-sina-mark-gjonaj.jpg\",\"contentUrl\":\"https:\/\/www.visit-ulcinj.com\/blog\/wp-content\/uploads\/2016\/09\/beqir-sina-mark-gjonaj.jpg\",\"width\":850,\"height\":567},{\"@type\":\"WebPage\",\"@id\":\"https:\/\/www.visit-ulcinj.com\/blog\/2016\/09\/14\/new-york-cfare-mrekullie-bejne-shqipetaret-e-amerikes\/#webpage\",\"url\":\"https:\/\/www.visit-ulcinj.com\/blog\/2016\/09\/14\/new-york-cfare-mrekullie-bejne-shqipetaret-e-amerikes\/\",\"name\":\"New York : \u00c7far\u00eb mrekullie b\u00ebjn\u00eb Shqip\u00ebtar\u00ebt e Amerik\u00ebs ! - Lajme nga Ulqini\",\"isPartOf\":{\"@id\":\"https:\/\/www.visit-ulcinj.com\/blog\/#website\"},\"primaryImageOfPage\":{\"@id\":\"https:\/\/www.visit-ulcinj.com\/blog\/2016\/09\/14\/new-york-cfare-mrekullie-bejne-shqipetaret-e-amerikes\/#primaryimage\"},\"datePublished\":\"2016-09-14T20:31:09+00:00\",\"dateModified\":\"2016-09-14T20:31:41+00:00\",\"author\":{\"@id\":\"https:\/\/www.visit-ulcinj.com\/blog\/#\/schema\/person\/dcab619c614d3038751c63bc2aadc06d\"},\"description\":\"Beqir SINA - New York City Samiti i 70-t\u00eb i Asambles\u00eb s\u00eb P\u00ebrgjithshme t\u00eb Organizat\u00ebs s\u00eb Kombeve t\u00eb Bashkuara - Shqiptar\u00ebt e Amerik\u00ebs, vendos\u00ebn Shtatoren e\",\"breadcrumb\":{\"@id\":\"https:\/\/www.visit-ulcinj.com\/blog\/2016\/09\/14\/new-york-cfare-mrekullie-bejne-shqipetaret-e-amerikes\/#breadcrumb\"},\"inLanguage\":\"en-US\",\"potentialAction\":[{\"@type\":\"ReadAction\",\"target\":[\"https:\/\/www.visit-ulcinj.com\/blog\/2016\/09\/14\/new-york-cfare-mrekullie-bejne-shqipetaret-e-amerikes\/\"]}]},{\"@type\":\"BreadcrumbList\",\"@id\":\"https:\/\/www.visit-ulcinj.com\/blog\/2016\/09\/14\/new-york-cfare-mrekullie-bejne-shqipetaret-e-amerikes\/#breadcrumb\",\"itemListElement\":[{\"@type\":\"ListItem\",\"position\":1,\"name\":\"New York : \u00c7far\u00eb mrekullie b\u00ebjn\u00eb Shqip\u00ebtar\u00ebt e Amerik\u00ebs !\"}]},{\"@type\":\"Person\",\"@id\":\"https:\/\/www.visit-ulcinj.com\/blog\/#\/schema\/person\/dcab619c614d3038751c63bc2aadc06d\",\"name\":\"ulqini\",\"sameAs\":[\"http:\/\/www.visit-ulcinj.com\"],\"url\":\"https:\/\/www.visit-ulcinj.com\/blog\/author\/admin\/\"}]}<\/script>\n<!-- \/ Yoast SEO plugin. -->","yoast_head_json":{"title":"New York : \u00c7far\u00eb mrekullie b\u00ebjn\u00eb Shqip\u00ebtar\u00ebt e Amerik\u00ebs ! - Lajme nga Ulqini","description":"Beqir SINA - New York City Samiti i 70-t\u00eb i Asambles\u00eb s\u00eb P\u00ebrgjithshme t\u00eb Organizat\u00ebs s\u00eb Kombeve t\u00eb Bashkuara - Shqiptar\u00ebt e Amerik\u00ebs, vendos\u00ebn Shtatoren e","robots":{"index":"index","follow":"follow","max-snippet":"max-snippet:-1","max-image-preview":"max-image-preview:large","max-video-preview":"max-video-preview:-1"},"canonical":"https:\/\/www.visit-ulcinj.com\/blog\/2016\/09\/14\/new-york-cfare-mrekullie-bejne-shqipetaret-e-amerikes\/","og_locale":"en_US","og_type":"article","og_title":"New York : \u00c7far\u00eb mrekullie b\u00ebjn\u00eb Shqip\u00ebtar\u00ebt e Amerik\u00ebs ! - Lajme nga Ulqini","og_description":"Beqir SINA - New York City Samiti i 70-t\u00eb i Asambles\u00eb s\u00eb P\u00ebrgjithshme t\u00eb Organizat\u00ebs s\u00eb Kombeve t\u00eb Bashkuara - Shqiptar\u00ebt e Amerik\u00ebs, vendos\u00ebn Shtatoren e","og_url":"https:\/\/www.visit-ulcinj.com\/blog\/2016\/09\/14\/new-york-cfare-mrekullie-bejne-shqipetaret-e-amerikes\/","og_site_name":"Lajme nga Ulqini","article_published_time":"2016-09-14T20:31:09+00:00","article_modified_time":"2016-09-14T20:31:41+00:00","og_image":[{"url":"http:\/\/www.visit-ulcinj.com\/blog\/wp-content\/uploads\/2016\/09\/beqir-sina-mark-gjonaj.jpg"}],"twitter_misc":{"Written by":"ulqini","Est. reading time":"2 minutes"},"schema":{"@context":"https:\/\/schema.org","@graph":[{"@type":"WebSite","@id":"https:\/\/www.visit-ulcinj.com\/blog\/#website","url":"https:\/\/www.visit-ulcinj.com\/blog\/","name":"Lajme nga Ulqini","description":"Lajme,Vijesti,Ulqini,Ulqin,Crna Gora,Mali i Zi","potentialAction":[{"@type":"SearchAction","target":{"@type":"EntryPoint","urlTemplate":"https:\/\/www.visit-ulcinj.com\/blog\/?s={search_term_string}"},"query-input":"required name=search_term_string"}],"inLanguage":"en-US"},{"@type":"ImageObject","inLanguage":"en-US","@id":"https:\/\/www.visit-ulcinj.com\/blog\/2016\/09\/14\/new-york-cfare-mrekullie-bejne-shqipetaret-e-amerikes\/#primaryimage","url":"https:\/\/www.visit-ulcinj.com\/blog\/wp-content\/uploads\/2016\/09\/beqir-sina-mark-gjonaj.jpg","contentUrl":"https:\/\/www.visit-ulcinj.com\/blog\/wp-content\/uploads\/2016\/09\/beqir-sina-mark-gjonaj.jpg","width":850,"height":567},{"@type":"WebPage","@id":"https:\/\/www.visit-ulcinj.com\/blog\/2016\/09\/14\/new-york-cfare-mrekullie-bejne-shqipetaret-e-amerikes\/#webpage","url":"https:\/\/www.visit-ulcinj.com\/blog\/2016\/09\/14\/new-york-cfare-mrekullie-bejne-shqipetaret-e-amerikes\/","name":"New York : \u00c7far\u00eb mrekullie b\u00ebjn\u00eb Shqip\u00ebtar\u00ebt e Amerik\u00ebs ! - Lajme nga Ulqini","isPartOf":{"@id":"https:\/\/www.visit-ulcinj.com\/blog\/#website"},"primaryImageOfPage":{"@id":"https:\/\/www.visit-ulcinj.com\/blog\/2016\/09\/14\/new-york-cfare-mrekullie-bejne-shqipetaret-e-amerikes\/#primaryimage"},"datePublished":"2016-09-14T20:31:09+00:00","dateModified":"2016-09-14T20:31:41+00:00","author":{"@id":"https:\/\/www.visit-ulcinj.com\/blog\/#\/schema\/person\/dcab619c614d3038751c63bc2aadc06d"},"description":"Beqir SINA - New York City Samiti i 70-t\u00eb i Asambles\u00eb s\u00eb P\u00ebrgjithshme t\u00eb Organizat\u00ebs s\u00eb Kombeve t\u00eb Bashkuara - Shqiptar\u00ebt e Amerik\u00ebs, vendos\u00ebn Shtatoren e","breadcrumb":{"@id":"https:\/\/www.visit-ulcinj.com\/blog\/2016\/09\/14\/new-york-cfare-mrekullie-bejne-shqipetaret-e-amerikes\/#breadcrumb"},"inLanguage":"en-US","potentialAction":[{"@type":"ReadAction","target":["https:\/\/www.visit-ulcinj.com\/blog\/2016\/09\/14\/new-york-cfare-mrekullie-bejne-shqipetaret-e-amerikes\/"]}]},{"@type":"BreadcrumbList","@id":"https:\/\/www.visit-ulcinj.com\/blog\/2016\/09\/14\/new-york-cfare-mrekullie-bejne-shqipetaret-e-amerikes\/#breadcrumb","itemListElement":[{"@type":"ListItem","position":1,"name":"New York : \u00c7far\u00eb mrekullie b\u00ebjn\u00eb Shqip\u00ebtar\u00ebt e Amerik\u00ebs !"}]},{"@type":"Person","@id":"https:\/\/www.visit-ulcinj.com\/blog\/#\/schema\/person\/dcab619c614d3038751c63bc2aadc06d","name":"ulqini","sameAs":["http:\/\/www.visit-ulcinj.com"],"url":"https:\/\/www.visit-ulcinj.com\/blog\/author\/admin\/"}]}},"jetpack_featured_media_url":"","jetpack_sharing_enabled":true,"jetpack_shortlink":"https:\/\/wp.me\/pe6lTn-pVK","_links":{"self":[{"href":"https:\/\/www.visit-ulcinj.com\/blog\/wp-json\/wp\/v2\/posts\/99680"}],"collection":[{"href":"https:\/\/www.visit-ulcinj.com\/blog\/wp-json\/wp\/v2\/posts"}],"about":[{"href":"https:\/\/www.visit-ulcinj.com\/blog\/wp-json\/wp\/v2\/types\/post"}],"author":[{"embeddable":true,"href":"https:\/\/www.visit-ulcinj.com\/blog\/wp-json\/wp\/v2\/users\/1"}],"replies":[{"embeddable":true,"href":"https:\/\/www.visit-ulcinj.com\/blog\/wp-json\/wp\/v2\/comments?post=99680"}],"version-history":[{"count":2,"href":"https:\/\/www.visit-ulcinj.com\/blog\/wp-json\/wp\/v2\/posts\/99680\/revisions"}],"predecessor-version":[{"id":99684,"href":"https:\/\/www.visit-ulcinj.com\/blog\/wp-json\/wp\/v2\/posts\/99680\/revisions\/99684"}],"wp:attachment":[{"href":"https:\/\/www.visit-ulcinj.com\/blog\/wp-json\/wp\/v2\/media?parent=99680"}],"wp:term":[{"taxonomy":"category","embeddable":true,"href":"https:\/\/www.visit-ulcinj.com\/blog\/wp-json\/wp\/v2\/categories?post=99680"},{"taxonomy":"post_tag","embeddable":true,"href":"https:\/\/www.visit-ulcinj.com\/blog\/wp-json\/wp\/v2\/tags?post=99680"}],"curies":[{"name":"wp","href":"https:\/\/api.w.org\/{rel}","templated":true}]}}