{"id":99685,"date":"2016-09-14T21:42:52","date_gmt":"2016-09-14T20:42:52","guid":{"rendered":"http:\/\/www.visit-ulcinj.com\/blog\/?p=99685"},"modified":"2016-09-15T19:40:05","modified_gmt":"2016-09-15T18:40:05","slug":"nika-forca-hengri-aleatet-si-bardhi-dhe-shume-shpejt-ngjashem-haje-edhe-veten","status":"publish","type":"post","link":"https:\/\/www.visit-ulcinj.com\/blog\/2016\/09\/14\/nika-forca-hengri-aleatet-si-bardhi-dhe-shume-shpejt-ngjashem-haje-edhe-veten\/","title":{"rendered":"Nika: Forca \u201c i h\u00ebngri aleat\u00ebt&#8230;\u201d , si Bardhi &#8211; dhe shum\u00eb shpejt-ngjash\u00ebm , do haj\u00eb  edhe vet\u00ebn&#8230;?!!"},"content":{"rendered":"<p><strong><em><a href=\"http:\/\/www.visit-ulcinj.com\/blog\/wp-content\/uploads\/2014\/11\/Muhamet-Nika.jpg\"><img loading=\"lazy\" class=\"alignleft wp-image-86143 size-medium\" src=\"http:\/\/www.visit-ulcinj.com\/blog\/wp-content\/uploads\/2014\/11\/Muhamet-Nika-240x300.jpg\" alt=\"Muhamet Nika, Sudski tuma\u010d- P\u00ebrkthyes gjyq\u00ebsor \u201c MUHAMET NIKA \u201d Ulcinj- Ulqin Adresa: zgrada SO ULCINJ- nd\u00ebrtesa e KK Ulqin Telefon-i: 068 264 122 Email-i : muhamet-nika@hotmail.com Albanski jezik- prof. Albanskog jezika Gjuh\u00eb shqipe- prof. I gjuh\u00ebs shqipe\" width=\"240\" height=\"300\" srcset=\"https:\/\/www.visit-ulcinj.com\/blog\/wp-content\/uploads\/2014\/11\/Muhamet-Nika-240x300.jpg 240w, https:\/\/www.visit-ulcinj.com\/blog\/wp-content\/uploads\/2014\/11\/Muhamet-Nika.jpg 256w\" sizes=\"(max-width: 240px) 100vw, 240px\" \/><\/a>Shkruan Muhamet Nika<\/em><\/strong><\/p>\n<p>Pasi krijimin\u00a0 e k\u00ebtij koalicioni edhe un\u00eb si shumica e tjer\u00ebve , e kuptoj p\u00ebrve\u00e7\u00a0 tjerash\u00a0 edhe si nj\u00eb \u201cparad\u00eb ushtarake \u201c t\u00eb koh\u00ebs s\u00eb shkuar\u2026, kund\u00ebr koalicionit t\u00eb Gjek\u00ebs me G\u00ebzim Hajdinag\u00ebn , mbase do t\u00eb kish qen\u00eb m\u00eb e arsyeshme\u00a0 q\u00eb k\u00ebt\u00eb \u201c manov\u00ebr politik..\u201d, ta zbrisnin\u00a0 edhe n\u00eb rrafshin lokal, duke shpallur nj\u00ebkoh\u00ebsisht\u00a0 edhe zgjedhjet lokale, bashk\u00eb me ato parlamentare . Sepse koalicioni i gjer\u00eb tashti nuk shpreh d\u00ebshir\u00ebn\u00a0 e zgjedh\u00ebsve\u00a0 t\u00eb tyre\u00a0 e\u00a0 t\u00eb cil\u00ebt\u00a0 i p\u00ebrkrah\u00ebn\u00a0 n\u00eb nj\u00eb adres\u00eb tjet\u00ebr.<\/p>\n<p>Duke mos hyr\u00eb n\u00eb at\u00eb , se\u00a0 kjo zgjedhje nuk ishte m\u00eb e mira p\u00ebr Forc\u00ebn, por iu imponua \u2013nga se \u00a0askush nga ish- partner\u00ebt, nuk desh t\u00eb krijoj\u00eb koalicion me te , na duket se asaj \u2013 i mbeti \u00a0\u00a0t\u00eb luaj\u00a0 me Xhokerin e Fundit \u2013Mehmet Zenk\u00ebs,\u00a0 t\u00eb cilit iu imponua ky koalicion\u00a0 q\u00eb \u00ebsht\u00eb i kuptuesh\u00ebm ..?!!Por q\u00eb, n\u00eb nj\u00eb far\u00eb m\u00ebnyre , shp\u00ebton edhe Forc\u00ebn<\/p>\n<p><em><strong>P\u00cbR GJEK\u00cbN DO ISH M\u00cb MIR\u00cb\u00a0 T\u00cb K\u00cbRKOJ\u00cb\u00a0 ZGJEDHJE \u00a0\u00a0T\u00cb \u00a0REJA EDHE P\u00cbR\u00a0 ULQIN<\/strong><\/em><\/p>\n<ul>\n<li><em><strong>NJ\u00cb RRUG\u00cb E DY PUN\u00cb..?!!<\/strong><\/em><\/li>\n<\/ul>\n<p>Zaten ,\u00a0 ai edhe shprehet\u00a0 se kam \u00e7uar\u00a0 dor\u00eb prej tyre..?!<\/p>\n<p>Tjet\u00ebr , sipas gjitha parashikimeve- ky koalicion\u00a0 \u201c I gjer\u00eb vet\u00ebm n\u00eb\u00a0 fjal\u00eb..\u201d, shihet se nuk e ka jet\u00ebn e gjat\u00eb , dhe se \u00ebsht\u00eb totalisht\u00a0 i pa aft\u00eb dhe i pa \u00a0p\u00ebrgatitur p\u00ebr \u00a0t\u00eb udh\u00ebhequr\u00a0 n\u00eb aspektin kuadrovik\u00eb?!<\/p>\n<p>K\u00ebshtu p\u00ebr shembull- Dy partit\u00eb me m\u00eb s\u00eb shumti vota ; DPS dhe\u00a0 Forc\u00eb , nuk\u00a0 ishin n\u00eb gjendje , q\u00eb t\u2019i gjejn\u00eb\u00a0 7-8 veta(\u00a0 kuadro t\u00eb aft\u00eb) \u2013ose t\u00eb pakt\u00ebn\u00a0 q\u00eb t\u00eb plot\u00ebsonin an\u00ebn formale p\u00ebr udh\u00ebheqje me ligj. Por, \u00a0\u00a0nuk munden , t\u00eb siguronin as 6 a 7, as 5a 6, as 4-5 , as 3 a4\u00a0 e as 2a 1\u2026., o Zot \u2026<em><strong><u>as\u00a0 nj\u00eb\u2026-<\/u><\/strong><\/em>\u00a0bashk\u00eb\u00a0 me gjith\u00eb UDSH-n\u00eb e Mehmet Zenk\u00ebs . ..?! Po kujt dreqi \u2013 p\u00ebrve\u00e7 se atij(pra dreqit)\u2026, i duhen gj\u00eb k\u00ebta\u00a0<em><strong><u>q\u00eb as me ligje nuk jan\u00eb n\u00eb rregull?!<\/u><\/strong><\/em><\/p>\n<p>K\u00ebshtu, si jan\u00eb, \u00a0jan\u00eb kah qesin n\u00eb hall , jo vet\u00ebm partin\u00eb- por edhe \u201cinspekcijet..\u201d, q\u00eb besoj se shpejt , tesh po iu shohin sherrin..?!! \u00a0Nuk ma ha mendja , q\u00eb shteti , ka nevoj\u00eb t\u00eb shkel\u00eb ligjet p\u00ebr hat\u00ebr t\u00eb tyre\u2026, mos t\u2019iu mashtroj\u00eb shejtani lanet..?! KUJDES\u2026!!!<\/p>\n<p><em><strong>GJEKA\u00a0 FORMALISHT- ME KUADRO,\u00a0 DERI DIKU, \u00a0\u00cbSHT\u00cb P\u00cbR\u00a0\u00a0 MARSHALLAH\u2026?!!<\/strong><\/em><\/p>\n<p>T\u00eb pakt\u00ebn , n\u00eb aspektin formal- partia \u2013koalicioni i Gjek\u00ebs, edhe po \u00a0t\u2019i avullohet\u00a0 t\u00ebr\u00ebsisht kryesia dhe ky p\u00ebrs\u00ebri \u2013 gjen kuadro p\u00ebr t\u00eb formuar nj\u00eb qeveri t\u00eb t\u00ebr\u00eb lokale n\u00eb suaza ligjore. Andaj \u00ebsht\u00eb e moralshme , t\u00eb k\u00ebrkoj\u00eb zgjedhje t\u00eb reja.\u00a0 E \u00a0n\u00ebse\u00a0 partit\u00eb tjera , nuk\u00a0 e lejojn\u00eb(d\u00ebshirojn\u00eb \u00a0k\u00ebt\u00eb), kjo n\u00ebnkupton se i druhen mejdanit\u00a0 p\u00ebr momentin..?!!<\/p>\n<p>Dhe v\u00ebrtet\u00eb , k\u00ebshtu si\u00a0 shihet puna prej p\u00ebr anash- k\u00ebto t\u00eb DPSit- Forc\u00ebs\u00a0 dhe Udsh-s\u00eb, paskan pasur hall t\u00eb privatizojn\u00eb partit\u00eb dhe pushtetin- me an\u00ebtar\u00eb t\u00eb 5-6 familjeve dhe kaq e pat PUNA \u2013 LE T\u00cb DAL\u00cb\u00a0 BORO BASHOVIQI, SA T\u00cb DOJ\u00cb\u00a0 P\u00cbRJASHTA\u00a0\u00a0 KUVENDIT I REVOLTUAR P\u00cbR \u00a0K\u00cbT\u00cb PUN\u00cb?! SE \u00a0KA KUSH \u00a0HALLIN E TIJ: \u201c<strong>NJI HER\u00cb VJEN VERA KA DERA-<\/strong>\u00a0MORE BORO; POR\u00a0 MOS \u00a0K\u00cbRKO \u2013 \u00a0T\u00cb\u00a0 TA P\u00cbRKTHEJ- \u00a0SE\u00a0\u00a0 SHPREHJA , \u00a0KA KUPTIM\u00a0 VET\u00cbM N\u00cb ULQIN\u2026?!!<\/p>\n<p>&nbsp;<\/p>\n<p>&nbsp;<\/p>\n<p><a href=\"http:\/\/www.visit-ulcinj.com\/blog\/wp-content\/uploads\/2014\/11\/Muhamet-Nika.jpg\"><img loading=\"lazy\" class=\"alignleft wp-image-86143 size-thumbnail\" src=\"http:\/\/www.visit-ulcinj.com\/blog\/wp-content\/uploads\/2014\/11\/Muhamet-Nika-150x150.jpg\" alt=\"Muhamet Nika\" width=\"150\" height=\"150\" \/><\/a><strong>Sudski tuma\u010d- P\u00ebrkthyes gjyq\u00ebsor \u201c MUHAMET NIKA \u201d Ulcinj- Ulqin<\/strong><\/p>\n<p><strong>Adresa:<\/strong> zgrada SO ULCINJ- nd\u00ebrtesa e KK Ulqin<\/p>\n<p><strong>Telefon-i: <\/strong> 068 264 122<\/p>\n<p><strong>Email-i <\/strong>: <strong><a href=\"mailto:muhamet-nika@hotmail.com\">muhamet-nika@hotmail.com<\/a><\/strong><\/p>\n<p>Albanski jezik- prof. Albanskog jezika<\/p>\n<p>Gjuh\u00eb shqipe- prof. I gjuh\u00ebs shqipe<\/p>\n<p><strong>Pik\u00ebpamjet e shprehura n\u00eb faqen \u201cOPINIONE\u201d nuk p\u00ebrfaq\u00ebsojn\u00eb domosdoshm\u00ebrisht politik\u00ebn redaksionale t\u00eb \u201eLajmeve nga Ulqini\u201e<\/strong><\/p>\n","protected":false},"excerpt":{"rendered":"<p>Shkruan Muhamet Nika Pasi krijimin\u00a0 e k\u00ebtij koalicioni edhe un\u00eb si shumica e tjer\u00ebve , e kuptoj p\u00ebrve\u00e7\u00a0 tjerash\u00a0 edhe si nj\u00eb \u201cparad\u00eb ushtarake \u201c t\u00eb koh\u00ebs s\u00eb shkuar\u2026, kund\u00ebr koalicionit t\u00eb Gjek\u00ebs me G\u00ebzim Hajdinag\u00ebn , mbase do t\u00eb kish qen\u00eb m\u00eb e arsyeshme\u00a0 q\u00eb k\u00ebt\u00eb \u201c manov\u00ebr politik..\u201d, ta zbrisnin\u00a0 edhe n\u00eb rrafshin [&hellip;]<\/p>\n","protected":false},"author":1,"featured_media":0,"comment_status":"closed","ping_status":"closed","sticky":false,"template":"","format":"standard","meta":{"spay_email":"","jetpack_publicize_message":"","jetpack_is_tweetstorm":false,"jetpack_publicize_feature_enabled":true},"categories":[14249],"tags":[],"jetpack_publicize_connections":[],"yoast_head":"<!-- This site is optimized with the Yoast SEO plugin v19.1 - https:\/\/yoast.com\/wordpress\/plugins\/seo\/ -->\n<title>Nika: Forca \u201c i h\u00ebngri aleat\u00ebt...\u201d , si Bardhi - dhe shum\u00eb shpejt-ngjash\u00ebm , do haj\u00eb edhe vet\u00ebn...?!! - Lajme nga Ulqini<\/title>\n<meta name=\"description\" content=\"Shkruan Muhamet Nika Pasi krijimin\u00a0 e k\u00ebtij koalicioni edhe un\u00eb si shumica e tjer\u00ebve , e kuptoj p\u00ebrve\u00e7\u00a0 tjerash\u00a0 edhe si nj\u00eb \u201cparad\u00eb ushtarake \u201c t\u00eb koh\u00ebs\" \/>\n<meta name=\"robots\" content=\"index, follow, max-snippet:-1, max-image-preview:large, max-video-preview:-1\" \/>\n<link rel=\"canonical\" href=\"https:\/\/www.visit-ulcinj.com\/blog\/2016\/09\/14\/nika-forca-hengri-aleatet-si-bardhi-dhe-shume-shpejt-ngjashem-haje-edhe-veten\/\" \/>\n<meta property=\"og:locale\" content=\"en_US\" \/>\n<meta property=\"og:type\" content=\"article\" \/>\n<meta property=\"og:title\" content=\"Nika: Forca \u201c i h\u00ebngri aleat\u00ebt...\u201d , si Bardhi - dhe shum\u00eb shpejt-ngjash\u00ebm , do haj\u00eb edhe vet\u00ebn...?!! - Lajme nga Ulqini\" \/>\n<meta property=\"og:description\" content=\"Shkruan Muhamet Nika Pasi krijimin\u00a0 e k\u00ebtij koalicioni edhe un\u00eb si shumica e tjer\u00ebve , e kuptoj p\u00ebrve\u00e7\u00a0 tjerash\u00a0 edhe si nj\u00eb \u201cparad\u00eb ushtarake \u201c t\u00eb koh\u00ebs\" \/>\n<meta property=\"og:url\" content=\"https:\/\/www.visit-ulcinj.com\/blog\/2016\/09\/14\/nika-forca-hengri-aleatet-si-bardhi-dhe-shume-shpejt-ngjashem-haje-edhe-veten\/\" \/>\n<meta property=\"og:site_name\" content=\"Lajme nga Ulqini\" \/>\n<meta property=\"article:published_time\" content=\"2016-09-14T20:42:52+00:00\" \/>\n<meta property=\"article:modified_time\" content=\"2016-09-15T18:40:05+00:00\" \/>\n<meta property=\"og:image\" content=\"http:\/\/www.visit-ulcinj.com\/blog\/wp-content\/uploads\/2014\/11\/Muhamet-Nika-240x300.jpg\" \/>\n<meta name=\"twitter:label1\" content=\"Written by\" \/>\n\t<meta name=\"twitter:data1\" content=\"ulqini\" \/>\n\t<meta name=\"twitter:label2\" content=\"Est. reading time\" \/>\n\t<meta name=\"twitter:data2\" content=\"3 minutes\" \/>\n<script type=\"application\/ld+json\" class=\"yoast-schema-graph\">{\"@context\":\"https:\/\/schema.org\",\"@graph\":[{\"@type\":\"WebSite\",\"@id\":\"https:\/\/www.visit-ulcinj.com\/blog\/#website\",\"url\":\"https:\/\/www.visit-ulcinj.com\/blog\/\",\"name\":\"Lajme nga Ulqini\",\"description\":\"Lajme,Vijesti,Ulqini,Ulqin,Crna Gora,Mali i Zi\",\"potentialAction\":[{\"@type\":\"SearchAction\",\"target\":{\"@type\":\"EntryPoint\",\"urlTemplate\":\"https:\/\/www.visit-ulcinj.com\/blog\/?s={search_term_string}\"},\"query-input\":\"required name=search_term_string\"}],\"inLanguage\":\"en-US\"},{\"@type\":\"ImageObject\",\"inLanguage\":\"en-US\",\"@id\":\"https:\/\/www.visit-ulcinj.com\/blog\/2016\/09\/14\/nika-forca-hengri-aleatet-si-bardhi-dhe-shume-shpejt-ngjashem-haje-edhe-veten\/#primaryimage\",\"url\":\"https:\/\/www.visit-ulcinj.com\/blog\/wp-content\/uploads\/2014\/11\/Muhamet-Nika.jpg\",\"contentUrl\":\"https:\/\/www.visit-ulcinj.com\/blog\/wp-content\/uploads\/2014\/11\/Muhamet-Nika.jpg\",\"width\":256,\"height\":319},{\"@type\":\"WebPage\",\"@id\":\"https:\/\/www.visit-ulcinj.com\/blog\/2016\/09\/14\/nika-forca-hengri-aleatet-si-bardhi-dhe-shume-shpejt-ngjashem-haje-edhe-veten\/#webpage\",\"url\":\"https:\/\/www.visit-ulcinj.com\/blog\/2016\/09\/14\/nika-forca-hengri-aleatet-si-bardhi-dhe-shume-shpejt-ngjashem-haje-edhe-veten\/\",\"name\":\"Nika: Forca \u201c i h\u00ebngri aleat\u00ebt...\u201d , si Bardhi - dhe shum\u00eb shpejt-ngjash\u00ebm , do haj\u00eb edhe vet\u00ebn...?!! - Lajme nga Ulqini\",\"isPartOf\":{\"@id\":\"https:\/\/www.visit-ulcinj.com\/blog\/#website\"},\"primaryImageOfPage\":{\"@id\":\"https:\/\/www.visit-ulcinj.com\/blog\/2016\/09\/14\/nika-forca-hengri-aleatet-si-bardhi-dhe-shume-shpejt-ngjashem-haje-edhe-veten\/#primaryimage\"},\"datePublished\":\"2016-09-14T20:42:52+00:00\",\"dateModified\":\"2016-09-15T18:40:05+00:00\",\"author\":{\"@id\":\"https:\/\/www.visit-ulcinj.com\/blog\/#\/schema\/person\/dcab619c614d3038751c63bc2aadc06d\"},\"description\":\"Shkruan Muhamet Nika Pasi krijimin\u00a0 e k\u00ebtij koalicioni edhe un\u00eb si shumica e tjer\u00ebve , e kuptoj p\u00ebrve\u00e7\u00a0 tjerash\u00a0 edhe si nj\u00eb \u201cparad\u00eb ushtarake \u201c t\u00eb koh\u00ebs\",\"breadcrumb\":{\"@id\":\"https:\/\/www.visit-ulcinj.com\/blog\/2016\/09\/14\/nika-forca-hengri-aleatet-si-bardhi-dhe-shume-shpejt-ngjashem-haje-edhe-veten\/#breadcrumb\"},\"inLanguage\":\"en-US\",\"potentialAction\":[{\"@type\":\"ReadAction\",\"target\":[\"https:\/\/www.visit-ulcinj.com\/blog\/2016\/09\/14\/nika-forca-hengri-aleatet-si-bardhi-dhe-shume-shpejt-ngjashem-haje-edhe-veten\/\"]}]},{\"@type\":\"BreadcrumbList\",\"@id\":\"https:\/\/www.visit-ulcinj.com\/blog\/2016\/09\/14\/nika-forca-hengri-aleatet-si-bardhi-dhe-shume-shpejt-ngjashem-haje-edhe-veten\/#breadcrumb\",\"itemListElement\":[{\"@type\":\"ListItem\",\"position\":1,\"name\":\"Nika: Forca \u201c i h\u00ebngri aleat\u00ebt&#8230;\u201d , si Bardhi &#8211; dhe shum\u00eb shpejt-ngjash\u00ebm , do haj\u00eb edhe vet\u00ebn&#8230;?!!\"}]},{\"@type\":\"Person\",\"@id\":\"https:\/\/www.visit-ulcinj.com\/blog\/#\/schema\/person\/dcab619c614d3038751c63bc2aadc06d\",\"name\":\"ulqini\",\"sameAs\":[\"http:\/\/www.visit-ulcinj.com\"],\"url\":\"https:\/\/www.visit-ulcinj.com\/blog\/author\/admin\/\"}]}<\/script>\n<!-- \/ Yoast SEO plugin. -->","yoast_head_json":{"title":"Nika: Forca \u201c i h\u00ebngri aleat\u00ebt...\u201d , si Bardhi - dhe shum\u00eb shpejt-ngjash\u00ebm , do haj\u00eb edhe vet\u00ebn...?!! - Lajme nga Ulqini","description":"Shkruan Muhamet Nika Pasi krijimin\u00a0 e k\u00ebtij koalicioni edhe un\u00eb si shumica e tjer\u00ebve , e kuptoj p\u00ebrve\u00e7\u00a0 tjerash\u00a0 edhe si nj\u00eb \u201cparad\u00eb ushtarake \u201c t\u00eb koh\u00ebs","robots":{"index":"index","follow":"follow","max-snippet":"max-snippet:-1","max-image-preview":"max-image-preview:large","max-video-preview":"max-video-preview:-1"},"canonical":"https:\/\/www.visit-ulcinj.com\/blog\/2016\/09\/14\/nika-forca-hengri-aleatet-si-bardhi-dhe-shume-shpejt-ngjashem-haje-edhe-veten\/","og_locale":"en_US","og_type":"article","og_title":"Nika: Forca \u201c i h\u00ebngri aleat\u00ebt...\u201d , si Bardhi - dhe shum\u00eb shpejt-ngjash\u00ebm , do haj\u00eb edhe vet\u00ebn...?!! - Lajme nga Ulqini","og_description":"Shkruan Muhamet Nika Pasi krijimin\u00a0 e k\u00ebtij koalicioni edhe un\u00eb si shumica e tjer\u00ebve , e kuptoj p\u00ebrve\u00e7\u00a0 tjerash\u00a0 edhe si nj\u00eb \u201cparad\u00eb ushtarake \u201c t\u00eb koh\u00ebs","og_url":"https:\/\/www.visit-ulcinj.com\/blog\/2016\/09\/14\/nika-forca-hengri-aleatet-si-bardhi-dhe-shume-shpejt-ngjashem-haje-edhe-veten\/","og_site_name":"Lajme nga Ulqini","article_published_time":"2016-09-14T20:42:52+00:00","article_modified_time":"2016-09-15T18:40:05+00:00","og_image":[{"url":"http:\/\/www.visit-ulcinj.com\/blog\/wp-content\/uploads\/2014\/11\/Muhamet-Nika-240x300.jpg"}],"twitter_misc":{"Written by":"ulqini","Est. reading time":"3 minutes"},"schema":{"@context":"https:\/\/schema.org","@graph":[{"@type":"WebSite","@id":"https:\/\/www.visit-ulcinj.com\/blog\/#website","url":"https:\/\/www.visit-ulcinj.com\/blog\/","name":"Lajme nga Ulqini","description":"Lajme,Vijesti,Ulqini,Ulqin,Crna Gora,Mali i Zi","potentialAction":[{"@type":"SearchAction","target":{"@type":"EntryPoint","urlTemplate":"https:\/\/www.visit-ulcinj.com\/blog\/?s={search_term_string}"},"query-input":"required name=search_term_string"}],"inLanguage":"en-US"},{"@type":"ImageObject","inLanguage":"en-US","@id":"https:\/\/www.visit-ulcinj.com\/blog\/2016\/09\/14\/nika-forca-hengri-aleatet-si-bardhi-dhe-shume-shpejt-ngjashem-haje-edhe-veten\/#primaryimage","url":"https:\/\/www.visit-ulcinj.com\/blog\/wp-content\/uploads\/2014\/11\/Muhamet-Nika.jpg","contentUrl":"https:\/\/www.visit-ulcinj.com\/blog\/wp-content\/uploads\/2014\/11\/Muhamet-Nika.jpg","width":256,"height":319},{"@type":"WebPage","@id":"https:\/\/www.visit-ulcinj.com\/blog\/2016\/09\/14\/nika-forca-hengri-aleatet-si-bardhi-dhe-shume-shpejt-ngjashem-haje-edhe-veten\/#webpage","url":"https:\/\/www.visit-ulcinj.com\/blog\/2016\/09\/14\/nika-forca-hengri-aleatet-si-bardhi-dhe-shume-shpejt-ngjashem-haje-edhe-veten\/","name":"Nika: Forca \u201c i h\u00ebngri aleat\u00ebt...\u201d , si Bardhi - dhe shum\u00eb shpejt-ngjash\u00ebm , do haj\u00eb edhe vet\u00ebn...?!! - Lajme nga Ulqini","isPartOf":{"@id":"https:\/\/www.visit-ulcinj.com\/blog\/#website"},"primaryImageOfPage":{"@id":"https:\/\/www.visit-ulcinj.com\/blog\/2016\/09\/14\/nika-forca-hengri-aleatet-si-bardhi-dhe-shume-shpejt-ngjashem-haje-edhe-veten\/#primaryimage"},"datePublished":"2016-09-14T20:42:52+00:00","dateModified":"2016-09-15T18:40:05+00:00","author":{"@id":"https:\/\/www.visit-ulcinj.com\/blog\/#\/schema\/person\/dcab619c614d3038751c63bc2aadc06d"},"description":"Shkruan Muhamet Nika Pasi krijimin\u00a0 e k\u00ebtij koalicioni edhe un\u00eb si shumica e tjer\u00ebve , e kuptoj p\u00ebrve\u00e7\u00a0 tjerash\u00a0 edhe si nj\u00eb \u201cparad\u00eb ushtarake \u201c t\u00eb koh\u00ebs","breadcrumb":{"@id":"https:\/\/www.visit-ulcinj.com\/blog\/2016\/09\/14\/nika-forca-hengri-aleatet-si-bardhi-dhe-shume-shpejt-ngjashem-haje-edhe-veten\/#breadcrumb"},"inLanguage":"en-US","potentialAction":[{"@type":"ReadAction","target":["https:\/\/www.visit-ulcinj.com\/blog\/2016\/09\/14\/nika-forca-hengri-aleatet-si-bardhi-dhe-shume-shpejt-ngjashem-haje-edhe-veten\/"]}]},{"@type":"BreadcrumbList","@id":"https:\/\/www.visit-ulcinj.com\/blog\/2016\/09\/14\/nika-forca-hengri-aleatet-si-bardhi-dhe-shume-shpejt-ngjashem-haje-edhe-veten\/#breadcrumb","itemListElement":[{"@type":"ListItem","position":1,"name":"Nika: Forca \u201c i h\u00ebngri aleat\u00ebt&#8230;\u201d , si Bardhi &#8211; dhe shum\u00eb shpejt-ngjash\u00ebm , do haj\u00eb edhe vet\u00ebn&#8230;?!!"}]},{"@type":"Person","@id":"https:\/\/www.visit-ulcinj.com\/blog\/#\/schema\/person\/dcab619c614d3038751c63bc2aadc06d","name":"ulqini","sameAs":["http:\/\/www.visit-ulcinj.com"],"url":"https:\/\/www.visit-ulcinj.com\/blog\/author\/admin\/"}]}},"jetpack_featured_media_url":"","jetpack_sharing_enabled":true,"jetpack_shortlink":"https:\/\/wp.me\/pe6lTn-pVP","_links":{"self":[{"href":"https:\/\/www.visit-ulcinj.com\/blog\/wp-json\/wp\/v2\/posts\/99685"}],"collection":[{"href":"https:\/\/www.visit-ulcinj.com\/blog\/wp-json\/wp\/v2\/posts"}],"about":[{"href":"https:\/\/www.visit-ulcinj.com\/blog\/wp-json\/wp\/v2\/types\/post"}],"author":[{"embeddable":true,"href":"https:\/\/www.visit-ulcinj.com\/blog\/wp-json\/wp\/v2\/users\/1"}],"replies":[{"embeddable":true,"href":"https:\/\/www.visit-ulcinj.com\/blog\/wp-json\/wp\/v2\/comments?post=99685"}],"version-history":[{"count":3,"href":"https:\/\/www.visit-ulcinj.com\/blog\/wp-json\/wp\/v2\/posts\/99685\/revisions"}],"predecessor-version":[{"id":99709,"href":"https:\/\/www.visit-ulcinj.com\/blog\/wp-json\/wp\/v2\/posts\/99685\/revisions\/99709"}],"wp:attachment":[{"href":"https:\/\/www.visit-ulcinj.com\/blog\/wp-json\/wp\/v2\/media?parent=99685"}],"wp:term":[{"taxonomy":"category","embeddable":true,"href":"https:\/\/www.visit-ulcinj.com\/blog\/wp-json\/wp\/v2\/categories?post=99685"},{"taxonomy":"post_tag","embeddable":true,"href":"https:\/\/www.visit-ulcinj.com\/blog\/wp-json\/wp\/v2\/tags?post=99685"}],"curies":[{"name":"wp","href":"https:\/\/api.w.org\/{rel}","templated":true}]}}