{"id":9969,"date":"2009-01-28T19:04:50","date_gmt":"2009-01-28T18:04:50","guid":{"rendered":"http:\/\/www.visit-ulcinj.com\/blog\/?p=9969"},"modified":"2009-02-01T15:17:51","modified_gmt":"2009-02-01T14:17:51","slug":"ministri-i-jashtem-i-malit-te-zi-rocen-%e2%80%9cparlamenti-ka-nje-rol-te-posacem-ne-ceshtjet-strategjike%e2%80%9d","status":"publish","type":"post","link":"https:\/\/www.visit-ulcinj.com\/blog\/2009\/01\/28\/ministri-i-jashtem-i-malit-te-zi-rocen-%e2%80%9cparlamenti-ka-nje-rol-te-posacem-ne-ceshtjet-strategjike%e2%80%9d\/","title":{"rendered":"Ministri i jasht\u00ebm i Malit t\u00eb Zi, Rocen: \u201cParlamenti ka nj\u00eb rol t\u00eb posa\u00e7\u00ebm n\u00eb \u00e7\u00ebshtjet strategjike\u201d &#8211; Video"},"content":{"rendered":"<p><a rel=\"attachment wp-att-9970\" href=\"http:\/\/www.visit-ulcinj.com\/blog\/2009\/01\/28\/ministri-i-jashtem-i-malit-te-zi-rocen-%e2%80%9cparlamenti-ka-nje-rol-te-posacem-ne-ceshtjet-strategjike%e2%80%9d\/jozefina-topalli_milan-rocen_\/\"><img loading=\"lazy\" class=\"alignleft size-full wp-image-9970\" title=\"jozefina-topalli_milan-rocen_\" src=\"http:\/\/www.visit-ulcinj.com\/blog\/wp-content\/uploads\/2009\/01\/jozefina-topalli_milan-rocen_.jpg\" alt=\"jozefina-topalli_milan-rocen_\" width=\"570\" height=\"400\" \/><\/a>Politika e jashtme e Shqip\u00ebris\u00eb dhe e Malit t\u00eb Zi, q\u00eb\u00a0 konvergon n\u00eb objektivat e p\u00ebrbashk\u00ebta integruese, ishin tem\u00eb e bised\u00ebs mes Kryetares s\u00eb Kuvendit dhe delegacionit q\u00eb e shoq\u00ebronte, n\u00eb takimin me Ministrin e Jasht\u00ebm t\u00eb Malit t\u00eb Zi, Milan Rocen.<\/p>\n<p>N\u00eb nj\u00eb koh\u00eb q\u00eb Shqip\u00ebria sapo ka p\u00ebrfunduar ratifikimin e MSA-s\u00eb nga t\u00eb gjitha vendet an\u00ebtare t\u00eb BE-s\u00eb, Mali i Zi \u00ebsht\u00eb ende n\u00eb proces. Nd\u00ebrsa p\u00ebrsa i p\u00ebrket an\u00ebtar\u00ebsimit n\u00eb NATO-s, vendi fqinj \u00ebsht\u00eb p\u00ebrfshir\u00eb n\u00eb projektin e ri t\u00eb Kart\u00ebs s\u00eb Adriatikut, A3+2 s\u00eb bashku me Bosnj\u00eb-Hercegovin\u00ebn.<\/p>\n<p>&#8221; Ne, tha zoti Rocen presim mb\u00ebshtetjen tuaj n\u00eb k\u00ebt\u00eb projekt t\u00eb ri t\u00eb Aleanc\u00ebs dhe po ashtu do t\u00eb k\u00ebrkonim t\u00eb na p\u00ebrcillnit p\u00ebrvoj\u00ebn tuaj n\u00eb rrug\u00ebn e integrimit Euro-Atlantik. Shqip\u00ebria ka treguar se ka kapacitet t\u00eb plot\u00eb p\u00ebr t\u2019ju p\u00ebrgjigjur t\u00eb gjitha sfidave.<\/p>\n<p>Lidhur me \u00e7\u00ebshtjet strategjike, vijoi ai, parlamenti ka nj\u00eb rol t\u00eb posa\u00e7\u00ebm, dhe un\u00eb ju p\u00ebrg\u00ebzoj p\u00ebr p\u00ebrmbylljen\u00a0 e ratifikimit t\u00eb MSA-s\u00eb ashtu edhe p\u00ebr p\u00ebrshpejtimin e ratifikimit t\u00eb Protokollit t\u00eb NATO-s.<\/p>\n<p>Nga ana e saj Kryetarja e Kuvendit, pasi siguroi ministrin Rocen p\u00ebr mb\u00ebshtetjen e plot\u00eb t\u00eb Shqip\u00ebris\u00eb p\u00ebr Malin\u00a0 e Zi n\u00eb rrug\u00ebn e tij t\u00eb integrimit, n\u00ebnvizoi prioritetet e Qeveris\u00eb dhe Parlamentit Shqiptar, duke u ndalur n\u00eb \u00e7\u00ebshtjen e liberalizimit t\u00eb vizave.<\/p>\n<p>&#8220;N\u00eb vitin e par\u00eb t\u00eb mandatit ton\u00eb t\u00eb dyt\u00eb,- tha Kryetarja e Kuvendit, besoj se do t\u00eb foto28 mund\u00ebsojm\u00eb l\u00ebvizjen e lir\u00eb t\u00eb qytetar\u00ebve , dhe p\u00ebr k\u00ebt\u00eb q\u00ebllim jemi t\u00eb vendosur t\u00eb p\u00ebrmbyllim sa m\u00eb shpejt procesin e nisur t\u00eb\u00a0 paisjes s\u00eb qytetar\u00ebve me Karta Identiteti.&#8221;<\/p>\n<p>Duke u ndalur n\u00eb \u00e7\u00ebshtjen e Kosov\u00ebs, Ministri Rocen tha se Mali i Zi ka intensifikuar kontaktet zyrtare mes Podgoric\u00ebs dhe Kosov\u00ebs dhe ka rritur nivelin e shk\u00ebmbimeve t\u00eb vizitave mes dy vendeve.<\/p>\n<p>Biseda, m\u00eb tej u ndal n\u00eb zhvillimet n\u00eb rajon dhe n\u00eb momentet e r\u00ebnd\u00ebsishme q\u00eb secili prej vendeve po kalon duke orientuar Ballkanin Per\u00ebndimor n\u00eb nj\u00eb perspektiv\u00eb t\u00eb qart\u00eb euro-Atlantike.<br \/>\n<strong><br \/>\nParlament.al\/ Press<\/strong><br \/>\n\n\t\t<style type=\"text\/css\">\n\t\t\t#gallery-1 {\n\t\t\t\tmargin: auto;\n\t\t\t}\n\t\t\t#gallery-1 .gallery-item {\n\t\t\t\tfloat: left;\n\t\t\t\tmargin-top: 10px;\n\t\t\t\ttext-align: center;\n\t\t\t\twidth: 33%;\n\t\t\t}\n\t\t\t#gallery-1 img {\n\t\t\t\tborder: 2px solid #cfcfcf;\n\t\t\t}\n\t\t\t#gallery-1 .gallery-caption {\n\t\t\t\tmargin-left: 0;\n\t\t\t}\n\t\t\t\/* see gallery_shortcode() in wp-includes\/media.php *\/\n\t\t<\/style>\n\t\t<div id='gallery-1' class='gallery galleryid-9969 gallery-columns-3 gallery-size-thumbnail'><dl class='gallery-item'>\n\t\t\t<dt class='gallery-icon landscape'>\n\t\t\t\t<a href='https:\/\/www.visit-ulcinj.com\/blog\/wp-content\/uploads\/2009\/01\/jozefina-topalli_milan-rocen_.jpg'><img width=\"150\" height=\"150\" src=\"https:\/\/www.visit-ulcinj.com\/blog\/wp-content\/uploads\/2009\/01\/jozefina-topalli_milan-rocen_-150x150.jpg\" class=\"attachment-thumbnail size-thumbnail\" alt=\"\" loading=\"lazy\" \/><\/a>\n\t\t\t<\/dt><\/dl><dl class='gallery-item'>\n\t\t\t<dt class='gallery-icon landscape'>\n\t\t\t\t<a href='https:\/\/www.visit-ulcinj.com\/blog\/wp-content\/uploads\/2009\/01\/jozefina-topalli_milan-rocen.jpg'><img width=\"150\" height=\"150\" src=\"https:\/\/www.visit-ulcinj.com\/blog\/wp-content\/uploads\/2009\/01\/jozefina-topalli_milan-rocen-150x150.jpg\" class=\"attachment-thumbnail size-thumbnail\" alt=\"\" loading=\"lazy\" \/><\/a>\n\t\t\t<\/dt><\/dl><dl class='gallery-item'>\n\t\t\t<dt class='gallery-icon landscape'>\n\t\t\t\t<a href='https:\/\/www.visit-ulcinj.com\/blog\/wp-content\/uploads\/2009\/01\/jozefina-topalli_milan-rocen_1.jpg'><img width=\"150\" height=\"150\" src=\"https:\/\/www.visit-ulcinj.com\/blog\/wp-content\/uploads\/2009\/01\/jozefina-topalli_milan-rocen_1-150x150.jpg\" class=\"attachment-thumbnail size-thumbnail\" alt=\"\" loading=\"lazy\" \/><\/a>\n\t\t\t<\/dt><\/dl><br style=\"clear: both\" \/>\n\t\t<\/div>\n<\/p>\n<!--YouTube Error: bad URL entered-->\n","protected":false},"excerpt":{"rendered":"<p>Politika e jashtme e Shqip\u00ebris\u00eb dhe e Malit t\u00eb Zi, q\u00eb\u00a0 konvergon n\u00eb objektivat e p\u00ebrbashk\u00ebta integruese, ishin tem\u00eb e bised\u00ebs mes Kryetares s\u00eb Kuvendit dhe delegacionit q\u00eb e shoq\u00ebronte, n\u00eb takimin me Ministrin e Jasht\u00ebm t\u00eb Malit t\u00eb Zi, Milan Rocen. N\u00eb nj\u00eb koh\u00eb q\u00eb Shqip\u00ebria sapo ka p\u00ebrfunduar ratifikimin e MSA-s\u00eb nga t\u00eb [&hellip;]<\/p>\n","protected":false},"author":1,"featured_media":0,"comment_status":"open","ping_status":"closed","sticky":false,"template":"","format":"standard","meta":{"spay_email":"","jetpack_publicize_message":"","jetpack_is_tweetstorm":false,"jetpack_publicize_feature_enabled":true},"categories":[6],"tags":[6168,6166,3860,6163,6167,6165,6164],"jetpack_publicize_connections":[],"yoast_head":"<!-- This site is optimized with the Yoast SEO plugin v19.1 - https:\/\/yoast.com\/wordpress\/plugins\/seo\/ -->\n<title>Ministri i jasht\u00ebm i Malit t\u00eb Zi, Rocen: \u201cParlamenti ka nj\u00eb rol t\u00eb posa\u00e7\u00ebm n\u00eb \u00e7\u00ebshtjet strategjike\u201d - Video - Lajme nga Ulqini<\/title>\n<meta name=\"description\" content=\"Politika e jashtme e Shqip\u00ebris\u00eb dhe e Malit t\u00eb Zi, q\u00eb\u00a0 konvergon n\u00eb objektivat e p\u00ebrbashk\u00ebta integruese, ishin tem\u00eb e bised\u00ebs mes Kryetares s\u00eb Kuvendit\" \/>\n<meta name=\"robots\" content=\"index, follow, max-snippet:-1, max-image-preview:large, max-video-preview:-1\" \/>\n<link rel=\"canonical\" href=\"https:\/\/www.visit-ulcinj.com\/blog\/2009\/01\/28\/ministri-i-jashtem-i-malit-te-zi-rocen-\u201cparlamenti-ka-nje-rol-te-posacem-ne-ceshtjet-strategjike\u201d\/\" \/>\n<meta property=\"og:locale\" content=\"en_US\" \/>\n<meta property=\"og:type\" content=\"article\" \/>\n<meta property=\"og:title\" content=\"Ministri i jasht\u00ebm i Malit t\u00eb Zi, Rocen: \u201cParlamenti ka nj\u00eb rol t\u00eb posa\u00e7\u00ebm n\u00eb \u00e7\u00ebshtjet strategjike\u201d - Video - Lajme nga Ulqini\" \/>\n<meta property=\"og:description\" content=\"Politika e jashtme e Shqip\u00ebris\u00eb dhe e Malit t\u00eb Zi, q\u00eb\u00a0 konvergon n\u00eb objektivat e p\u00ebrbashk\u00ebta integruese, ishin tem\u00eb e bised\u00ebs mes Kryetares s\u00eb Kuvendit\" \/>\n<meta property=\"og:url\" content=\"https:\/\/www.visit-ulcinj.com\/blog\/2009\/01\/28\/ministri-i-jashtem-i-malit-te-zi-rocen-\u201cparlamenti-ka-nje-rol-te-posacem-ne-ceshtjet-strategjike\u201d\/\" \/>\n<meta property=\"og:site_name\" content=\"Lajme nga Ulqini\" \/>\n<meta property=\"article:published_time\" content=\"2009-01-28T18:04:50+00:00\" \/>\n<meta property=\"article:modified_time\" content=\"2009-02-01T14:17:51+00:00\" \/>\n<meta property=\"og:image\" content=\"https:\/\/www.visit-ulcinj.com\/blog\/wp-content\/uploads\/2009\/01\/jozefina-topalli_milan-rocen_-150x150.jpg\" \/>\n<meta name=\"twitter:label1\" content=\"Written by\" \/>\n\t<meta name=\"twitter:data1\" content=\"ulqini\" \/>\n\t<meta name=\"twitter:label2\" content=\"Est. reading time\" \/>\n\t<meta name=\"twitter:data2\" content=\"2 minutes\" \/>\n<script type=\"application\/ld+json\" class=\"yoast-schema-graph\">{\"@context\":\"https:\/\/schema.org\",\"@graph\":[{\"@type\":\"WebSite\",\"@id\":\"https:\/\/www.visit-ulcinj.com\/blog\/#website\",\"url\":\"https:\/\/www.visit-ulcinj.com\/blog\/\",\"name\":\"Lajme nga Ulqini\",\"description\":\"Lajme,Vijesti,Ulqini,Ulqin,Crna Gora,Mali i Zi\",\"potentialAction\":[{\"@type\":\"SearchAction\",\"target\":{\"@type\":\"EntryPoint\",\"urlTemplate\":\"https:\/\/www.visit-ulcinj.com\/blog\/?s={search_term_string}\"},\"query-input\":\"required name=search_term_string\"}],\"inLanguage\":\"en-US\"},{\"@type\":\"ImageObject\",\"inLanguage\":\"en-US\",\"@id\":\"https:\/\/www.visit-ulcinj.com\/blog\/2009\/01\/28\/ministri-i-jashtem-i-malit-te-zi-rocen-%e2%80%9cparlamenti-ka-nje-rol-te-posacem-ne-ceshtjet-strategjike%e2%80%9d\/#primaryimage\",\"url\":\"https:\/\/www.visit-ulcinj.com\/blog\/wp-content\/uploads\/2009\/01\/jozefina-topalli_milan-rocen_.jpg\",\"contentUrl\":\"https:\/\/www.visit-ulcinj.com\/blog\/wp-content\/uploads\/2009\/01\/jozefina-topalli_milan-rocen_.jpg\",\"width\":\"640\",\"height\":\"499\"},{\"@type\":\"WebPage\",\"@id\":\"https:\/\/www.visit-ulcinj.com\/blog\/2009\/01\/28\/ministri-i-jashtem-i-malit-te-zi-rocen-%e2%80%9cparlamenti-ka-nje-rol-te-posacem-ne-ceshtjet-strategjike%e2%80%9d\/#webpage\",\"url\":\"https:\/\/www.visit-ulcinj.com\/blog\/2009\/01\/28\/ministri-i-jashtem-i-malit-te-zi-rocen-%e2%80%9cparlamenti-ka-nje-rol-te-posacem-ne-ceshtjet-strategjike%e2%80%9d\/\",\"name\":\"Ministri i jasht\u00ebm i Malit t\u00eb Zi, Rocen: \u201cParlamenti ka nj\u00eb rol t\u00eb posa\u00e7\u00ebm n\u00eb \u00e7\u00ebshtjet strategjike\u201d - Video - Lajme nga Ulqini\",\"isPartOf\":{\"@id\":\"https:\/\/www.visit-ulcinj.com\/blog\/#website\"},\"primaryImageOfPage\":{\"@id\":\"https:\/\/www.visit-ulcinj.com\/blog\/2009\/01\/28\/ministri-i-jashtem-i-malit-te-zi-rocen-%e2%80%9cparlamenti-ka-nje-rol-te-posacem-ne-ceshtjet-strategjike%e2%80%9d\/#primaryimage\"},\"datePublished\":\"2009-01-28T18:04:50+00:00\",\"dateModified\":\"2009-02-01T14:17:51+00:00\",\"author\":{\"@id\":\"https:\/\/www.visit-ulcinj.com\/blog\/#\/schema\/person\/dcab619c614d3038751c63bc2aadc06d\"},\"description\":\"Politika e jashtme e Shqip\u00ebris\u00eb dhe e Malit t\u00eb Zi, q\u00eb\u00a0 konvergon n\u00eb objektivat e p\u00ebrbashk\u00ebta integruese, ishin tem\u00eb e bised\u00ebs mes Kryetares s\u00eb Kuvendit\",\"breadcrumb\":{\"@id\":\"https:\/\/www.visit-ulcinj.com\/blog\/2009\/01\/28\/ministri-i-jashtem-i-malit-te-zi-rocen-%e2%80%9cparlamenti-ka-nje-rol-te-posacem-ne-ceshtjet-strategjike%e2%80%9d\/#breadcrumb\"},\"inLanguage\":\"en-US\",\"potentialAction\":[{\"@type\":\"ReadAction\",\"target\":[\"https:\/\/www.visit-ulcinj.com\/blog\/2009\/01\/28\/ministri-i-jashtem-i-malit-te-zi-rocen-%e2%80%9cparlamenti-ka-nje-rol-te-posacem-ne-ceshtjet-strategjike%e2%80%9d\/\"]}]},{\"@type\":\"BreadcrumbList\",\"@id\":\"https:\/\/www.visit-ulcinj.com\/blog\/2009\/01\/28\/ministri-i-jashtem-i-malit-te-zi-rocen-%e2%80%9cparlamenti-ka-nje-rol-te-posacem-ne-ceshtjet-strategjike%e2%80%9d\/#breadcrumb\",\"itemListElement\":[{\"@type\":\"ListItem\",\"position\":1,\"name\":\"Ministri i jasht\u00ebm i Malit t\u00eb Zi, Rocen: \u201cParlamenti ka nj\u00eb rol t\u00eb posa\u00e7\u00ebm n\u00eb \u00e7\u00ebshtjet strategjike\u201d &#8211; Video\"}]},{\"@type\":\"Person\",\"@id\":\"https:\/\/www.visit-ulcinj.com\/blog\/#\/schema\/person\/dcab619c614d3038751c63bc2aadc06d\",\"name\":\"ulqini\",\"sameAs\":[\"http:\/\/www.visit-ulcinj.com\"],\"url\":\"https:\/\/www.visit-ulcinj.com\/blog\/author\/admin\/\"}]}<\/script>\n<!-- \/ Yoast SEO plugin. -->","yoast_head_json":{"title":"Ministri i jasht\u00ebm i Malit t\u00eb Zi, Rocen: \u201cParlamenti ka nj\u00eb rol t\u00eb posa\u00e7\u00ebm n\u00eb \u00e7\u00ebshtjet strategjike\u201d - Video - Lajme nga Ulqini","description":"Politika e jashtme e Shqip\u00ebris\u00eb dhe e Malit t\u00eb Zi, q\u00eb\u00a0 konvergon n\u00eb objektivat e p\u00ebrbashk\u00ebta integruese, ishin tem\u00eb e bised\u00ebs mes Kryetares s\u00eb Kuvendit","robots":{"index":"index","follow":"follow","max-snippet":"max-snippet:-1","max-image-preview":"max-image-preview:large","max-video-preview":"max-video-preview:-1"},"canonical":"https:\/\/www.visit-ulcinj.com\/blog\/2009\/01\/28\/ministri-i-jashtem-i-malit-te-zi-rocen-\u201cparlamenti-ka-nje-rol-te-posacem-ne-ceshtjet-strategjike\u201d\/","og_locale":"en_US","og_type":"article","og_title":"Ministri i jasht\u00ebm i Malit t\u00eb Zi, Rocen: \u201cParlamenti ka nj\u00eb rol t\u00eb posa\u00e7\u00ebm n\u00eb \u00e7\u00ebshtjet strategjike\u201d - Video - Lajme nga Ulqini","og_description":"Politika e jashtme e Shqip\u00ebris\u00eb dhe e Malit t\u00eb Zi, q\u00eb\u00a0 konvergon n\u00eb objektivat e p\u00ebrbashk\u00ebta integruese, ishin tem\u00eb e bised\u00ebs mes Kryetares s\u00eb Kuvendit","og_url":"https:\/\/www.visit-ulcinj.com\/blog\/2009\/01\/28\/ministri-i-jashtem-i-malit-te-zi-rocen-\u201cparlamenti-ka-nje-rol-te-posacem-ne-ceshtjet-strategjike\u201d\/","og_site_name":"Lajme nga Ulqini","article_published_time":"2009-01-28T18:04:50+00:00","article_modified_time":"2009-02-01T14:17:51+00:00","og_image":[{"url":"https:\/\/www.visit-ulcinj.com\/blog\/wp-content\/uploads\/2009\/01\/jozefina-topalli_milan-rocen_-150x150.jpg"}],"twitter_misc":{"Written by":"ulqini","Est. reading time":"2 minutes"},"schema":{"@context":"https:\/\/schema.org","@graph":[{"@type":"WebSite","@id":"https:\/\/www.visit-ulcinj.com\/blog\/#website","url":"https:\/\/www.visit-ulcinj.com\/blog\/","name":"Lajme nga Ulqini","description":"Lajme,Vijesti,Ulqini,Ulqin,Crna Gora,Mali i Zi","potentialAction":[{"@type":"SearchAction","target":{"@type":"EntryPoint","urlTemplate":"https:\/\/www.visit-ulcinj.com\/blog\/?s={search_term_string}"},"query-input":"required name=search_term_string"}],"inLanguage":"en-US"},{"@type":"ImageObject","inLanguage":"en-US","@id":"https:\/\/www.visit-ulcinj.com\/blog\/2009\/01\/28\/ministri-i-jashtem-i-malit-te-zi-rocen-%e2%80%9cparlamenti-ka-nje-rol-te-posacem-ne-ceshtjet-strategjike%e2%80%9d\/#primaryimage","url":"https:\/\/www.visit-ulcinj.com\/blog\/wp-content\/uploads\/2009\/01\/jozefina-topalli_milan-rocen_.jpg","contentUrl":"https:\/\/www.visit-ulcinj.com\/blog\/wp-content\/uploads\/2009\/01\/jozefina-topalli_milan-rocen_.jpg","width":"640","height":"499"},{"@type":"WebPage","@id":"https:\/\/www.visit-ulcinj.com\/blog\/2009\/01\/28\/ministri-i-jashtem-i-malit-te-zi-rocen-%e2%80%9cparlamenti-ka-nje-rol-te-posacem-ne-ceshtjet-strategjike%e2%80%9d\/#webpage","url":"https:\/\/www.visit-ulcinj.com\/blog\/2009\/01\/28\/ministri-i-jashtem-i-malit-te-zi-rocen-%e2%80%9cparlamenti-ka-nje-rol-te-posacem-ne-ceshtjet-strategjike%e2%80%9d\/","name":"Ministri i jasht\u00ebm i Malit t\u00eb Zi, Rocen: \u201cParlamenti ka nj\u00eb rol t\u00eb posa\u00e7\u00ebm n\u00eb \u00e7\u00ebshtjet strategjike\u201d - Video - Lajme nga Ulqini","isPartOf":{"@id":"https:\/\/www.visit-ulcinj.com\/blog\/#website"},"primaryImageOfPage":{"@id":"https:\/\/www.visit-ulcinj.com\/blog\/2009\/01\/28\/ministri-i-jashtem-i-malit-te-zi-rocen-%e2%80%9cparlamenti-ka-nje-rol-te-posacem-ne-ceshtjet-strategjike%e2%80%9d\/#primaryimage"},"datePublished":"2009-01-28T18:04:50+00:00","dateModified":"2009-02-01T14:17:51+00:00","author":{"@id":"https:\/\/www.visit-ulcinj.com\/blog\/#\/schema\/person\/dcab619c614d3038751c63bc2aadc06d"},"description":"Politika e jashtme e Shqip\u00ebris\u00eb dhe e Malit t\u00eb Zi, q\u00eb\u00a0 konvergon n\u00eb objektivat e p\u00ebrbashk\u00ebta integruese, ishin tem\u00eb e bised\u00ebs mes Kryetares s\u00eb Kuvendit","breadcrumb":{"@id":"https:\/\/www.visit-ulcinj.com\/blog\/2009\/01\/28\/ministri-i-jashtem-i-malit-te-zi-rocen-%e2%80%9cparlamenti-ka-nje-rol-te-posacem-ne-ceshtjet-strategjike%e2%80%9d\/#breadcrumb"},"inLanguage":"en-US","potentialAction":[{"@type":"ReadAction","target":["https:\/\/www.visit-ulcinj.com\/blog\/2009\/01\/28\/ministri-i-jashtem-i-malit-te-zi-rocen-%e2%80%9cparlamenti-ka-nje-rol-te-posacem-ne-ceshtjet-strategjike%e2%80%9d\/"]}]},{"@type":"BreadcrumbList","@id":"https:\/\/www.visit-ulcinj.com\/blog\/2009\/01\/28\/ministri-i-jashtem-i-malit-te-zi-rocen-%e2%80%9cparlamenti-ka-nje-rol-te-posacem-ne-ceshtjet-strategjike%e2%80%9d\/#breadcrumb","itemListElement":[{"@type":"ListItem","position":1,"name":"Ministri i jasht\u00ebm i Malit t\u00eb Zi, Rocen: \u201cParlamenti ka nj\u00eb rol t\u00eb posa\u00e7\u00ebm n\u00eb \u00e7\u00ebshtjet strategjike\u201d &#8211; Video"}]},{"@type":"Person","@id":"https:\/\/www.visit-ulcinj.com\/blog\/#\/schema\/person\/dcab619c614d3038751c63bc2aadc06d","name":"ulqini","sameAs":["http:\/\/www.visit-ulcinj.com"],"url":"https:\/\/www.visit-ulcinj.com\/blog\/author\/admin\/"}]}},"jetpack_featured_media_url":"","jetpack_sharing_enabled":true,"jetpack_shortlink":"https:\/\/wp.me\/pe6lTn-2AN","_links":{"self":[{"href":"https:\/\/www.visit-ulcinj.com\/blog\/wp-json\/wp\/v2\/posts\/9969"}],"collection":[{"href":"https:\/\/www.visit-ulcinj.com\/blog\/wp-json\/wp\/v2\/posts"}],"about":[{"href":"https:\/\/www.visit-ulcinj.com\/blog\/wp-json\/wp\/v2\/types\/post"}],"author":[{"embeddable":true,"href":"https:\/\/www.visit-ulcinj.com\/blog\/wp-json\/wp\/v2\/users\/1"}],"replies":[{"embeddable":true,"href":"https:\/\/www.visit-ulcinj.com\/blog\/wp-json\/wp\/v2\/comments?post=9969"}],"version-history":[{"count":0,"href":"https:\/\/www.visit-ulcinj.com\/blog\/wp-json\/wp\/v2\/posts\/9969\/revisions"}],"wp:attachment":[{"href":"https:\/\/www.visit-ulcinj.com\/blog\/wp-json\/wp\/v2\/media?parent=9969"}],"wp:term":[{"taxonomy":"category","embeddable":true,"href":"https:\/\/www.visit-ulcinj.com\/blog\/wp-json\/wp\/v2\/categories?post=9969"},{"taxonomy":"post_tag","embeddable":true,"href":"https:\/\/www.visit-ulcinj.com\/blog\/wp-json\/wp\/v2\/tags?post=9969"}],"curies":[{"name":"wp","href":"https:\/\/api.w.org\/{rel}","templated":true}]}}