{"id":99691,"date":"2016-09-15T09:20:26","date_gmt":"2016-09-15T08:20:26","guid":{"rendered":"http:\/\/www.visit-ulcinj.com\/blog\/?p=99691"},"modified":"2016-09-15T20:10:00","modified_gmt":"2016-09-15T19:10:00","slug":"seanematalks-prezanton-sabina-osmanoviq","status":"publish","type":"post","link":"https:\/\/www.visit-ulcinj.com\/blog\/2016\/09\/15\/seanematalks-prezanton-sabina-osmanoviq\/","title":{"rendered":"SeanemaTalks prezanton: Sabina OSMANOVIQ"},"content":{"rendered":"<p><strong><span id=\"fbPhotoSnowliftCaption\" class=\"fbPhotosPhotoCaption\" tabindex=\"0\" data-ft=\"{&quot;tn&quot;:&quot;K&quot;}\"><span class=\"hasCaption\"><span class=\"text_exposed_show\"><a href=\"http:\/\/www.visit-ulcinj.com\/blog\/wp-content\/uploads\/2016\/09\/SeanemaTalks-prezanton-Sabina-OSMANOVIQ.png\"><img loading=\"lazy\" class=\"alignleft wp-image-99692\" src=\"http:\/\/www.visit-ulcinj.com\/blog\/wp-content\/uploads\/2016\/09\/SeanemaTalks-prezanton-Sabina-OSMANOVIQ.png\" alt=\"SeanemaTalks prezanton-Sabina OSMANOVIQ\" width=\"508\" height=\"635\" srcset=\"https:\/\/www.visit-ulcinj.com\/blog\/wp-content\/uploads\/2016\/09\/SeanemaTalks-prezanton-Sabina-OSMANOVIQ.png 768w, https:\/\/www.visit-ulcinj.com\/blog\/wp-content\/uploads\/2016\/09\/SeanemaTalks-prezanton-Sabina-OSMANOVIQ-240x300.png 240w\" sizes=\"(max-width: 508px) 100vw, 508px\" \/><\/a>SeanemaTalks prezanton: Sabina OSMANOVIQ<br \/>\nPaneli i par\u00eb diskutues &#8220;Thyerja e tavanit t\u00eb qelqit&#8221;<br \/>\nE enjte, 15 shtator 2016, 21:00h, Plazhi i Otrantit<\/span><\/span><\/span><\/strong><\/p>\n<p><span id=\"fbPhotoSnowliftCaption\" class=\"fbPhotosPhotoCaption\" tabindex=\"0\" data-ft=\"{&quot;tn&quot;:&quot;K&quot;}\"><span class=\"hasCaption\"><span class=\"text_exposed_show\">Sabina Osmanoviq ka p\u00ebrfunduar studimet e doktoratur\u00ebs n\u00eb Universitetin Franzens Karl t\u00eb Gracit (Austri) n\u00eb fush\u00ebn e Filologjis\u00eb Gjermane. Titulli i disertacionit t\u00eb saj \u00ebsht\u00eb, &#8220;Krizat e kuptimit, marr\u00ebdh\u00ebnieve dhe mosh\u00ebs s\u00eb vjet\u00ebr n\u00eb veprat e shkrimtar\u00ebve t\u00eb p\u00ebrzgjedhur t\u00eb let\u00ebrsis\u00eb bashk\u00ebkohore&#8221;. Ajo \u00ebsht\u00eb aktualisht profesore n\u00eb Universitetin e New York-ut n\u00eb Tiran\u00eb. Sabina ka dh\u00ebn\u00eb m\u00ebsim n\u00eb Universitetin Shtet\u00ebror t\u00eb Tiran\u00ebs dhe n\u00eb Universitetin e Shkodr\u00ebs n\u00eb Shqip\u00ebri (n\u00eb Departamentin e Studimeve gjermane). Interesat e saj k\u00ebrkimore p\u00ebrfshijn\u00eb literatur\u00ebn bashk\u00ebkohore gjermane, angleze dhe let\u00ebrsin\u00eb shqipe. Ajo ka publikuar punime t\u00eb ndryshme shkencore dhe artikuj n\u00eb t\u00eb p\u00ebrditshmet n\u00eb Mal t\u00eb Zi dhe jasht\u00eb vendit. Ajo \u00ebsht\u00eb aktualisht kryederaktore e revist\u00ebs &#8220;Lemba&#8221; (Ulqin , Mali i Zi) dhe gjithashtu an\u00ebtare e K\u00ebshillit Botues t\u00eb Revist\u00ebs Akademike &#8220;Humanus&#8221; ( Tiran\u00eb , Shqip\u00ebri) . Osmanoviq ka qen\u00eb gjithashtu nj\u00eb vullnetare dhe ka marr\u00eb pjes\u00eb n\u00eb aktivitete t\u00eb organizuara nga OJQ-t\u00eb lokale n\u00eb Ulqin.<\/span><\/span><\/span><\/p>\n<p>Motoja e preferuar e Sabin\u00ebs, t\u00eb cil\u00ebn ajo e p\u00ebrcjell edhe si mesazh kryesor p\u00ebr tem\u00ebn e festivalit, \u00ebsht\u00eb: \u201cAudentes Fortuna iuvat \u2013 Fati i ndihmon t\u00eb guximshmit\u201d (Virgjili).<\/p>\n<p>_____________________________________________________<\/p>\n<p><span id=\"fbPhotoSnowliftCaption\" class=\"fbPhotosPhotoCaption\" tabindex=\"0\" data-ft=\"{&quot;tn&quot;:&quot;K&quot;}\"><span class=\"hasCaption\"><strong><a class=\"_58cn\" href=\"https:\/\/www.facebook.com\/hashtag\/seanematalks\" data-ft=\"{&quot;tn&quot;:&quot;*N&quot;,&quot;type&quot;:104}\">SeanemaTalks<\/a> presents: Sabina OSMANOVIC <\/strong><br \/>\n<strong> First discussion panel &#8220;Breaking through the glass ceiling&#8221; <\/strong><br \/>\n<strong> Thurdsay, 15 September 2016, 21:00h, Otrant Beach<\/strong><\/span><\/span><\/p>\n<p>Sabina OSMANOVIC holds a Ph.D. from the Karl Franzens University of Graz (Austria) in German Philology. The title of her Dissertation is, \u201cCrises of Meaning, Relationships and Old Age in the Works of Selected Writers of Contemporary Literature\u201d<span class=\"text_exposed_show\">. She is presently a Lecturer at the University of New York in Tirana. Sabina also taught at the State University of Tirana, Albania and University of Shkodra, Albania (in the Department of German Studies). Her research interests include Contemporary German, English and Albanian Literature. She has published various scientific papers and journal articles in Montenegro and abroad. She is currently the Editor-in-Chief of the Journal \u201cLemba\u201d (Ulqin, Montenegro) and also a Member of Publishing Board of the Scholarly Journal \u201cHumanus\u201d (in Tirana, Albania). Osmanovic has also been volunteering and taking part in activities organized by the local NGO-s.<\/span><\/p>\n<p>Sabina\u2019s <a class=\"_58cn\" href=\"https:\/\/www.facebook.com\/hashtag\/mindthegap\" data-ft=\"{&quot;tn&quot;:&quot;*N&quot;,&quot;type&quot;:104}\">#mindthegap<\/a> message:<br \/>\n\u201cAudentes Fortuna iuvat \u2013 Fortune aids the daring.\u201d (Virgil)<\/p>\n<p>_____________________________________________________<\/p>\n<p><span id=\"fbPhotoSnowliftCaption\" class=\"fbPhotosPhotoCaption\" tabindex=\"0\" data-ft=\"{&quot;tn&quot;:&quot;K&quot;}\"><span class=\"hasCaption\"><span class=\"text_exposed_show\">SeanemaTalks predstavlja: Sabina OSMANOVI\u0106<br \/>\nPrvi panel diskusija &#8220;Razbijanje staklenog plafona&#8221;<br \/>\n\u010cetvrtak, 15 septembar 2016, 21:00h, Pla\u017ea Otrant<\/span><\/span><\/span><\/p>\n<p>Sabina Osmanovi\u0107 je doktorirala na Karl Franzes Univerzitetu u Gracu (Austrija), smjer Njema\u010dka filologija. Naslov njene disertacije je &#8221;Krize zna\u010denja, odnosa i starosti u radovima odabranih pisaca savremene knjizevnosti&#8221;. Ona je trenutno lektor na Njujor\u0161kom Univerzitetu u Tirani. Sabina je tako\u0111e predavala na dr\u017eavnom Univerzitetu u Tirani, Albanija, kao i na Univerzitetu u Skadru, Albanija (na odsijeku za njema\u010dke studije). Njena istra\u017eiva\u010dka interesovanja uklju\u010duju savremenu njema\u010dku, englesku i albansku literaturu. Objavila je brojne nau\u010dne radove i novinarske \u010dlanke u Crnoj Gori, a i \u0161ire. Trenutno je glavni urednik \u010dasopisa &#8221;Lemba&#8221; (Ulcinj, Crna Gora) i tako\u0111e \u010dlan izdava\u010dkog tima \u0161kolskog \u010dasopisa &#8221;Humanus&#8221; (Tirana, Albanija). Sabina tako\u0111e volontira i u\u010destvuje u aktivnostima organizovanim od strane lokalnih NVO.<\/p>\n<p>Sabinina poruka u susret festivalu je:<br \/>\n&#8221;Audentes Fortuna iuvat- Sudbina poma\u017ee hrabrima.&#8221; (Virgil)<\/p>\n<p>&nbsp;<\/p>\n<p><strong><a id=\"js_3m\" class=\"_hli\" href=\"https:\/\/www.facebook.com\/seanemafilmfest\/\" data-ft=\"{&quot;tn&quot;:&quot;k&quot;}\" data-hovercard=\"\/ajax\/hovercard\/page.php?id=428431210681928\">Seanema Film Festival <\/a>Facebook<\/strong><\/p>\n<p>&nbsp;<\/p>\n<p>&nbsp;<\/p>\n","protected":false},"excerpt":{"rendered":"<p>SeanemaTalks prezanton: Sabina OSMANOVIQ Paneli i par\u00eb diskutues &#8220;Thyerja e tavanit t\u00eb qelqit&#8221; E enjte, 15 shtator 2016, 21:00h, Plazhi i Otrantit Sabina Osmanoviq ka p\u00ebrfunduar studimet e doktoratur\u00ebs n\u00eb Universitetin Franzens Karl t\u00eb Gracit (Austri) n\u00eb fush\u00ebn e Filologjis\u00eb Gjermane. Titulli i disertacionit t\u00eb saj \u00ebsht\u00eb, &#8220;Krizat e kuptimit, marr\u00ebdh\u00ebnieve dhe mosh\u00ebs s\u00eb vjet\u00ebr [&hellip;]<\/p>\n","protected":false},"author":1,"featured_media":0,"comment_status":"closed","ping_status":"closed","sticky":false,"template":"","format":"standard","meta":{"spay_email":"","jetpack_publicize_message":"","jetpack_is_tweetstorm":false,"jetpack_publicize_feature_enabled":true},"categories":[5,4],"tags":[],"jetpack_publicize_connections":[],"yoast_head":"<!-- This site is optimized with the Yoast SEO plugin v19.1 - https:\/\/yoast.com\/wordpress\/plugins\/seo\/ -->\n<title>SeanemaTalks prezanton: Sabina OSMANOVIQ - Lajme nga Ulqini<\/title>\n<meta name=\"description\" content=\"SeanemaTalks prezanton: Sabina OSMANOVIQ Paneli i par\u00eb diskutues &quot;Thyerja e tavanit t\u00eb qelqit&quot; E enjte, 15 shtator 2016, 21:00h, Plazhi i Otrantit Sabina\" \/>\n<meta name=\"robots\" content=\"index, follow, max-snippet:-1, max-image-preview:large, max-video-preview:-1\" \/>\n<link rel=\"canonical\" href=\"https:\/\/www.visit-ulcinj.com\/blog\/2016\/09\/15\/seanematalks-prezanton-sabina-osmanoviq\/\" \/>\n<meta property=\"og:locale\" content=\"en_US\" \/>\n<meta property=\"og:type\" content=\"article\" \/>\n<meta property=\"og:title\" content=\"SeanemaTalks prezanton: Sabina OSMANOVIQ - Lajme nga Ulqini\" \/>\n<meta property=\"og:description\" content=\"SeanemaTalks prezanton: Sabina OSMANOVIQ Paneli i par\u00eb diskutues &quot;Thyerja e tavanit t\u00eb qelqit&quot; E enjte, 15 shtator 2016, 21:00h, Plazhi i Otrantit Sabina\" \/>\n<meta property=\"og:url\" content=\"https:\/\/www.visit-ulcinj.com\/blog\/2016\/09\/15\/seanematalks-prezanton-sabina-osmanoviq\/\" \/>\n<meta property=\"og:site_name\" content=\"Lajme nga Ulqini\" \/>\n<meta property=\"article:published_time\" content=\"2016-09-15T08:20:26+00:00\" \/>\n<meta property=\"article:modified_time\" content=\"2016-09-15T19:10:00+00:00\" \/>\n<meta property=\"og:image\" content=\"http:\/\/www.visit-ulcinj.com\/blog\/wp-content\/uploads\/2016\/09\/SeanemaTalks-prezanton-Sabina-OSMANOVIQ.png\" \/>\n<meta name=\"twitter:label1\" content=\"Written by\" \/>\n\t<meta name=\"twitter:data1\" content=\"ulqini\" \/>\n\t<meta name=\"twitter:label2\" content=\"Est. reading time\" \/>\n\t<meta name=\"twitter:data2\" content=\"3 minutes\" \/>\n<script type=\"application\/ld+json\" class=\"yoast-schema-graph\">{\"@context\":\"https:\/\/schema.org\",\"@graph\":[{\"@type\":\"WebSite\",\"@id\":\"https:\/\/www.visit-ulcinj.com\/blog\/#website\",\"url\":\"https:\/\/www.visit-ulcinj.com\/blog\/\",\"name\":\"Lajme nga Ulqini\",\"description\":\"Lajme,Vijesti,Ulqini,Ulqin,Crna Gora,Mali i Zi\",\"potentialAction\":[{\"@type\":\"SearchAction\",\"target\":{\"@type\":\"EntryPoint\",\"urlTemplate\":\"https:\/\/www.visit-ulcinj.com\/blog\/?s={search_term_string}\"},\"query-input\":\"required name=search_term_string\"}],\"inLanguage\":\"en-US\"},{\"@type\":\"ImageObject\",\"inLanguage\":\"en-US\",\"@id\":\"https:\/\/www.visit-ulcinj.com\/blog\/2016\/09\/15\/seanematalks-prezanton-sabina-osmanoviq\/#primaryimage\",\"url\":\"https:\/\/www.visit-ulcinj.com\/blog\/wp-content\/uploads\/2016\/09\/SeanemaTalks-prezanton-Sabina-OSMANOVIQ.png\",\"contentUrl\":\"https:\/\/www.visit-ulcinj.com\/blog\/wp-content\/uploads\/2016\/09\/SeanemaTalks-prezanton-Sabina-OSMANOVIQ.png\",\"width\":768,\"height\":960},{\"@type\":\"WebPage\",\"@id\":\"https:\/\/www.visit-ulcinj.com\/blog\/2016\/09\/15\/seanematalks-prezanton-sabina-osmanoviq\/#webpage\",\"url\":\"https:\/\/www.visit-ulcinj.com\/blog\/2016\/09\/15\/seanematalks-prezanton-sabina-osmanoviq\/\",\"name\":\"SeanemaTalks prezanton: Sabina OSMANOVIQ - Lajme nga Ulqini\",\"isPartOf\":{\"@id\":\"https:\/\/www.visit-ulcinj.com\/blog\/#website\"},\"primaryImageOfPage\":{\"@id\":\"https:\/\/www.visit-ulcinj.com\/blog\/2016\/09\/15\/seanematalks-prezanton-sabina-osmanoviq\/#primaryimage\"},\"datePublished\":\"2016-09-15T08:20:26+00:00\",\"dateModified\":\"2016-09-15T19:10:00+00:00\",\"author\":{\"@id\":\"https:\/\/www.visit-ulcinj.com\/blog\/#\/schema\/person\/dcab619c614d3038751c63bc2aadc06d\"},\"description\":\"SeanemaTalks prezanton: Sabina OSMANOVIQ Paneli i par\u00eb diskutues \\\"Thyerja e tavanit t\u00eb qelqit\\\" E enjte, 15 shtator 2016, 21:00h, Plazhi i Otrantit Sabina\",\"breadcrumb\":{\"@id\":\"https:\/\/www.visit-ulcinj.com\/blog\/2016\/09\/15\/seanematalks-prezanton-sabina-osmanoviq\/#breadcrumb\"},\"inLanguage\":\"en-US\",\"potentialAction\":[{\"@type\":\"ReadAction\",\"target\":[\"https:\/\/www.visit-ulcinj.com\/blog\/2016\/09\/15\/seanematalks-prezanton-sabina-osmanoviq\/\"]}]},{\"@type\":\"BreadcrumbList\",\"@id\":\"https:\/\/www.visit-ulcinj.com\/blog\/2016\/09\/15\/seanematalks-prezanton-sabina-osmanoviq\/#breadcrumb\",\"itemListElement\":[{\"@type\":\"ListItem\",\"position\":1,\"name\":\"SeanemaTalks prezanton: Sabina OSMANOVIQ\"}]},{\"@type\":\"Person\",\"@id\":\"https:\/\/www.visit-ulcinj.com\/blog\/#\/schema\/person\/dcab619c614d3038751c63bc2aadc06d\",\"name\":\"ulqini\",\"sameAs\":[\"http:\/\/www.visit-ulcinj.com\"],\"url\":\"https:\/\/www.visit-ulcinj.com\/blog\/author\/admin\/\"}]}<\/script>\n<!-- \/ Yoast SEO plugin. -->","yoast_head_json":{"title":"SeanemaTalks prezanton: Sabina OSMANOVIQ - Lajme nga Ulqini","description":"SeanemaTalks prezanton: Sabina OSMANOVIQ Paneli i par\u00eb diskutues \"Thyerja e tavanit t\u00eb qelqit\" E enjte, 15 shtator 2016, 21:00h, Plazhi i Otrantit Sabina","robots":{"index":"index","follow":"follow","max-snippet":"max-snippet:-1","max-image-preview":"max-image-preview:large","max-video-preview":"max-video-preview:-1"},"canonical":"https:\/\/www.visit-ulcinj.com\/blog\/2016\/09\/15\/seanematalks-prezanton-sabina-osmanoviq\/","og_locale":"en_US","og_type":"article","og_title":"SeanemaTalks prezanton: Sabina OSMANOVIQ - Lajme nga Ulqini","og_description":"SeanemaTalks prezanton: Sabina OSMANOVIQ Paneli i par\u00eb diskutues \"Thyerja e tavanit t\u00eb qelqit\" E enjte, 15 shtator 2016, 21:00h, Plazhi i Otrantit Sabina","og_url":"https:\/\/www.visit-ulcinj.com\/blog\/2016\/09\/15\/seanematalks-prezanton-sabina-osmanoviq\/","og_site_name":"Lajme nga Ulqini","article_published_time":"2016-09-15T08:20:26+00:00","article_modified_time":"2016-09-15T19:10:00+00:00","og_image":[{"url":"http:\/\/www.visit-ulcinj.com\/blog\/wp-content\/uploads\/2016\/09\/SeanemaTalks-prezanton-Sabina-OSMANOVIQ.png"}],"twitter_misc":{"Written by":"ulqini","Est. reading time":"3 minutes"},"schema":{"@context":"https:\/\/schema.org","@graph":[{"@type":"WebSite","@id":"https:\/\/www.visit-ulcinj.com\/blog\/#website","url":"https:\/\/www.visit-ulcinj.com\/blog\/","name":"Lajme nga Ulqini","description":"Lajme,Vijesti,Ulqini,Ulqin,Crna Gora,Mali i Zi","potentialAction":[{"@type":"SearchAction","target":{"@type":"EntryPoint","urlTemplate":"https:\/\/www.visit-ulcinj.com\/blog\/?s={search_term_string}"},"query-input":"required name=search_term_string"}],"inLanguage":"en-US"},{"@type":"ImageObject","inLanguage":"en-US","@id":"https:\/\/www.visit-ulcinj.com\/blog\/2016\/09\/15\/seanematalks-prezanton-sabina-osmanoviq\/#primaryimage","url":"https:\/\/www.visit-ulcinj.com\/blog\/wp-content\/uploads\/2016\/09\/SeanemaTalks-prezanton-Sabina-OSMANOVIQ.png","contentUrl":"https:\/\/www.visit-ulcinj.com\/blog\/wp-content\/uploads\/2016\/09\/SeanemaTalks-prezanton-Sabina-OSMANOVIQ.png","width":768,"height":960},{"@type":"WebPage","@id":"https:\/\/www.visit-ulcinj.com\/blog\/2016\/09\/15\/seanematalks-prezanton-sabina-osmanoviq\/#webpage","url":"https:\/\/www.visit-ulcinj.com\/blog\/2016\/09\/15\/seanematalks-prezanton-sabina-osmanoviq\/","name":"SeanemaTalks prezanton: Sabina OSMANOVIQ - Lajme nga Ulqini","isPartOf":{"@id":"https:\/\/www.visit-ulcinj.com\/blog\/#website"},"primaryImageOfPage":{"@id":"https:\/\/www.visit-ulcinj.com\/blog\/2016\/09\/15\/seanematalks-prezanton-sabina-osmanoviq\/#primaryimage"},"datePublished":"2016-09-15T08:20:26+00:00","dateModified":"2016-09-15T19:10:00+00:00","author":{"@id":"https:\/\/www.visit-ulcinj.com\/blog\/#\/schema\/person\/dcab619c614d3038751c63bc2aadc06d"},"description":"SeanemaTalks prezanton: Sabina OSMANOVIQ Paneli i par\u00eb diskutues \"Thyerja e tavanit t\u00eb qelqit\" E enjte, 15 shtator 2016, 21:00h, Plazhi i Otrantit Sabina","breadcrumb":{"@id":"https:\/\/www.visit-ulcinj.com\/blog\/2016\/09\/15\/seanematalks-prezanton-sabina-osmanoviq\/#breadcrumb"},"inLanguage":"en-US","potentialAction":[{"@type":"ReadAction","target":["https:\/\/www.visit-ulcinj.com\/blog\/2016\/09\/15\/seanematalks-prezanton-sabina-osmanoviq\/"]}]},{"@type":"BreadcrumbList","@id":"https:\/\/www.visit-ulcinj.com\/blog\/2016\/09\/15\/seanematalks-prezanton-sabina-osmanoviq\/#breadcrumb","itemListElement":[{"@type":"ListItem","position":1,"name":"SeanemaTalks prezanton: Sabina OSMANOVIQ"}]},{"@type":"Person","@id":"https:\/\/www.visit-ulcinj.com\/blog\/#\/schema\/person\/dcab619c614d3038751c63bc2aadc06d","name":"ulqini","sameAs":["http:\/\/www.visit-ulcinj.com"],"url":"https:\/\/www.visit-ulcinj.com\/blog\/author\/admin\/"}]}},"jetpack_featured_media_url":"","jetpack_sharing_enabled":true,"jetpack_shortlink":"https:\/\/wp.me\/pe6lTn-pVV","_links":{"self":[{"href":"https:\/\/www.visit-ulcinj.com\/blog\/wp-json\/wp\/v2\/posts\/99691"}],"collection":[{"href":"https:\/\/www.visit-ulcinj.com\/blog\/wp-json\/wp\/v2\/posts"}],"about":[{"href":"https:\/\/www.visit-ulcinj.com\/blog\/wp-json\/wp\/v2\/types\/post"}],"author":[{"embeddable":true,"href":"https:\/\/www.visit-ulcinj.com\/blog\/wp-json\/wp\/v2\/users\/1"}],"replies":[{"embeddable":true,"href":"https:\/\/www.visit-ulcinj.com\/blog\/wp-json\/wp\/v2\/comments?post=99691"}],"version-history":[{"count":2,"href":"https:\/\/www.visit-ulcinj.com\/blog\/wp-json\/wp\/v2\/posts\/99691\/revisions"}],"predecessor-version":[{"id":99715,"href":"https:\/\/www.visit-ulcinj.com\/blog\/wp-json\/wp\/v2\/posts\/99691\/revisions\/99715"}],"wp:attachment":[{"href":"https:\/\/www.visit-ulcinj.com\/blog\/wp-json\/wp\/v2\/media?parent=99691"}],"wp:term":[{"taxonomy":"category","embeddable":true,"href":"https:\/\/www.visit-ulcinj.com\/blog\/wp-json\/wp\/v2\/categories?post=99691"},{"taxonomy":"post_tag","embeddable":true,"href":"https:\/\/www.visit-ulcinj.com\/blog\/wp-json\/wp\/v2\/tags?post=99691"}],"curies":[{"name":"wp","href":"https:\/\/api.w.org\/{rel}","templated":true}]}}