{"id":99694,"date":"2016-09-15T10:58:04","date_gmt":"2016-09-15T09:58:04","guid":{"rendered":"http:\/\/www.visit-ulcinj.com\/blog\/?p=99694"},"modified":"2016-09-15T12:07:25","modified_gmt":"2016-09-15T11:07:25","slug":"mali-zi-nenshkruan-nje-marreveshje-per-kerkimin-e-naftes-ne-ulqin","status":"publish","type":"post","link":"https:\/\/www.visit-ulcinj.com\/blog\/2016\/09\/15\/mali-zi-nenshkruan-nje-marreveshje-per-kerkimin-e-naftes-ne-ulqin\/","title":{"rendered":"Mali i Zi n\u00ebnshkruan nj\u00eb marr\u00ebveshje p\u00ebr k\u00ebrkimin e naft\u00ebs n\u00eb Ulqin"},"content":{"rendered":"<p><a href=\"http:\/\/www.visit-ulcinj.com\/blog\/wp-content\/uploads\/2016\/09\/Kavariq-eni-novatek-montenegro.jpg\"><img loading=\"lazy\" class=\"alignleft wp-image-99695\" src=\"http:\/\/www.visit-ulcinj.com\/blog\/wp-content\/uploads\/2016\/09\/Kavariq-eni-novatek-montenegro.jpg\" alt=\"Kavariq-eni-novatek-montenegro\" width=\"508\" height=\"339\" srcset=\"https:\/\/www.visit-ulcinj.com\/blog\/wp-content\/uploads\/2016\/09\/Kavariq-eni-novatek-montenegro.jpg 900w, https:\/\/www.visit-ulcinj.com\/blog\/wp-content\/uploads\/2016\/09\/Kavariq-eni-novatek-montenegro-300x200.jpg 300w, https:\/\/www.visit-ulcinj.com\/blog\/wp-content\/uploads\/2016\/09\/Kavariq-eni-novatek-montenegro-768x512.jpg 768w\" sizes=\"(max-width: 508px) 100vw, 508px\" \/><\/a>Qeveria e Malit t\u00eb Zi dje ka n\u00ebnshkruar marr\u00ebveshjen me kompanin\u00eb italo-ruse, p\u00ebr k\u00ebrkimin e naft\u00ebs n\u00eb bregdetin e Malit t\u00eb Zi, gjegj\u00ebsisht 4 blloqet e k\u00ebrkimit n\u00eb territorin e Komun\u00ebs s\u00eb Ulqinit, raporton portali TV Teuta.<\/p>\n<p>N\u00eb em\u00ebr t\u00eb qeveris\u00eb marr\u00ebveshja u n\u00ebnshkrua nga ministri i ekonomis\u00eb Vlladimir Kavariq, kurse nga kompania italo-ruse Karlo Vito Ruso dhe Andrej Popov. Nga qeveria kjo marr\u00ebveshje \u00ebsht\u00eb cil\u00ebsuar si nj\u00eb mund\u00ebsi e mir\u00eb p\u00ebr fillimin e nj\u00eb periudhe t\u00eb re n\u00eb industrializimin e vendit dhe shfryt\u00ebzimin e potencialeve energjetike. Megjithat\u00eb, nga sektori joqeveritar ka pasur akuza t\u00eb shumta n\u00eb lidhje me marr\u00ebveshjen , sipas t\u00eb cilave ajo shkon n\u00eb d\u00ebm t\u00eb interesave t\u00eb qytetar\u00ebve dhe zhvillimit t\u00eb turizimit si deg\u00eb primare e ekonomis\u00ebs \u00eb vendit.<\/p>\n<p>Ato gjithashtu kan\u00eb potencuar mosbesueshm\u00ebrin\u00eb n\u00eb vet\u00eb kompanin\u00eb italo-ruse, ku n\u00eb vitin e fundit nga platformat e saj ka pasur 450 rrjedhje t\u00eb regjistruara t\u00eb naft\u00ebs. Nga Qeveria i kan\u00eb hedhur posht\u00eb konstatimet OJQ-ve, duke deklaruar se k\u00ebrkimi i naft\u00ebs nuk ka pasur pasoja p\u00ebr turizimin as n\u00eb Itali e as n\u00eb Greqi.<\/p>\n<!--YouTube Error: bad URL entered-->\n","protected":false},"excerpt":{"rendered":"<p>Qeveria e Malit t\u00eb Zi dje ka n\u00ebnshkruar marr\u00ebveshjen me kompanin\u00eb italo-ruse, p\u00ebr k\u00ebrkimin e naft\u00ebs n\u00eb bregdetin e Malit t\u00eb Zi, gjegj\u00ebsisht 4 blloqet e k\u00ebrkimit n\u00eb territorin e Komun\u00ebs s\u00eb Ulqinit, raporton portali TV Teuta. N\u00eb em\u00ebr t\u00eb qeveris\u00eb marr\u00ebveshja u n\u00ebnshkrua nga ministri i ekonomis\u00eb Vlladimir Kavariq, kurse nga kompania italo-ruse Karlo [&hellip;]<\/p>\n","protected":false},"author":1,"featured_media":0,"comment_status":"closed","ping_status":"closed","sticky":false,"template":"","format":"standard","meta":{"spay_email":"","jetpack_publicize_message":"","jetpack_is_tweetstorm":false,"jetpack_publicize_feature_enabled":true},"categories":[1],"tags":[],"jetpack_publicize_connections":[],"yoast_head":"<!-- This site is optimized with the Yoast SEO plugin v19.1 - https:\/\/yoast.com\/wordpress\/plugins\/seo\/ -->\n<title>Mali i Zi n\u00ebnshkruan nj\u00eb marr\u00ebveshje p\u00ebr k\u00ebrkimin e naft\u00ebs n\u00eb Ulqin - Lajme nga Ulqini<\/title>\n<meta name=\"description\" content=\"Qeveria e Malit t\u00eb Zi dje ka n\u00ebnshkruar marr\u00ebveshjen me kompanin\u00eb italo-ruse, p\u00ebr k\u00ebrkimin e naft\u00ebs n\u00eb bregdetin e Malit t\u00eb Zi, gjegj\u00ebsisht 4 blloqet e\" \/>\n<meta name=\"robots\" content=\"index, follow, max-snippet:-1, max-image-preview:large, max-video-preview:-1\" \/>\n<link rel=\"canonical\" href=\"https:\/\/www.visit-ulcinj.com\/blog\/2016\/09\/15\/mali-zi-nenshkruan-nje-marreveshje-per-kerkimin-e-naftes-ne-ulqin\/\" \/>\n<meta property=\"og:locale\" content=\"en_US\" \/>\n<meta property=\"og:type\" content=\"article\" \/>\n<meta property=\"og:title\" content=\"Mali i Zi n\u00ebnshkruan nj\u00eb marr\u00ebveshje p\u00ebr k\u00ebrkimin e naft\u00ebs n\u00eb Ulqin - Lajme nga Ulqini\" \/>\n<meta property=\"og:description\" content=\"Qeveria e Malit t\u00eb Zi dje ka n\u00ebnshkruar marr\u00ebveshjen me kompanin\u00eb italo-ruse, p\u00ebr k\u00ebrkimin e naft\u00ebs n\u00eb bregdetin e Malit t\u00eb Zi, gjegj\u00ebsisht 4 blloqet e\" \/>\n<meta property=\"og:url\" content=\"https:\/\/www.visit-ulcinj.com\/blog\/2016\/09\/15\/mali-zi-nenshkruan-nje-marreveshje-per-kerkimin-e-naftes-ne-ulqin\/\" \/>\n<meta property=\"og:site_name\" content=\"Lajme nga Ulqini\" \/>\n<meta property=\"article:published_time\" content=\"2016-09-15T09:58:04+00:00\" \/>\n<meta property=\"article:modified_time\" content=\"2016-09-15T11:07:25+00:00\" \/>\n<meta property=\"og:image\" content=\"http:\/\/www.visit-ulcinj.com\/blog\/wp-content\/uploads\/2016\/09\/Kavariq-eni-novatek-montenegro.jpg\" \/>\n<meta name=\"twitter:label1\" content=\"Written by\" \/>\n\t<meta name=\"twitter:data1\" content=\"ulqini\" \/>\n\t<meta name=\"twitter:label2\" content=\"Est. reading time\" \/>\n\t<meta name=\"twitter:data2\" content=\"1 minute\" \/>\n<script type=\"application\/ld+json\" class=\"yoast-schema-graph\">{\"@context\":\"https:\/\/schema.org\",\"@graph\":[{\"@type\":\"WebSite\",\"@id\":\"https:\/\/www.visit-ulcinj.com\/blog\/#website\",\"url\":\"https:\/\/www.visit-ulcinj.com\/blog\/\",\"name\":\"Lajme nga Ulqini\",\"description\":\"Lajme,Vijesti,Ulqini,Ulqin,Crna Gora,Mali i Zi\",\"potentialAction\":[{\"@type\":\"SearchAction\",\"target\":{\"@type\":\"EntryPoint\",\"urlTemplate\":\"https:\/\/www.visit-ulcinj.com\/blog\/?s={search_term_string}\"},\"query-input\":\"required name=search_term_string\"}],\"inLanguage\":\"en-US\"},{\"@type\":\"ImageObject\",\"inLanguage\":\"en-US\",\"@id\":\"https:\/\/www.visit-ulcinj.com\/blog\/2016\/09\/15\/mali-zi-nenshkruan-nje-marreveshje-per-kerkimin-e-naftes-ne-ulqin\/#primaryimage\",\"url\":\"https:\/\/www.visit-ulcinj.com\/blog\/wp-content\/uploads\/2016\/09\/Kavariq-eni-novatek-montenegro.jpg\",\"contentUrl\":\"https:\/\/www.visit-ulcinj.com\/blog\/wp-content\/uploads\/2016\/09\/Kavariq-eni-novatek-montenegro.jpg\",\"width\":900,\"height\":600},{\"@type\":\"WebPage\",\"@id\":\"https:\/\/www.visit-ulcinj.com\/blog\/2016\/09\/15\/mali-zi-nenshkruan-nje-marreveshje-per-kerkimin-e-naftes-ne-ulqin\/#webpage\",\"url\":\"https:\/\/www.visit-ulcinj.com\/blog\/2016\/09\/15\/mali-zi-nenshkruan-nje-marreveshje-per-kerkimin-e-naftes-ne-ulqin\/\",\"name\":\"Mali i Zi n\u00ebnshkruan nj\u00eb marr\u00ebveshje p\u00ebr k\u00ebrkimin e naft\u00ebs n\u00eb Ulqin - Lajme nga Ulqini\",\"isPartOf\":{\"@id\":\"https:\/\/www.visit-ulcinj.com\/blog\/#website\"},\"primaryImageOfPage\":{\"@id\":\"https:\/\/www.visit-ulcinj.com\/blog\/2016\/09\/15\/mali-zi-nenshkruan-nje-marreveshje-per-kerkimin-e-naftes-ne-ulqin\/#primaryimage\"},\"datePublished\":\"2016-09-15T09:58:04+00:00\",\"dateModified\":\"2016-09-15T11:07:25+00:00\",\"author\":{\"@id\":\"https:\/\/www.visit-ulcinj.com\/blog\/#\/schema\/person\/dcab619c614d3038751c63bc2aadc06d\"},\"description\":\"Qeveria e Malit t\u00eb Zi dje ka n\u00ebnshkruar marr\u00ebveshjen me kompanin\u00eb italo-ruse, p\u00ebr k\u00ebrkimin e naft\u00ebs n\u00eb bregdetin e Malit t\u00eb Zi, gjegj\u00ebsisht 4 blloqet e\",\"breadcrumb\":{\"@id\":\"https:\/\/www.visit-ulcinj.com\/blog\/2016\/09\/15\/mali-zi-nenshkruan-nje-marreveshje-per-kerkimin-e-naftes-ne-ulqin\/#breadcrumb\"},\"inLanguage\":\"en-US\",\"potentialAction\":[{\"@type\":\"ReadAction\",\"target\":[\"https:\/\/www.visit-ulcinj.com\/blog\/2016\/09\/15\/mali-zi-nenshkruan-nje-marreveshje-per-kerkimin-e-naftes-ne-ulqin\/\"]}]},{\"@type\":\"BreadcrumbList\",\"@id\":\"https:\/\/www.visit-ulcinj.com\/blog\/2016\/09\/15\/mali-zi-nenshkruan-nje-marreveshje-per-kerkimin-e-naftes-ne-ulqin\/#breadcrumb\",\"itemListElement\":[{\"@type\":\"ListItem\",\"position\":1,\"name\":\"Mali i Zi n\u00ebnshkruan nj\u00eb marr\u00ebveshje p\u00ebr k\u00ebrkimin e naft\u00ebs n\u00eb Ulqin\"}]},{\"@type\":\"Person\",\"@id\":\"https:\/\/www.visit-ulcinj.com\/blog\/#\/schema\/person\/dcab619c614d3038751c63bc2aadc06d\",\"name\":\"ulqini\",\"sameAs\":[\"http:\/\/www.visit-ulcinj.com\"],\"url\":\"https:\/\/www.visit-ulcinj.com\/blog\/author\/admin\/\"}]}<\/script>\n<!-- \/ Yoast SEO plugin. -->","yoast_head_json":{"title":"Mali i Zi n\u00ebnshkruan nj\u00eb marr\u00ebveshje p\u00ebr k\u00ebrkimin e naft\u00ebs n\u00eb Ulqin - Lajme nga Ulqini","description":"Qeveria e Malit t\u00eb Zi dje ka n\u00ebnshkruar marr\u00ebveshjen me kompanin\u00eb italo-ruse, p\u00ebr k\u00ebrkimin e naft\u00ebs n\u00eb bregdetin e Malit t\u00eb Zi, gjegj\u00ebsisht 4 blloqet e","robots":{"index":"index","follow":"follow","max-snippet":"max-snippet:-1","max-image-preview":"max-image-preview:large","max-video-preview":"max-video-preview:-1"},"canonical":"https:\/\/www.visit-ulcinj.com\/blog\/2016\/09\/15\/mali-zi-nenshkruan-nje-marreveshje-per-kerkimin-e-naftes-ne-ulqin\/","og_locale":"en_US","og_type":"article","og_title":"Mali i Zi n\u00ebnshkruan nj\u00eb marr\u00ebveshje p\u00ebr k\u00ebrkimin e naft\u00ebs n\u00eb Ulqin - Lajme nga Ulqini","og_description":"Qeveria e Malit t\u00eb Zi dje ka n\u00ebnshkruar marr\u00ebveshjen me kompanin\u00eb italo-ruse, p\u00ebr k\u00ebrkimin e naft\u00ebs n\u00eb bregdetin e Malit t\u00eb Zi, gjegj\u00ebsisht 4 blloqet e","og_url":"https:\/\/www.visit-ulcinj.com\/blog\/2016\/09\/15\/mali-zi-nenshkruan-nje-marreveshje-per-kerkimin-e-naftes-ne-ulqin\/","og_site_name":"Lajme nga Ulqini","article_published_time":"2016-09-15T09:58:04+00:00","article_modified_time":"2016-09-15T11:07:25+00:00","og_image":[{"url":"http:\/\/www.visit-ulcinj.com\/blog\/wp-content\/uploads\/2016\/09\/Kavariq-eni-novatek-montenegro.jpg"}],"twitter_misc":{"Written by":"ulqini","Est. reading time":"1 minute"},"schema":{"@context":"https:\/\/schema.org","@graph":[{"@type":"WebSite","@id":"https:\/\/www.visit-ulcinj.com\/blog\/#website","url":"https:\/\/www.visit-ulcinj.com\/blog\/","name":"Lajme nga Ulqini","description":"Lajme,Vijesti,Ulqini,Ulqin,Crna Gora,Mali i Zi","potentialAction":[{"@type":"SearchAction","target":{"@type":"EntryPoint","urlTemplate":"https:\/\/www.visit-ulcinj.com\/blog\/?s={search_term_string}"},"query-input":"required name=search_term_string"}],"inLanguage":"en-US"},{"@type":"ImageObject","inLanguage":"en-US","@id":"https:\/\/www.visit-ulcinj.com\/blog\/2016\/09\/15\/mali-zi-nenshkruan-nje-marreveshje-per-kerkimin-e-naftes-ne-ulqin\/#primaryimage","url":"https:\/\/www.visit-ulcinj.com\/blog\/wp-content\/uploads\/2016\/09\/Kavariq-eni-novatek-montenegro.jpg","contentUrl":"https:\/\/www.visit-ulcinj.com\/blog\/wp-content\/uploads\/2016\/09\/Kavariq-eni-novatek-montenegro.jpg","width":900,"height":600},{"@type":"WebPage","@id":"https:\/\/www.visit-ulcinj.com\/blog\/2016\/09\/15\/mali-zi-nenshkruan-nje-marreveshje-per-kerkimin-e-naftes-ne-ulqin\/#webpage","url":"https:\/\/www.visit-ulcinj.com\/blog\/2016\/09\/15\/mali-zi-nenshkruan-nje-marreveshje-per-kerkimin-e-naftes-ne-ulqin\/","name":"Mali i Zi n\u00ebnshkruan nj\u00eb marr\u00ebveshje p\u00ebr k\u00ebrkimin e naft\u00ebs n\u00eb Ulqin - Lajme nga Ulqini","isPartOf":{"@id":"https:\/\/www.visit-ulcinj.com\/blog\/#website"},"primaryImageOfPage":{"@id":"https:\/\/www.visit-ulcinj.com\/blog\/2016\/09\/15\/mali-zi-nenshkruan-nje-marreveshje-per-kerkimin-e-naftes-ne-ulqin\/#primaryimage"},"datePublished":"2016-09-15T09:58:04+00:00","dateModified":"2016-09-15T11:07:25+00:00","author":{"@id":"https:\/\/www.visit-ulcinj.com\/blog\/#\/schema\/person\/dcab619c614d3038751c63bc2aadc06d"},"description":"Qeveria e Malit t\u00eb Zi dje ka n\u00ebnshkruar marr\u00ebveshjen me kompanin\u00eb italo-ruse, p\u00ebr k\u00ebrkimin e naft\u00ebs n\u00eb bregdetin e Malit t\u00eb Zi, gjegj\u00ebsisht 4 blloqet e","breadcrumb":{"@id":"https:\/\/www.visit-ulcinj.com\/blog\/2016\/09\/15\/mali-zi-nenshkruan-nje-marreveshje-per-kerkimin-e-naftes-ne-ulqin\/#breadcrumb"},"inLanguage":"en-US","potentialAction":[{"@type":"ReadAction","target":["https:\/\/www.visit-ulcinj.com\/blog\/2016\/09\/15\/mali-zi-nenshkruan-nje-marreveshje-per-kerkimin-e-naftes-ne-ulqin\/"]}]},{"@type":"BreadcrumbList","@id":"https:\/\/www.visit-ulcinj.com\/blog\/2016\/09\/15\/mali-zi-nenshkruan-nje-marreveshje-per-kerkimin-e-naftes-ne-ulqin\/#breadcrumb","itemListElement":[{"@type":"ListItem","position":1,"name":"Mali i Zi n\u00ebnshkruan nj\u00eb marr\u00ebveshje p\u00ebr k\u00ebrkimin e naft\u00ebs n\u00eb Ulqin"}]},{"@type":"Person","@id":"https:\/\/www.visit-ulcinj.com\/blog\/#\/schema\/person\/dcab619c614d3038751c63bc2aadc06d","name":"ulqini","sameAs":["http:\/\/www.visit-ulcinj.com"],"url":"https:\/\/www.visit-ulcinj.com\/blog\/author\/admin\/"}]}},"jetpack_featured_media_url":"","jetpack_sharing_enabled":true,"jetpack_shortlink":"https:\/\/wp.me\/pe6lTn-pVY","_links":{"self":[{"href":"https:\/\/www.visit-ulcinj.com\/blog\/wp-json\/wp\/v2\/posts\/99694"}],"collection":[{"href":"https:\/\/www.visit-ulcinj.com\/blog\/wp-json\/wp\/v2\/posts"}],"about":[{"href":"https:\/\/www.visit-ulcinj.com\/blog\/wp-json\/wp\/v2\/types\/post"}],"author":[{"embeddable":true,"href":"https:\/\/www.visit-ulcinj.com\/blog\/wp-json\/wp\/v2\/users\/1"}],"replies":[{"embeddable":true,"href":"https:\/\/www.visit-ulcinj.com\/blog\/wp-json\/wp\/v2\/comments?post=99694"}],"version-history":[{"count":2,"href":"https:\/\/www.visit-ulcinj.com\/blog\/wp-json\/wp\/v2\/posts\/99694\/revisions"}],"predecessor-version":[{"id":99705,"href":"https:\/\/www.visit-ulcinj.com\/blog\/wp-json\/wp\/v2\/posts\/99694\/revisions\/99705"}],"wp:attachment":[{"href":"https:\/\/www.visit-ulcinj.com\/blog\/wp-json\/wp\/v2\/media?parent=99694"}],"wp:term":[{"taxonomy":"category","embeddable":true,"href":"https:\/\/www.visit-ulcinj.com\/blog\/wp-json\/wp\/v2\/categories?post=99694"},{"taxonomy":"post_tag","embeddable":true,"href":"https:\/\/www.visit-ulcinj.com\/blog\/wp-json\/wp\/v2\/tags?post=99694"}],"curies":[{"name":"wp","href":"https:\/\/api.w.org\/{rel}","templated":true}]}}