{"id":99697,"date":"2016-09-15T11:11:31","date_gmt":"2016-09-15T10:11:31","guid":{"rendered":"http:\/\/www.visit-ulcinj.com\/blog\/?p=99697"},"modified":"2016-09-15T11:15:21","modified_gmt":"2016-09-15T10:15:21","slug":"koha-javore-qeveria-kerkon-nje-firme-fiktive-per-valdanosin","status":"publish","type":"post","link":"https:\/\/www.visit-ulcinj.com\/blog\/2016\/09\/15\/koha-javore-qeveria-kerkon-nje-firme-fiktive-per-valdanosin\/","title":{"rendered":"&#8220;Koha Javore&#8221;: Qeveria k\u00ebrkon nj\u00eb firm\u00eb fiktive p\u00ebr Valdanosin?"},"content":{"rendered":"<p><a href=\"http:\/\/www.visit-ulcinj.com\/blog\/wp-content\/uploads\/2011\/02\/MontenegroValdanosGolfBeachSpa-Congres-Resort-Cubus-Lux.jpg\"><img loading=\"lazy\" class=\"alignleft wp-image-43737\" src=\"http:\/\/www.visit-ulcinj.com\/blog\/wp-content\/uploads\/2011\/02\/MontenegroValdanosGolfBeachSpa-Congres-Resort-Cubus-Lux.jpg\" alt=\"Montenegro,Valdanos,Golf,Beach,Spa &amp; Congres Resort-Cubus Lux\" width=\"508\" height=\"334\" \/><\/a>Mbas vizit\u00ebs s\u00eb fundit n\u00eb Ulqin t\u00eb kryeministrit Millo Gjukanoviq \u00ebsht\u00eb e qart\u00eb se Qeveria e Malit t\u00eb Zi nuk planifikon t\u00eb kthej\u00eb pron\u00ebn n\u00eb Valdanos, shkruan e p\u00ebrjavshmja e vetme n\u00eb gjuh\u00ebn shqipe n\u00eb Mal t\u00eb Zi \u201eKoha javore\u201c, raporton portali Ul.info.<\/p>\n<p>\u201eMe k\u00ebt\u00eb sjellje, m\u00eb sakt mosveprim t\u00eb tyre, ata edhe nj\u00eb her\u00eb d\u00ebshmuan inferioritetin ndaj politik\u00ebs shtet\u00ebrore duke u sjell ndryshe kur jan\u00eb p\u00ebrball\u00eb Podgoric\u00ebs e ndryshe me aktor\u00ebt vendor\u00eb n\u00eb Ulqin, dhe duke e p\u00ebrdor Valdanosin si mjet p\u00ebr p\u00ebrfitime politike\u201c.<\/p>\n<p>\u201ePas d\u00ebshtimit p\u00ebr t\u2019u dh\u00ebn\u00eb me qira p\u00ebr shum\u00eb vjet nj\u00eb firme fantazm\u00eb, me prefiksin britanik, si\u00e7 ishte Cubus Lux, \u00ebsht\u00eb evidente q\u00eb p\u00ebr Valdanosin qeveria k\u00ebrkon nj\u00eb Cubus Lux t\u00eb ri\u201c.<\/p>\n<p><iframe loading=\"lazy\" src=\"\/\/www.dailymotion.com\/embed\/video\/x4s6pcd\" width=\"508\" height=\"340\" frameborder=\"0\" allowfullscreen=\"allowfullscreen\"><\/iframe><\/p>\n","protected":false},"excerpt":{"rendered":"<p>Mbas vizit\u00ebs s\u00eb fundit n\u00eb Ulqin t\u00eb kryeministrit Millo Gjukanoviq \u00ebsht\u00eb e qart\u00eb se Qeveria e Malit t\u00eb Zi nuk planifikon t\u00eb kthej\u00eb pron\u00ebn n\u00eb Valdanos, shkruan e p\u00ebrjavshmja e vetme n\u00eb gjuh\u00ebn shqipe n\u00eb Mal t\u00eb Zi \u201eKoha javore\u201c, raporton portali Ul.info. \u201eMe k\u00ebt\u00eb sjellje, m\u00eb sakt mosveprim t\u00eb tyre, ata edhe nj\u00eb her\u00eb [&hellip;]<\/p>\n","protected":false},"author":1,"featured_media":0,"comment_status":"closed","ping_status":"closed","sticky":false,"template":"","format":"standard","meta":{"spay_email":"","jetpack_publicize_message":"","jetpack_is_tweetstorm":false,"jetpack_publicize_feature_enabled":true},"categories":[10],"tags":[],"jetpack_publicize_connections":[],"yoast_head":"<!-- This site is optimized with the Yoast SEO plugin v19.1 - https:\/\/yoast.com\/wordpress\/plugins\/seo\/ -->\n<title>&quot;Koha Javore&quot;: Qeveria k\u00ebrkon nj\u00eb firm\u00eb fiktive p\u00ebr Valdanosin? - Lajme nga Ulqini<\/title>\n<meta name=\"description\" content=\"Mbas vizit\u00ebs s\u00eb fundit n\u00eb Ulqin t\u00eb kryeministrit Millo Gjukanoviq \u00ebsht\u00eb e qart\u00eb se Qeveria e Malit t\u00eb Zi nuk planifikon t\u00eb kthej\u00eb pron\u00ebn n\u00eb Valdanos,\" \/>\n<meta name=\"robots\" content=\"index, follow, max-snippet:-1, max-image-preview:large, max-video-preview:-1\" \/>\n<link rel=\"canonical\" href=\"https:\/\/www.visit-ulcinj.com\/blog\/2016\/09\/15\/koha-javore-qeveria-kerkon-nje-firme-fiktive-per-valdanosin\/\" \/>\n<meta property=\"og:locale\" content=\"en_US\" \/>\n<meta property=\"og:type\" content=\"article\" \/>\n<meta property=\"og:title\" content=\"&quot;Koha Javore&quot;: Qeveria k\u00ebrkon nj\u00eb firm\u00eb fiktive p\u00ebr Valdanosin? - Lajme nga Ulqini\" \/>\n<meta property=\"og:description\" content=\"Mbas vizit\u00ebs s\u00eb fundit n\u00eb Ulqin t\u00eb kryeministrit Millo Gjukanoviq \u00ebsht\u00eb e qart\u00eb se Qeveria e Malit t\u00eb Zi nuk planifikon t\u00eb kthej\u00eb pron\u00ebn n\u00eb Valdanos,\" \/>\n<meta property=\"og:url\" content=\"https:\/\/www.visit-ulcinj.com\/blog\/2016\/09\/15\/koha-javore-qeveria-kerkon-nje-firme-fiktive-per-valdanosin\/\" \/>\n<meta property=\"og:site_name\" content=\"Lajme nga Ulqini\" \/>\n<meta property=\"article:published_time\" content=\"2016-09-15T10:11:31+00:00\" \/>\n<meta property=\"article:modified_time\" content=\"2016-09-15T10:15:21+00:00\" \/>\n<meta property=\"og:image\" content=\"http:\/\/www.visit-ulcinj.com\/blog\/wp-content\/uploads\/2011\/02\/MontenegroValdanosGolfBeachSpa-Congres-Resort-Cubus-Lux.jpg\" \/>\n<meta name=\"twitter:label1\" content=\"Written by\" \/>\n\t<meta name=\"twitter:data1\" content=\"ulqini\" \/>\n\t<meta name=\"twitter:label2\" content=\"Est. reading time\" \/>\n\t<meta name=\"twitter:data2\" content=\"1 minute\" \/>\n<script type=\"application\/ld+json\" class=\"yoast-schema-graph\">{\"@context\":\"https:\/\/schema.org\",\"@graph\":[{\"@type\":\"WebSite\",\"@id\":\"https:\/\/www.visit-ulcinj.com\/blog\/#website\",\"url\":\"https:\/\/www.visit-ulcinj.com\/blog\/\",\"name\":\"Lajme nga Ulqini\",\"description\":\"Lajme,Vijesti,Ulqini,Ulqin,Crna Gora,Mali i Zi\",\"potentialAction\":[{\"@type\":\"SearchAction\",\"target\":{\"@type\":\"EntryPoint\",\"urlTemplate\":\"https:\/\/www.visit-ulcinj.com\/blog\/?s={search_term_string}\"},\"query-input\":\"required name=search_term_string\"}],\"inLanguage\":\"en-US\"},{\"@type\":\"ImageObject\",\"inLanguage\":\"en-US\",\"@id\":\"https:\/\/www.visit-ulcinj.com\/blog\/2016\/09\/15\/koha-javore-qeveria-kerkon-nje-firme-fiktive-per-valdanosin\/#primaryimage\",\"url\":\"http:\/\/www.visit-ulcinj.com\/blog\/wp-content\/uploads\/2011\/02\/MontenegroValdanosGolfBeachSpa-Congres-Resort-Cubus-Lux.jpg\",\"contentUrl\":\"http:\/\/www.visit-ulcinj.com\/blog\/wp-content\/uploads\/2011\/02\/MontenegroValdanosGolfBeachSpa-Congres-Resort-Cubus-Lux.jpg\"},{\"@type\":\"WebPage\",\"@id\":\"https:\/\/www.visit-ulcinj.com\/blog\/2016\/09\/15\/koha-javore-qeveria-kerkon-nje-firme-fiktive-per-valdanosin\/#webpage\",\"url\":\"https:\/\/www.visit-ulcinj.com\/blog\/2016\/09\/15\/koha-javore-qeveria-kerkon-nje-firme-fiktive-per-valdanosin\/\",\"name\":\"\\\"Koha Javore\\\": Qeveria k\u00ebrkon nj\u00eb firm\u00eb fiktive p\u00ebr Valdanosin? - Lajme nga Ulqini\",\"isPartOf\":{\"@id\":\"https:\/\/www.visit-ulcinj.com\/blog\/#website\"},\"primaryImageOfPage\":{\"@id\":\"https:\/\/www.visit-ulcinj.com\/blog\/2016\/09\/15\/koha-javore-qeveria-kerkon-nje-firme-fiktive-per-valdanosin\/#primaryimage\"},\"datePublished\":\"2016-09-15T10:11:31+00:00\",\"dateModified\":\"2016-09-15T10:15:21+00:00\",\"author\":{\"@id\":\"https:\/\/www.visit-ulcinj.com\/blog\/#\/schema\/person\/dcab619c614d3038751c63bc2aadc06d\"},\"description\":\"Mbas vizit\u00ebs s\u00eb fundit n\u00eb Ulqin t\u00eb kryeministrit Millo Gjukanoviq \u00ebsht\u00eb e qart\u00eb se Qeveria e Malit t\u00eb Zi nuk planifikon t\u00eb kthej\u00eb pron\u00ebn n\u00eb Valdanos,\",\"breadcrumb\":{\"@id\":\"https:\/\/www.visit-ulcinj.com\/blog\/2016\/09\/15\/koha-javore-qeveria-kerkon-nje-firme-fiktive-per-valdanosin\/#breadcrumb\"},\"inLanguage\":\"en-US\",\"potentialAction\":[{\"@type\":\"ReadAction\",\"target\":[\"https:\/\/www.visit-ulcinj.com\/blog\/2016\/09\/15\/koha-javore-qeveria-kerkon-nje-firme-fiktive-per-valdanosin\/\"]}]},{\"@type\":\"BreadcrumbList\",\"@id\":\"https:\/\/www.visit-ulcinj.com\/blog\/2016\/09\/15\/koha-javore-qeveria-kerkon-nje-firme-fiktive-per-valdanosin\/#breadcrumb\",\"itemListElement\":[{\"@type\":\"ListItem\",\"position\":1,\"name\":\"&#8220;Koha Javore&#8221;: Qeveria k\u00ebrkon nj\u00eb firm\u00eb fiktive p\u00ebr Valdanosin?\"}]},{\"@type\":\"Person\",\"@id\":\"https:\/\/www.visit-ulcinj.com\/blog\/#\/schema\/person\/dcab619c614d3038751c63bc2aadc06d\",\"name\":\"ulqini\",\"sameAs\":[\"http:\/\/www.visit-ulcinj.com\"],\"url\":\"https:\/\/www.visit-ulcinj.com\/blog\/author\/admin\/\"}]}<\/script>\n<!-- \/ Yoast SEO plugin. -->","yoast_head_json":{"title":"\"Koha Javore\": Qeveria k\u00ebrkon nj\u00eb firm\u00eb fiktive p\u00ebr Valdanosin? - Lajme nga Ulqini","description":"Mbas vizit\u00ebs s\u00eb fundit n\u00eb Ulqin t\u00eb kryeministrit Millo Gjukanoviq \u00ebsht\u00eb e qart\u00eb se Qeveria e Malit t\u00eb Zi nuk planifikon t\u00eb kthej\u00eb pron\u00ebn n\u00eb Valdanos,","robots":{"index":"index","follow":"follow","max-snippet":"max-snippet:-1","max-image-preview":"max-image-preview:large","max-video-preview":"max-video-preview:-1"},"canonical":"https:\/\/www.visit-ulcinj.com\/blog\/2016\/09\/15\/koha-javore-qeveria-kerkon-nje-firme-fiktive-per-valdanosin\/","og_locale":"en_US","og_type":"article","og_title":"\"Koha Javore\": Qeveria k\u00ebrkon nj\u00eb firm\u00eb fiktive p\u00ebr Valdanosin? - Lajme nga Ulqini","og_description":"Mbas vizit\u00ebs s\u00eb fundit n\u00eb Ulqin t\u00eb kryeministrit Millo Gjukanoviq \u00ebsht\u00eb e qart\u00eb se Qeveria e Malit t\u00eb Zi nuk planifikon t\u00eb kthej\u00eb pron\u00ebn n\u00eb Valdanos,","og_url":"https:\/\/www.visit-ulcinj.com\/blog\/2016\/09\/15\/koha-javore-qeveria-kerkon-nje-firme-fiktive-per-valdanosin\/","og_site_name":"Lajme nga Ulqini","article_published_time":"2016-09-15T10:11:31+00:00","article_modified_time":"2016-09-15T10:15:21+00:00","og_image":[{"url":"http:\/\/www.visit-ulcinj.com\/blog\/wp-content\/uploads\/2011\/02\/MontenegroValdanosGolfBeachSpa-Congres-Resort-Cubus-Lux.jpg"}],"twitter_misc":{"Written by":"ulqini","Est. reading time":"1 minute"},"schema":{"@context":"https:\/\/schema.org","@graph":[{"@type":"WebSite","@id":"https:\/\/www.visit-ulcinj.com\/blog\/#website","url":"https:\/\/www.visit-ulcinj.com\/blog\/","name":"Lajme nga Ulqini","description":"Lajme,Vijesti,Ulqini,Ulqin,Crna Gora,Mali i Zi","potentialAction":[{"@type":"SearchAction","target":{"@type":"EntryPoint","urlTemplate":"https:\/\/www.visit-ulcinj.com\/blog\/?s={search_term_string}"},"query-input":"required name=search_term_string"}],"inLanguage":"en-US"},{"@type":"ImageObject","inLanguage":"en-US","@id":"https:\/\/www.visit-ulcinj.com\/blog\/2016\/09\/15\/koha-javore-qeveria-kerkon-nje-firme-fiktive-per-valdanosin\/#primaryimage","url":"http:\/\/www.visit-ulcinj.com\/blog\/wp-content\/uploads\/2011\/02\/MontenegroValdanosGolfBeachSpa-Congres-Resort-Cubus-Lux.jpg","contentUrl":"http:\/\/www.visit-ulcinj.com\/blog\/wp-content\/uploads\/2011\/02\/MontenegroValdanosGolfBeachSpa-Congres-Resort-Cubus-Lux.jpg"},{"@type":"WebPage","@id":"https:\/\/www.visit-ulcinj.com\/blog\/2016\/09\/15\/koha-javore-qeveria-kerkon-nje-firme-fiktive-per-valdanosin\/#webpage","url":"https:\/\/www.visit-ulcinj.com\/blog\/2016\/09\/15\/koha-javore-qeveria-kerkon-nje-firme-fiktive-per-valdanosin\/","name":"\"Koha Javore\": Qeveria k\u00ebrkon nj\u00eb firm\u00eb fiktive p\u00ebr Valdanosin? - Lajme nga Ulqini","isPartOf":{"@id":"https:\/\/www.visit-ulcinj.com\/blog\/#website"},"primaryImageOfPage":{"@id":"https:\/\/www.visit-ulcinj.com\/blog\/2016\/09\/15\/koha-javore-qeveria-kerkon-nje-firme-fiktive-per-valdanosin\/#primaryimage"},"datePublished":"2016-09-15T10:11:31+00:00","dateModified":"2016-09-15T10:15:21+00:00","author":{"@id":"https:\/\/www.visit-ulcinj.com\/blog\/#\/schema\/person\/dcab619c614d3038751c63bc2aadc06d"},"description":"Mbas vizit\u00ebs s\u00eb fundit n\u00eb Ulqin t\u00eb kryeministrit Millo Gjukanoviq \u00ebsht\u00eb e qart\u00eb se Qeveria e Malit t\u00eb Zi nuk planifikon t\u00eb kthej\u00eb pron\u00ebn n\u00eb Valdanos,","breadcrumb":{"@id":"https:\/\/www.visit-ulcinj.com\/blog\/2016\/09\/15\/koha-javore-qeveria-kerkon-nje-firme-fiktive-per-valdanosin\/#breadcrumb"},"inLanguage":"en-US","potentialAction":[{"@type":"ReadAction","target":["https:\/\/www.visit-ulcinj.com\/blog\/2016\/09\/15\/koha-javore-qeveria-kerkon-nje-firme-fiktive-per-valdanosin\/"]}]},{"@type":"BreadcrumbList","@id":"https:\/\/www.visit-ulcinj.com\/blog\/2016\/09\/15\/koha-javore-qeveria-kerkon-nje-firme-fiktive-per-valdanosin\/#breadcrumb","itemListElement":[{"@type":"ListItem","position":1,"name":"&#8220;Koha Javore&#8221;: Qeveria k\u00ebrkon nj\u00eb firm\u00eb fiktive p\u00ebr Valdanosin?"}]},{"@type":"Person","@id":"https:\/\/www.visit-ulcinj.com\/blog\/#\/schema\/person\/dcab619c614d3038751c63bc2aadc06d","name":"ulqini","sameAs":["http:\/\/www.visit-ulcinj.com"],"url":"https:\/\/www.visit-ulcinj.com\/blog\/author\/admin\/"}]}},"jetpack_featured_media_url":"","jetpack_sharing_enabled":true,"jetpack_shortlink":"https:\/\/wp.me\/pe6lTn-pW1","_links":{"self":[{"href":"https:\/\/www.visit-ulcinj.com\/blog\/wp-json\/wp\/v2\/posts\/99697"}],"collection":[{"href":"https:\/\/www.visit-ulcinj.com\/blog\/wp-json\/wp\/v2\/posts"}],"about":[{"href":"https:\/\/www.visit-ulcinj.com\/blog\/wp-json\/wp\/v2\/types\/post"}],"author":[{"embeddable":true,"href":"https:\/\/www.visit-ulcinj.com\/blog\/wp-json\/wp\/v2\/users\/1"}],"replies":[{"embeddable":true,"href":"https:\/\/www.visit-ulcinj.com\/blog\/wp-json\/wp\/v2\/comments?post=99697"}],"version-history":[{"count":4,"href":"https:\/\/www.visit-ulcinj.com\/blog\/wp-json\/wp\/v2\/posts\/99697\/revisions"}],"predecessor-version":[{"id":99701,"href":"https:\/\/www.visit-ulcinj.com\/blog\/wp-json\/wp\/v2\/posts\/99697\/revisions\/99701"}],"wp:attachment":[{"href":"https:\/\/www.visit-ulcinj.com\/blog\/wp-json\/wp\/v2\/media?parent=99697"}],"wp:term":[{"taxonomy":"category","embeddable":true,"href":"https:\/\/www.visit-ulcinj.com\/blog\/wp-json\/wp\/v2\/categories?post=99697"},{"taxonomy":"post_tag","embeddable":true,"href":"https:\/\/www.visit-ulcinj.com\/blog\/wp-json\/wp\/v2\/tags?post=99697"}],"curies":[{"name":"wp","href":"https:\/\/api.w.org\/{rel}","templated":true}]}}