{"id":99716,"date":"2016-09-15T20:16:40","date_gmt":"2016-09-15T19:16:40","guid":{"rendered":"http:\/\/www.visit-ulcinj.com\/blog\/?p=99716"},"modified":"2016-09-15T20:16:40","modified_gmt":"2016-09-15T19:16:40","slug":"gjashte-filma-shqiptare-ne-seanema-film-festival-ne-ulqin","status":"publish","type":"post","link":"https:\/\/www.visit-ulcinj.com\/blog\/2016\/09\/15\/gjashte-filma-shqiptare-ne-seanema-film-festival-ne-ulqin\/","title":{"rendered":"Gjasht\u00eb filma shqiptar\u00eb n\u00eb Seanema Film Festival n\u00eb Ulqin"},"content":{"rendered":"<p><strong><a href=\"http:\/\/www.visit-ulcinj.com\/blog\/wp-content\/uploads\/2016\/09\/Edicioni-i-dyt\u00eb-i-Festivalit-t\u00eb-filmit-Seanema.jpg\"><img loading=\"lazy\" class=\"alignleft wp-image-99660\" src=\"http:\/\/www.visit-ulcinj.com\/blog\/wp-content\/uploads\/2016\/09\/Edicioni-i-dyt\u00eb-i-Festivalit-t\u00eb-filmit-Seanema.jpg\" alt=\"Edicioni i dyt\u00eb i Festivalit t\u00eb filmit Seanema\" width=\"508\" height=\"355\" srcset=\"https:\/\/www.visit-ulcinj.com\/blog\/wp-content\/uploads\/2016\/09\/Edicioni-i-dyt\u00eb-i-Festivalit-t\u00eb-filmit-Seanema.jpg 999w, https:\/\/www.visit-ulcinj.com\/blog\/wp-content\/uploads\/2016\/09\/Edicioni-i-dyt\u00eb-i-Festivalit-t\u00eb-filmit-Seanema-300x210.jpg 300w, https:\/\/www.visit-ulcinj.com\/blog\/wp-content\/uploads\/2016\/09\/Edicioni-i-dyt\u00eb-i-Festivalit-t\u00eb-filmit-Seanema-768x537.jpg 768w\" sizes=\"(max-width: 508px) 100vw, 508px\" \/><\/a>Dy filmat do t\u00eb shfaqen n\u00eb festival me dat\u00eb 17, t\u00eb shtun\u00ebn, me fillim prej or\u00ebs 19:30 dhe respektivisht 21:30.<\/strong><\/p>\n<p>Ka nisur para pak minutash n\u00eb Ulqin edicioni i radh\u00ebs i Festivalit Seanema Film Festival.<\/p>\n<p>Festivali sonte hapet me \u201cSuffragette\u201d nd\u00ebrsa me fillim prej or\u00ebs 22:00 do t\u00eb shfaqet filmi \u201cDobra Zhena\u201d nga Serbia, me regji e aktrim t\u00eb Mirjana Karanoviq.<\/p>\n<p>N\u00eb kuad\u00ebr t\u00eb festivalit jan\u00eb edhe dy filma shqiptar\u00ebt: \u201cKoncert n\u00eb vitin 1936\u201d me regji nga Saimir Kumbaro dhe \u201cKapedani\u201d nga Muharrem Fejza.<\/p>\n<p>Dy filmat do t\u00eb shfaqen n\u00eb festival me dat\u00eb 17, t\u00eb shtun\u00ebn, me fillim prej or\u00ebs 19:30 dhe respektivisht 21:30.<\/p>\n<p>Pos filmave t\u00eb metrazhit t\u00eb gjat\u00eb, filmat \u201cGur\u00eb Uj\u00eb\u201d me regji nga Ervin Kotori, \u201cMy Grandmother\u201d nga Jurgen Agushi, \u201cThe Capsule\u201d nga Irdit Kaso dhe \u201cDear Ria\u201d nga Sabir Kanaqi do t\u00eb shfaqen t\u00eb nj\u00ebjt\u00ebn dit\u00eb, n\u00eb Dit\u00eb kushtuar Kinematografis\u00eb Shqiptare. \/ <strong>KultPlus.com\u00a0<\/strong><\/p>\n","protected":false},"excerpt":{"rendered":"<p>Dy filmat do t\u00eb shfaqen n\u00eb festival me dat\u00eb 17, t\u00eb shtun\u00ebn, me fillim prej or\u00ebs 19:30 dhe respektivisht 21:30. Ka nisur para pak minutash n\u00eb Ulqin edicioni i radh\u00ebs i Festivalit Seanema Film Festival. Festivali sonte hapet me \u201cSuffragette\u201d nd\u00ebrsa me fillim prej or\u00ebs 22:00 do t\u00eb shfaqet filmi \u201cDobra Zhena\u201d nga Serbia, me [&hellip;]<\/p>\n","protected":false},"author":1,"featured_media":0,"comment_status":"closed","ping_status":"closed","sticky":false,"template":"","format":"standard","meta":{"spay_email":"","jetpack_publicize_message":"","jetpack_is_tweetstorm":false,"jetpack_publicize_feature_enabled":true},"categories":[6950],"tags":[],"jetpack_publicize_connections":[],"yoast_head":"<!-- This site is optimized with the Yoast SEO plugin v19.1 - https:\/\/yoast.com\/wordpress\/plugins\/seo\/ -->\n<title>Gjasht\u00eb filma shqiptar\u00eb n\u00eb Seanema Film Festival n\u00eb Ulqin - Lajme nga Ulqini<\/title>\n<meta name=\"description\" content=\"Dy filmat do t\u00eb shfaqen n\u00eb festival me dat\u00eb 17, t\u00eb shtun\u00ebn, me fillim prej or\u00ebs 19:30 dhe respektivisht 21:30. Ka nisur para pak minutash n\u00eb Ulqin\" \/>\n<meta name=\"robots\" content=\"index, follow, max-snippet:-1, max-image-preview:large, max-video-preview:-1\" \/>\n<link rel=\"canonical\" href=\"https:\/\/www.visit-ulcinj.com\/blog\/2016\/09\/15\/gjashte-filma-shqiptare-ne-seanema-film-festival-ne-ulqin\/\" \/>\n<meta property=\"og:locale\" content=\"en_US\" \/>\n<meta property=\"og:type\" content=\"article\" \/>\n<meta property=\"og:title\" content=\"Gjasht\u00eb filma shqiptar\u00eb n\u00eb Seanema Film Festival n\u00eb Ulqin - Lajme nga Ulqini\" \/>\n<meta property=\"og:description\" content=\"Dy filmat do t\u00eb shfaqen n\u00eb festival me dat\u00eb 17, t\u00eb shtun\u00ebn, me fillim prej or\u00ebs 19:30 dhe respektivisht 21:30. Ka nisur para pak minutash n\u00eb Ulqin\" \/>\n<meta property=\"og:url\" content=\"https:\/\/www.visit-ulcinj.com\/blog\/2016\/09\/15\/gjashte-filma-shqiptare-ne-seanema-film-festival-ne-ulqin\/\" \/>\n<meta property=\"og:site_name\" content=\"Lajme nga Ulqini\" \/>\n<meta property=\"article:published_time\" content=\"2016-09-15T19:16:40+00:00\" \/>\n<meta name=\"twitter:label1\" content=\"Written by\" \/>\n\t<meta name=\"twitter:data1\" content=\"ulqini\" \/>\n\t<meta name=\"twitter:label2\" content=\"Est. reading time\" \/>\n\t<meta name=\"twitter:data2\" content=\"1 minute\" \/>\n<script type=\"application\/ld+json\" class=\"yoast-schema-graph\">{\"@context\":\"https:\/\/schema.org\",\"@graph\":[{\"@type\":\"WebSite\",\"@id\":\"https:\/\/www.visit-ulcinj.com\/blog\/#website\",\"url\":\"https:\/\/www.visit-ulcinj.com\/blog\/\",\"name\":\"Lajme nga Ulqini\",\"description\":\"Lajme,Vijesti,Ulqini,Ulqin,Crna Gora,Mali i Zi\",\"potentialAction\":[{\"@type\":\"SearchAction\",\"target\":{\"@type\":\"EntryPoint\",\"urlTemplate\":\"https:\/\/www.visit-ulcinj.com\/blog\/?s={search_term_string}\"},\"query-input\":\"required name=search_term_string\"}],\"inLanguage\":\"en-US\"},{\"@type\":\"WebPage\",\"@id\":\"https:\/\/www.visit-ulcinj.com\/blog\/2016\/09\/15\/gjashte-filma-shqiptare-ne-seanema-film-festival-ne-ulqin\/#webpage\",\"url\":\"https:\/\/www.visit-ulcinj.com\/blog\/2016\/09\/15\/gjashte-filma-shqiptare-ne-seanema-film-festival-ne-ulqin\/\",\"name\":\"Gjasht\u00eb filma shqiptar\u00eb n\u00eb Seanema Film Festival n\u00eb Ulqin - Lajme nga Ulqini\",\"isPartOf\":{\"@id\":\"https:\/\/www.visit-ulcinj.com\/blog\/#website\"},\"datePublished\":\"2016-09-15T19:16:40+00:00\",\"dateModified\":\"2016-09-15T19:16:40+00:00\",\"author\":{\"@id\":\"https:\/\/www.visit-ulcinj.com\/blog\/#\/schema\/person\/dcab619c614d3038751c63bc2aadc06d\"},\"description\":\"Dy filmat do t\u00eb shfaqen n\u00eb festival me dat\u00eb 17, t\u00eb shtun\u00ebn, me fillim prej or\u00ebs 19:30 dhe respektivisht 21:30. Ka nisur para pak minutash n\u00eb Ulqin\",\"breadcrumb\":{\"@id\":\"https:\/\/www.visit-ulcinj.com\/blog\/2016\/09\/15\/gjashte-filma-shqiptare-ne-seanema-film-festival-ne-ulqin\/#breadcrumb\"},\"inLanguage\":\"en-US\",\"potentialAction\":[{\"@type\":\"ReadAction\",\"target\":[\"https:\/\/www.visit-ulcinj.com\/blog\/2016\/09\/15\/gjashte-filma-shqiptare-ne-seanema-film-festival-ne-ulqin\/\"]}]},{\"@type\":\"BreadcrumbList\",\"@id\":\"https:\/\/www.visit-ulcinj.com\/blog\/2016\/09\/15\/gjashte-filma-shqiptare-ne-seanema-film-festival-ne-ulqin\/#breadcrumb\",\"itemListElement\":[{\"@type\":\"ListItem\",\"position\":1,\"name\":\"Gjasht\u00eb filma shqiptar\u00eb n\u00eb Seanema Film Festival n\u00eb Ulqin\"}]},{\"@type\":\"Person\",\"@id\":\"https:\/\/www.visit-ulcinj.com\/blog\/#\/schema\/person\/dcab619c614d3038751c63bc2aadc06d\",\"name\":\"ulqini\",\"sameAs\":[\"http:\/\/www.visit-ulcinj.com\"],\"url\":\"https:\/\/www.visit-ulcinj.com\/blog\/author\/admin\/\"}]}<\/script>\n<!-- \/ Yoast SEO plugin. -->","yoast_head_json":{"title":"Gjasht\u00eb filma shqiptar\u00eb n\u00eb Seanema Film Festival n\u00eb Ulqin - Lajme nga Ulqini","description":"Dy filmat do t\u00eb shfaqen n\u00eb festival me dat\u00eb 17, t\u00eb shtun\u00ebn, me fillim prej or\u00ebs 19:30 dhe respektivisht 21:30. Ka nisur para pak minutash n\u00eb Ulqin","robots":{"index":"index","follow":"follow","max-snippet":"max-snippet:-1","max-image-preview":"max-image-preview:large","max-video-preview":"max-video-preview:-1"},"canonical":"https:\/\/www.visit-ulcinj.com\/blog\/2016\/09\/15\/gjashte-filma-shqiptare-ne-seanema-film-festival-ne-ulqin\/","og_locale":"en_US","og_type":"article","og_title":"Gjasht\u00eb filma shqiptar\u00eb n\u00eb Seanema Film Festival n\u00eb Ulqin - Lajme nga Ulqini","og_description":"Dy filmat do t\u00eb shfaqen n\u00eb festival me dat\u00eb 17, t\u00eb shtun\u00ebn, me fillim prej or\u00ebs 19:30 dhe respektivisht 21:30. Ka nisur para pak minutash n\u00eb Ulqin","og_url":"https:\/\/www.visit-ulcinj.com\/blog\/2016\/09\/15\/gjashte-filma-shqiptare-ne-seanema-film-festival-ne-ulqin\/","og_site_name":"Lajme nga Ulqini","article_published_time":"2016-09-15T19:16:40+00:00","twitter_misc":{"Written by":"ulqini","Est. reading time":"1 minute"},"schema":{"@context":"https:\/\/schema.org","@graph":[{"@type":"WebSite","@id":"https:\/\/www.visit-ulcinj.com\/blog\/#website","url":"https:\/\/www.visit-ulcinj.com\/blog\/","name":"Lajme nga Ulqini","description":"Lajme,Vijesti,Ulqini,Ulqin,Crna Gora,Mali i Zi","potentialAction":[{"@type":"SearchAction","target":{"@type":"EntryPoint","urlTemplate":"https:\/\/www.visit-ulcinj.com\/blog\/?s={search_term_string}"},"query-input":"required name=search_term_string"}],"inLanguage":"en-US"},{"@type":"WebPage","@id":"https:\/\/www.visit-ulcinj.com\/blog\/2016\/09\/15\/gjashte-filma-shqiptare-ne-seanema-film-festival-ne-ulqin\/#webpage","url":"https:\/\/www.visit-ulcinj.com\/blog\/2016\/09\/15\/gjashte-filma-shqiptare-ne-seanema-film-festival-ne-ulqin\/","name":"Gjasht\u00eb filma shqiptar\u00eb n\u00eb Seanema Film Festival n\u00eb Ulqin - Lajme nga Ulqini","isPartOf":{"@id":"https:\/\/www.visit-ulcinj.com\/blog\/#website"},"datePublished":"2016-09-15T19:16:40+00:00","dateModified":"2016-09-15T19:16:40+00:00","author":{"@id":"https:\/\/www.visit-ulcinj.com\/blog\/#\/schema\/person\/dcab619c614d3038751c63bc2aadc06d"},"description":"Dy filmat do t\u00eb shfaqen n\u00eb festival me dat\u00eb 17, t\u00eb shtun\u00ebn, me fillim prej or\u00ebs 19:30 dhe respektivisht 21:30. Ka nisur para pak minutash n\u00eb Ulqin","breadcrumb":{"@id":"https:\/\/www.visit-ulcinj.com\/blog\/2016\/09\/15\/gjashte-filma-shqiptare-ne-seanema-film-festival-ne-ulqin\/#breadcrumb"},"inLanguage":"en-US","potentialAction":[{"@type":"ReadAction","target":["https:\/\/www.visit-ulcinj.com\/blog\/2016\/09\/15\/gjashte-filma-shqiptare-ne-seanema-film-festival-ne-ulqin\/"]}]},{"@type":"BreadcrumbList","@id":"https:\/\/www.visit-ulcinj.com\/blog\/2016\/09\/15\/gjashte-filma-shqiptare-ne-seanema-film-festival-ne-ulqin\/#breadcrumb","itemListElement":[{"@type":"ListItem","position":1,"name":"Gjasht\u00eb filma shqiptar\u00eb n\u00eb Seanema Film Festival n\u00eb Ulqin"}]},{"@type":"Person","@id":"https:\/\/www.visit-ulcinj.com\/blog\/#\/schema\/person\/dcab619c614d3038751c63bc2aadc06d","name":"ulqini","sameAs":["http:\/\/www.visit-ulcinj.com"],"url":"https:\/\/www.visit-ulcinj.com\/blog\/author\/admin\/"}]}},"jetpack_featured_media_url":"","jetpack_sharing_enabled":true,"jetpack_shortlink":"https:\/\/wp.me\/pe6lTn-pWk","_links":{"self":[{"href":"https:\/\/www.visit-ulcinj.com\/blog\/wp-json\/wp\/v2\/posts\/99716"}],"collection":[{"href":"https:\/\/www.visit-ulcinj.com\/blog\/wp-json\/wp\/v2\/posts"}],"about":[{"href":"https:\/\/www.visit-ulcinj.com\/blog\/wp-json\/wp\/v2\/types\/post"}],"author":[{"embeddable":true,"href":"https:\/\/www.visit-ulcinj.com\/blog\/wp-json\/wp\/v2\/users\/1"}],"replies":[{"embeddable":true,"href":"https:\/\/www.visit-ulcinj.com\/blog\/wp-json\/wp\/v2\/comments?post=99716"}],"version-history":[{"count":1,"href":"https:\/\/www.visit-ulcinj.com\/blog\/wp-json\/wp\/v2\/posts\/99716\/revisions"}],"predecessor-version":[{"id":99717,"href":"https:\/\/www.visit-ulcinj.com\/blog\/wp-json\/wp\/v2\/posts\/99716\/revisions\/99717"}],"wp:attachment":[{"href":"https:\/\/www.visit-ulcinj.com\/blog\/wp-json\/wp\/v2\/media?parent=99716"}],"wp:term":[{"taxonomy":"category","embeddable":true,"href":"https:\/\/www.visit-ulcinj.com\/blog\/wp-json\/wp\/v2\/categories?post=99716"},{"taxonomy":"post_tag","embeddable":true,"href":"https:\/\/www.visit-ulcinj.com\/blog\/wp-json\/wp\/v2\/tags?post=99716"}],"curies":[{"name":"wp","href":"https:\/\/api.w.org\/{rel}","templated":true}]}}