{"id":99718,"date":"2016-09-16T06:18:12","date_gmt":"2016-09-16T05:18:12","guid":{"rendered":"http:\/\/www.visit-ulcinj.com\/blog\/?p=99718"},"modified":"2016-09-16T11:24:13","modified_gmt":"2016-09-16T10:24:13","slug":"formohet-koalicion-madh-forca-udsh-ja-dhe-ash","status":"publish","type":"post","link":"https:\/\/www.visit-ulcinj.com\/blog\/2016\/09\/16\/formohet-koalicion-madh-forca-udsh-ja-dhe-ash\/","title":{"rendered":"Formohet \u201ckoalicion i madh\u201d Forca, UDSh-ja dhe ASh"},"content":{"rendered":"<div><strong><a href=\"http:\/\/www.visit-ulcinj.com\/blog\/wp-content\/uploads\/2016\/09\/Formohet-koalicion-i-madh-Forca-UDSh-ja-dhe-ASh-1.jpg\"><img loading=\"lazy\" class=\"alignleft wp-image-99719\" src=\"http:\/\/www.visit-ulcinj.com\/blog\/wp-content\/uploads\/2016\/09\/Formohet-koalicion-i-madh-Forca-UDSh-ja-dhe-ASh-1.jpg\" alt=\"Formohet koalicion i madh Forca, UDSh-ja dhe ASh-1\" width=\"508\" height=\"339\" srcset=\"https:\/\/www.visit-ulcinj.com\/blog\/wp-content\/uploads\/2016\/09\/Formohet-koalicion-i-madh-Forca-UDSh-ja-dhe-ASh-1.jpg 927w, https:\/\/www.visit-ulcinj.com\/blog\/wp-content\/uploads\/2016\/09\/Formohet-koalicion-i-madh-Forca-UDSh-ja-dhe-ASh-1-300x200.jpg 300w, https:\/\/www.visit-ulcinj.com\/blog\/wp-content\/uploads\/2016\/09\/Formohet-koalicion-i-madh-Forca-UDSh-ja-dhe-ASh-1-768x512.jpg 768w\" sizes=\"(max-width: 508px) 100vw, 508px\" \/><\/a>Bashkangjitja e subjektit te trete me te madh shqiptare koalicionit FORCA &#8211; UDSH &#8211; ASH p\u00ebr zgjedhjet parlamentare 2016<\/strong><\/div>\n<div>\n<p><strong>\u00a0<\/strong><\/p>\n<p>Pas n\u00ebnshkrimit t\u00eb marr\u00ebveshjes p\u00ebr koalicionin parazgjedhor mes Forc\u00ebs s\u00eb Re Demokratike dhe Unionit Demokratik t\u00eb Shqiptar\u00ebve, sot k\u00ebtij koalicioni i \u00ebsht\u00eb bashkuar edhe subjekti i tret\u00eb m\u00eb i madh politik shqiptar n\u00eb vend, Alternativa Shqiptare.<br \/>\nN\u00ebp\u00ebrmjet k\u00ebtij koalicioni, q\u00eb p\u00ebrfshin tre partit\u00eb kryesore shqiptare t\u00eb Malit t\u00eb Zi, garantohet fuqizimi i faktorit politik shqiptar n\u00eb vend duke mund\u00ebsuar m\u00eb shum\u00eb ndikimin n\u00eb vendimmarrje dhe n\u00eb jet\u00ebn politike t\u00eb Malit t\u00eb Zi. Koalicioni i p\u00ebrb\u00ebr\u00eb nga tre forcat m\u00eb t\u00eb m\u00ebdha politike, n\u00eb p\u00ebrb\u00ebrje t\u00eb s\u00eb cil\u00ebs bashkohen dy deputet\u00eb shqiptar, kryetari i Kuvendit t\u00eb Komun\u00ebs s\u00eb Tuzit dhe Kryetari i Komun\u00ebs s\u00eb Ulqinit, synon nj\u00eb strategji afatgjate e cila ka p\u00ebr q\u00ebllim vendosjen e interesave komb\u00ebtare mbi ato personal.<\/p>\n<p>P\u00ebr shum\u00eb vite p\u00ebr\u00e7arjet politike dhe ndasit\u00eb personale kan\u00eb b\u00ebr\u00eb q\u00eb fragmentizimi i vot\u00ebs s\u00eb shqiptar\u00ebve n\u00eb Malin e Zi t\u00eb d\u00ebmtoj\u00eb vet\u00eb faktorin shqiptar n\u00eb vend, duke e dob\u00ebsuar at\u00eb ndjesh\u00ebm e mandej shkaktuar humbjen e mandateve politike \u00e7ka ka sjellur pasoja t\u00eb r\u00ebnda p\u00ebr komunitetin shqiptar. Ndaj, bashkimi i votave t\u00eb shqiptar\u00ebve sot, \u00ebsht\u00eb m\u00eb i mundur se kurr\u00eb si nj\u00eb parakusht p\u00ebr sigurimin e m\u00eb shum\u00eb ndikimi n\u00eb interes t\u00eb t\u00eb drejtave shqiptare dhe kauzave t\u00eb tyre.<br \/>\nP\u00ebrfaq\u00ebsuesit e Forc\u00ebs, UDSh-s\u00eb dhe ASh-s\u00eb\u00a0p\u00ebrs\u00ebrisin thirrjen e tyre drejtuar aktor\u00ebve dhe faktor\u00ebve t\u00eb tjer\u00eb politik shqiptar brenda dhe jasht\u00eb vendit q\u00eb p\u00ebr hir t\u00eb interesit komb\u00ebtar, t\u00eb bashkojn\u00eb forcat, dhe t\u00eb b\u00ebhen pjes\u00eb e k\u00ebtij koalicioni t\u00eb madh t\u00eb shqiptar\u00ebve t\u00eb Malit t\u00eb Zi.<\/p>\n<p>Sh\u00ebrbimi p\u00ebr Informim FORCA<\/p>\n<p><a href=\"http:\/\/www.visit-ulcinj.com\/blog\/wp-content\/uploads\/2016\/09\/Formohet-koalicion-i-madh-Forca-UDSh-ja-dhe-ASh-2.jpg\"><img loading=\"lazy\" class=\"alignleft wp-image-99720\" src=\"http:\/\/www.visit-ulcinj.com\/blog\/wp-content\/uploads\/2016\/09\/Formohet-koalicion-i-madh-Forca-UDSh-ja-dhe-ASh-2.jpg\" alt=\"Formohet koalicion i madh Forca, UDSh-ja dhe ASh-2\" width=\"508\" height=\"339\" srcset=\"https:\/\/www.visit-ulcinj.com\/blog\/wp-content\/uploads\/2016\/09\/Formohet-koalicion-i-madh-Forca-UDSh-ja-dhe-ASh-2.jpg 927w, https:\/\/www.visit-ulcinj.com\/blog\/wp-content\/uploads\/2016\/09\/Formohet-koalicion-i-madh-Forca-UDSh-ja-dhe-ASh-2-300x200.jpg 300w, https:\/\/www.visit-ulcinj.com\/blog\/wp-content\/uploads\/2016\/09\/Formohet-koalicion-i-madh-Forca-UDSh-ja-dhe-ASh-2-768x512.jpg 768w\" sizes=\"(max-width: 508px) 100vw, 508px\" \/><\/a><a href=\"http:\/\/www.visit-ulcinj.com\/blog\/wp-content\/uploads\/2016\/09\/Formohet-koalicion-i-madh-Forca-UDSh-ja-dhe-ASh.jpg\"><img loading=\"lazy\" class=\"alignleft wp-image-99721\" src=\"http:\/\/www.visit-ulcinj.com\/blog\/wp-content\/uploads\/2016\/09\/Formohet-koalicion-i-madh-Forca-UDSh-ja-dhe-ASh.jpg\" alt=\"Formohet koalicion i madh Forca, UDSh-ja dhe ASh\" width=\"508\" height=\"339\" srcset=\"https:\/\/www.visit-ulcinj.com\/blog\/wp-content\/uploads\/2016\/09\/Formohet-koalicion-i-madh-Forca-UDSh-ja-dhe-ASh.jpg 927w, https:\/\/www.visit-ulcinj.com\/blog\/wp-content\/uploads\/2016\/09\/Formohet-koalicion-i-madh-Forca-UDSh-ja-dhe-ASh-300x200.jpg 300w, https:\/\/www.visit-ulcinj.com\/blog\/wp-content\/uploads\/2016\/09\/Formohet-koalicion-i-madh-Forca-UDSh-ja-dhe-ASh-768x512.jpg 768w\" sizes=\"(max-width: 508px) 100vw, 508px\" \/><\/a><\/p>\n<p><a href=\"http:\/\/www.visit-ulcinj.com\/blog\/wp-content\/uploads\/2016\/09\/Formohet-koalicion-i-madh-Forca-UDSh-ja-dhe-ASh-3.jpg\"><img loading=\"lazy\" class=\"alignleft wp-image-99738\" src=\"http:\/\/www.visit-ulcinj.com\/blog\/wp-content\/uploads\/2016\/09\/Formohet-koalicion-i-madh-Forca-UDSh-ja-dhe-ASh-3.jpg\" alt=\"Formohet koalicion i madh Forca, UDSh-ja dhe ASh-3\" width=\"508\" height=\"339\" srcset=\"https:\/\/www.visit-ulcinj.com\/blog\/wp-content\/uploads\/2016\/09\/Formohet-koalicion-i-madh-Forca-UDSh-ja-dhe-ASh-3.jpg 960w, https:\/\/www.visit-ulcinj.com\/blog\/wp-content\/uploads\/2016\/09\/Formohet-koalicion-i-madh-Forca-UDSh-ja-dhe-ASh-3-300x200.jpg 300w, https:\/\/www.visit-ulcinj.com\/blog\/wp-content\/uploads\/2016\/09\/Formohet-koalicion-i-madh-Forca-UDSh-ja-dhe-ASh-3-768x512.jpg 768w\" sizes=\"(max-width: 508px) 100vw, 508px\" \/><\/a><\/p>\n<\/div>\n","protected":false},"excerpt":{"rendered":"<p>Bashkangjitja e subjektit te trete me te madh shqiptare koalicionit FORCA &#8211; UDSH &#8211; ASH p\u00ebr zgjedhjet parlamentare 2016 \u00a0 Pas n\u00ebnshkrimit t\u00eb marr\u00ebveshjes p\u00ebr koalicionin parazgjedhor mes Forc\u00ebs s\u00eb Re Demokratike dhe Unionit Demokratik t\u00eb Shqiptar\u00ebve, sot k\u00ebtij koalicioni i \u00ebsht\u00eb bashkuar edhe subjekti i tret\u00eb m\u00eb i madh politik shqiptar n\u00eb vend, Alternativa [&hellip;]<\/p>\n","protected":false},"author":1,"featured_media":0,"comment_status":"closed","ping_status":"closed","sticky":false,"template":"","format":"standard","meta":{"spay_email":"","jetpack_publicize_message":"","jetpack_is_tweetstorm":false,"jetpack_publicize_feature_enabled":true},"categories":[1,6],"tags":[],"jetpack_publicize_connections":[],"yoast_head":"<!-- This site is optimized with the Yoast SEO plugin v19.1 - https:\/\/yoast.com\/wordpress\/plugins\/seo\/ -->\n<title>Formohet \u201ckoalicion i madh\u201d Forca, UDSh-ja dhe ASh - Lajme nga Ulqini<\/title>\n<meta name=\"description\" content=\"Bashkangjitja e subjektit te trete me te madh shqiptare koalicionit FORCA - UDSH - ASH p\u00ebr zgjedhjet parlamentare 2016 \u00a0 Pas n\u00ebnshkrimit t\u00eb marr\u00ebveshjes\" \/>\n<meta name=\"robots\" content=\"index, follow, max-snippet:-1, max-image-preview:large, max-video-preview:-1\" \/>\n<link rel=\"canonical\" href=\"https:\/\/www.visit-ulcinj.com\/blog\/2016\/09\/16\/formohet-koalicion-madh-forca-udsh-ja-dhe-ash\/\" \/>\n<meta property=\"og:locale\" content=\"en_US\" \/>\n<meta property=\"og:type\" content=\"article\" \/>\n<meta property=\"og:title\" content=\"Formohet \u201ckoalicion i madh\u201d Forca, UDSh-ja dhe ASh - Lajme nga Ulqini\" \/>\n<meta property=\"og:description\" content=\"Bashkangjitja e subjektit te trete me te madh shqiptare koalicionit FORCA - UDSH - ASH p\u00ebr zgjedhjet parlamentare 2016 \u00a0 Pas n\u00ebnshkrimit t\u00eb marr\u00ebveshjes\" \/>\n<meta property=\"og:url\" content=\"https:\/\/www.visit-ulcinj.com\/blog\/2016\/09\/16\/formohet-koalicion-madh-forca-udsh-ja-dhe-ash\/\" \/>\n<meta property=\"og:site_name\" content=\"Lajme nga Ulqini\" \/>\n<meta property=\"article:published_time\" content=\"2016-09-16T05:18:12+00:00\" \/>\n<meta property=\"article:modified_time\" content=\"2016-09-16T10:24:13+00:00\" \/>\n<meta property=\"og:image\" content=\"http:\/\/www.visit-ulcinj.com\/blog\/wp-content\/uploads\/2016\/09\/Formohet-koalicion-i-madh-Forca-UDSh-ja-dhe-ASh-1.jpg\" \/>\n<meta name=\"twitter:label1\" content=\"Written by\" \/>\n\t<meta name=\"twitter:data1\" content=\"ulqini\" \/>\n\t<meta name=\"twitter:label2\" content=\"Est. reading time\" \/>\n\t<meta name=\"twitter:data2\" content=\"2 minutes\" \/>\n<script type=\"application\/ld+json\" class=\"yoast-schema-graph\">{\"@context\":\"https:\/\/schema.org\",\"@graph\":[{\"@type\":\"WebSite\",\"@id\":\"https:\/\/www.visit-ulcinj.com\/blog\/#website\",\"url\":\"https:\/\/www.visit-ulcinj.com\/blog\/\",\"name\":\"Lajme nga Ulqini\",\"description\":\"Lajme,Vijesti,Ulqini,Ulqin,Crna Gora,Mali i Zi\",\"potentialAction\":[{\"@type\":\"SearchAction\",\"target\":{\"@type\":\"EntryPoint\",\"urlTemplate\":\"https:\/\/www.visit-ulcinj.com\/blog\/?s={search_term_string}\"},\"query-input\":\"required name=search_term_string\"}],\"inLanguage\":\"en-US\"},{\"@type\":\"ImageObject\",\"inLanguage\":\"en-US\",\"@id\":\"https:\/\/www.visit-ulcinj.com\/blog\/2016\/09\/16\/formohet-koalicion-madh-forca-udsh-ja-dhe-ash\/#primaryimage\",\"url\":\"https:\/\/www.visit-ulcinj.com\/blog\/wp-content\/uploads\/2016\/09\/Formohet-koalicion-i-madh-Forca-UDSh-ja-dhe-ASh-1.jpg\",\"contentUrl\":\"https:\/\/www.visit-ulcinj.com\/blog\/wp-content\/uploads\/2016\/09\/Formohet-koalicion-i-madh-Forca-UDSh-ja-dhe-ASh-1.jpg\",\"width\":927,\"height\":618},{\"@type\":\"WebPage\",\"@id\":\"https:\/\/www.visit-ulcinj.com\/blog\/2016\/09\/16\/formohet-koalicion-madh-forca-udsh-ja-dhe-ash\/#webpage\",\"url\":\"https:\/\/www.visit-ulcinj.com\/blog\/2016\/09\/16\/formohet-koalicion-madh-forca-udsh-ja-dhe-ash\/\",\"name\":\"Formohet \u201ckoalicion i madh\u201d Forca, UDSh-ja dhe ASh - Lajme nga Ulqini\",\"isPartOf\":{\"@id\":\"https:\/\/www.visit-ulcinj.com\/blog\/#website\"},\"primaryImageOfPage\":{\"@id\":\"https:\/\/www.visit-ulcinj.com\/blog\/2016\/09\/16\/formohet-koalicion-madh-forca-udsh-ja-dhe-ash\/#primaryimage\"},\"datePublished\":\"2016-09-16T05:18:12+00:00\",\"dateModified\":\"2016-09-16T10:24:13+00:00\",\"author\":{\"@id\":\"https:\/\/www.visit-ulcinj.com\/blog\/#\/schema\/person\/dcab619c614d3038751c63bc2aadc06d\"},\"description\":\"Bashkangjitja e subjektit te trete me te madh shqiptare koalicionit FORCA - UDSH - ASH p\u00ebr zgjedhjet parlamentare 2016 \u00a0 Pas n\u00ebnshkrimit t\u00eb marr\u00ebveshjes\",\"breadcrumb\":{\"@id\":\"https:\/\/www.visit-ulcinj.com\/blog\/2016\/09\/16\/formohet-koalicion-madh-forca-udsh-ja-dhe-ash\/#breadcrumb\"},\"inLanguage\":\"en-US\",\"potentialAction\":[{\"@type\":\"ReadAction\",\"target\":[\"https:\/\/www.visit-ulcinj.com\/blog\/2016\/09\/16\/formohet-koalicion-madh-forca-udsh-ja-dhe-ash\/\"]}]},{\"@type\":\"BreadcrumbList\",\"@id\":\"https:\/\/www.visit-ulcinj.com\/blog\/2016\/09\/16\/formohet-koalicion-madh-forca-udsh-ja-dhe-ash\/#breadcrumb\",\"itemListElement\":[{\"@type\":\"ListItem\",\"position\":1,\"name\":\"Formohet \u201ckoalicion i madh\u201d Forca, UDSh-ja dhe ASh\"}]},{\"@type\":\"Person\",\"@id\":\"https:\/\/www.visit-ulcinj.com\/blog\/#\/schema\/person\/dcab619c614d3038751c63bc2aadc06d\",\"name\":\"ulqini\",\"sameAs\":[\"http:\/\/www.visit-ulcinj.com\"],\"url\":\"https:\/\/www.visit-ulcinj.com\/blog\/author\/admin\/\"}]}<\/script>\n<!-- \/ Yoast SEO plugin. -->","yoast_head_json":{"title":"Formohet \u201ckoalicion i madh\u201d Forca, UDSh-ja dhe ASh - Lajme nga Ulqini","description":"Bashkangjitja e subjektit te trete me te madh shqiptare koalicionit FORCA - UDSH - ASH p\u00ebr zgjedhjet parlamentare 2016 \u00a0 Pas n\u00ebnshkrimit t\u00eb marr\u00ebveshjes","robots":{"index":"index","follow":"follow","max-snippet":"max-snippet:-1","max-image-preview":"max-image-preview:large","max-video-preview":"max-video-preview:-1"},"canonical":"https:\/\/www.visit-ulcinj.com\/blog\/2016\/09\/16\/formohet-koalicion-madh-forca-udsh-ja-dhe-ash\/","og_locale":"en_US","og_type":"article","og_title":"Formohet \u201ckoalicion i madh\u201d Forca, UDSh-ja dhe ASh - Lajme nga Ulqini","og_description":"Bashkangjitja e subjektit te trete me te madh shqiptare koalicionit FORCA - UDSH - ASH p\u00ebr zgjedhjet parlamentare 2016 \u00a0 Pas n\u00ebnshkrimit t\u00eb marr\u00ebveshjes","og_url":"https:\/\/www.visit-ulcinj.com\/blog\/2016\/09\/16\/formohet-koalicion-madh-forca-udsh-ja-dhe-ash\/","og_site_name":"Lajme nga Ulqini","article_published_time":"2016-09-16T05:18:12+00:00","article_modified_time":"2016-09-16T10:24:13+00:00","og_image":[{"url":"http:\/\/www.visit-ulcinj.com\/blog\/wp-content\/uploads\/2016\/09\/Formohet-koalicion-i-madh-Forca-UDSh-ja-dhe-ASh-1.jpg"}],"twitter_misc":{"Written by":"ulqini","Est. reading time":"2 minutes"},"schema":{"@context":"https:\/\/schema.org","@graph":[{"@type":"WebSite","@id":"https:\/\/www.visit-ulcinj.com\/blog\/#website","url":"https:\/\/www.visit-ulcinj.com\/blog\/","name":"Lajme nga Ulqini","description":"Lajme,Vijesti,Ulqini,Ulqin,Crna Gora,Mali i Zi","potentialAction":[{"@type":"SearchAction","target":{"@type":"EntryPoint","urlTemplate":"https:\/\/www.visit-ulcinj.com\/blog\/?s={search_term_string}"},"query-input":"required name=search_term_string"}],"inLanguage":"en-US"},{"@type":"ImageObject","inLanguage":"en-US","@id":"https:\/\/www.visit-ulcinj.com\/blog\/2016\/09\/16\/formohet-koalicion-madh-forca-udsh-ja-dhe-ash\/#primaryimage","url":"https:\/\/www.visit-ulcinj.com\/blog\/wp-content\/uploads\/2016\/09\/Formohet-koalicion-i-madh-Forca-UDSh-ja-dhe-ASh-1.jpg","contentUrl":"https:\/\/www.visit-ulcinj.com\/blog\/wp-content\/uploads\/2016\/09\/Formohet-koalicion-i-madh-Forca-UDSh-ja-dhe-ASh-1.jpg","width":927,"height":618},{"@type":"WebPage","@id":"https:\/\/www.visit-ulcinj.com\/blog\/2016\/09\/16\/formohet-koalicion-madh-forca-udsh-ja-dhe-ash\/#webpage","url":"https:\/\/www.visit-ulcinj.com\/blog\/2016\/09\/16\/formohet-koalicion-madh-forca-udsh-ja-dhe-ash\/","name":"Formohet \u201ckoalicion i madh\u201d Forca, UDSh-ja dhe ASh - Lajme nga Ulqini","isPartOf":{"@id":"https:\/\/www.visit-ulcinj.com\/blog\/#website"},"primaryImageOfPage":{"@id":"https:\/\/www.visit-ulcinj.com\/blog\/2016\/09\/16\/formohet-koalicion-madh-forca-udsh-ja-dhe-ash\/#primaryimage"},"datePublished":"2016-09-16T05:18:12+00:00","dateModified":"2016-09-16T10:24:13+00:00","author":{"@id":"https:\/\/www.visit-ulcinj.com\/blog\/#\/schema\/person\/dcab619c614d3038751c63bc2aadc06d"},"description":"Bashkangjitja e subjektit te trete me te madh shqiptare koalicionit FORCA - UDSH - ASH p\u00ebr zgjedhjet parlamentare 2016 \u00a0 Pas n\u00ebnshkrimit t\u00eb marr\u00ebveshjes","breadcrumb":{"@id":"https:\/\/www.visit-ulcinj.com\/blog\/2016\/09\/16\/formohet-koalicion-madh-forca-udsh-ja-dhe-ash\/#breadcrumb"},"inLanguage":"en-US","potentialAction":[{"@type":"ReadAction","target":["https:\/\/www.visit-ulcinj.com\/blog\/2016\/09\/16\/formohet-koalicion-madh-forca-udsh-ja-dhe-ash\/"]}]},{"@type":"BreadcrumbList","@id":"https:\/\/www.visit-ulcinj.com\/blog\/2016\/09\/16\/formohet-koalicion-madh-forca-udsh-ja-dhe-ash\/#breadcrumb","itemListElement":[{"@type":"ListItem","position":1,"name":"Formohet \u201ckoalicion i madh\u201d Forca, UDSh-ja dhe ASh"}]},{"@type":"Person","@id":"https:\/\/www.visit-ulcinj.com\/blog\/#\/schema\/person\/dcab619c614d3038751c63bc2aadc06d","name":"ulqini","sameAs":["http:\/\/www.visit-ulcinj.com"],"url":"https:\/\/www.visit-ulcinj.com\/blog\/author\/admin\/"}]}},"jetpack_featured_media_url":"","jetpack_sharing_enabled":true,"jetpack_shortlink":"https:\/\/wp.me\/pe6lTn-pWm","_links":{"self":[{"href":"https:\/\/www.visit-ulcinj.com\/blog\/wp-json\/wp\/v2\/posts\/99718"}],"collection":[{"href":"https:\/\/www.visit-ulcinj.com\/blog\/wp-json\/wp\/v2\/posts"}],"about":[{"href":"https:\/\/www.visit-ulcinj.com\/blog\/wp-json\/wp\/v2\/types\/post"}],"author":[{"embeddable":true,"href":"https:\/\/www.visit-ulcinj.com\/blog\/wp-json\/wp\/v2\/users\/1"}],"replies":[{"embeddable":true,"href":"https:\/\/www.visit-ulcinj.com\/blog\/wp-json\/wp\/v2\/comments?post=99718"}],"version-history":[{"count":3,"href":"https:\/\/www.visit-ulcinj.com\/blog\/wp-json\/wp\/v2\/posts\/99718\/revisions"}],"predecessor-version":[{"id":99739,"href":"https:\/\/www.visit-ulcinj.com\/blog\/wp-json\/wp\/v2\/posts\/99718\/revisions\/99739"}],"wp:attachment":[{"href":"https:\/\/www.visit-ulcinj.com\/blog\/wp-json\/wp\/v2\/media?parent=99718"}],"wp:term":[{"taxonomy":"category","embeddable":true,"href":"https:\/\/www.visit-ulcinj.com\/blog\/wp-json\/wp\/v2\/categories?post=99718"},{"taxonomy":"post_tag","embeddable":true,"href":"https:\/\/www.visit-ulcinj.com\/blog\/wp-json\/wp\/v2\/tags?post=99718"}],"curies":[{"name":"wp","href":"https:\/\/api.w.org\/{rel}","templated":true}]}}