{"id":99729,"date":"2016-09-16T08:19:10","date_gmt":"2016-09-16T07:19:10","guid":{"rendered":"http:\/\/www.visit-ulcinj.com\/blog\/?p=99729"},"modified":"2016-09-17T17:38:38","modified_gmt":"2016-09-17T16:38:38","slug":"valdet-luka-egzona-salaj-vin-project-te-ri-video","status":"publish","type":"post","link":"https:\/\/www.visit-ulcinj.com\/blog\/2016\/09\/16\/valdet-luka-egzona-salaj-vin-project-te-ri-video\/","title":{"rendered":"Valdet Luka &#038; Egzona Salaj vin me project te ri &#8211; Video"},"content":{"rendered":"<p><a href=\"http:\/\/www.visit-ulcinj.com\/blog\/wp-content\/uploads\/2016\/09\/Valdet-Luka-Egzona-Salaj-E-vrame-nje-dashuri.jpg\"><img loading=\"lazy\" class=\"alignleft wp-image-99730\" src=\"http:\/\/www.visit-ulcinj.com\/blog\/wp-content\/uploads\/2016\/09\/Valdet-Luka-Egzona-Salaj-E-vrame-nje-dashuri.jpg\" alt=\"Valdet Luka &amp; Egzona Salaj - E vrame nje dashuri\" width=\"508\" height=\"243\" srcset=\"https:\/\/www.visit-ulcinj.com\/blog\/wp-content\/uploads\/2016\/09\/Valdet-Luka-Egzona-Salaj-E-vrame-nje-dashuri.jpg 632w, https:\/\/www.visit-ulcinj.com\/blog\/wp-content\/uploads\/2016\/09\/Valdet-Luka-Egzona-Salaj-E-vrame-nje-dashuri-300x143.jpg 300w\" sizes=\"(max-width: 508px) 100vw, 508px\" \/><\/a>Valdet Luka &amp; Egzona Salaj kan\u00eb ardhur me nj\u00eb k\u00ebng\u00eb pak\u00ebz m\u00eb ndryshe nga \u00e7\u2019jemi m\u00ebsuar t\u2019i d\u00ebgjojm\u00eb n\u00eb koh\u00ebt e fundit.<\/p>\n<p>Dyshja ka publikuar k\u00ebng\u00ebn me titull \u201c<span id=\"eow-title\" class=\"watch-title\" dir=\"ltr\" title=\"Valdet Luka &amp; Egzona Salaj - E vrame nje dashuri (Official Video HD)\">E vrame nje dashuri<\/span>\u201d t\u00eb realizuar nga Ali Zigeli, Muzika nga Wirus, kurse teksti u realizua nga Toni.<\/p>\n<p>K\u00ebnga dhe elementet e paraqitura n\u00eb t\u00eb jan\u00eb t\u00eb g\u00ebrshetuara me shum\u00eb elemente t\u00eb folkut Ulqinak.<\/p>\n<!--YouTube Error: bad URL entered-->\n<p>&nbsp;<\/p>\n<p>&nbsp;<\/p>\n","protected":false},"excerpt":{"rendered":"<p>Valdet Luka &amp; Egzona Salaj kan\u00eb ardhur me nj\u00eb k\u00ebng\u00eb pak\u00ebz m\u00eb ndryshe nga \u00e7\u2019jemi m\u00ebsuar t\u2019i d\u00ebgjojm\u00eb n\u00eb koh\u00ebt e fundit. Dyshja ka publikuar k\u00ebng\u00ebn me titull \u201cE vrame nje dashuri\u201d t\u00eb realizuar nga Ali Zigeli, Muzika nga Wirus, kurse teksti u realizua nga Toni. K\u00ebnga dhe elementet e paraqitura n\u00eb t\u00eb jan\u00eb t\u00eb [&hellip;]<\/p>\n","protected":false},"author":1,"featured_media":0,"comment_status":"closed","ping_status":"closed","sticky":false,"template":"","format":"standard","meta":{"spay_email":"","jetpack_publicize_message":"","jetpack_is_tweetstorm":false,"jetpack_publicize_feature_enabled":true},"categories":[1],"tags":[],"jetpack_publicize_connections":[],"yoast_head":"<!-- This site is optimized with the Yoast SEO plugin v19.1 - https:\/\/yoast.com\/wordpress\/plugins\/seo\/ -->\n<title>Valdet Luka &amp; Egzona Salaj vin me project te ri - Video - Lajme nga Ulqini<\/title>\n<meta name=\"description\" content=\"Valdet Luka &amp; Egzona Salaj kan\u00eb ardhur me nj\u00eb k\u00ebng\u00eb pak\u00ebz m\u00eb ndryshe nga \u00e7\u2019jemi m\u00ebsuar t\u2019i d\u00ebgjojm\u00eb n\u00eb koh\u00ebt e fundit. Dyshja ka publikuar k\u00ebng\u00ebn me\" \/>\n<meta name=\"robots\" content=\"index, follow, max-snippet:-1, max-image-preview:large, max-video-preview:-1\" \/>\n<link rel=\"canonical\" href=\"https:\/\/www.visit-ulcinj.com\/blog\/2016\/09\/16\/valdet-luka-egzona-salaj-vin-project-te-ri-video\/\" \/>\n<meta property=\"og:locale\" content=\"en_US\" \/>\n<meta property=\"og:type\" content=\"article\" \/>\n<meta property=\"og:title\" content=\"Valdet Luka &amp; Egzona Salaj vin me project te ri - Video - Lajme nga Ulqini\" \/>\n<meta property=\"og:description\" content=\"Valdet Luka &amp; Egzona Salaj kan\u00eb ardhur me nj\u00eb k\u00ebng\u00eb pak\u00ebz m\u00eb ndryshe nga \u00e7\u2019jemi m\u00ebsuar t\u2019i d\u00ebgjojm\u00eb n\u00eb koh\u00ebt e fundit. Dyshja ka publikuar k\u00ebng\u00ebn me\" \/>\n<meta property=\"og:url\" content=\"https:\/\/www.visit-ulcinj.com\/blog\/2016\/09\/16\/valdet-luka-egzona-salaj-vin-project-te-ri-video\/\" \/>\n<meta property=\"og:site_name\" content=\"Lajme nga Ulqini\" \/>\n<meta property=\"article:published_time\" content=\"2016-09-16T07:19:10+00:00\" \/>\n<meta property=\"article:modified_time\" content=\"2016-09-17T16:38:38+00:00\" \/>\n<meta property=\"og:image\" content=\"http:\/\/www.visit-ulcinj.com\/blog\/wp-content\/uploads\/2016\/09\/Valdet-Luka-Egzona-Salaj-E-vrame-nje-dashuri.jpg\" \/>\n<meta name=\"twitter:label1\" content=\"Written by\" \/>\n\t<meta name=\"twitter:data1\" content=\"ulqini\" \/>\n<script type=\"application\/ld+json\" class=\"yoast-schema-graph\">{\"@context\":\"https:\/\/schema.org\",\"@graph\":[{\"@type\":\"WebSite\",\"@id\":\"https:\/\/www.visit-ulcinj.com\/blog\/#website\",\"url\":\"https:\/\/www.visit-ulcinj.com\/blog\/\",\"name\":\"Lajme nga Ulqini\",\"description\":\"Lajme,Vijesti,Ulqini,Ulqin,Crna Gora,Mali i Zi\",\"potentialAction\":[{\"@type\":\"SearchAction\",\"target\":{\"@type\":\"EntryPoint\",\"urlTemplate\":\"https:\/\/www.visit-ulcinj.com\/blog\/?s={search_term_string}\"},\"query-input\":\"required name=search_term_string\"}],\"inLanguage\":\"en-US\"},{\"@type\":\"ImageObject\",\"inLanguage\":\"en-US\",\"@id\":\"https:\/\/www.visit-ulcinj.com\/blog\/2016\/09\/16\/valdet-luka-egzona-salaj-vin-project-te-ri-video\/#primaryimage\",\"url\":\"https:\/\/www.visit-ulcinj.com\/blog\/wp-content\/uploads\/2016\/09\/Valdet-Luka-Egzona-Salaj-E-vrame-nje-dashuri.jpg\",\"contentUrl\":\"https:\/\/www.visit-ulcinj.com\/blog\/wp-content\/uploads\/2016\/09\/Valdet-Luka-Egzona-Salaj-E-vrame-nje-dashuri.jpg\",\"width\":632,\"height\":302},{\"@type\":\"WebPage\",\"@id\":\"https:\/\/www.visit-ulcinj.com\/blog\/2016\/09\/16\/valdet-luka-egzona-salaj-vin-project-te-ri-video\/#webpage\",\"url\":\"https:\/\/www.visit-ulcinj.com\/blog\/2016\/09\/16\/valdet-luka-egzona-salaj-vin-project-te-ri-video\/\",\"name\":\"Valdet Luka & Egzona Salaj vin me project te ri - Video - Lajme nga Ulqini\",\"isPartOf\":{\"@id\":\"https:\/\/www.visit-ulcinj.com\/blog\/#website\"},\"primaryImageOfPage\":{\"@id\":\"https:\/\/www.visit-ulcinj.com\/blog\/2016\/09\/16\/valdet-luka-egzona-salaj-vin-project-te-ri-video\/#primaryimage\"},\"datePublished\":\"2016-09-16T07:19:10+00:00\",\"dateModified\":\"2016-09-17T16:38:38+00:00\",\"author\":{\"@id\":\"https:\/\/www.visit-ulcinj.com\/blog\/#\/schema\/person\/dcab619c614d3038751c63bc2aadc06d\"},\"description\":\"Valdet Luka &amp; Egzona Salaj kan\u00eb ardhur me nj\u00eb k\u00ebng\u00eb pak\u00ebz m\u00eb ndryshe nga \u00e7\u2019jemi m\u00ebsuar t\u2019i d\u00ebgjojm\u00eb n\u00eb koh\u00ebt e fundit. Dyshja ka publikuar k\u00ebng\u00ebn me\",\"breadcrumb\":{\"@id\":\"https:\/\/www.visit-ulcinj.com\/blog\/2016\/09\/16\/valdet-luka-egzona-salaj-vin-project-te-ri-video\/#breadcrumb\"},\"inLanguage\":\"en-US\",\"potentialAction\":[{\"@type\":\"ReadAction\",\"target\":[\"https:\/\/www.visit-ulcinj.com\/blog\/2016\/09\/16\/valdet-luka-egzona-salaj-vin-project-te-ri-video\/\"]}]},{\"@type\":\"BreadcrumbList\",\"@id\":\"https:\/\/www.visit-ulcinj.com\/blog\/2016\/09\/16\/valdet-luka-egzona-salaj-vin-project-te-ri-video\/#breadcrumb\",\"itemListElement\":[{\"@type\":\"ListItem\",\"position\":1,\"name\":\"Valdet Luka &#038; Egzona Salaj vin me project te ri &#8211; Video\"}]},{\"@type\":\"Person\",\"@id\":\"https:\/\/www.visit-ulcinj.com\/blog\/#\/schema\/person\/dcab619c614d3038751c63bc2aadc06d\",\"name\":\"ulqini\",\"sameAs\":[\"http:\/\/www.visit-ulcinj.com\"],\"url\":\"https:\/\/www.visit-ulcinj.com\/blog\/author\/admin\/\"}]}<\/script>\n<!-- \/ Yoast SEO plugin. -->","yoast_head_json":{"title":"Valdet Luka & Egzona Salaj vin me project te ri - Video - Lajme nga Ulqini","description":"Valdet Luka &amp; Egzona Salaj kan\u00eb ardhur me nj\u00eb k\u00ebng\u00eb pak\u00ebz m\u00eb ndryshe nga \u00e7\u2019jemi m\u00ebsuar t\u2019i d\u00ebgjojm\u00eb n\u00eb koh\u00ebt e fundit. Dyshja ka publikuar k\u00ebng\u00ebn me","robots":{"index":"index","follow":"follow","max-snippet":"max-snippet:-1","max-image-preview":"max-image-preview:large","max-video-preview":"max-video-preview:-1"},"canonical":"https:\/\/www.visit-ulcinj.com\/blog\/2016\/09\/16\/valdet-luka-egzona-salaj-vin-project-te-ri-video\/","og_locale":"en_US","og_type":"article","og_title":"Valdet Luka & Egzona Salaj vin me project te ri - Video - Lajme nga Ulqini","og_description":"Valdet Luka &amp; Egzona Salaj kan\u00eb ardhur me nj\u00eb k\u00ebng\u00eb pak\u00ebz m\u00eb ndryshe nga \u00e7\u2019jemi m\u00ebsuar t\u2019i d\u00ebgjojm\u00eb n\u00eb koh\u00ebt e fundit. Dyshja ka publikuar k\u00ebng\u00ebn me","og_url":"https:\/\/www.visit-ulcinj.com\/blog\/2016\/09\/16\/valdet-luka-egzona-salaj-vin-project-te-ri-video\/","og_site_name":"Lajme nga Ulqini","article_published_time":"2016-09-16T07:19:10+00:00","article_modified_time":"2016-09-17T16:38:38+00:00","og_image":[{"url":"http:\/\/www.visit-ulcinj.com\/blog\/wp-content\/uploads\/2016\/09\/Valdet-Luka-Egzona-Salaj-E-vrame-nje-dashuri.jpg"}],"twitter_misc":{"Written by":"ulqini"},"schema":{"@context":"https:\/\/schema.org","@graph":[{"@type":"WebSite","@id":"https:\/\/www.visit-ulcinj.com\/blog\/#website","url":"https:\/\/www.visit-ulcinj.com\/blog\/","name":"Lajme nga Ulqini","description":"Lajme,Vijesti,Ulqini,Ulqin,Crna Gora,Mali i Zi","potentialAction":[{"@type":"SearchAction","target":{"@type":"EntryPoint","urlTemplate":"https:\/\/www.visit-ulcinj.com\/blog\/?s={search_term_string}"},"query-input":"required name=search_term_string"}],"inLanguage":"en-US"},{"@type":"ImageObject","inLanguage":"en-US","@id":"https:\/\/www.visit-ulcinj.com\/blog\/2016\/09\/16\/valdet-luka-egzona-salaj-vin-project-te-ri-video\/#primaryimage","url":"https:\/\/www.visit-ulcinj.com\/blog\/wp-content\/uploads\/2016\/09\/Valdet-Luka-Egzona-Salaj-E-vrame-nje-dashuri.jpg","contentUrl":"https:\/\/www.visit-ulcinj.com\/blog\/wp-content\/uploads\/2016\/09\/Valdet-Luka-Egzona-Salaj-E-vrame-nje-dashuri.jpg","width":632,"height":302},{"@type":"WebPage","@id":"https:\/\/www.visit-ulcinj.com\/blog\/2016\/09\/16\/valdet-luka-egzona-salaj-vin-project-te-ri-video\/#webpage","url":"https:\/\/www.visit-ulcinj.com\/blog\/2016\/09\/16\/valdet-luka-egzona-salaj-vin-project-te-ri-video\/","name":"Valdet Luka & Egzona Salaj vin me project te ri - Video - Lajme nga Ulqini","isPartOf":{"@id":"https:\/\/www.visit-ulcinj.com\/blog\/#website"},"primaryImageOfPage":{"@id":"https:\/\/www.visit-ulcinj.com\/blog\/2016\/09\/16\/valdet-luka-egzona-salaj-vin-project-te-ri-video\/#primaryimage"},"datePublished":"2016-09-16T07:19:10+00:00","dateModified":"2016-09-17T16:38:38+00:00","author":{"@id":"https:\/\/www.visit-ulcinj.com\/blog\/#\/schema\/person\/dcab619c614d3038751c63bc2aadc06d"},"description":"Valdet Luka &amp; Egzona Salaj kan\u00eb ardhur me nj\u00eb k\u00ebng\u00eb pak\u00ebz m\u00eb ndryshe nga \u00e7\u2019jemi m\u00ebsuar t\u2019i d\u00ebgjojm\u00eb n\u00eb koh\u00ebt e fundit. Dyshja ka publikuar k\u00ebng\u00ebn me","breadcrumb":{"@id":"https:\/\/www.visit-ulcinj.com\/blog\/2016\/09\/16\/valdet-luka-egzona-salaj-vin-project-te-ri-video\/#breadcrumb"},"inLanguage":"en-US","potentialAction":[{"@type":"ReadAction","target":["https:\/\/www.visit-ulcinj.com\/blog\/2016\/09\/16\/valdet-luka-egzona-salaj-vin-project-te-ri-video\/"]}]},{"@type":"BreadcrumbList","@id":"https:\/\/www.visit-ulcinj.com\/blog\/2016\/09\/16\/valdet-luka-egzona-salaj-vin-project-te-ri-video\/#breadcrumb","itemListElement":[{"@type":"ListItem","position":1,"name":"Valdet Luka &#038; Egzona Salaj vin me project te ri &#8211; Video"}]},{"@type":"Person","@id":"https:\/\/www.visit-ulcinj.com\/blog\/#\/schema\/person\/dcab619c614d3038751c63bc2aadc06d","name":"ulqini","sameAs":["http:\/\/www.visit-ulcinj.com"],"url":"https:\/\/www.visit-ulcinj.com\/blog\/author\/admin\/"}]}},"jetpack_featured_media_url":"","jetpack_sharing_enabled":true,"jetpack_shortlink":"https:\/\/wp.me\/pe6lTn-pWx","_links":{"self":[{"href":"https:\/\/www.visit-ulcinj.com\/blog\/wp-json\/wp\/v2\/posts\/99729"}],"collection":[{"href":"https:\/\/www.visit-ulcinj.com\/blog\/wp-json\/wp\/v2\/posts"}],"about":[{"href":"https:\/\/www.visit-ulcinj.com\/blog\/wp-json\/wp\/v2\/types\/post"}],"author":[{"embeddable":true,"href":"https:\/\/www.visit-ulcinj.com\/blog\/wp-json\/wp\/v2\/users\/1"}],"replies":[{"embeddable":true,"href":"https:\/\/www.visit-ulcinj.com\/blog\/wp-json\/wp\/v2\/comments?post=99729"}],"version-history":[{"count":2,"href":"https:\/\/www.visit-ulcinj.com\/blog\/wp-json\/wp\/v2\/posts\/99729\/revisions"}],"predecessor-version":[{"id":99732,"href":"https:\/\/www.visit-ulcinj.com\/blog\/wp-json\/wp\/v2\/posts\/99729\/revisions\/99732"}],"wp:attachment":[{"href":"https:\/\/www.visit-ulcinj.com\/blog\/wp-json\/wp\/v2\/media?parent=99729"}],"wp:term":[{"taxonomy":"category","embeddable":true,"href":"https:\/\/www.visit-ulcinj.com\/blog\/wp-json\/wp\/v2\/categories?post=99729"},{"taxonomy":"post_tag","embeddable":true,"href":"https:\/\/www.visit-ulcinj.com\/blog\/wp-json\/wp\/v2\/tags?post=99729"}],"curies":[{"name":"wp","href":"https:\/\/api.w.org\/{rel}","templated":true}]}}