{"id":99733,"date":"2016-09-16T09:47:07","date_gmt":"2016-09-16T08:47:07","guid":{"rendered":"http:\/\/www.visit-ulcinj.com\/blog\/?p=99733"},"modified":"2016-09-16T09:51:57","modified_gmt":"2016-09-16T08:51:57","slug":"politika-shqiptare-iniciativa-qytetare-pd-ldmz-perspektiva-behet-bashke-per-interesat-kombetare","status":"publish","type":"post","link":"https:\/\/www.visit-ulcinj.com\/blog\/2016\/09\/16\/politika-shqiptare-iniciativa-qytetare-pd-ldmz-perspektiva-behet-bashke-per-interesat-kombetare\/","title":{"rendered":"Politika shqiptare, Iniciativa Qytetare, PD, LDMZ, Perspektiva b\u00ebhet bashk\u00eb p\u00ebr interesat komb\u00ebtare"},"content":{"rendered":"<p><a href=\"http:\/\/www.visit-ulcinj.com\/blog\/wp-content\/uploads\/2015\/01\/PD-LDMZ-ULQIN.jpg\"><img loading=\"lazy\" class=\"alignleft wp-image-88145\" src=\"http:\/\/www.visit-ulcinj.com\/blog\/wp-content\/uploads\/2015\/01\/PD-LDMZ-ULQIN.jpg\" alt=\"PD-LDMZ-ULQIN\" width=\"508\" height=\"338\" srcset=\"https:\/\/www.visit-ulcinj.com\/blog\/wp-content\/uploads\/2015\/01\/PD-LDMZ-ULQIN.jpg 960w, https:\/\/www.visit-ulcinj.com\/blog\/wp-content\/uploads\/2015\/01\/PD-LDMZ-ULQIN-300x199.jpg 300w\" sizes=\"(max-width: 508px) 100vw, 508px\" \/><\/a>Informojm\u00eb qytetar\u00ebt se Iniciativa Qytetare ka arritur marr\u00ebveshje parazgjedhore p\u00ebr formimin e koalicionit me Partin Demokratike (PD), Lidhjen Demokratike n\u00eb Mal t\u00eb Zi (LDMZ) dhe L\u00ebvizjen Qytetare Perspektiva.<\/p>\n<p>K\u00ebshilli drejtues i IQ, si\u00e7 transmeton Mal\u00ebsia.org, \u00ebsht\u00eb dakorduar q\u00eb opsioni m\u00eb i mir\u00eb p\u00ebr zgjedhjet e ardhshme parlamentare \u00ebsht\u00eb q\u00eb trupi votues shqiptar t\u00eb komponohet n\u00eb sa m\u00eb pak kolona, k\u00ebshtu q\u00eb votat mos t\u00eb derdhen, si her\u00ebve tjera. Mos t\u00eb harrohet rasti kur n\u00eb zgjedhjet e fundit parlamentare 490 votat e nj\u00eb subjekti e lan\u00eb Mal\u00ebsin\u00eb pa p\u00ebrfaq\u00ebsues n\u00eb Parlamentin e shtetit. Po ashtu \u00ebsht\u00eb marr\u00eb parasysh mosrespektimi i marr\u00ebveshjeve parazgjedhore n\u00eb zgjedhjet e fundit, me q\u00ebllim q\u00eb veprimet e tilla t\u00eb dekurajohen e n\u00eb k\u00ebt\u00eb m\u00ebnyr\u00eb t\u00eb kthehet besimi n\u00eb sken\u00ebn politike t\u00eb shqiptar\u00ebve n\u00eb Mal te Zi.<\/p>\n<p>Duhet p\u00ebrmendur q\u00eb edhe k\u00ebsaj rradhe do t\u00eb mundohemi t\u00eb injorojm\u00eb subjektet shqiptare t\u00eb cilat fushat\u00ebn e organizojn\u00eb bazuar eksluzivisht n\u00eb sulme t\u00eb ndaj subjekteve tjera shqiptare, praktik\u00eb kjo nga e cila lindin dyshime dhe hapen dezinformata. Prandaj do t\u00eb mundohemi \u201cti vem\u00eb pik\u00ebn\u201d k\u00ebsaj dukurie, duke i demantuar ato n\u00eb m\u00ebnyr\u00eb q\u00eb qytetar\u00ebve tu jepet mund\u00ebsia t\u00eb jen\u00eb t\u00eb mir\u00ebinformuar n\u00eb lidhje me \u00e7do gj\u00eb. Nj\u00eb nder dezinformatat q\u00eb qarkullon momentalisht dhe me t\u00eb cil\u00ebn subjekte e caktuara po tentojn\u00eb t\u00eb hutojn\u00eb elektoratin duke th\u00ebn\u00eb \u00a0q\u00eb te ndar\u00eb kan mund\u00ebsi t\u00eb marrin mandatin e deputetit. N\u00ebse kemi parasysh q\u00eb subjekti m\u00eb i madh shqiptar n\u00eb Mal te Zi, n\u00eb zgjedhjet e fundit mori 3600 vota, e q\u00eb kemi frig q\u00eb nuk do t\u00eb mjaftoj k\u00ebsaj rradhe, at\u00ebher\u00eb mund te themi q\u00eb kjo dezinformat\u00eb sh\u00ebrben vet\u00ebm p\u00ebr t\u00eb arsyetuar votat q\u00eb do t\u00eb derdh\u00ebn. N\u00eb fund, krejt kjo shkon n\u00eb d\u00ebm t\u00eb p\u00ebfaq\u00ebsimit t\u00eb shqiptar\u00ebve. Prandaj edhe nj\u00eb her, n\u00eb emrin ton\u00eb dhe t\u00eb koalicionit q\u00eb p\u00ebrfaqsojm\u00eb, ftojm\u00eb k\u00ebto subjekte q\u00eb t\u00eb bashkojm\u00eb forcat sa nuk \u00ebsht\u00eb von\u00eb dhe mos t\u00eb lejojm\u00eb q\u00eb votat shqiptare t\u00eb derdh\u00ebn pa nevoj.<\/p>\n<p><a href=\"http:\/\/www.visit-ulcinj.com\/blog\/wp-content\/uploads\/2016\/09\/Fatmir-Gjeka-G\u00ebzim-Hajdinaga-Smail-Maliq-\u00c7unmulaj-Vasel-Sinishtaj.jpg\"><img loading=\"lazy\" class=\"alignleft wp-image-99735\" src=\"http:\/\/www.visit-ulcinj.com\/blog\/wp-content\/uploads\/2016\/09\/Fatmir-Gjeka-G\u00ebzim-Hajdinaga-Smail-Maliq-\u00c7unmulaj-Vasel-Sinishtaj.jpg\" alt=\"Fatmir Gjeka-G\u00ebzim Hajdinaga- Smail Maliq \u00c7unmulaj-Vasel Sinishtaj\" width=\"508\" height=\"328\" srcset=\"https:\/\/www.visit-ulcinj.com\/blog\/wp-content\/uploads\/2016\/09\/Fatmir-Gjeka-G\u00ebzim-Hajdinaga-Smail-Maliq-\u00c7unmulaj-Vasel-Sinishtaj.jpg 580w, https:\/\/www.visit-ulcinj.com\/blog\/wp-content\/uploads\/2016\/09\/Fatmir-Gjeka-G\u00ebzim-Hajdinaga-Smail-Maliq-\u00c7unmulaj-Vasel-Sinishtaj-300x194.jpg 300w\" sizes=\"(max-width: 508px) 100vw, 508px\" \/><\/a><\/p>\n<p>Meq\u00ebn\u00ebse jemi t\u00eb bindur se kjo list\u00eb do t\u00eb fitoj p\u00ebrkrahjen m\u00eb t\u00eb madhe t\u00eb trupit votues shqiptar n\u00eb Mal t\u00eb Zi, angazhimi yn\u00eb do t\u00eb jet\u00eb i drejtuar n\u00eb \u00e7\u00ebshtjen komb\u00ebtare t\u00eb shqiptar\u00ebve n\u00eb trojet etnike shekullore e jo vet\u00ebm n\u00eb ato t\u00eb \u00a0karakterit lokal, me q\u00ebllim q\u00eb ato ti aktuelizojm\u00eb dhe ti zbusim problemet socio-ekonomike, kulturore dhe ato t\u00eb \u00a0identitetit \u2013 probleme k\u00ebto q\u00eb zvarriten nga viti n\u00eb vit. Do ti p\u00ebrmendim disa nga ato: zgjedhja e statusit t\u00eb komun\u00ebs s\u00eb Mal\u00ebsis\u00eb\/Tuzit, ullishtat n\u00eb Valdanos, privatizimi i Kripores, zgjedhja e problemit t\u00eb simboleve komb\u00ebtare, kthimi i mandateve t\u00eb garantuara p\u00ebr shqiptar\u00ebt, k\u00ebthimi i pronave pronar\u00ebeve t\u00eb vertet dhe rikthimi i shtet\u00ebsis\u00eb p\u00ebr ata qytetar t\u00eb cil\u00ebt jan\u00eb privuar nga kjo e drejt pa k\u00ebrkes\u00ebn dhe vullnetin e tyre, depolitizimi i KKSH, ulja e papun\u00ebsis tek shqiptar\u00ebt, rritja e investimeve infrastrukturore n\u00eb trevat shqiptare, e shum\u00eb t\u00eb tjera. Zgjedhja e k\u00ebtyre problemeve mund t\u00eb arrihet m\u00eb s\u00eb miri p\u00ebrmes subjekteve nacionale dhe asesi p\u00ebrmes subjekteve qe k\u00ebto \u00e7\u00ebshtje i kan\u00eb vet\u00ebm t\u00eb udh\u00ebs dhe i p\u00ebrdorin si truqe politike para zgjedhjeve.<\/p>\n<p>Me shpres\u00eb q\u00eb qytetar\u00ebt shqiptar do t\u00eb jen\u00eb pran nesh ashtu si\u00e7 ishim ne pran tyre gjith\u00eb k\u00ebto vite i ftojm\u00eb t\u00eb gjith\u00eb aktivist\u00ebt, simpatizer\u00ebt dhe qytetar\u00ebt, pa marr parasysh se a jan\u00eb nga Mal\u00ebsia, Ulqini, Kraja, Plava, Gucia apo Rozhaja, q\u00eb jan\u00eb t\u00eb interesuar t\u00eb informohen, t\u00eb vizitojn\u00eb zyren ton\u00eb n\u00eb Tuz (cdo dit\u00eb pune, prej or\u00ebs 10:00 \u2013 15:00) dhe p\u00ebr \u00e7do informacion t\u00eb na drejtohen n\u00eb m\u00ebnyr\u00eb elektronike, p\u00ebrmes e-mailit iniciativaqytetare@live.com apo faqes ton\u00eb n\u00eb Facebook.<\/p>\n<p>Vet\u00ebm t\u00eb bashkuar mund t\u00eb jemi faktor politik, t\u00eb ndar\u00eb kryejm\u00eb pun\u00ebt e t\u00eb tjer\u00ebve.<\/p>\n<p><strong>Sh\u00ebrbimi informativ i Iniciativ\u00ebs Qytetare \u2013 Tuz<\/strong><\/p>\n<p><strong>Mal\u00ebsia.org<\/strong><\/p>\n<p>&nbsp;<\/p>\n","protected":false},"excerpt":{"rendered":"<p>Informojm\u00eb qytetar\u00ebt se Iniciativa Qytetare ka arritur marr\u00ebveshje parazgjedhore p\u00ebr formimin e koalicionit me Partin Demokratike (PD), Lidhjen Demokratike n\u00eb Mal t\u00eb Zi (LDMZ) dhe L\u00ebvizjen Qytetare Perspektiva. K\u00ebshilli drejtues i IQ, si\u00e7 transmeton Mal\u00ebsia.org, \u00ebsht\u00eb dakorduar q\u00eb opsioni m\u00eb i mir\u00eb p\u00ebr zgjedhjet e ardhshme parlamentare \u00ebsht\u00eb q\u00eb trupi votues shqiptar t\u00eb komponohet n\u00eb [&hellip;]<\/p>\n","protected":false},"author":1,"featured_media":0,"comment_status":"closed","ping_status":"closed","sticky":false,"template":"","format":"standard","meta":{"spay_email":"","jetpack_publicize_message":"","jetpack_is_tweetstorm":false,"jetpack_publicize_feature_enabled":true},"categories":[14],"tags":[],"jetpack_publicize_connections":[],"yoast_head":"<!-- This site is optimized with the Yoast SEO plugin v19.1 - https:\/\/yoast.com\/wordpress\/plugins\/seo\/ -->\n<title>Politika shqiptare, Iniciativa Qytetare, PD, LDMZ, Perspektiva b\u00ebhet bashk\u00eb p\u00ebr interesat komb\u00ebtare - Lajme nga Ulqini<\/title>\n<meta name=\"description\" content=\"Informojm\u00eb qytetar\u00ebt se Iniciativa Qytetare ka arritur marr\u00ebveshje parazgjedhore p\u00ebr formimin e koalicionit me Partin Demokratike (PD), Lidhjen\" \/>\n<meta name=\"robots\" content=\"index, follow, max-snippet:-1, max-image-preview:large, max-video-preview:-1\" \/>\n<link rel=\"canonical\" href=\"https:\/\/www.visit-ulcinj.com\/blog\/2016\/09\/16\/politika-shqiptare-iniciativa-qytetare-pd-ldmz-perspektiva-behet-bashke-per-interesat-kombetare\/\" \/>\n<meta property=\"og:locale\" content=\"en_US\" \/>\n<meta property=\"og:type\" content=\"article\" \/>\n<meta property=\"og:title\" content=\"Politika shqiptare, Iniciativa Qytetare, PD, LDMZ, Perspektiva b\u00ebhet bashk\u00eb p\u00ebr interesat komb\u00ebtare - Lajme nga Ulqini\" \/>\n<meta property=\"og:description\" content=\"Informojm\u00eb qytetar\u00ebt se Iniciativa Qytetare ka arritur marr\u00ebveshje parazgjedhore p\u00ebr formimin e koalicionit me Partin Demokratike (PD), Lidhjen\" \/>\n<meta property=\"og:url\" content=\"https:\/\/www.visit-ulcinj.com\/blog\/2016\/09\/16\/politika-shqiptare-iniciativa-qytetare-pd-ldmz-perspektiva-behet-bashke-per-interesat-kombetare\/\" \/>\n<meta property=\"og:site_name\" content=\"Lajme nga Ulqini\" \/>\n<meta property=\"article:published_time\" content=\"2016-09-16T08:47:07+00:00\" \/>\n<meta property=\"article:modified_time\" content=\"2016-09-16T08:51:57+00:00\" \/>\n<meta property=\"og:image\" content=\"http:\/\/www.visit-ulcinj.com\/blog\/wp-content\/uploads\/2015\/01\/PD-LDMZ-ULQIN.jpg\" \/>\n<meta name=\"twitter:label1\" content=\"Written by\" \/>\n\t<meta name=\"twitter:data1\" content=\"ulqini\" \/>\n\t<meta name=\"twitter:label2\" content=\"Est. reading time\" \/>\n\t<meta name=\"twitter:data2\" content=\"3 minutes\" \/>\n<script type=\"application\/ld+json\" class=\"yoast-schema-graph\">{\"@context\":\"https:\/\/schema.org\",\"@graph\":[{\"@type\":\"WebSite\",\"@id\":\"https:\/\/www.visit-ulcinj.com\/blog\/#website\",\"url\":\"https:\/\/www.visit-ulcinj.com\/blog\/\",\"name\":\"Lajme nga Ulqini\",\"description\":\"Lajme,Vijesti,Ulqini,Ulqin,Crna Gora,Mali i Zi\",\"potentialAction\":[{\"@type\":\"SearchAction\",\"target\":{\"@type\":\"EntryPoint\",\"urlTemplate\":\"https:\/\/www.visit-ulcinj.com\/blog\/?s={search_term_string}\"},\"query-input\":\"required name=search_term_string\"}],\"inLanguage\":\"en-US\"},{\"@type\":\"ImageObject\",\"inLanguage\":\"en-US\",\"@id\":\"https:\/\/www.visit-ulcinj.com\/blog\/2016\/09\/16\/politika-shqiptare-iniciativa-qytetare-pd-ldmz-perspektiva-behet-bashke-per-interesat-kombetare\/#primaryimage\",\"url\":\"https:\/\/www.visit-ulcinj.com\/blog\/wp-content\/uploads\/2015\/01\/PD-LDMZ-ULQIN.jpg\",\"contentUrl\":\"https:\/\/www.visit-ulcinj.com\/blog\/wp-content\/uploads\/2015\/01\/PD-LDMZ-ULQIN.jpg\",\"width\":960,\"height\":638},{\"@type\":\"WebPage\",\"@id\":\"https:\/\/www.visit-ulcinj.com\/blog\/2016\/09\/16\/politika-shqiptare-iniciativa-qytetare-pd-ldmz-perspektiva-behet-bashke-per-interesat-kombetare\/#webpage\",\"url\":\"https:\/\/www.visit-ulcinj.com\/blog\/2016\/09\/16\/politika-shqiptare-iniciativa-qytetare-pd-ldmz-perspektiva-behet-bashke-per-interesat-kombetare\/\",\"name\":\"Politika shqiptare, Iniciativa Qytetare, PD, LDMZ, Perspektiva b\u00ebhet bashk\u00eb p\u00ebr interesat komb\u00ebtare - Lajme nga Ulqini\",\"isPartOf\":{\"@id\":\"https:\/\/www.visit-ulcinj.com\/blog\/#website\"},\"primaryImageOfPage\":{\"@id\":\"https:\/\/www.visit-ulcinj.com\/blog\/2016\/09\/16\/politika-shqiptare-iniciativa-qytetare-pd-ldmz-perspektiva-behet-bashke-per-interesat-kombetare\/#primaryimage\"},\"datePublished\":\"2016-09-16T08:47:07+00:00\",\"dateModified\":\"2016-09-16T08:51:57+00:00\",\"author\":{\"@id\":\"https:\/\/www.visit-ulcinj.com\/blog\/#\/schema\/person\/dcab619c614d3038751c63bc2aadc06d\"},\"description\":\"Informojm\u00eb qytetar\u00ebt se Iniciativa Qytetare ka arritur marr\u00ebveshje parazgjedhore p\u00ebr formimin e koalicionit me Partin Demokratike (PD), Lidhjen\",\"breadcrumb\":{\"@id\":\"https:\/\/www.visit-ulcinj.com\/blog\/2016\/09\/16\/politika-shqiptare-iniciativa-qytetare-pd-ldmz-perspektiva-behet-bashke-per-interesat-kombetare\/#breadcrumb\"},\"inLanguage\":\"en-US\",\"potentialAction\":[{\"@type\":\"ReadAction\",\"target\":[\"https:\/\/www.visit-ulcinj.com\/blog\/2016\/09\/16\/politika-shqiptare-iniciativa-qytetare-pd-ldmz-perspektiva-behet-bashke-per-interesat-kombetare\/\"]}]},{\"@type\":\"BreadcrumbList\",\"@id\":\"https:\/\/www.visit-ulcinj.com\/blog\/2016\/09\/16\/politika-shqiptare-iniciativa-qytetare-pd-ldmz-perspektiva-behet-bashke-per-interesat-kombetare\/#breadcrumb\",\"itemListElement\":[{\"@type\":\"ListItem\",\"position\":1,\"name\":\"Politika shqiptare, Iniciativa Qytetare, PD, LDMZ, Perspektiva b\u00ebhet bashk\u00eb p\u00ebr interesat komb\u00ebtare\"}]},{\"@type\":\"Person\",\"@id\":\"https:\/\/www.visit-ulcinj.com\/blog\/#\/schema\/person\/dcab619c614d3038751c63bc2aadc06d\",\"name\":\"ulqini\",\"sameAs\":[\"http:\/\/www.visit-ulcinj.com\"],\"url\":\"https:\/\/www.visit-ulcinj.com\/blog\/author\/admin\/\"}]}<\/script>\n<!-- \/ Yoast SEO plugin. -->","yoast_head_json":{"title":"Politika shqiptare, Iniciativa Qytetare, PD, LDMZ, Perspektiva b\u00ebhet bashk\u00eb p\u00ebr interesat komb\u00ebtare - Lajme nga Ulqini","description":"Informojm\u00eb qytetar\u00ebt se Iniciativa Qytetare ka arritur marr\u00ebveshje parazgjedhore p\u00ebr formimin e koalicionit me Partin Demokratike (PD), Lidhjen","robots":{"index":"index","follow":"follow","max-snippet":"max-snippet:-1","max-image-preview":"max-image-preview:large","max-video-preview":"max-video-preview:-1"},"canonical":"https:\/\/www.visit-ulcinj.com\/blog\/2016\/09\/16\/politika-shqiptare-iniciativa-qytetare-pd-ldmz-perspektiva-behet-bashke-per-interesat-kombetare\/","og_locale":"en_US","og_type":"article","og_title":"Politika shqiptare, Iniciativa Qytetare, PD, LDMZ, Perspektiva b\u00ebhet bashk\u00eb p\u00ebr interesat komb\u00ebtare - Lajme nga Ulqini","og_description":"Informojm\u00eb qytetar\u00ebt se Iniciativa Qytetare ka arritur marr\u00ebveshje parazgjedhore p\u00ebr formimin e koalicionit me Partin Demokratike (PD), Lidhjen","og_url":"https:\/\/www.visit-ulcinj.com\/blog\/2016\/09\/16\/politika-shqiptare-iniciativa-qytetare-pd-ldmz-perspektiva-behet-bashke-per-interesat-kombetare\/","og_site_name":"Lajme nga Ulqini","article_published_time":"2016-09-16T08:47:07+00:00","article_modified_time":"2016-09-16T08:51:57+00:00","og_image":[{"url":"http:\/\/www.visit-ulcinj.com\/blog\/wp-content\/uploads\/2015\/01\/PD-LDMZ-ULQIN.jpg"}],"twitter_misc":{"Written by":"ulqini","Est. reading time":"3 minutes"},"schema":{"@context":"https:\/\/schema.org","@graph":[{"@type":"WebSite","@id":"https:\/\/www.visit-ulcinj.com\/blog\/#website","url":"https:\/\/www.visit-ulcinj.com\/blog\/","name":"Lajme nga Ulqini","description":"Lajme,Vijesti,Ulqini,Ulqin,Crna Gora,Mali i Zi","potentialAction":[{"@type":"SearchAction","target":{"@type":"EntryPoint","urlTemplate":"https:\/\/www.visit-ulcinj.com\/blog\/?s={search_term_string}"},"query-input":"required name=search_term_string"}],"inLanguage":"en-US"},{"@type":"ImageObject","inLanguage":"en-US","@id":"https:\/\/www.visit-ulcinj.com\/blog\/2016\/09\/16\/politika-shqiptare-iniciativa-qytetare-pd-ldmz-perspektiva-behet-bashke-per-interesat-kombetare\/#primaryimage","url":"https:\/\/www.visit-ulcinj.com\/blog\/wp-content\/uploads\/2015\/01\/PD-LDMZ-ULQIN.jpg","contentUrl":"https:\/\/www.visit-ulcinj.com\/blog\/wp-content\/uploads\/2015\/01\/PD-LDMZ-ULQIN.jpg","width":960,"height":638},{"@type":"WebPage","@id":"https:\/\/www.visit-ulcinj.com\/blog\/2016\/09\/16\/politika-shqiptare-iniciativa-qytetare-pd-ldmz-perspektiva-behet-bashke-per-interesat-kombetare\/#webpage","url":"https:\/\/www.visit-ulcinj.com\/blog\/2016\/09\/16\/politika-shqiptare-iniciativa-qytetare-pd-ldmz-perspektiva-behet-bashke-per-interesat-kombetare\/","name":"Politika shqiptare, Iniciativa Qytetare, PD, LDMZ, Perspektiva b\u00ebhet bashk\u00eb p\u00ebr interesat komb\u00ebtare - Lajme nga Ulqini","isPartOf":{"@id":"https:\/\/www.visit-ulcinj.com\/blog\/#website"},"primaryImageOfPage":{"@id":"https:\/\/www.visit-ulcinj.com\/blog\/2016\/09\/16\/politika-shqiptare-iniciativa-qytetare-pd-ldmz-perspektiva-behet-bashke-per-interesat-kombetare\/#primaryimage"},"datePublished":"2016-09-16T08:47:07+00:00","dateModified":"2016-09-16T08:51:57+00:00","author":{"@id":"https:\/\/www.visit-ulcinj.com\/blog\/#\/schema\/person\/dcab619c614d3038751c63bc2aadc06d"},"description":"Informojm\u00eb qytetar\u00ebt se Iniciativa Qytetare ka arritur marr\u00ebveshje parazgjedhore p\u00ebr formimin e koalicionit me Partin Demokratike (PD), Lidhjen","breadcrumb":{"@id":"https:\/\/www.visit-ulcinj.com\/blog\/2016\/09\/16\/politika-shqiptare-iniciativa-qytetare-pd-ldmz-perspektiva-behet-bashke-per-interesat-kombetare\/#breadcrumb"},"inLanguage":"en-US","potentialAction":[{"@type":"ReadAction","target":["https:\/\/www.visit-ulcinj.com\/blog\/2016\/09\/16\/politika-shqiptare-iniciativa-qytetare-pd-ldmz-perspektiva-behet-bashke-per-interesat-kombetare\/"]}]},{"@type":"BreadcrumbList","@id":"https:\/\/www.visit-ulcinj.com\/blog\/2016\/09\/16\/politika-shqiptare-iniciativa-qytetare-pd-ldmz-perspektiva-behet-bashke-per-interesat-kombetare\/#breadcrumb","itemListElement":[{"@type":"ListItem","position":1,"name":"Politika shqiptare, Iniciativa Qytetare, PD, LDMZ, Perspektiva b\u00ebhet bashk\u00eb p\u00ebr interesat komb\u00ebtare"}]},{"@type":"Person","@id":"https:\/\/www.visit-ulcinj.com\/blog\/#\/schema\/person\/dcab619c614d3038751c63bc2aadc06d","name":"ulqini","sameAs":["http:\/\/www.visit-ulcinj.com"],"url":"https:\/\/www.visit-ulcinj.com\/blog\/author\/admin\/"}]}},"jetpack_featured_media_url":"","jetpack_sharing_enabled":true,"jetpack_shortlink":"https:\/\/wp.me\/pe6lTn-pWB","_links":{"self":[{"href":"https:\/\/www.visit-ulcinj.com\/blog\/wp-json\/wp\/v2\/posts\/99733"}],"collection":[{"href":"https:\/\/www.visit-ulcinj.com\/blog\/wp-json\/wp\/v2\/posts"}],"about":[{"href":"https:\/\/www.visit-ulcinj.com\/blog\/wp-json\/wp\/v2\/types\/post"}],"author":[{"embeddable":true,"href":"https:\/\/www.visit-ulcinj.com\/blog\/wp-json\/wp\/v2\/users\/1"}],"replies":[{"embeddable":true,"href":"https:\/\/www.visit-ulcinj.com\/blog\/wp-json\/wp\/v2\/comments?post=99733"}],"version-history":[{"count":2,"href":"https:\/\/www.visit-ulcinj.com\/blog\/wp-json\/wp\/v2\/posts\/99733\/revisions"}],"predecessor-version":[{"id":99736,"href":"https:\/\/www.visit-ulcinj.com\/blog\/wp-json\/wp\/v2\/posts\/99733\/revisions\/99736"}],"wp:attachment":[{"href":"https:\/\/www.visit-ulcinj.com\/blog\/wp-json\/wp\/v2\/media?parent=99733"}],"wp:term":[{"taxonomy":"category","embeddable":true,"href":"https:\/\/www.visit-ulcinj.com\/blog\/wp-json\/wp\/v2\/categories?post=99733"},{"taxonomy":"post_tag","embeddable":true,"href":"https:\/\/www.visit-ulcinj.com\/blog\/wp-json\/wp\/v2\/tags?post=99733"}],"curies":[{"name":"wp","href":"https:\/\/api.w.org\/{rel}","templated":true}]}}