{"id":99740,"date":"2016-09-16T12:10:34","date_gmt":"2016-09-16T11:10:34","guid":{"rendered":"http:\/\/www.visit-ulcinj.com\/blog\/?p=99740"},"modified":"2016-09-16T12:10:34","modified_gmt":"2016-09-16T11:10:34","slug":"seanema-film-festival-thankful-seanemafriends","status":"publish","type":"post","link":"https:\/\/www.visit-ulcinj.com\/blog\/2016\/09\/16\/seanema-film-festival-thankful-seanemafriends\/","title":{"rendered":"Seanema Film Festival is thankful to all SeanemaFriends"},"content":{"rendered":"<p><a href=\"http:\/\/www.visit-ulcinj.com\/blog\/wp-content\/uploads\/2016\/09\/thank-the-U.S.-Embassy-in-Podgorica.png\"><img loading=\"lazy\" class=\"alignleft wp-image-99741\" src=\"http:\/\/www.visit-ulcinj.com\/blog\/wp-content\/uploads\/2016\/09\/thank-the-U.S.-Embassy-in-Podgorica.png\" alt=\"thank the U.S. Embassy in Podgorica\" width=\"508\" height=\"406\" \/><\/a>We want to take this moment to thank the U.S. Embassy in Podgorica for their most valuable support, for believing in this project since its baby steps and continually being by its side in this second edition. We greatly value your support and dedication and sincerely appreciate your trust in us.<\/p>\n<p>Seanema Film Festival i \u00ebsht\u00eb mir\u00ebnjoh\u00ebs t\u00eb gjith\u00eb miq\u00ebve t\u00eb festivalit.<\/p>\n<div class=\"text_exposed_show\">\n<p>Duam t\u00eb falenderojm\u00eb Ambasad\u00ebn Amerikane n\u00eb Podgoric\u00eb p\u00ebr mb\u00ebshtetjen e tyre m\u00eb t\u00eb \u00e7mueshme dhe p\u00ebr besimin q\u00eb kan\u00eb pasur n\u00eb k\u00ebt\u00eb projekt q\u00eb nga hapat e par\u00eb dhe q\u00eb kan\u00eb vazhduar t\u00eb qendrojn\u00eb pran\u00eb nesh edhe n\u00eb k\u00ebt\u00eb edicion t\u00eb dyt\u00eb. Ne e vler\u00ebsojm\u00eb shum\u00eb mb\u00ebshtetjen, p\u00ebrkushtimin si dhe besimin tuaj tek ne .<\/p>\n<p>Seanema Film Festival je zahvalan svim Seanema Prijateljima.<\/p>\n<p>\u017delimo da izdvojimo ovaj trenutak i da se zahvalimo Ambasadi SAD u Podgorici na njihovoj dragocjenoj podr\u0161ci, na povjerenju u ovaj projekat od njegovih prvih koraka i stalnu pomo\u0107 u pripremi drugog izdanja festivala. Veoma cijenimo va\u0161u posve\u0107enost i iskreno smo vam zahvalni \u0161to ste vjerovali u nas.<\/p>\n<p id=\"js_j\" class=\"_5pbw _5vra\" data-ft=\"{&quot;tn&quot;:&quot;C&quot;}\"><strong><span class=\"fwn fcg\"><span class=\"fwb fcg\" data-ft=\"{&quot;tn&quot;:&quot;k&quot;}\"><a id=\"js_1k\" href=\"https:\/\/www.facebook.com\/seanemafilmfest\/?hc_ref=NEWSFEED&amp;fref=nf\" data-hovercard=\"\/ajax\/hovercard\/page.php?id=428431210681928&amp;extragetparams=%7B%22hc_ref%22%3A%22NEWSFEED%22%2C%22fref%22%3A%22nf%22%7D\">Seanema Film Festival Facebook<\/a><\/span><\/span><\/strong><\/p>\n<\/div>\n","protected":false},"excerpt":{"rendered":"<p>We want to take this moment to thank the U.S. Embassy in Podgorica for their most valuable support, for believing in this project since its baby steps and continually being by its side in this second edition. We greatly value your support and dedication and sincerely appreciate your trust in us. Seanema Film Festival i [&hellip;]<\/p>\n","protected":false},"author":1,"featured_media":0,"comment_status":"closed","ping_status":"closed","sticky":false,"template":"","format":"standard","meta":{"spay_email":"","jetpack_publicize_message":"","jetpack_is_tweetstorm":false,"jetpack_publicize_feature_enabled":true},"categories":[6950],"tags":[],"jetpack_publicize_connections":[],"yoast_head":"<!-- This site is optimized with the Yoast SEO plugin v19.1 - https:\/\/yoast.com\/wordpress\/plugins\/seo\/ -->\n<title>Seanema Film Festival is thankful to all SeanemaFriends - Lajme nga Ulqini<\/title>\n<meta name=\"description\" content=\"We want to take this moment to thank the U.S. Embassy in Podgorica for their most valuable support, for believing in this project since its baby steps and\" \/>\n<meta name=\"robots\" content=\"index, follow, max-snippet:-1, max-image-preview:large, max-video-preview:-1\" \/>\n<link rel=\"canonical\" href=\"https:\/\/www.visit-ulcinj.com\/blog\/2016\/09\/16\/seanema-film-festival-thankful-seanemafriends\/\" \/>\n<meta property=\"og:locale\" content=\"en_US\" \/>\n<meta property=\"og:type\" content=\"article\" \/>\n<meta property=\"og:title\" content=\"Seanema Film Festival is thankful to all SeanemaFriends - Lajme nga Ulqini\" \/>\n<meta property=\"og:description\" content=\"We want to take this moment to thank the U.S. Embassy in Podgorica for their most valuable support, for believing in this project since its baby steps and\" \/>\n<meta property=\"og:url\" content=\"https:\/\/www.visit-ulcinj.com\/blog\/2016\/09\/16\/seanema-film-festival-thankful-seanemafriends\/\" \/>\n<meta property=\"og:site_name\" content=\"Lajme nga Ulqini\" \/>\n<meta property=\"article:published_time\" content=\"2016-09-16T11:10:34+00:00\" \/>\n<meta property=\"og:image\" content=\"http:\/\/www.visit-ulcinj.com\/blog\/wp-content\/uploads\/2016\/09\/thank-the-U.S.-Embassy-in-Podgorica.png\" \/>\n<meta name=\"twitter:label1\" content=\"Written by\" \/>\n\t<meta name=\"twitter:data1\" content=\"ulqini\" \/>\n\t<meta name=\"twitter:label2\" content=\"Est. reading time\" \/>\n\t<meta name=\"twitter:data2\" content=\"1 minute\" \/>\n<script type=\"application\/ld+json\" class=\"yoast-schema-graph\">{\"@context\":\"https:\/\/schema.org\",\"@graph\":[{\"@type\":\"WebSite\",\"@id\":\"https:\/\/www.visit-ulcinj.com\/blog\/#website\",\"url\":\"https:\/\/www.visit-ulcinj.com\/blog\/\",\"name\":\"Lajme nga Ulqini\",\"description\":\"Lajme,Vijesti,Ulqini,Ulqin,Crna Gora,Mali i Zi\",\"potentialAction\":[{\"@type\":\"SearchAction\",\"target\":{\"@type\":\"EntryPoint\",\"urlTemplate\":\"https:\/\/www.visit-ulcinj.com\/blog\/?s={search_term_string}\"},\"query-input\":\"required name=search_term_string\"}],\"inLanguage\":\"en-US\"},{\"@type\":\"ImageObject\",\"inLanguage\":\"en-US\",\"@id\":\"https:\/\/www.visit-ulcinj.com\/blog\/2016\/09\/16\/seanema-film-festival-thankful-seanemafriends\/#primaryimage\",\"url\":\"http:\/\/www.visit-ulcinj.com\/blog\/wp-content\/uploads\/2016\/09\/thank-the-U.S.-Embassy-in-Podgorica.png\",\"contentUrl\":\"http:\/\/www.visit-ulcinj.com\/blog\/wp-content\/uploads\/2016\/09\/thank-the-U.S.-Embassy-in-Podgorica.png\"},{\"@type\":\"WebPage\",\"@id\":\"https:\/\/www.visit-ulcinj.com\/blog\/2016\/09\/16\/seanema-film-festival-thankful-seanemafriends\/#webpage\",\"url\":\"https:\/\/www.visit-ulcinj.com\/blog\/2016\/09\/16\/seanema-film-festival-thankful-seanemafriends\/\",\"name\":\"Seanema Film Festival is thankful to all SeanemaFriends - Lajme nga Ulqini\",\"isPartOf\":{\"@id\":\"https:\/\/www.visit-ulcinj.com\/blog\/#website\"},\"primaryImageOfPage\":{\"@id\":\"https:\/\/www.visit-ulcinj.com\/blog\/2016\/09\/16\/seanema-film-festival-thankful-seanemafriends\/#primaryimage\"},\"datePublished\":\"2016-09-16T11:10:34+00:00\",\"dateModified\":\"2016-09-16T11:10:34+00:00\",\"author\":{\"@id\":\"https:\/\/www.visit-ulcinj.com\/blog\/#\/schema\/person\/dcab619c614d3038751c63bc2aadc06d\"},\"description\":\"We want to take this moment to thank the U.S. Embassy in Podgorica for their most valuable support, for believing in this project since its baby steps and\",\"breadcrumb\":{\"@id\":\"https:\/\/www.visit-ulcinj.com\/blog\/2016\/09\/16\/seanema-film-festival-thankful-seanemafriends\/#breadcrumb\"},\"inLanguage\":\"en-US\",\"potentialAction\":[{\"@type\":\"ReadAction\",\"target\":[\"https:\/\/www.visit-ulcinj.com\/blog\/2016\/09\/16\/seanema-film-festival-thankful-seanemafriends\/\"]}]},{\"@type\":\"BreadcrumbList\",\"@id\":\"https:\/\/www.visit-ulcinj.com\/blog\/2016\/09\/16\/seanema-film-festival-thankful-seanemafriends\/#breadcrumb\",\"itemListElement\":[{\"@type\":\"ListItem\",\"position\":1,\"name\":\"Seanema Film Festival is thankful to all SeanemaFriends\"}]},{\"@type\":\"Person\",\"@id\":\"https:\/\/www.visit-ulcinj.com\/blog\/#\/schema\/person\/dcab619c614d3038751c63bc2aadc06d\",\"name\":\"ulqini\",\"sameAs\":[\"http:\/\/www.visit-ulcinj.com\"],\"url\":\"https:\/\/www.visit-ulcinj.com\/blog\/author\/admin\/\"}]}<\/script>\n<!-- \/ Yoast SEO plugin. -->","yoast_head_json":{"title":"Seanema Film Festival is thankful to all SeanemaFriends - Lajme nga Ulqini","description":"We want to take this moment to thank the U.S. Embassy in Podgorica for their most valuable support, for believing in this project since its baby steps and","robots":{"index":"index","follow":"follow","max-snippet":"max-snippet:-1","max-image-preview":"max-image-preview:large","max-video-preview":"max-video-preview:-1"},"canonical":"https:\/\/www.visit-ulcinj.com\/blog\/2016\/09\/16\/seanema-film-festival-thankful-seanemafriends\/","og_locale":"en_US","og_type":"article","og_title":"Seanema Film Festival is thankful to all SeanemaFriends - Lajme nga Ulqini","og_description":"We want to take this moment to thank the U.S. Embassy in Podgorica for their most valuable support, for believing in this project since its baby steps and","og_url":"https:\/\/www.visit-ulcinj.com\/blog\/2016\/09\/16\/seanema-film-festival-thankful-seanemafriends\/","og_site_name":"Lajme nga Ulqini","article_published_time":"2016-09-16T11:10:34+00:00","og_image":[{"url":"http:\/\/www.visit-ulcinj.com\/blog\/wp-content\/uploads\/2016\/09\/thank-the-U.S.-Embassy-in-Podgorica.png"}],"twitter_misc":{"Written by":"ulqini","Est. reading time":"1 minute"},"schema":{"@context":"https:\/\/schema.org","@graph":[{"@type":"WebSite","@id":"https:\/\/www.visit-ulcinj.com\/blog\/#website","url":"https:\/\/www.visit-ulcinj.com\/blog\/","name":"Lajme nga Ulqini","description":"Lajme,Vijesti,Ulqini,Ulqin,Crna Gora,Mali i Zi","potentialAction":[{"@type":"SearchAction","target":{"@type":"EntryPoint","urlTemplate":"https:\/\/www.visit-ulcinj.com\/blog\/?s={search_term_string}"},"query-input":"required name=search_term_string"}],"inLanguage":"en-US"},{"@type":"ImageObject","inLanguage":"en-US","@id":"https:\/\/www.visit-ulcinj.com\/blog\/2016\/09\/16\/seanema-film-festival-thankful-seanemafriends\/#primaryimage","url":"http:\/\/www.visit-ulcinj.com\/blog\/wp-content\/uploads\/2016\/09\/thank-the-U.S.-Embassy-in-Podgorica.png","contentUrl":"http:\/\/www.visit-ulcinj.com\/blog\/wp-content\/uploads\/2016\/09\/thank-the-U.S.-Embassy-in-Podgorica.png"},{"@type":"WebPage","@id":"https:\/\/www.visit-ulcinj.com\/blog\/2016\/09\/16\/seanema-film-festival-thankful-seanemafriends\/#webpage","url":"https:\/\/www.visit-ulcinj.com\/blog\/2016\/09\/16\/seanema-film-festival-thankful-seanemafriends\/","name":"Seanema Film Festival is thankful to all SeanemaFriends - Lajme nga Ulqini","isPartOf":{"@id":"https:\/\/www.visit-ulcinj.com\/blog\/#website"},"primaryImageOfPage":{"@id":"https:\/\/www.visit-ulcinj.com\/blog\/2016\/09\/16\/seanema-film-festival-thankful-seanemafriends\/#primaryimage"},"datePublished":"2016-09-16T11:10:34+00:00","dateModified":"2016-09-16T11:10:34+00:00","author":{"@id":"https:\/\/www.visit-ulcinj.com\/blog\/#\/schema\/person\/dcab619c614d3038751c63bc2aadc06d"},"description":"We want to take this moment to thank the U.S. Embassy in Podgorica for their most valuable support, for believing in this project since its baby steps and","breadcrumb":{"@id":"https:\/\/www.visit-ulcinj.com\/blog\/2016\/09\/16\/seanema-film-festival-thankful-seanemafriends\/#breadcrumb"},"inLanguage":"en-US","potentialAction":[{"@type":"ReadAction","target":["https:\/\/www.visit-ulcinj.com\/blog\/2016\/09\/16\/seanema-film-festival-thankful-seanemafriends\/"]}]},{"@type":"BreadcrumbList","@id":"https:\/\/www.visit-ulcinj.com\/blog\/2016\/09\/16\/seanema-film-festival-thankful-seanemafriends\/#breadcrumb","itemListElement":[{"@type":"ListItem","position":1,"name":"Seanema Film Festival is thankful to all SeanemaFriends"}]},{"@type":"Person","@id":"https:\/\/www.visit-ulcinj.com\/blog\/#\/schema\/person\/dcab619c614d3038751c63bc2aadc06d","name":"ulqini","sameAs":["http:\/\/www.visit-ulcinj.com"],"url":"https:\/\/www.visit-ulcinj.com\/blog\/author\/admin\/"}]}},"jetpack_featured_media_url":"","jetpack_sharing_enabled":true,"jetpack_shortlink":"https:\/\/wp.me\/pe6lTn-pWI","_links":{"self":[{"href":"https:\/\/www.visit-ulcinj.com\/blog\/wp-json\/wp\/v2\/posts\/99740"}],"collection":[{"href":"https:\/\/www.visit-ulcinj.com\/blog\/wp-json\/wp\/v2\/posts"}],"about":[{"href":"https:\/\/www.visit-ulcinj.com\/blog\/wp-json\/wp\/v2\/types\/post"}],"author":[{"embeddable":true,"href":"https:\/\/www.visit-ulcinj.com\/blog\/wp-json\/wp\/v2\/users\/1"}],"replies":[{"embeddable":true,"href":"https:\/\/www.visit-ulcinj.com\/blog\/wp-json\/wp\/v2\/comments?post=99740"}],"version-history":[{"count":1,"href":"https:\/\/www.visit-ulcinj.com\/blog\/wp-json\/wp\/v2\/posts\/99740\/revisions"}],"predecessor-version":[{"id":99742,"href":"https:\/\/www.visit-ulcinj.com\/blog\/wp-json\/wp\/v2\/posts\/99740\/revisions\/99742"}],"wp:attachment":[{"href":"https:\/\/www.visit-ulcinj.com\/blog\/wp-json\/wp\/v2\/media?parent=99740"}],"wp:term":[{"taxonomy":"category","embeddable":true,"href":"https:\/\/www.visit-ulcinj.com\/blog\/wp-json\/wp\/v2\/categories?post=99740"},{"taxonomy":"post_tag","embeddable":true,"href":"https:\/\/www.visit-ulcinj.com\/blog\/wp-json\/wp\/v2\/tags?post=99740"}],"curies":[{"name":"wp","href":"https:\/\/api.w.org\/{rel}","templated":true}]}}