{"id":99743,"date":"2016-09-16T20:05:01","date_gmt":"2016-09-16T19:05:01","guid":{"rendered":"http:\/\/www.visit-ulcinj.com\/blog\/?p=99743"},"modified":"2016-09-16T20:05:01","modified_gmt":"2016-09-16T19:05:01","slug":"nata-e-pare-e-seanema-ne-frymen-e-thyerjes-se-tavanit-te-qelqit","status":"publish","type":"post","link":"https:\/\/www.visit-ulcinj.com\/blog\/2016\/09\/16\/nata-e-pare-e-seanema-ne-frymen-e-thyerjes-se-tavanit-te-qelqit\/","title":{"rendered":"Nata e par\u00eb e Seanema n\u00eb frym\u00ebn e &#8220;thyerjes s\u00eb tavanit t\u00eb qelqit&#8221;"},"content":{"rendered":"<p><a href=\"http:\/\/www.visit-ulcinj.com\/blog\/wp-content\/uploads\/2016\/09\/nata-e-par\u00eb-e-festivalit-Seanema-Ulqin.jpg\"><img loading=\"lazy\" class=\"alignleft wp-image-99744\" src=\"http:\/\/www.visit-ulcinj.com\/blog\/wp-content\/uploads\/2016\/09\/nata-e-par\u00eb-e-festivalit-Seanema-Ulqin.jpg\" alt=\"nata e par\u00eb e festivalit Seanema-Ulqin\" width=\"508\" height=\"339\" srcset=\"https:\/\/www.visit-ulcinj.com\/blog\/wp-content\/uploads\/2016\/09\/nata-e-par\u00eb-e-festivalit-Seanema-Ulqin.jpg 927w, https:\/\/www.visit-ulcinj.com\/blog\/wp-content\/uploads\/2016\/09\/nata-e-par\u00eb-e-festivalit-Seanema-Ulqin-300x200.jpg 300w, https:\/\/www.visit-ulcinj.com\/blog\/wp-content\/uploads\/2016\/09\/nata-e-par\u00eb-e-festivalit-Seanema-Ulqin-768x512.jpg 768w\" sizes=\"(max-width: 508px) 100vw, 508px\" \/><\/a>Ulqin, 16 shtator 2016 \u2013 Nata e par\u00eb e festivalit t\u00eb filmit \u201cSeanema\u201d arriti t\u00eb mbledh\u00eb dashamir\u00ebs t\u00eb shumt\u00eb t\u00eb filmit nga Ulqini, si edhe personalitete t\u00eb shquar nga rajoni.<\/p>\n<p>N\u00eb cil\u00ebsin\u00eb e moderators, znj. Sabina Osmanoviq b\u00ebri hapjen e festivalit dhe ftoi p\u00ebr t\u00eb th\u00ebn\u00eb fjal\u00ebn e tyre p\u00ebrsh\u00ebndet\u00ebse kryetarin e Komun\u00ebs Ulqin, z. Nazif Cungu, z\u00ebvend\u00ebs Ambasadorin e SHBA-ve, z. Bix Aliu, regjisorin malazez z. Nikolla Vuk\u00e7eviq dhe drejtoren e festivalit, znj. Drita Llolla.<\/p>\n<p>Mbas filmit \u201cSuffragette\u201d, u zhvillua paneli i par\u00eb i k\u00ebtij edicioni \u201cT\u00eb thyesh tavinin e qelqit\u201d ku u diskutua rreth hendekut gjinor dhe p\u00ebrfaq\u00ebsimit t\u00eb grave dhe vajzave n\u00eb jet\u00ebn publike.<\/p>\n<p><a href=\"http:\/\/www.visit-ulcinj.com\/blog\/wp-content\/uploads\/2016\/09\/Nata-e-par\u00eb-e-festivalit-Seanema-Ulqin-1.jpg\"><img loading=\"lazy\" class=\"alignleft wp-image-99745\" src=\"http:\/\/www.visit-ulcinj.com\/blog\/wp-content\/uploads\/2016\/09\/Nata-e-par\u00eb-e-festivalit-Seanema-Ulqin-1.jpg\" alt=\"Nata e par\u00eb e festivalit Seanema-Ulqin-1\" width=\"508\" height=\"339\" srcset=\"https:\/\/www.visit-ulcinj.com\/blog\/wp-content\/uploads\/2016\/09\/Nata-e-par\u00eb-e-festivalit-Seanema-Ulqin-1.jpg 927w, https:\/\/www.visit-ulcinj.com\/blog\/wp-content\/uploads\/2016\/09\/Nata-e-par\u00eb-e-festivalit-Seanema-Ulqin-1-300x200.jpg 300w, https:\/\/www.visit-ulcinj.com\/blog\/wp-content\/uploads\/2016\/09\/Nata-e-par\u00eb-e-festivalit-Seanema-Ulqin-1-768x512.jpg 768w\" sizes=\"(max-width: 508px) 100vw, 508px\" \/><\/a><\/p>\n<p>Sonte do t\u00eb shfaqet filmi \u201cSonita\u201d, fitues i \u00e7mimit t\u00eb juris\u00eb dhe publikut n\u00eb Sudnance Film Festival, i cili flet p\u00ebr nj\u00eb repere Afgane e cila realizoi nj\u00eb video muzikore q\u00eb i solli fam\u00eb bot\u00ebrore nga Youtube dhe k\u00ebt\u00eb e b\u00ebri n\u00eb shenj\u00eb proteste ndaj vendimit t\u00eb prind\u00ebrve t\u00eb saj p\u00ebr ta shitur p\u00ebr nuse n\u00eb mosh\u00eb t\u00eb mitur.<\/p>\n<p>Mbas filmit \u201cSonita\u201d, hapaet paneli i dyt\u00eb me t\u00eb ftuara znj. Iris Luarasi, Drejtore Ekzekutive e Qendr\u00ebs p\u00ebr K\u00ebshillimin e grave, vajzave, burrave dhe djemve n\u00eb Tiran\u00eb, znj. Ljupka Kova\u00e7eviq dhe znj. Ervina Dabixhinoviq koordinatore t\u00eb programeve p\u00ebr gra n\u00eb OJQ \u201cAnima\u201d dhe znj. Hatixhe Nelaj, Drejtore e Telefoni SOS nga Ulqini.<\/p>\n<p>Filmi i dyte \u00ebsht\u00eb \u201cThe Hunting Ground\u201d ose \u201cToka e gjuetis\u00eb\u201d i cili u shfaq me dat\u00eb 10 shtator te Reja n\u00eb Tiran\u00eb nga grupi Seanema.<\/p>\n","protected":false},"excerpt":{"rendered":"<p>Ulqin, 16 shtator 2016 \u2013 Nata e par\u00eb e festivalit t\u00eb filmit \u201cSeanema\u201d arriti t\u00eb mbledh\u00eb dashamir\u00ebs t\u00eb shumt\u00eb t\u00eb filmit nga Ulqini, si edhe personalitete t\u00eb shquar nga rajoni. N\u00eb cil\u00ebsin\u00eb e moderators, znj. Sabina Osmanoviq b\u00ebri hapjen e festivalit dhe ftoi p\u00ebr t\u00eb th\u00ebn\u00eb fjal\u00ebn e tyre p\u00ebrsh\u00ebndet\u00ebse kryetarin e Komun\u00ebs Ulqin, z. [&hellip;]<\/p>\n","protected":false},"author":1,"featured_media":0,"comment_status":"closed","ping_status":"closed","sticky":false,"template":"","format":"standard","meta":{"spay_email":"","jetpack_publicize_message":"","jetpack_is_tweetstorm":false,"jetpack_publicize_feature_enabled":true},"categories":[6950],"tags":[],"jetpack_publicize_connections":[],"yoast_head":"<!-- This site is optimized with the Yoast SEO plugin v19.1 - https:\/\/yoast.com\/wordpress\/plugins\/seo\/ -->\n<title>Nata e par\u00eb e Seanema n\u00eb frym\u00ebn e &quot;thyerjes s\u00eb tavanit t\u00eb qelqit&quot; - Lajme nga Ulqini<\/title>\n<meta name=\"description\" content=\"Ulqin, 16 shtator 2016 \u2013 Nata e par\u00eb e festivalit t\u00eb filmit \u201cSeanema\u201d arriti t\u00eb mbledh\u00eb dashamir\u00ebs t\u00eb shumt\u00eb t\u00eb filmit nga Ulqini, si edhe personalitete\" \/>\n<meta name=\"robots\" content=\"index, follow, max-snippet:-1, max-image-preview:large, max-video-preview:-1\" \/>\n<link rel=\"canonical\" href=\"https:\/\/www.visit-ulcinj.com\/blog\/2016\/09\/16\/nata-e-pare-e-seanema-ne-frymen-e-thyerjes-se-tavanit-te-qelqit\/\" \/>\n<meta property=\"og:locale\" content=\"en_US\" \/>\n<meta property=\"og:type\" content=\"article\" \/>\n<meta property=\"og:title\" content=\"Nata e par\u00eb e Seanema n\u00eb frym\u00ebn e &quot;thyerjes s\u00eb tavanit t\u00eb qelqit&quot; - Lajme nga Ulqini\" \/>\n<meta property=\"og:description\" content=\"Ulqin, 16 shtator 2016 \u2013 Nata e par\u00eb e festivalit t\u00eb filmit \u201cSeanema\u201d arriti t\u00eb mbledh\u00eb dashamir\u00ebs t\u00eb shumt\u00eb t\u00eb filmit nga Ulqini, si edhe personalitete\" \/>\n<meta property=\"og:url\" content=\"https:\/\/www.visit-ulcinj.com\/blog\/2016\/09\/16\/nata-e-pare-e-seanema-ne-frymen-e-thyerjes-se-tavanit-te-qelqit\/\" \/>\n<meta property=\"og:site_name\" content=\"Lajme nga Ulqini\" \/>\n<meta property=\"article:published_time\" content=\"2016-09-16T19:05:01+00:00\" \/>\n<meta name=\"twitter:label1\" content=\"Written by\" \/>\n\t<meta name=\"twitter:data1\" content=\"ulqini\" \/>\n\t<meta name=\"twitter:label2\" content=\"Est. reading time\" \/>\n\t<meta name=\"twitter:data2\" content=\"1 minute\" \/>\n<script type=\"application\/ld+json\" class=\"yoast-schema-graph\">{\"@context\":\"https:\/\/schema.org\",\"@graph\":[{\"@type\":\"WebSite\",\"@id\":\"https:\/\/www.visit-ulcinj.com\/blog\/#website\",\"url\":\"https:\/\/www.visit-ulcinj.com\/blog\/\",\"name\":\"Lajme nga Ulqini\",\"description\":\"Lajme,Vijesti,Ulqini,Ulqin,Crna Gora,Mali i Zi\",\"potentialAction\":[{\"@type\":\"SearchAction\",\"target\":{\"@type\":\"EntryPoint\",\"urlTemplate\":\"https:\/\/www.visit-ulcinj.com\/blog\/?s={search_term_string}\"},\"query-input\":\"required name=search_term_string\"}],\"inLanguage\":\"en-US\"},{\"@type\":\"WebPage\",\"@id\":\"https:\/\/www.visit-ulcinj.com\/blog\/2016\/09\/16\/nata-e-pare-e-seanema-ne-frymen-e-thyerjes-se-tavanit-te-qelqit\/#webpage\",\"url\":\"https:\/\/www.visit-ulcinj.com\/blog\/2016\/09\/16\/nata-e-pare-e-seanema-ne-frymen-e-thyerjes-se-tavanit-te-qelqit\/\",\"name\":\"Nata e par\u00eb e Seanema n\u00eb frym\u00ebn e \\\"thyerjes s\u00eb tavanit t\u00eb qelqit\\\" - Lajme nga Ulqini\",\"isPartOf\":{\"@id\":\"https:\/\/www.visit-ulcinj.com\/blog\/#website\"},\"datePublished\":\"2016-09-16T19:05:01+00:00\",\"dateModified\":\"2016-09-16T19:05:01+00:00\",\"author\":{\"@id\":\"https:\/\/www.visit-ulcinj.com\/blog\/#\/schema\/person\/dcab619c614d3038751c63bc2aadc06d\"},\"description\":\"Ulqin, 16 shtator 2016 \u2013 Nata e par\u00eb e festivalit t\u00eb filmit \u201cSeanema\u201d arriti t\u00eb mbledh\u00eb dashamir\u00ebs t\u00eb shumt\u00eb t\u00eb filmit nga Ulqini, si edhe personalitete\",\"breadcrumb\":{\"@id\":\"https:\/\/www.visit-ulcinj.com\/blog\/2016\/09\/16\/nata-e-pare-e-seanema-ne-frymen-e-thyerjes-se-tavanit-te-qelqit\/#breadcrumb\"},\"inLanguage\":\"en-US\",\"potentialAction\":[{\"@type\":\"ReadAction\",\"target\":[\"https:\/\/www.visit-ulcinj.com\/blog\/2016\/09\/16\/nata-e-pare-e-seanema-ne-frymen-e-thyerjes-se-tavanit-te-qelqit\/\"]}]},{\"@type\":\"BreadcrumbList\",\"@id\":\"https:\/\/www.visit-ulcinj.com\/blog\/2016\/09\/16\/nata-e-pare-e-seanema-ne-frymen-e-thyerjes-se-tavanit-te-qelqit\/#breadcrumb\",\"itemListElement\":[{\"@type\":\"ListItem\",\"position\":1,\"name\":\"Nata e par\u00eb e Seanema n\u00eb frym\u00ebn e &#8220;thyerjes s\u00eb tavanit t\u00eb qelqit&#8221;\"}]},{\"@type\":\"Person\",\"@id\":\"https:\/\/www.visit-ulcinj.com\/blog\/#\/schema\/person\/dcab619c614d3038751c63bc2aadc06d\",\"name\":\"ulqini\",\"sameAs\":[\"http:\/\/www.visit-ulcinj.com\"],\"url\":\"https:\/\/www.visit-ulcinj.com\/blog\/author\/admin\/\"}]}<\/script>\n<!-- \/ Yoast SEO plugin. -->","yoast_head_json":{"title":"Nata e par\u00eb e Seanema n\u00eb frym\u00ebn e \"thyerjes s\u00eb tavanit t\u00eb qelqit\" - Lajme nga Ulqini","description":"Ulqin, 16 shtator 2016 \u2013 Nata e par\u00eb e festivalit t\u00eb filmit \u201cSeanema\u201d arriti t\u00eb mbledh\u00eb dashamir\u00ebs t\u00eb shumt\u00eb t\u00eb filmit nga Ulqini, si edhe personalitete","robots":{"index":"index","follow":"follow","max-snippet":"max-snippet:-1","max-image-preview":"max-image-preview:large","max-video-preview":"max-video-preview:-1"},"canonical":"https:\/\/www.visit-ulcinj.com\/blog\/2016\/09\/16\/nata-e-pare-e-seanema-ne-frymen-e-thyerjes-se-tavanit-te-qelqit\/","og_locale":"en_US","og_type":"article","og_title":"Nata e par\u00eb e Seanema n\u00eb frym\u00ebn e \"thyerjes s\u00eb tavanit t\u00eb qelqit\" - Lajme nga Ulqini","og_description":"Ulqin, 16 shtator 2016 \u2013 Nata e par\u00eb e festivalit t\u00eb filmit \u201cSeanema\u201d arriti t\u00eb mbledh\u00eb dashamir\u00ebs t\u00eb shumt\u00eb t\u00eb filmit nga Ulqini, si edhe personalitete","og_url":"https:\/\/www.visit-ulcinj.com\/blog\/2016\/09\/16\/nata-e-pare-e-seanema-ne-frymen-e-thyerjes-se-tavanit-te-qelqit\/","og_site_name":"Lajme nga Ulqini","article_published_time":"2016-09-16T19:05:01+00:00","twitter_misc":{"Written by":"ulqini","Est. reading time":"1 minute"},"schema":{"@context":"https:\/\/schema.org","@graph":[{"@type":"WebSite","@id":"https:\/\/www.visit-ulcinj.com\/blog\/#website","url":"https:\/\/www.visit-ulcinj.com\/blog\/","name":"Lajme nga Ulqini","description":"Lajme,Vijesti,Ulqini,Ulqin,Crna Gora,Mali i Zi","potentialAction":[{"@type":"SearchAction","target":{"@type":"EntryPoint","urlTemplate":"https:\/\/www.visit-ulcinj.com\/blog\/?s={search_term_string}"},"query-input":"required name=search_term_string"}],"inLanguage":"en-US"},{"@type":"WebPage","@id":"https:\/\/www.visit-ulcinj.com\/blog\/2016\/09\/16\/nata-e-pare-e-seanema-ne-frymen-e-thyerjes-se-tavanit-te-qelqit\/#webpage","url":"https:\/\/www.visit-ulcinj.com\/blog\/2016\/09\/16\/nata-e-pare-e-seanema-ne-frymen-e-thyerjes-se-tavanit-te-qelqit\/","name":"Nata e par\u00eb e Seanema n\u00eb frym\u00ebn e \"thyerjes s\u00eb tavanit t\u00eb qelqit\" - Lajme nga Ulqini","isPartOf":{"@id":"https:\/\/www.visit-ulcinj.com\/blog\/#website"},"datePublished":"2016-09-16T19:05:01+00:00","dateModified":"2016-09-16T19:05:01+00:00","author":{"@id":"https:\/\/www.visit-ulcinj.com\/blog\/#\/schema\/person\/dcab619c614d3038751c63bc2aadc06d"},"description":"Ulqin, 16 shtator 2016 \u2013 Nata e par\u00eb e festivalit t\u00eb filmit \u201cSeanema\u201d arriti t\u00eb mbledh\u00eb dashamir\u00ebs t\u00eb shumt\u00eb t\u00eb filmit nga Ulqini, si edhe personalitete","breadcrumb":{"@id":"https:\/\/www.visit-ulcinj.com\/blog\/2016\/09\/16\/nata-e-pare-e-seanema-ne-frymen-e-thyerjes-se-tavanit-te-qelqit\/#breadcrumb"},"inLanguage":"en-US","potentialAction":[{"@type":"ReadAction","target":["https:\/\/www.visit-ulcinj.com\/blog\/2016\/09\/16\/nata-e-pare-e-seanema-ne-frymen-e-thyerjes-se-tavanit-te-qelqit\/"]}]},{"@type":"BreadcrumbList","@id":"https:\/\/www.visit-ulcinj.com\/blog\/2016\/09\/16\/nata-e-pare-e-seanema-ne-frymen-e-thyerjes-se-tavanit-te-qelqit\/#breadcrumb","itemListElement":[{"@type":"ListItem","position":1,"name":"Nata e par\u00eb e Seanema n\u00eb frym\u00ebn e &#8220;thyerjes s\u00eb tavanit t\u00eb qelqit&#8221;"}]},{"@type":"Person","@id":"https:\/\/www.visit-ulcinj.com\/blog\/#\/schema\/person\/dcab619c614d3038751c63bc2aadc06d","name":"ulqini","sameAs":["http:\/\/www.visit-ulcinj.com"],"url":"https:\/\/www.visit-ulcinj.com\/blog\/author\/admin\/"}]}},"jetpack_featured_media_url":"","jetpack_sharing_enabled":true,"jetpack_shortlink":"https:\/\/wp.me\/pe6lTn-pWL","_links":{"self":[{"href":"https:\/\/www.visit-ulcinj.com\/blog\/wp-json\/wp\/v2\/posts\/99743"}],"collection":[{"href":"https:\/\/www.visit-ulcinj.com\/blog\/wp-json\/wp\/v2\/posts"}],"about":[{"href":"https:\/\/www.visit-ulcinj.com\/blog\/wp-json\/wp\/v2\/types\/post"}],"author":[{"embeddable":true,"href":"https:\/\/www.visit-ulcinj.com\/blog\/wp-json\/wp\/v2\/users\/1"}],"replies":[{"embeddable":true,"href":"https:\/\/www.visit-ulcinj.com\/blog\/wp-json\/wp\/v2\/comments?post=99743"}],"version-history":[{"count":1,"href":"https:\/\/www.visit-ulcinj.com\/blog\/wp-json\/wp\/v2\/posts\/99743\/revisions"}],"predecessor-version":[{"id":99746,"href":"https:\/\/www.visit-ulcinj.com\/blog\/wp-json\/wp\/v2\/posts\/99743\/revisions\/99746"}],"wp:attachment":[{"href":"https:\/\/www.visit-ulcinj.com\/blog\/wp-json\/wp\/v2\/media?parent=99743"}],"wp:term":[{"taxonomy":"category","embeddable":true,"href":"https:\/\/www.visit-ulcinj.com\/blog\/wp-json\/wp\/v2\/categories?post=99743"},{"taxonomy":"post_tag","embeddable":true,"href":"https:\/\/www.visit-ulcinj.com\/blog\/wp-json\/wp\/v2\/tags?post=99743"}],"curies":[{"name":"wp","href":"https:\/\/api.w.org\/{rel}","templated":true}]}}