{"id":99747,"date":"2016-09-16T20:11:42","date_gmt":"2016-09-16T19:11:42","guid":{"rendered":"http:\/\/www.visit-ulcinj.com\/blog\/?p=99747"},"modified":"2016-09-16T20:12:39","modified_gmt":"2016-09-16T19:12:39","slug":"udsh-te-arriturat-e-koalicionit-forces-udsh-se-dhe-ash","status":"publish","type":"post","link":"https:\/\/www.visit-ulcinj.com\/blog\/2016\/09\/16\/udsh-te-arriturat-e-koalicionit-forces-udsh-se-dhe-ash\/","title":{"rendered":"UDSH: T\u00eb arriturat e koalicionit Forc\u00ebs, UDSH-s\u00eb dhe ASH"},"content":{"rendered":"<p><strong><a href=\"http:\/\/www.visit-ulcinj.com\/blog\/wp-content\/uploads\/2016\/09\/Formohet-koalicion-i-madh-Forca-UDSh-ja-dhe-ASh-3.jpg\"><img loading=\"lazy\" class=\"alignleft wp-image-99738\" src=\"http:\/\/www.visit-ulcinj.com\/blog\/wp-content\/uploads\/2016\/09\/Formohet-koalicion-i-madh-Forca-UDSh-ja-dhe-ASh-3.jpg\" alt=\"Formohet koalicion i madh Forca, UDSh-ja dhe ASh-3\" width=\"508\" height=\"339\" srcset=\"https:\/\/www.visit-ulcinj.com\/blog\/wp-content\/uploads\/2016\/09\/Formohet-koalicion-i-madh-Forca-UDSh-ja-dhe-ASh-3.jpg 960w, https:\/\/www.visit-ulcinj.com\/blog\/wp-content\/uploads\/2016\/09\/Formohet-koalicion-i-madh-Forca-UDSh-ja-dhe-ASh-3-300x200.jpg 300w, https:\/\/www.visit-ulcinj.com\/blog\/wp-content\/uploads\/2016\/09\/Formohet-koalicion-i-madh-Forca-UDSh-ja-dhe-ASh-3-768x512.jpg 768w\" sizes=\"(max-width: 508px) 100vw, 508px\" \/><\/a>UNIONI\u00a0 DEMOKRATIK I SHQIPTAR\u00cbVE<\/strong><br \/>\n<strong>DEMOKRATSKA UNIJA ALBANACA<\/strong><br \/>\n<strong> THE DEMOCRATIC UNION OF ALBANIANS<\/strong><br \/>\nUlcinj, 16.09.2016.<\/p>\n<p>P\u00ebr hir t\u00eb informimit korrekt dhe t\u00eb drejt\u00eb t\u00eb opinionit Unioni Demokratik i Shqiptar\u00ebve d\u00ebrgoi k\u00ebt\u00eb kumtes\u00eb p\u00ebr opinion:<\/p>\n<p>Kryetari i Forc\u00ebs s\u00eb re demokratike Nazif Cungu, i Unionit Demokratik t\u00eb Shqiptar\u00ebve, Mehmed Zenka, dhe i Alternativ\u00ebs Shqiptare, Gjergj Camaj, kan\u00eb n\u00ebnshkruar dje (t\u00eb enjten) n\u00eb Ulqin marr\u00ebveshjen p\u00ebr pjes\u00ebmarrje t\u00eb p\u00ebrbashk\u00ebt n\u00eb zgjedhjet parlamentare t\u00eb 16 tetorit.<\/p>\n<p>N\u00eb themel t\u00eb k\u00ebsaj marr\u00ebveshjes q\u00ebndrojn\u00eb nevojat kryesore dhe \u00e7\u00ebshtjet m\u00eb t\u00eb mprehta q\u00eb prekin popullsin\u00eb shqiptare. Platforma politike e k\u00ebtij koalicioni, n\u00eb mes tjerash, ka n\u00eb qend\u00ebr t\u00eb saj mbrojtjen e identitetit komb\u00ebtar t\u00eb Shqiptar\u00ebve n\u00eb Mal t\u00eb Zi, mbrojtjen dhe promovimin e gjuh\u00ebs shqipe dhe simboleve tona komb\u00ebtare, forcimi i arsimit n\u00eb gjuh\u00ebn shqipe, decentralizimin duke p\u00ebrdorur standardet m\u00eb t\u00eb larta evropiane n\u00eb k\u00ebt\u00eb fush\u00eb si dhe p\u00ebrmir\u00ebsimin e gjendjes social-ekonomike t\u00eb komunitetit ton\u00eb.<\/p>\n<p>Shqiptar\u00ebt n\u00eb Mal t\u00eb Zi do t\u00eb vazhdojn\u00eb t\u00eb japin kontributin e tyre n\u00eb zhvillimin e demokracis\u00eb dhe mbrojtjen e t\u00eb drejtave dhe lirive t\u00eb njeriut.<\/p>\n<p>Po ashtu, me k\u00ebt\u00eb marr\u00ebveshje u rakordua edhe renditja n\u00eb list\u00ebn e deputet\u00ebve t\u00eb k\u00ebtij koalicioni p\u00ebr zgjedhjet parlamentare t\u00eb 16 tetorit. List\u00ebn do ta udh\u00ebheq\u00eb kandidati i Forc\u00ebs s\u00eb re demokratike, i dyti do t\u00eb jet\u00eb kandidati i Unionit Demokratik t\u00eb Shqiptar\u00ebve, nd\u00ebrsa i treti n\u00eb renditje do t\u00eb jet\u00eb kandidati i Alternativ\u00ebs Shqiptare.<\/p>\n<p>Ky koalicion \u00ebsht\u00eb t\u00ebr\u00ebsisht i hapur p\u00ebr bashk\u00ebpunim me aktor\u00ebt tjer\u00eb politik t\u00eb Shqiptar\u00ebve n\u00eb Mal t\u00eb Zi dhe iu ofton pjes\u00ebmarrje t\u00eb p\u00ebrbashk\u00ebt n\u00eb zgjedhjet e ardhshme parlamentare.<\/p>\n<p>Gjat\u00eb aktiviteteve parazgjedhore p\u00ebr zgjedhjet e ardhshme parlamentare opinioni do t\u00eb informohet n\u00eb m\u00ebnyr\u00eb t\u00eb drejtp\u00ebrdrejt\u00eb dhe t\u00eb sakt\u00eb nga ana e skuadr\u00ebs koordinuese t\u00eb koalicionit.<\/p>\n<p>Sherbimi per informim UDSH<\/p>\n","protected":false},"excerpt":{"rendered":"<p>UNIONI\u00a0 DEMOKRATIK I SHQIPTAR\u00cbVE DEMOKRATSKA UNIJA ALBANACA THE DEMOCRATIC UNION OF ALBANIANS Ulcinj, 16.09.2016. P\u00ebr hir t\u00eb informimit korrekt dhe t\u00eb drejt\u00eb t\u00eb opinionit Unioni Demokratik i Shqiptar\u00ebve d\u00ebrgoi k\u00ebt\u00eb kumtes\u00eb p\u00ebr opinion: Kryetari i Forc\u00ebs s\u00eb re demokratike Nazif Cungu, i Unionit Demokratik t\u00eb Shqiptar\u00ebve, Mehmed Zenka, dhe i Alternativ\u00ebs Shqiptare, Gjergj Camaj, kan\u00eb [&hellip;]<\/p>\n","protected":false},"author":1,"featured_media":0,"comment_status":"closed","ping_status":"closed","sticky":false,"template":"","format":"standard","meta":{"spay_email":"","jetpack_publicize_message":"","jetpack_is_tweetstorm":false,"jetpack_publicize_feature_enabled":true},"categories":[6950],"tags":[],"jetpack_publicize_connections":[],"yoast_head":"<!-- This site is optimized with the Yoast SEO plugin v19.1 - https:\/\/yoast.com\/wordpress\/plugins\/seo\/ -->\n<title>UDSH: T\u00eb arriturat e koalicionit Forc\u00ebs, UDSH-s\u00eb dhe ASH - Lajme nga Ulqini<\/title>\n<meta name=\"description\" content=\"UNIONI\u00a0 DEMOKRATIK I SHQIPTAR\u00cbVE DEMOKRATSKA UNIJA ALBANACA THE DEMOCRATIC UNION OF ALBANIANS Ulcinj, 16.09.2016. P\u00ebr hir t\u00eb informimit korrekt dhe t\u00eb\" \/>\n<meta name=\"robots\" content=\"index, follow, max-snippet:-1, max-image-preview:large, max-video-preview:-1\" \/>\n<link rel=\"canonical\" href=\"https:\/\/www.visit-ulcinj.com\/blog\/2016\/09\/16\/udsh-te-arriturat-e-koalicionit-forces-udsh-se-dhe-ash\/\" \/>\n<meta property=\"og:locale\" content=\"en_US\" \/>\n<meta property=\"og:type\" content=\"article\" \/>\n<meta property=\"og:title\" content=\"UDSH: T\u00eb arriturat e koalicionit Forc\u00ebs, UDSH-s\u00eb dhe ASH - Lajme nga Ulqini\" \/>\n<meta property=\"og:description\" content=\"UNIONI\u00a0 DEMOKRATIK I SHQIPTAR\u00cbVE DEMOKRATSKA UNIJA ALBANACA THE DEMOCRATIC UNION OF ALBANIANS Ulcinj, 16.09.2016. P\u00ebr hir t\u00eb informimit korrekt dhe t\u00eb\" \/>\n<meta property=\"og:url\" content=\"https:\/\/www.visit-ulcinj.com\/blog\/2016\/09\/16\/udsh-te-arriturat-e-koalicionit-forces-udsh-se-dhe-ash\/\" \/>\n<meta property=\"og:site_name\" content=\"Lajme nga Ulqini\" \/>\n<meta property=\"article:published_time\" content=\"2016-09-16T19:11:42+00:00\" \/>\n<meta property=\"article:modified_time\" content=\"2016-09-16T19:12:39+00:00\" \/>\n<meta property=\"og:image\" content=\"http:\/\/www.visit-ulcinj.com\/blog\/wp-content\/uploads\/2016\/09\/Formohet-koalicion-i-madh-Forca-UDSh-ja-dhe-ASh-3.jpg\" \/>\n<meta name=\"twitter:label1\" content=\"Written by\" \/>\n\t<meta name=\"twitter:data1\" content=\"ulqini\" \/>\n\t<meta name=\"twitter:label2\" content=\"Est. reading time\" \/>\n\t<meta name=\"twitter:data2\" content=\"2 minutes\" \/>\n<script type=\"application\/ld+json\" class=\"yoast-schema-graph\">{\"@context\":\"https:\/\/schema.org\",\"@graph\":[{\"@type\":\"WebSite\",\"@id\":\"https:\/\/www.visit-ulcinj.com\/blog\/#website\",\"url\":\"https:\/\/www.visit-ulcinj.com\/blog\/\",\"name\":\"Lajme nga Ulqini\",\"description\":\"Lajme,Vijesti,Ulqini,Ulqin,Crna Gora,Mali i Zi\",\"potentialAction\":[{\"@type\":\"SearchAction\",\"target\":{\"@type\":\"EntryPoint\",\"urlTemplate\":\"https:\/\/www.visit-ulcinj.com\/blog\/?s={search_term_string}\"},\"query-input\":\"required name=search_term_string\"}],\"inLanguage\":\"en-US\"},{\"@type\":\"ImageObject\",\"inLanguage\":\"en-US\",\"@id\":\"https:\/\/www.visit-ulcinj.com\/blog\/2016\/09\/16\/udsh-te-arriturat-e-koalicionit-forces-udsh-se-dhe-ash\/#primaryimage\",\"url\":\"https:\/\/www.visit-ulcinj.com\/blog\/wp-content\/uploads\/2016\/09\/Formohet-koalicion-i-madh-Forca-UDSh-ja-dhe-ASh-3.jpg\",\"contentUrl\":\"https:\/\/www.visit-ulcinj.com\/blog\/wp-content\/uploads\/2016\/09\/Formohet-koalicion-i-madh-Forca-UDSh-ja-dhe-ASh-3.jpg\",\"width\":960,\"height\":640},{\"@type\":\"WebPage\",\"@id\":\"https:\/\/www.visit-ulcinj.com\/blog\/2016\/09\/16\/udsh-te-arriturat-e-koalicionit-forces-udsh-se-dhe-ash\/#webpage\",\"url\":\"https:\/\/www.visit-ulcinj.com\/blog\/2016\/09\/16\/udsh-te-arriturat-e-koalicionit-forces-udsh-se-dhe-ash\/\",\"name\":\"UDSH: T\u00eb arriturat e koalicionit Forc\u00ebs, UDSH-s\u00eb dhe ASH - Lajme nga Ulqini\",\"isPartOf\":{\"@id\":\"https:\/\/www.visit-ulcinj.com\/blog\/#website\"},\"primaryImageOfPage\":{\"@id\":\"https:\/\/www.visit-ulcinj.com\/blog\/2016\/09\/16\/udsh-te-arriturat-e-koalicionit-forces-udsh-se-dhe-ash\/#primaryimage\"},\"datePublished\":\"2016-09-16T19:11:42+00:00\",\"dateModified\":\"2016-09-16T19:12:39+00:00\",\"author\":{\"@id\":\"https:\/\/www.visit-ulcinj.com\/blog\/#\/schema\/person\/dcab619c614d3038751c63bc2aadc06d\"},\"description\":\"UNIONI\u00a0 DEMOKRATIK I SHQIPTAR\u00cbVE DEMOKRATSKA UNIJA ALBANACA THE DEMOCRATIC UNION OF ALBANIANS Ulcinj, 16.09.2016. P\u00ebr hir t\u00eb informimit korrekt dhe t\u00eb\",\"breadcrumb\":{\"@id\":\"https:\/\/www.visit-ulcinj.com\/blog\/2016\/09\/16\/udsh-te-arriturat-e-koalicionit-forces-udsh-se-dhe-ash\/#breadcrumb\"},\"inLanguage\":\"en-US\",\"potentialAction\":[{\"@type\":\"ReadAction\",\"target\":[\"https:\/\/www.visit-ulcinj.com\/blog\/2016\/09\/16\/udsh-te-arriturat-e-koalicionit-forces-udsh-se-dhe-ash\/\"]}]},{\"@type\":\"BreadcrumbList\",\"@id\":\"https:\/\/www.visit-ulcinj.com\/blog\/2016\/09\/16\/udsh-te-arriturat-e-koalicionit-forces-udsh-se-dhe-ash\/#breadcrumb\",\"itemListElement\":[{\"@type\":\"ListItem\",\"position\":1,\"name\":\"UDSH: T\u00eb arriturat e koalicionit Forc\u00ebs, UDSH-s\u00eb dhe ASH\"}]},{\"@type\":\"Person\",\"@id\":\"https:\/\/www.visit-ulcinj.com\/blog\/#\/schema\/person\/dcab619c614d3038751c63bc2aadc06d\",\"name\":\"ulqini\",\"sameAs\":[\"http:\/\/www.visit-ulcinj.com\"],\"url\":\"https:\/\/www.visit-ulcinj.com\/blog\/author\/admin\/\"}]}<\/script>\n<!-- \/ Yoast SEO plugin. -->","yoast_head_json":{"title":"UDSH: T\u00eb arriturat e koalicionit Forc\u00ebs, UDSH-s\u00eb dhe ASH - Lajme nga Ulqini","description":"UNIONI\u00a0 DEMOKRATIK I SHQIPTAR\u00cbVE DEMOKRATSKA UNIJA ALBANACA THE DEMOCRATIC UNION OF ALBANIANS Ulcinj, 16.09.2016. P\u00ebr hir t\u00eb informimit korrekt dhe t\u00eb","robots":{"index":"index","follow":"follow","max-snippet":"max-snippet:-1","max-image-preview":"max-image-preview:large","max-video-preview":"max-video-preview:-1"},"canonical":"https:\/\/www.visit-ulcinj.com\/blog\/2016\/09\/16\/udsh-te-arriturat-e-koalicionit-forces-udsh-se-dhe-ash\/","og_locale":"en_US","og_type":"article","og_title":"UDSH: T\u00eb arriturat e koalicionit Forc\u00ebs, UDSH-s\u00eb dhe ASH - Lajme nga Ulqini","og_description":"UNIONI\u00a0 DEMOKRATIK I SHQIPTAR\u00cbVE DEMOKRATSKA UNIJA ALBANACA THE DEMOCRATIC UNION OF ALBANIANS Ulcinj, 16.09.2016. P\u00ebr hir t\u00eb informimit korrekt dhe t\u00eb","og_url":"https:\/\/www.visit-ulcinj.com\/blog\/2016\/09\/16\/udsh-te-arriturat-e-koalicionit-forces-udsh-se-dhe-ash\/","og_site_name":"Lajme nga Ulqini","article_published_time":"2016-09-16T19:11:42+00:00","article_modified_time":"2016-09-16T19:12:39+00:00","og_image":[{"url":"http:\/\/www.visit-ulcinj.com\/blog\/wp-content\/uploads\/2016\/09\/Formohet-koalicion-i-madh-Forca-UDSh-ja-dhe-ASh-3.jpg"}],"twitter_misc":{"Written by":"ulqini","Est. reading time":"2 minutes"},"schema":{"@context":"https:\/\/schema.org","@graph":[{"@type":"WebSite","@id":"https:\/\/www.visit-ulcinj.com\/blog\/#website","url":"https:\/\/www.visit-ulcinj.com\/blog\/","name":"Lajme nga Ulqini","description":"Lajme,Vijesti,Ulqini,Ulqin,Crna Gora,Mali i Zi","potentialAction":[{"@type":"SearchAction","target":{"@type":"EntryPoint","urlTemplate":"https:\/\/www.visit-ulcinj.com\/blog\/?s={search_term_string}"},"query-input":"required name=search_term_string"}],"inLanguage":"en-US"},{"@type":"ImageObject","inLanguage":"en-US","@id":"https:\/\/www.visit-ulcinj.com\/blog\/2016\/09\/16\/udsh-te-arriturat-e-koalicionit-forces-udsh-se-dhe-ash\/#primaryimage","url":"https:\/\/www.visit-ulcinj.com\/blog\/wp-content\/uploads\/2016\/09\/Formohet-koalicion-i-madh-Forca-UDSh-ja-dhe-ASh-3.jpg","contentUrl":"https:\/\/www.visit-ulcinj.com\/blog\/wp-content\/uploads\/2016\/09\/Formohet-koalicion-i-madh-Forca-UDSh-ja-dhe-ASh-3.jpg","width":960,"height":640},{"@type":"WebPage","@id":"https:\/\/www.visit-ulcinj.com\/blog\/2016\/09\/16\/udsh-te-arriturat-e-koalicionit-forces-udsh-se-dhe-ash\/#webpage","url":"https:\/\/www.visit-ulcinj.com\/blog\/2016\/09\/16\/udsh-te-arriturat-e-koalicionit-forces-udsh-se-dhe-ash\/","name":"UDSH: T\u00eb arriturat e koalicionit Forc\u00ebs, UDSH-s\u00eb dhe ASH - Lajme nga Ulqini","isPartOf":{"@id":"https:\/\/www.visit-ulcinj.com\/blog\/#website"},"primaryImageOfPage":{"@id":"https:\/\/www.visit-ulcinj.com\/blog\/2016\/09\/16\/udsh-te-arriturat-e-koalicionit-forces-udsh-se-dhe-ash\/#primaryimage"},"datePublished":"2016-09-16T19:11:42+00:00","dateModified":"2016-09-16T19:12:39+00:00","author":{"@id":"https:\/\/www.visit-ulcinj.com\/blog\/#\/schema\/person\/dcab619c614d3038751c63bc2aadc06d"},"description":"UNIONI\u00a0 DEMOKRATIK I SHQIPTAR\u00cbVE DEMOKRATSKA UNIJA ALBANACA THE DEMOCRATIC UNION OF ALBANIANS Ulcinj, 16.09.2016. P\u00ebr hir t\u00eb informimit korrekt dhe t\u00eb","breadcrumb":{"@id":"https:\/\/www.visit-ulcinj.com\/blog\/2016\/09\/16\/udsh-te-arriturat-e-koalicionit-forces-udsh-se-dhe-ash\/#breadcrumb"},"inLanguage":"en-US","potentialAction":[{"@type":"ReadAction","target":["https:\/\/www.visit-ulcinj.com\/blog\/2016\/09\/16\/udsh-te-arriturat-e-koalicionit-forces-udsh-se-dhe-ash\/"]}]},{"@type":"BreadcrumbList","@id":"https:\/\/www.visit-ulcinj.com\/blog\/2016\/09\/16\/udsh-te-arriturat-e-koalicionit-forces-udsh-se-dhe-ash\/#breadcrumb","itemListElement":[{"@type":"ListItem","position":1,"name":"UDSH: T\u00eb arriturat e koalicionit Forc\u00ebs, UDSH-s\u00eb dhe ASH"}]},{"@type":"Person","@id":"https:\/\/www.visit-ulcinj.com\/blog\/#\/schema\/person\/dcab619c614d3038751c63bc2aadc06d","name":"ulqini","sameAs":["http:\/\/www.visit-ulcinj.com"],"url":"https:\/\/www.visit-ulcinj.com\/blog\/author\/admin\/"}]}},"jetpack_featured_media_url":"","jetpack_sharing_enabled":true,"jetpack_shortlink":"https:\/\/wp.me\/pe6lTn-pWP","_links":{"self":[{"href":"https:\/\/www.visit-ulcinj.com\/blog\/wp-json\/wp\/v2\/posts\/99747"}],"collection":[{"href":"https:\/\/www.visit-ulcinj.com\/blog\/wp-json\/wp\/v2\/posts"}],"about":[{"href":"https:\/\/www.visit-ulcinj.com\/blog\/wp-json\/wp\/v2\/types\/post"}],"author":[{"embeddable":true,"href":"https:\/\/www.visit-ulcinj.com\/blog\/wp-json\/wp\/v2\/users\/1"}],"replies":[{"embeddable":true,"href":"https:\/\/www.visit-ulcinj.com\/blog\/wp-json\/wp\/v2\/comments?post=99747"}],"version-history":[{"count":1,"href":"https:\/\/www.visit-ulcinj.com\/blog\/wp-json\/wp\/v2\/posts\/99747\/revisions"}],"predecessor-version":[{"id":99748,"href":"https:\/\/www.visit-ulcinj.com\/blog\/wp-json\/wp\/v2\/posts\/99747\/revisions\/99748"}],"wp:attachment":[{"href":"https:\/\/www.visit-ulcinj.com\/blog\/wp-json\/wp\/v2\/media?parent=99747"}],"wp:term":[{"taxonomy":"category","embeddable":true,"href":"https:\/\/www.visit-ulcinj.com\/blog\/wp-json\/wp\/v2\/categories?post=99747"},{"taxonomy":"post_tag","embeddable":true,"href":"https:\/\/www.visit-ulcinj.com\/blog\/wp-json\/wp\/v2\/tags?post=99747"}],"curies":[{"name":"wp","href":"https:\/\/api.w.org\/{rel}","templated":true}]}}