{"id":9975,"date":"2009-01-28T19:18:10","date_gmt":"2009-01-28T18:18:10","guid":{"rendered":"http:\/\/www.visit-ulcinj.com\/blog\/?p=9975"},"modified":"2009-02-01T15:22:47","modified_gmt":"2009-02-01T14:22:47","slug":"jozefina-topalli-takon-perfaqesuesit-te-partive-shqiptare-ne-parlamentin-e-malit-te-zi","status":"publish","type":"post","link":"https:\/\/www.visit-ulcinj.com\/blog\/2009\/01\/28\/jozefina-topalli-takon-perfaqesuesit-te-partive-shqiptare-ne-parlamentin-e-malit-te-zi\/","title":{"rendered":"Jozefina Topalli takon p\u00ebrfaq\u00ebsuesit e partive shqiptare n\u00eb Parlamentin e Malit t\u00eb Zi &#8211; Video"},"content":{"rendered":"<p><a rel=\"attachment wp-att-9977\" href=\"http:\/\/www.visit-ulcinj.com\/blog\/2009\/01\/28\/jozefina-topalli-takon-perfaqesuesit-te-partive-shqiptare-ne-parlamentin-e-malit-te-zi\/jozefina-topalli_ferhat-dinosha\/\"><img loading=\"lazy\" class=\"alignleft size-full wp-image-9977\" title=\"jozefina-topalli_ferhat-dinosha\" src=\"http:\/\/www.visit-ulcinj.com\/blog\/wp-content\/uploads\/2009\/01\/jozefina-topalli_ferhat-dinosha.jpg\" alt=\"jozefina-topalli_ferhat-dinosha\" width=\"570\" height=\"400\" \/><\/a>Kryetarja e Kuvendit takime me p\u00ebrfaq\u00ebsues t\u00eb partive shqiptare n\u00eb Parlamentin e Malit t\u00eb Zi. Kryetarja e Kuvendit takon Kryetar\u00ebt e Bashkive t\u00eb Podgoric\u00ebs dhe Tuzit.<br \/>\nGjat\u00eb vizit\u00ebs s\u00eb saj nj\u00eb ditore ne Mal t\u00eb Zi , Kryetarja e Kuvendit i ka kushtuar nj\u00eb koh\u00eb t\u00eb ve\u00e7ant\u00eb takimeve me p\u00ebrfaq\u00ebsuesit e partive shqiptare n\u00eb parlamentin e Malit t\u00eb Zi .<br \/>\nN\u00eb takime t\u00eb ve\u00e7anta, Kryetarja e Kuvendit dhe delegacioni q\u00eb e shoq\u00ebronte, biseduan me p\u00ebrfaq\u00ebsuesit e Bashkimit Demokratik t\u00eb Shqiptar\u00ebve, kryesuar nga Ferhat Dinosa, me p\u00ebrfaq\u00ebsues t\u00eb Alternativa Shqiptare, kryesuar nga\u00a0 Vaselj Sinistaj dhe p\u00ebrfaq\u00ebsuesit e Aleanc\u00ebs Demokratike, kryesuar nga\u00a0 Mehmet Bardhi.<br \/>\nTem\u00eb e bisedave ishte rritja e bashk\u00ebpunimit mes deputet\u00ebve t\u00eb Parlamentit t\u00eb Shqip\u00ebris\u00eb dhe deputet\u00ebve t\u00eb partive shqiptare t\u00eb Malit t\u00eb zi, p\u00ebr t\u00eb konkretizuar projekte dhe nisma t\u00eb p\u00ebrbashk\u00ebta jo vet\u00ebm dy pal\u00ebshe por edhe rajonale.<\/p>\n<p>Kryetarja e Kuvendit vler\u00ebsoi rolin e partive shqiptare n\u00eb Parlamentin\u00a0 e Malit t\u00eb Zi n\u00eb harmonizimin e jet\u00ebs n\u00eb k\u00ebt\u00eb shtet multietnik, por edhe kontributin e tyre n\u00eb reformat e realizuara nga Mali i zi n\u00eb perspektiv\u00ebn e tij Euro-Atlantike.<br \/>\nBashkia e Podgoric\u00ebs dhe ajo e Tuzit ishin stacionet e fundit, por jo m\u00eb pak t\u00eb foto28 r\u00ebnd\u00ebsishme t\u00eb vizit\u00ebs s\u00eb Kryetares s\u00eb Kuvendit n\u00eb shtetin fqinj t\u00eb Malit t\u00eb Zi.<\/p>\n<p>Projektet konkrete q\u00eb lidhin Shkodr\u00ebn me k\u00ebto dy qytete por p\u00ebrmes tyre Shqip\u00ebrin\u00eb dhe Malin e Zi, ishin qend\u00ebr e bisedave t\u00eb ve\u00e7anta me zotin Miomir Mugosa, Kryetar i Bashkis\u00eb s\u00eb Podgoric\u00ebs dhe zotin Smajl Cunmulaj, Kryetar i Bashkis\u00eb Tuz.<\/p>\n<p>Me Kryetarin e Bashkis\u00eb s\u00eb Podgoric\u00ebs biseda u fokusua n\u00eb projektet rrugore dhe hekurudhore, por edhe n\u00eb shfryt\u00ebzimin e pasuris\u00eb s\u00eb p\u00ebrbashk\u00ebt si\u00e7 \u00ebsht\u00eb liqeni i Shkodr\u00ebs.<\/p>\n<p>Po ashtu edhe bashk\u00ebpunimi n\u00eb fush\u00ebn ekonomike dhe ve\u00e7an\u00ebrisht n\u00eb energjitik\u00eb u diskutua gjer\u00ebsisht edhe mes Kryetarit t\u00eb Bashkis\u00eb s\u00eb Podgoric\u00ebs Mugosa dhe Kryetarit t\u00eb Bashkis\u00eb s\u00eb Shkodr\u00ebs Lorenc Luka, i pranish\u00ebm n\u00eb takim.<\/p>\n<p>Nj\u00eb pritje shum\u00eb e ngroht\u00eb iu rezervua delegacionit shqiptar n\u00eb Bashkin\u00eb e Tuzit, nd\u00ebrsa Kryetari i saj, Cunmulaj shprehu k\u00ebnaq\u00ebsin\u00eb p\u00ebr k\u00ebt\u00eb vizit\u00eb t\u00eb par\u00eb t\u00eb k\u00ebtij niveli t\u00eb lart\u00eb nga Shqip\u00ebria n\u00eb Bashkin\u00eb e Tuzit.<\/p>\n<p>T\u00eb ndodhura mes bjeshk\u00ebve, liqenit e lumit, Podgrorica, Tuzi e<br \/>\nShkodra kan\u00eb t\u00eb gjitha mund\u00ebsit\u00eb p\u00ebr t\u00eb shnderruar k\u00ebto mir\u00ebsi natyrore,\u00a0 n\u00eb projekte konkrete lidh\u00ebse q\u00eb do t\u2019I sh\u00ebrbejn\u00eb<\/p>\n<p><strong>Parlament.al\/ Press<\/strong><\/p>\n\n\t\t<style type=\"text\/css\">\n\t\t\t#gallery-1 {\n\t\t\t\tmargin: auto;\n\t\t\t}\n\t\t\t#gallery-1 .gallery-item {\n\t\t\t\tfloat: left;\n\t\t\t\tmargin-top: 10px;\n\t\t\t\ttext-align: center;\n\t\t\t\twidth: 33%;\n\t\t\t}\n\t\t\t#gallery-1 img {\n\t\t\t\tborder: 2px solid #cfcfcf;\n\t\t\t}\n\t\t\t#gallery-1 .gallery-caption {\n\t\t\t\tmargin-left: 0;\n\t\t\t}\n\t\t\t\/* see gallery_shortcode() in wp-includes\/media.php *\/\n\t\t<\/style>\n\t\t<div id='gallery-1' class='gallery galleryid-9975 gallery-columns-3 gallery-size-thumbnail'><dl class='gallery-item'>\n\t\t\t<dt class='gallery-icon landscape'>\n\t\t\t\t<a href='https:\/\/www.visit-ulcinj.com\/blog\/wp-content\/uploads\/2009\/01\/jozefina-topalli_mehmet-bardhi.jpg'><img width=\"150\" height=\"150\" src=\"https:\/\/www.visit-ulcinj.com\/blog\/wp-content\/uploads\/2009\/01\/jozefina-topalli_mehmet-bardhi-150x150.jpg\" class=\"attachment-thumbnail size-thumbnail\" alt=\"\" loading=\"lazy\" \/><\/a>\n\t\t\t<\/dt><\/dl><dl class='gallery-item'>\n\t\t\t<dt class='gallery-icon landscape'>\n\t\t\t\t<a href='https:\/\/www.visit-ulcinj.com\/blog\/wp-content\/uploads\/2009\/01\/jozefina-topalli_ferhat-dinosha.jpg'><img width=\"150\" height=\"150\" src=\"https:\/\/www.visit-ulcinj.com\/blog\/wp-content\/uploads\/2009\/01\/jozefina-topalli_ferhat-dinosha-150x150.jpg\" class=\"attachment-thumbnail size-thumbnail\" alt=\"\" loading=\"lazy\" \/><\/a>\n\t\t\t<\/dt><\/dl><dl class='gallery-item'>\n\t\t\t<dt class='gallery-icon landscape'>\n\t\t\t\t<a href='https:\/\/www.visit-ulcinj.com\/blog\/wp-content\/uploads\/2009\/01\/jozefina-topalli_vasel-sinishtaj.jpg'><img width=\"150\" height=\"150\" src=\"https:\/\/www.visit-ulcinj.com\/blog\/wp-content\/uploads\/2009\/01\/jozefina-topalli_vasel-sinishtaj-150x150.jpg\" class=\"attachment-thumbnail size-thumbnail\" alt=\"\" loading=\"lazy\" \/><\/a>\n\t\t\t<\/dt><\/dl><br style=\"clear: both\" \/>\n\t\t<\/div>\n\n<!--YouTube Error: bad URL entered-->\n","protected":false},"excerpt":{"rendered":"<p>Kryetarja e Kuvendit takime me p\u00ebrfaq\u00ebsues t\u00eb partive shqiptare n\u00eb Parlamentin e Malit t\u00eb Zi. Kryetarja e Kuvendit takon Kryetar\u00ebt e Bashkive t\u00eb Podgoric\u00ebs dhe Tuzit. Gjat\u00eb vizit\u00ebs s\u00eb saj nj\u00eb ditore ne Mal t\u00eb Zi , Kryetarja e Kuvendit i ka kushtuar nj\u00eb koh\u00eb t\u00eb ve\u00e7ant\u00eb takimeve me p\u00ebrfaq\u00ebsuesit e partive shqiptare n\u00eb parlamentin [&hellip;]<\/p>\n","protected":false},"author":1,"featured_media":0,"comment_status":"open","ping_status":"closed","sticky":false,"template":"","format":"standard","meta":{"spay_email":"","jetpack_publicize_message":"","jetpack_is_tweetstorm":false,"jetpack_publicize_feature_enabled":true},"categories":[1],"tags":[6173,88,6170,6177,6176,6174,6172,6171,6169,6175,347,2474],"jetpack_publicize_connections":[],"yoast_head":"<!-- This site is optimized with the Yoast SEO plugin v19.1 - https:\/\/yoast.com\/wordpress\/plugins\/seo\/ -->\n<title>Jozefina Topalli takon p\u00ebrfaq\u00ebsuesit e partive shqiptare n\u00eb Parlamentin e Malit t\u00eb Zi - Video - Lajme nga Ulqini<\/title>\n<meta name=\"description\" content=\"Kryetarja e Kuvendit takime me p\u00ebrfaq\u00ebsues t\u00eb partive shqiptare n\u00eb Parlamentin e Malit t\u00eb Zi. Kryetarja e Kuvendit takon Kryetar\u00ebt e Bashkive t\u00eb\" \/>\n<meta name=\"robots\" content=\"index, follow, max-snippet:-1, max-image-preview:large, max-video-preview:-1\" \/>\n<link rel=\"canonical\" href=\"https:\/\/www.visit-ulcinj.com\/blog\/2009\/01\/28\/jozefina-topalli-takon-perfaqesuesit-te-partive-shqiptare-ne-parlamentin-e-malit-te-zi\/\" \/>\n<meta property=\"og:locale\" content=\"en_US\" \/>\n<meta property=\"og:type\" content=\"article\" \/>\n<meta property=\"og:title\" content=\"Jozefina Topalli takon p\u00ebrfaq\u00ebsuesit e partive shqiptare n\u00eb Parlamentin e Malit t\u00eb Zi - Video - Lajme nga Ulqini\" \/>\n<meta property=\"og:description\" content=\"Kryetarja e Kuvendit takime me p\u00ebrfaq\u00ebsues t\u00eb partive shqiptare n\u00eb Parlamentin e Malit t\u00eb Zi. Kryetarja e Kuvendit takon Kryetar\u00ebt e Bashkive t\u00eb\" \/>\n<meta property=\"og:url\" content=\"https:\/\/www.visit-ulcinj.com\/blog\/2009\/01\/28\/jozefina-topalli-takon-perfaqesuesit-te-partive-shqiptare-ne-parlamentin-e-malit-te-zi\/\" \/>\n<meta property=\"og:site_name\" content=\"Lajme nga Ulqini\" \/>\n<meta property=\"article:published_time\" content=\"2009-01-28T18:18:10+00:00\" \/>\n<meta property=\"article:modified_time\" content=\"2009-02-01T14:22:47+00:00\" \/>\n<meta property=\"og:image\" content=\"https:\/\/www.visit-ulcinj.com\/blog\/wp-content\/uploads\/2009\/01\/jozefina-topalli_mehmet-bardhi-150x150.jpg\" \/>\n<meta name=\"twitter:label1\" content=\"Written by\" \/>\n\t<meta name=\"twitter:data1\" content=\"ulqini\" \/>\n\t<meta name=\"twitter:label2\" content=\"Est. reading time\" \/>\n\t<meta name=\"twitter:data2\" content=\"2 minutes\" \/>\n<script type=\"application\/ld+json\" class=\"yoast-schema-graph\">{\"@context\":\"https:\/\/schema.org\",\"@graph\":[{\"@type\":\"WebSite\",\"@id\":\"https:\/\/www.visit-ulcinj.com\/blog\/#website\",\"url\":\"https:\/\/www.visit-ulcinj.com\/blog\/\",\"name\":\"Lajme nga Ulqini\",\"description\":\"Lajme,Vijesti,Ulqini,Ulqin,Crna Gora,Mali i Zi\",\"potentialAction\":[{\"@type\":\"SearchAction\",\"target\":{\"@type\":\"EntryPoint\",\"urlTemplate\":\"https:\/\/www.visit-ulcinj.com\/blog\/?s={search_term_string}\"},\"query-input\":\"required name=search_term_string\"}],\"inLanguage\":\"en-US\"},{\"@type\":\"ImageObject\",\"inLanguage\":\"en-US\",\"@id\":\"https:\/\/www.visit-ulcinj.com\/blog\/2009\/01\/28\/jozefina-topalli-takon-perfaqesuesit-te-partive-shqiptare-ne-parlamentin-e-malit-te-zi\/#primaryimage\",\"url\":\"https:\/\/www.visit-ulcinj.com\/blog\/wp-content\/uploads\/2009\/01\/jozefina-topalli_ferhat-dinosha.jpg\",\"contentUrl\":\"https:\/\/www.visit-ulcinj.com\/blog\/wp-content\/uploads\/2009\/01\/jozefina-topalli_ferhat-dinosha.jpg\",\"width\":\"640\",\"height\":\"480\"},{\"@type\":\"WebPage\",\"@id\":\"https:\/\/www.visit-ulcinj.com\/blog\/2009\/01\/28\/jozefina-topalli-takon-perfaqesuesit-te-partive-shqiptare-ne-parlamentin-e-malit-te-zi\/#webpage\",\"url\":\"https:\/\/www.visit-ulcinj.com\/blog\/2009\/01\/28\/jozefina-topalli-takon-perfaqesuesit-te-partive-shqiptare-ne-parlamentin-e-malit-te-zi\/\",\"name\":\"Jozefina Topalli takon p\u00ebrfaq\u00ebsuesit e partive shqiptare n\u00eb Parlamentin e Malit t\u00eb Zi - Video - Lajme nga Ulqini\",\"isPartOf\":{\"@id\":\"https:\/\/www.visit-ulcinj.com\/blog\/#website\"},\"primaryImageOfPage\":{\"@id\":\"https:\/\/www.visit-ulcinj.com\/blog\/2009\/01\/28\/jozefina-topalli-takon-perfaqesuesit-te-partive-shqiptare-ne-parlamentin-e-malit-te-zi\/#primaryimage\"},\"datePublished\":\"2009-01-28T18:18:10+00:00\",\"dateModified\":\"2009-02-01T14:22:47+00:00\",\"author\":{\"@id\":\"https:\/\/www.visit-ulcinj.com\/blog\/#\/schema\/person\/dcab619c614d3038751c63bc2aadc06d\"},\"description\":\"Kryetarja e Kuvendit takime me p\u00ebrfaq\u00ebsues t\u00eb partive shqiptare n\u00eb Parlamentin e Malit t\u00eb Zi. Kryetarja e Kuvendit takon Kryetar\u00ebt e Bashkive t\u00eb\",\"breadcrumb\":{\"@id\":\"https:\/\/www.visit-ulcinj.com\/blog\/2009\/01\/28\/jozefina-topalli-takon-perfaqesuesit-te-partive-shqiptare-ne-parlamentin-e-malit-te-zi\/#breadcrumb\"},\"inLanguage\":\"en-US\",\"potentialAction\":[{\"@type\":\"ReadAction\",\"target\":[\"https:\/\/www.visit-ulcinj.com\/blog\/2009\/01\/28\/jozefina-topalli-takon-perfaqesuesit-te-partive-shqiptare-ne-parlamentin-e-malit-te-zi\/\"]}]},{\"@type\":\"BreadcrumbList\",\"@id\":\"https:\/\/www.visit-ulcinj.com\/blog\/2009\/01\/28\/jozefina-topalli-takon-perfaqesuesit-te-partive-shqiptare-ne-parlamentin-e-malit-te-zi\/#breadcrumb\",\"itemListElement\":[{\"@type\":\"ListItem\",\"position\":1,\"name\":\"Jozefina Topalli takon p\u00ebrfaq\u00ebsuesit e partive shqiptare n\u00eb Parlamentin e Malit t\u00eb Zi &#8211; Video\"}]},{\"@type\":\"Person\",\"@id\":\"https:\/\/www.visit-ulcinj.com\/blog\/#\/schema\/person\/dcab619c614d3038751c63bc2aadc06d\",\"name\":\"ulqini\",\"sameAs\":[\"http:\/\/www.visit-ulcinj.com\"],\"url\":\"https:\/\/www.visit-ulcinj.com\/blog\/author\/admin\/\"}]}<\/script>\n<!-- \/ Yoast SEO plugin. -->","yoast_head_json":{"title":"Jozefina Topalli takon p\u00ebrfaq\u00ebsuesit e partive shqiptare n\u00eb Parlamentin e Malit t\u00eb Zi - Video - Lajme nga Ulqini","description":"Kryetarja e Kuvendit takime me p\u00ebrfaq\u00ebsues t\u00eb partive shqiptare n\u00eb Parlamentin e Malit t\u00eb Zi. Kryetarja e Kuvendit takon Kryetar\u00ebt e Bashkive t\u00eb","robots":{"index":"index","follow":"follow","max-snippet":"max-snippet:-1","max-image-preview":"max-image-preview:large","max-video-preview":"max-video-preview:-1"},"canonical":"https:\/\/www.visit-ulcinj.com\/blog\/2009\/01\/28\/jozefina-topalli-takon-perfaqesuesit-te-partive-shqiptare-ne-parlamentin-e-malit-te-zi\/","og_locale":"en_US","og_type":"article","og_title":"Jozefina Topalli takon p\u00ebrfaq\u00ebsuesit e partive shqiptare n\u00eb Parlamentin e Malit t\u00eb Zi - Video - Lajme nga Ulqini","og_description":"Kryetarja e Kuvendit takime me p\u00ebrfaq\u00ebsues t\u00eb partive shqiptare n\u00eb Parlamentin e Malit t\u00eb Zi. Kryetarja e Kuvendit takon Kryetar\u00ebt e Bashkive t\u00eb","og_url":"https:\/\/www.visit-ulcinj.com\/blog\/2009\/01\/28\/jozefina-topalli-takon-perfaqesuesit-te-partive-shqiptare-ne-parlamentin-e-malit-te-zi\/","og_site_name":"Lajme nga Ulqini","article_published_time":"2009-01-28T18:18:10+00:00","article_modified_time":"2009-02-01T14:22:47+00:00","og_image":[{"url":"https:\/\/www.visit-ulcinj.com\/blog\/wp-content\/uploads\/2009\/01\/jozefina-topalli_mehmet-bardhi-150x150.jpg"}],"twitter_misc":{"Written by":"ulqini","Est. reading time":"2 minutes"},"schema":{"@context":"https:\/\/schema.org","@graph":[{"@type":"WebSite","@id":"https:\/\/www.visit-ulcinj.com\/blog\/#website","url":"https:\/\/www.visit-ulcinj.com\/blog\/","name":"Lajme nga Ulqini","description":"Lajme,Vijesti,Ulqini,Ulqin,Crna Gora,Mali i Zi","potentialAction":[{"@type":"SearchAction","target":{"@type":"EntryPoint","urlTemplate":"https:\/\/www.visit-ulcinj.com\/blog\/?s={search_term_string}"},"query-input":"required name=search_term_string"}],"inLanguage":"en-US"},{"@type":"ImageObject","inLanguage":"en-US","@id":"https:\/\/www.visit-ulcinj.com\/blog\/2009\/01\/28\/jozefina-topalli-takon-perfaqesuesit-te-partive-shqiptare-ne-parlamentin-e-malit-te-zi\/#primaryimage","url":"https:\/\/www.visit-ulcinj.com\/blog\/wp-content\/uploads\/2009\/01\/jozefina-topalli_ferhat-dinosha.jpg","contentUrl":"https:\/\/www.visit-ulcinj.com\/blog\/wp-content\/uploads\/2009\/01\/jozefina-topalli_ferhat-dinosha.jpg","width":"640","height":"480"},{"@type":"WebPage","@id":"https:\/\/www.visit-ulcinj.com\/blog\/2009\/01\/28\/jozefina-topalli-takon-perfaqesuesit-te-partive-shqiptare-ne-parlamentin-e-malit-te-zi\/#webpage","url":"https:\/\/www.visit-ulcinj.com\/blog\/2009\/01\/28\/jozefina-topalli-takon-perfaqesuesit-te-partive-shqiptare-ne-parlamentin-e-malit-te-zi\/","name":"Jozefina Topalli takon p\u00ebrfaq\u00ebsuesit e partive shqiptare n\u00eb Parlamentin e Malit t\u00eb Zi - Video - Lajme nga Ulqini","isPartOf":{"@id":"https:\/\/www.visit-ulcinj.com\/blog\/#website"},"primaryImageOfPage":{"@id":"https:\/\/www.visit-ulcinj.com\/blog\/2009\/01\/28\/jozefina-topalli-takon-perfaqesuesit-te-partive-shqiptare-ne-parlamentin-e-malit-te-zi\/#primaryimage"},"datePublished":"2009-01-28T18:18:10+00:00","dateModified":"2009-02-01T14:22:47+00:00","author":{"@id":"https:\/\/www.visit-ulcinj.com\/blog\/#\/schema\/person\/dcab619c614d3038751c63bc2aadc06d"},"description":"Kryetarja e Kuvendit takime me p\u00ebrfaq\u00ebsues t\u00eb partive shqiptare n\u00eb Parlamentin e Malit t\u00eb Zi. Kryetarja e Kuvendit takon Kryetar\u00ebt e Bashkive t\u00eb","breadcrumb":{"@id":"https:\/\/www.visit-ulcinj.com\/blog\/2009\/01\/28\/jozefina-topalli-takon-perfaqesuesit-te-partive-shqiptare-ne-parlamentin-e-malit-te-zi\/#breadcrumb"},"inLanguage":"en-US","potentialAction":[{"@type":"ReadAction","target":["https:\/\/www.visit-ulcinj.com\/blog\/2009\/01\/28\/jozefina-topalli-takon-perfaqesuesit-te-partive-shqiptare-ne-parlamentin-e-malit-te-zi\/"]}]},{"@type":"BreadcrumbList","@id":"https:\/\/www.visit-ulcinj.com\/blog\/2009\/01\/28\/jozefina-topalli-takon-perfaqesuesit-te-partive-shqiptare-ne-parlamentin-e-malit-te-zi\/#breadcrumb","itemListElement":[{"@type":"ListItem","position":1,"name":"Jozefina Topalli takon p\u00ebrfaq\u00ebsuesit e partive shqiptare n\u00eb Parlamentin e Malit t\u00eb Zi &#8211; Video"}]},{"@type":"Person","@id":"https:\/\/www.visit-ulcinj.com\/blog\/#\/schema\/person\/dcab619c614d3038751c63bc2aadc06d","name":"ulqini","sameAs":["http:\/\/www.visit-ulcinj.com"],"url":"https:\/\/www.visit-ulcinj.com\/blog\/author\/admin\/"}]}},"jetpack_featured_media_url":"","jetpack_sharing_enabled":true,"jetpack_shortlink":"https:\/\/wp.me\/pe6lTn-2AT","_links":{"self":[{"href":"https:\/\/www.visit-ulcinj.com\/blog\/wp-json\/wp\/v2\/posts\/9975"}],"collection":[{"href":"https:\/\/www.visit-ulcinj.com\/blog\/wp-json\/wp\/v2\/posts"}],"about":[{"href":"https:\/\/www.visit-ulcinj.com\/blog\/wp-json\/wp\/v2\/types\/post"}],"author":[{"embeddable":true,"href":"https:\/\/www.visit-ulcinj.com\/blog\/wp-json\/wp\/v2\/users\/1"}],"replies":[{"embeddable":true,"href":"https:\/\/www.visit-ulcinj.com\/blog\/wp-json\/wp\/v2\/comments?post=9975"}],"version-history":[{"count":0,"href":"https:\/\/www.visit-ulcinj.com\/blog\/wp-json\/wp\/v2\/posts\/9975\/revisions"}],"wp:attachment":[{"href":"https:\/\/www.visit-ulcinj.com\/blog\/wp-json\/wp\/v2\/media?parent=9975"}],"wp:term":[{"taxonomy":"category","embeddable":true,"href":"https:\/\/www.visit-ulcinj.com\/blog\/wp-json\/wp\/v2\/categories?post=9975"},{"taxonomy":"post_tag","embeddable":true,"href":"https:\/\/www.visit-ulcinj.com\/blog\/wp-json\/wp\/v2\/tags?post=9975"}],"curies":[{"name":"wp","href":"https:\/\/api.w.org\/{rel}","templated":true}]}}