{"id":99753,"date":"2016-09-16T20:31:25","date_gmt":"2016-09-16T19:31:25","guid":{"rendered":"http:\/\/www.visit-ulcinj.com\/blog\/?p=99753"},"modified":"2016-09-16T20:34:27","modified_gmt":"2016-09-16T19:34:27","slug":"ziva-istina-gzim-hajdinaga-video","status":"publish","type":"post","link":"https:\/\/www.visit-ulcinj.com\/blog\/2016\/09\/16\/ziva-istina-gzim-hajdinaga-video\/","title":{"rendered":"\u017diva istina: Gzim Hajdinaga &#8211; Video"},"content":{"rendered":"<p class=\"itemTitle\"><strong><a href=\"http:\/\/www.visit-ulcinj.com\/blog\/wp-content\/uploads\/2016\/09\/Ziva-istina-Gzim-Hajdinaga.jpg\"><img loading=\"lazy\" class=\"alignleft wp-image-99755\" src=\"http:\/\/www.visit-ulcinj.com\/blog\/wp-content\/uploads\/2016\/09\/Ziva-istina-Gzim-Hajdinaga.jpg\" alt=\"Ziva istina- Gzim Hajdinaga\" width=\"508\" height=\"345\" srcset=\"https:\/\/www.visit-ulcinj.com\/blog\/wp-content\/uploads\/2016\/09\/Ziva-istina-Gzim-Hajdinaga.jpg 502w, https:\/\/www.visit-ulcinj.com\/blog\/wp-content\/uploads\/2016\/09\/Ziva-istina-Gzim-Hajdinaga-300x204.jpg 300w\" sizes=\"(max-width: 508px) 100vw, 508px\" \/><\/a>Gzim Hajdinaga: Ideje o Velikoj Albaniji nemaju prolaz kod Albanaca u Crnoj Gori<\/strong><\/p>\n<div class=\"itemIntroText\">\n<p>Ideje o Velikoj Albaniji nemaju prolaz kod Albanaca u Crnoj Gori, ocijenio je gostuju\u0107i u emisiji \u201c\u017diva istina\u201d nekada\u0161nji ministar u Vladi, i gradona\u010delnik Ulcinja <em><strong>Gzim Hajdinaga<\/strong><\/em>. Naglasio je i da okretanje ka Albaniji nije i okretanje le\u0111a Crnoj Gori.<\/p>\n<\/div>\n<div class=\"itemFullText\">\n<p>On se, nakon petogodi\u0161nje pauze, vratio na politi\u010dku scenu, i to kao nosilac liste Demokratske partije, Gra\u0111anske inicijative, te GP Perspektiva. Koalicija albanskih partija se, kako je kazao, ne\u0107e zadr\u017eati na tim strankama.<\/p>\n<p>\u201cZa koji dan javnost \u0107e biti upoznata i sa drugim partijama koje su se pridru\u017eile trojnoj koaliciji. Ve\u0107 sada najavljujem da \u0107e se nam se pridru\u017eiti i Demokratski savez. Ostalo je svega par detalja, dogovor pada do kraja ove sedmice ili po\u010detkom naredne\u201d, rekao je Hajdinaga.<\/p>\n<p>Kako je dodao, razloga za njegov povratak politici bilo je mnogo. Ipak, jedan je prevagnuo.<\/p>\n<p>\u201cBio sam obavije\u0161ten i razgovarao pojedina\u010dno sa ostalima da \u0107emo biti zajedno. To daje snagu i mo\u0107 na\u0161im zahtjevima. Ako ujedinimo projekte, mi\u0161ljenja, znanja i kandidujemo to na jednu adresu, ja mislim da \u0107e prohodnost i realizacija biti ja\u010da i bolja\u201d, objasnio je Hajdinaga.<\/p>\n<p>U javnosti se nerijetko mo\u017ee \u010duti teza da su Albanci glasali za nezavisnost Crne Gore kako bi se lak\u0161e spojili sa Albanijom i Kosovom. Hajdinaga, me\u0111utim, nagla\u0161ava da okretanje ka Albaniji nije i okretanje le\u0111a Crnoj Gori.<\/p>\n<p>\u201cAko ka\u017eemo da nam je komunikacija sa Albanijom i sa Kosovom svakodnevna, ja mislim da je to dobro i za mog prijatelja Crnogorca, Srbina i za generalno cijelu Crnu Goru. Svaka dr\u017eava, u ovom slu\u010daju Crna Gora, se mo\u017ee time ponositi jer to govori kakve kom\u0161ijske odnose ima sa ostalima. Da uprostim pri\u010du \u2013 kakav bih ja bio \u010dovjek ako nemam komunikaciju sa prvim kom\u0161ijama?\u201d naglasio je on.<\/p>\n<p>Kada su posrijedi povremeni dolasci zagovornika Velike Albanije u Crnu Goru, Hajdinaga ka\u017ee da na to ne treba tro\u0161iti rije\u010di.<\/p>\n<p>\u201cMo\u017eda je to dokaz jednog dobrog nivoa ljudskih prava. Svako ima pravo da misli i da ka\u017ee ono \u0161to ho\u0107e. Ali isto postoji pravo da njegove rije\u010di nemaju uto\u010di\u0161te kod pametnih i umnih ljudi. Praksa govori da takvi nemaju prolaza i da takve ideje nisu prona\u0161le uto\u010di\u0161te kod Albanaca u Crnoj Gori\u201d, rekao je Hajdinaga.<\/p>\n<p>U \u017divoj istini \u010du\u0107ete stav Hajdinage i koalicije \u010diju listu nosi o statusu op\u0161tine Tuzi, Rje\u010dniku CANU-a, \u0161ansama da se zaustavi odlazak mladih i \u0161kolovanih ljudi, valorizovanju turisti\u010dki potencijal Ulcinja, sa posebnim osvrtom na Valdanos i Solanu&#8230;<\/p>\n<p>Sve to, pratite ve\u010deras u 20 sati na televizijama Prva i Atlas i na talasima radija Antena M.<\/p>\n<p><strong> Antena M.<\/strong><\/p>\n<!--YouTube Error: bad URL entered-->\n<\/div>\n","protected":false},"excerpt":{"rendered":"<p>Gzim Hajdinaga: Ideje o Velikoj Albaniji nemaju prolaz kod Albanaca u Crnoj Gori Ideje o Velikoj Albaniji nemaju prolaz kod Albanaca u Crnoj Gori, ocijenio je gostuju\u0107i u emisiji \u201c\u017diva istina\u201d nekada\u0161nji ministar u Vladi, i gradona\u010delnik Ulcinja Gzim Hajdinaga. Naglasio je i da okretanje ka Albaniji nije i okretanje le\u0111a Crnoj Gori. On se, [&hellip;]<\/p>\n","protected":false},"author":1,"featured_media":0,"comment_status":"closed","ping_status":"closed","sticky":false,"template":"","format":"standard","meta":{"spay_email":"","jetpack_publicize_message":"","jetpack_is_tweetstorm":false,"jetpack_publicize_feature_enabled":true},"categories":[8337],"tags":[],"jetpack_publicize_connections":[],"yoast_head":"<!-- This site is optimized with the Yoast SEO plugin v19.1 - https:\/\/yoast.com\/wordpress\/plugins\/seo\/ -->\n<title>\u017diva istina: Gzim Hajdinaga - Video - Lajme nga Ulqini<\/title>\n<meta name=\"description\" content=\"Gzim Hajdinaga: Ideje o Velikoj Albaniji nemaju prolaz kod Albanaca u Crnoj Gori Ideje o Velikoj Albaniji nemaju prolaz kod Albanaca u Crnoj Gori,\" \/>\n<meta name=\"robots\" content=\"index, follow, max-snippet:-1, max-image-preview:large, max-video-preview:-1\" \/>\n<link rel=\"canonical\" href=\"https:\/\/www.visit-ulcinj.com\/blog\/2016\/09\/16\/ziva-istina-gzim-hajdinaga-video\/\" \/>\n<meta property=\"og:locale\" content=\"en_US\" \/>\n<meta property=\"og:type\" content=\"article\" \/>\n<meta property=\"og:title\" content=\"\u017diva istina: Gzim Hajdinaga - Video - Lajme nga Ulqini\" \/>\n<meta property=\"og:description\" content=\"Gzim Hajdinaga: Ideje o Velikoj Albaniji nemaju prolaz kod Albanaca u Crnoj Gori Ideje o Velikoj Albaniji nemaju prolaz kod Albanaca u Crnoj Gori,\" \/>\n<meta property=\"og:url\" content=\"https:\/\/www.visit-ulcinj.com\/blog\/2016\/09\/16\/ziva-istina-gzim-hajdinaga-video\/\" \/>\n<meta property=\"og:site_name\" content=\"Lajme nga Ulqini\" \/>\n<meta property=\"article:published_time\" content=\"2016-09-16T19:31:25+00:00\" \/>\n<meta property=\"article:modified_time\" content=\"2016-09-16T19:34:27+00:00\" \/>\n<meta property=\"og:image\" content=\"http:\/\/www.visit-ulcinj.com\/blog\/wp-content\/uploads\/2016\/09\/Ziva-istina-Gzim-Hajdinaga.jpg\" \/>\n<meta name=\"twitter:label1\" content=\"Written by\" \/>\n\t<meta name=\"twitter:data1\" content=\"ulqini\" \/>\n\t<meta name=\"twitter:label2\" content=\"Est. reading time\" \/>\n\t<meta name=\"twitter:data2\" content=\"2 minutes\" \/>\n<script type=\"application\/ld+json\" class=\"yoast-schema-graph\">{\"@context\":\"https:\/\/schema.org\",\"@graph\":[{\"@type\":\"WebSite\",\"@id\":\"https:\/\/www.visit-ulcinj.com\/blog\/#website\",\"url\":\"https:\/\/www.visit-ulcinj.com\/blog\/\",\"name\":\"Lajme nga Ulqini\",\"description\":\"Lajme,Vijesti,Ulqini,Ulqin,Crna Gora,Mali i Zi\",\"potentialAction\":[{\"@type\":\"SearchAction\",\"target\":{\"@type\":\"EntryPoint\",\"urlTemplate\":\"https:\/\/www.visit-ulcinj.com\/blog\/?s={search_term_string}\"},\"query-input\":\"required name=search_term_string\"}],\"inLanguage\":\"en-US\"},{\"@type\":\"ImageObject\",\"inLanguage\":\"en-US\",\"@id\":\"https:\/\/www.visit-ulcinj.com\/blog\/2016\/09\/16\/ziva-istina-gzim-hajdinaga-video\/#primaryimage\",\"url\":\"https:\/\/www.visit-ulcinj.com\/blog\/wp-content\/uploads\/2016\/09\/Ziva-istina-Gzim-Hajdinaga.jpg\",\"contentUrl\":\"https:\/\/www.visit-ulcinj.com\/blog\/wp-content\/uploads\/2016\/09\/Ziva-istina-Gzim-Hajdinaga.jpg\",\"width\":502,\"height\":341},{\"@type\":\"WebPage\",\"@id\":\"https:\/\/www.visit-ulcinj.com\/blog\/2016\/09\/16\/ziva-istina-gzim-hajdinaga-video\/#webpage\",\"url\":\"https:\/\/www.visit-ulcinj.com\/blog\/2016\/09\/16\/ziva-istina-gzim-hajdinaga-video\/\",\"name\":\"\u017diva istina: Gzim Hajdinaga - Video - Lajme nga Ulqini\",\"isPartOf\":{\"@id\":\"https:\/\/www.visit-ulcinj.com\/blog\/#website\"},\"primaryImageOfPage\":{\"@id\":\"https:\/\/www.visit-ulcinj.com\/blog\/2016\/09\/16\/ziva-istina-gzim-hajdinaga-video\/#primaryimage\"},\"datePublished\":\"2016-09-16T19:31:25+00:00\",\"dateModified\":\"2016-09-16T19:34:27+00:00\",\"author\":{\"@id\":\"https:\/\/www.visit-ulcinj.com\/blog\/#\/schema\/person\/dcab619c614d3038751c63bc2aadc06d\"},\"description\":\"Gzim Hajdinaga: Ideje o Velikoj Albaniji nemaju prolaz kod Albanaca u Crnoj Gori Ideje o Velikoj Albaniji nemaju prolaz kod Albanaca u Crnoj Gori,\",\"breadcrumb\":{\"@id\":\"https:\/\/www.visit-ulcinj.com\/blog\/2016\/09\/16\/ziva-istina-gzim-hajdinaga-video\/#breadcrumb\"},\"inLanguage\":\"en-US\",\"potentialAction\":[{\"@type\":\"ReadAction\",\"target\":[\"https:\/\/www.visit-ulcinj.com\/blog\/2016\/09\/16\/ziva-istina-gzim-hajdinaga-video\/\"]}]},{\"@type\":\"BreadcrumbList\",\"@id\":\"https:\/\/www.visit-ulcinj.com\/blog\/2016\/09\/16\/ziva-istina-gzim-hajdinaga-video\/#breadcrumb\",\"itemListElement\":[{\"@type\":\"ListItem\",\"position\":1,\"name\":\"\u017diva istina: Gzim Hajdinaga &#8211; Video\"}]},{\"@type\":\"Person\",\"@id\":\"https:\/\/www.visit-ulcinj.com\/blog\/#\/schema\/person\/dcab619c614d3038751c63bc2aadc06d\",\"name\":\"ulqini\",\"sameAs\":[\"http:\/\/www.visit-ulcinj.com\"],\"url\":\"https:\/\/www.visit-ulcinj.com\/blog\/author\/admin\/\"}]}<\/script>\n<!-- \/ Yoast SEO plugin. -->","yoast_head_json":{"title":"\u017diva istina: Gzim Hajdinaga - Video - Lajme nga Ulqini","description":"Gzim Hajdinaga: Ideje o Velikoj Albaniji nemaju prolaz kod Albanaca u Crnoj Gori Ideje o Velikoj Albaniji nemaju prolaz kod Albanaca u Crnoj Gori,","robots":{"index":"index","follow":"follow","max-snippet":"max-snippet:-1","max-image-preview":"max-image-preview:large","max-video-preview":"max-video-preview:-1"},"canonical":"https:\/\/www.visit-ulcinj.com\/blog\/2016\/09\/16\/ziva-istina-gzim-hajdinaga-video\/","og_locale":"en_US","og_type":"article","og_title":"\u017diva istina: Gzim Hajdinaga - Video - Lajme nga Ulqini","og_description":"Gzim Hajdinaga: Ideje o Velikoj Albaniji nemaju prolaz kod Albanaca u Crnoj Gori Ideje o Velikoj Albaniji nemaju prolaz kod Albanaca u Crnoj Gori,","og_url":"https:\/\/www.visit-ulcinj.com\/blog\/2016\/09\/16\/ziva-istina-gzim-hajdinaga-video\/","og_site_name":"Lajme nga Ulqini","article_published_time":"2016-09-16T19:31:25+00:00","article_modified_time":"2016-09-16T19:34:27+00:00","og_image":[{"url":"http:\/\/www.visit-ulcinj.com\/blog\/wp-content\/uploads\/2016\/09\/Ziva-istina-Gzim-Hajdinaga.jpg"}],"twitter_misc":{"Written by":"ulqini","Est. reading time":"2 minutes"},"schema":{"@context":"https:\/\/schema.org","@graph":[{"@type":"WebSite","@id":"https:\/\/www.visit-ulcinj.com\/blog\/#website","url":"https:\/\/www.visit-ulcinj.com\/blog\/","name":"Lajme nga Ulqini","description":"Lajme,Vijesti,Ulqini,Ulqin,Crna Gora,Mali i Zi","potentialAction":[{"@type":"SearchAction","target":{"@type":"EntryPoint","urlTemplate":"https:\/\/www.visit-ulcinj.com\/blog\/?s={search_term_string}"},"query-input":"required name=search_term_string"}],"inLanguage":"en-US"},{"@type":"ImageObject","inLanguage":"en-US","@id":"https:\/\/www.visit-ulcinj.com\/blog\/2016\/09\/16\/ziva-istina-gzim-hajdinaga-video\/#primaryimage","url":"https:\/\/www.visit-ulcinj.com\/blog\/wp-content\/uploads\/2016\/09\/Ziva-istina-Gzim-Hajdinaga.jpg","contentUrl":"https:\/\/www.visit-ulcinj.com\/blog\/wp-content\/uploads\/2016\/09\/Ziva-istina-Gzim-Hajdinaga.jpg","width":502,"height":341},{"@type":"WebPage","@id":"https:\/\/www.visit-ulcinj.com\/blog\/2016\/09\/16\/ziva-istina-gzim-hajdinaga-video\/#webpage","url":"https:\/\/www.visit-ulcinj.com\/blog\/2016\/09\/16\/ziva-istina-gzim-hajdinaga-video\/","name":"\u017diva istina: Gzim Hajdinaga - Video - Lajme nga Ulqini","isPartOf":{"@id":"https:\/\/www.visit-ulcinj.com\/blog\/#website"},"primaryImageOfPage":{"@id":"https:\/\/www.visit-ulcinj.com\/blog\/2016\/09\/16\/ziva-istina-gzim-hajdinaga-video\/#primaryimage"},"datePublished":"2016-09-16T19:31:25+00:00","dateModified":"2016-09-16T19:34:27+00:00","author":{"@id":"https:\/\/www.visit-ulcinj.com\/blog\/#\/schema\/person\/dcab619c614d3038751c63bc2aadc06d"},"description":"Gzim Hajdinaga: Ideje o Velikoj Albaniji nemaju prolaz kod Albanaca u Crnoj Gori Ideje o Velikoj Albaniji nemaju prolaz kod Albanaca u Crnoj Gori,","breadcrumb":{"@id":"https:\/\/www.visit-ulcinj.com\/blog\/2016\/09\/16\/ziva-istina-gzim-hajdinaga-video\/#breadcrumb"},"inLanguage":"en-US","potentialAction":[{"@type":"ReadAction","target":["https:\/\/www.visit-ulcinj.com\/blog\/2016\/09\/16\/ziva-istina-gzim-hajdinaga-video\/"]}]},{"@type":"BreadcrumbList","@id":"https:\/\/www.visit-ulcinj.com\/blog\/2016\/09\/16\/ziva-istina-gzim-hajdinaga-video\/#breadcrumb","itemListElement":[{"@type":"ListItem","position":1,"name":"\u017diva istina: Gzim Hajdinaga &#8211; Video"}]},{"@type":"Person","@id":"https:\/\/www.visit-ulcinj.com\/blog\/#\/schema\/person\/dcab619c614d3038751c63bc2aadc06d","name":"ulqini","sameAs":["http:\/\/www.visit-ulcinj.com"],"url":"https:\/\/www.visit-ulcinj.com\/blog\/author\/admin\/"}]}},"jetpack_featured_media_url":"","jetpack_sharing_enabled":true,"jetpack_shortlink":"https:\/\/wp.me\/pe6lTn-pWV","_links":{"self":[{"href":"https:\/\/www.visit-ulcinj.com\/blog\/wp-json\/wp\/v2\/posts\/99753"}],"collection":[{"href":"https:\/\/www.visit-ulcinj.com\/blog\/wp-json\/wp\/v2\/posts"}],"about":[{"href":"https:\/\/www.visit-ulcinj.com\/blog\/wp-json\/wp\/v2\/types\/post"}],"author":[{"embeddable":true,"href":"https:\/\/www.visit-ulcinj.com\/blog\/wp-json\/wp\/v2\/users\/1"}],"replies":[{"embeddable":true,"href":"https:\/\/www.visit-ulcinj.com\/blog\/wp-json\/wp\/v2\/comments?post=99753"}],"version-history":[{"count":2,"href":"https:\/\/www.visit-ulcinj.com\/blog\/wp-json\/wp\/v2\/posts\/99753\/revisions"}],"predecessor-version":[{"id":99756,"href":"https:\/\/www.visit-ulcinj.com\/blog\/wp-json\/wp\/v2\/posts\/99753\/revisions\/99756"}],"wp:attachment":[{"href":"https:\/\/www.visit-ulcinj.com\/blog\/wp-json\/wp\/v2\/media?parent=99753"}],"wp:term":[{"taxonomy":"category","embeddable":true,"href":"https:\/\/www.visit-ulcinj.com\/blog\/wp-json\/wp\/v2\/categories?post=99753"},{"taxonomy":"post_tag","embeddable":true,"href":"https:\/\/www.visit-ulcinj.com\/blog\/wp-json\/wp\/v2\/tags?post=99753"}],"curies":[{"name":"wp","href":"https:\/\/api.w.org\/{rel}","templated":true}]}}