{"id":99757,"date":"2016-09-16T20:44:51","date_gmt":"2016-09-16T19:44:51","guid":{"rendered":"http:\/\/www.visit-ulcinj.com\/blog\/?p=99757"},"modified":"2016-09-20T15:59:35","modified_gmt":"2016-09-20T14:59:35","slug":"seanematalks-presents-andrej-nikolaidis","status":"publish","type":"post","link":"https:\/\/www.visit-ulcinj.com\/blog\/2016\/09\/16\/seanematalks-presents-andrej-nikolaidis\/","title":{"rendered":"SeanemaTalks presents: Andrej NIKOLAIDIS"},"content":{"rendered":"<p><strong><a href=\"http:\/\/www.visit-ulcinj.com\/blog\/wp-content\/uploads\/2016\/09\/Andrej-NIKOLAIDIS.jpg\"><img loading=\"lazy\" class=\"alignleft wp-image-99758\" src=\"http:\/\/www.visit-ulcinj.com\/blog\/wp-content\/uploads\/2016\/09\/Andrej-NIKOLAIDIS.jpg\" alt=\"Andrej NIKOLAIDIS\" width=\"508\" height=\"635\" srcset=\"https:\/\/www.visit-ulcinj.com\/blog\/wp-content\/uploads\/2016\/09\/Andrej-NIKOLAIDIS.jpg 768w, https:\/\/www.visit-ulcinj.com\/blog\/wp-content\/uploads\/2016\/09\/Andrej-NIKOLAIDIS-240x300.jpg 240w\" sizes=\"(max-width: 508px) 100vw, 508px\" \/><\/a>Fourth discussion panel &#8220;Us and Them&#8221; <\/strong><br \/>\n<strong> Sunday, 18 September 2016, 21:00h, Otrant Beach<\/strong><\/p>\n<p>Andrej Nikolaidis was born and raised in Sarajevo. He lives in Ulcinj and is a regular correspondent for the regional media portal E &#8211; novine . Nikolaidis previously wrote columns for the Montenegrin daily Vijesti , Monitor and Bosnian newspaper Slobodna Bosna . He published the books Ogledi o ravnodu\u0161nosti (1995), Za\u0161to Mira Furlan (1997), Katedral<span class=\"text_exposed_show\">a u Sijetlu (1999), Oni! (2001) i Mimesis (Durieux, OKF, 2003) and many articles. He is distinguished as a good writer and one of the most interesting phenomena in the Western Balkans region.<\/span><\/p>\n<div class=\"text_exposed_show\">\n<p><strong>#SeanemaTalks prezanton: Andrej NIKOLAIDIS<\/strong><br \/>\n<strong> Paneli i kat\u00ebrt diskutues &#8220;Ne dhe Ata&#8221;<\/strong><br \/>\n<strong> E diel, 18 shtator 2016, 21:00h, Plazhi i Otrantit<\/strong><\/p>\n<p>Andrej Nikolaidis ka lindur dhe \u00ebsht\u00eb rritur n\u00eb Sarajev\u00eb. Ai jeton n\u00eb Ulqin dhe \u00ebsht\u00eb nj\u00eb korrespondent i rregullt p\u00ebr portalin mediatik rajonal E &#8211; novine. Nikolaidis m\u00eb par\u00eb ka qen\u00eb kolumnist p\u00ebr t\u00eb p\u00ebrditshmen Vijesti t\u00eb Malit t\u00eb Zi, Monitor dhe gazet\u00ebn boshnjake Slobodna Bosna. Ai botoi librat Ogledi o ravnodu\u0161nosti ( 1995), Za\u0161to Mira Furlan ( 1997), Katedrala u Sijetlu ( 1999) ,Oni ! ( 2001) i imitacion ( DURIEUX , OKF , 2003) si dhe shum\u00eb artikuj. Ai shquhet si nj\u00eb shkrimtar i mir\u00eb dhe nj\u00eb nga fenomenet m\u00eb interesante n\u00eb rajonin e Ballkanit Per\u00ebndimor<\/p>\n<p>&nbsp;<\/p>\n<p><strong>#SeanemaTalks predstavlja: Andrej NIKOLAIDIS<\/strong><br \/>\n<strong> \u010cetvrti panel diskusija &#8220;Mi i Oni&#8221;<\/strong><br \/>\n<strong> Nedelja, 18 septembar 2016, 21:00h, Pla\u017ea Otrant<\/strong><\/p>\n<p>Andrej Nikolaidis je ro\u0111en i odrastao u Sarajevu. On \u017eivi u Ulcinju i redovni je dopisnik regionalnog medijskog portala E-novine. Nikolaidis je prije toga pisao kolumne za crnogorske listove Vijesti, Monitor&#8217; i bosanskohercegova\u010dki list Slobodna Bosna. Objavio je knjige Ogledi o ravnodu\u0161nosti (1995), Za\u0161to Mira Furlan (1997), Katedrala u Sijetlu (1999), Oni! (2001) i Mimesis (Durieux, OKF, 2003) i mnogo novinskih \u010dlanaka. U prvom ga planu treba isticati kao kvalitetnog knji\u017eevnika i jednu od najzanimljivijih pojava na prostorima Zapadnog Balkana.<\/p>\n<\/div>\n","protected":false},"excerpt":{"rendered":"<p>Fourth discussion panel &#8220;Us and Them&#8221; Sunday, 18 September 2016, 21:00h, Otrant Beach Andrej Nikolaidis was born and raised in Sarajevo. He lives in Ulcinj and is a regular correspondent for the regional media portal E &#8211; novine . Nikolaidis previously wrote columns for the Montenegrin daily Vijesti , Monitor and Bosnian newspaper Slobodna Bosna [&hellip;]<\/p>\n","protected":false},"author":1,"featured_media":0,"comment_status":"closed","ping_status":"closed","sticky":false,"template":"","format":"standard","meta":{"spay_email":"","jetpack_publicize_message":"","jetpack_is_tweetstorm":false,"jetpack_publicize_feature_enabled":true},"categories":[6950],"tags":[],"jetpack_publicize_connections":[],"yoast_head":"<!-- This site is optimized with the Yoast SEO plugin v19.1 - https:\/\/yoast.com\/wordpress\/plugins\/seo\/ -->\n<title>SeanemaTalks presents: Andrej NIKOLAIDIS - Lajme nga Ulqini<\/title>\n<meta name=\"description\" content=\"Fourth discussion panel &quot;Us and Them&quot; Sunday, 18 September 2016, 21:00h, Otrant Beach Andrej Nikolaidis was born and raised in Sarajevo. He lives in\" \/>\n<meta name=\"robots\" content=\"index, follow, max-snippet:-1, max-image-preview:large, max-video-preview:-1\" \/>\n<link rel=\"canonical\" href=\"https:\/\/www.visit-ulcinj.com\/blog\/2016\/09\/16\/seanematalks-presents-andrej-nikolaidis\/\" \/>\n<meta property=\"og:locale\" content=\"en_US\" \/>\n<meta property=\"og:type\" content=\"article\" \/>\n<meta property=\"og:title\" content=\"SeanemaTalks presents: Andrej NIKOLAIDIS - Lajme nga Ulqini\" \/>\n<meta property=\"og:description\" content=\"Fourth discussion panel &quot;Us and Them&quot; Sunday, 18 September 2016, 21:00h, Otrant Beach Andrej Nikolaidis was born and raised in Sarajevo. He lives in\" \/>\n<meta property=\"og:url\" content=\"https:\/\/www.visit-ulcinj.com\/blog\/2016\/09\/16\/seanematalks-presents-andrej-nikolaidis\/\" \/>\n<meta property=\"og:site_name\" content=\"Lajme nga Ulqini\" \/>\n<meta property=\"article:published_time\" content=\"2016-09-16T19:44:51+00:00\" \/>\n<meta property=\"article:modified_time\" content=\"2016-09-20T14:59:35+00:00\" \/>\n<meta property=\"og:image\" content=\"http:\/\/www.visit-ulcinj.com\/blog\/wp-content\/uploads\/2016\/09\/Andrej-NIKOLAIDIS.jpg\" \/>\n<meta name=\"twitter:label1\" content=\"Written by\" \/>\n\t<meta name=\"twitter:data1\" content=\"ulqini\" \/>\n\t<meta name=\"twitter:label2\" content=\"Est. reading time\" \/>\n\t<meta name=\"twitter:data2\" content=\"2 minutes\" \/>\n<script type=\"application\/ld+json\" class=\"yoast-schema-graph\">{\"@context\":\"https:\/\/schema.org\",\"@graph\":[{\"@type\":\"WebSite\",\"@id\":\"https:\/\/www.visit-ulcinj.com\/blog\/#website\",\"url\":\"https:\/\/www.visit-ulcinj.com\/blog\/\",\"name\":\"Lajme nga Ulqini\",\"description\":\"Lajme,Vijesti,Ulqini,Ulqin,Crna Gora,Mali i Zi\",\"potentialAction\":[{\"@type\":\"SearchAction\",\"target\":{\"@type\":\"EntryPoint\",\"urlTemplate\":\"https:\/\/www.visit-ulcinj.com\/blog\/?s={search_term_string}\"},\"query-input\":\"required name=search_term_string\"}],\"inLanguage\":\"en-US\"},{\"@type\":\"ImageObject\",\"inLanguage\":\"en-US\",\"@id\":\"https:\/\/www.visit-ulcinj.com\/blog\/2016\/09\/16\/seanematalks-presents-andrej-nikolaidis\/#primaryimage\",\"url\":\"https:\/\/www.visit-ulcinj.com\/blog\/wp-content\/uploads\/2016\/09\/Andrej-NIKOLAIDIS.jpg\",\"contentUrl\":\"https:\/\/www.visit-ulcinj.com\/blog\/wp-content\/uploads\/2016\/09\/Andrej-NIKOLAIDIS.jpg\",\"width\":768,\"height\":960},{\"@type\":\"WebPage\",\"@id\":\"https:\/\/www.visit-ulcinj.com\/blog\/2016\/09\/16\/seanematalks-presents-andrej-nikolaidis\/#webpage\",\"url\":\"https:\/\/www.visit-ulcinj.com\/blog\/2016\/09\/16\/seanematalks-presents-andrej-nikolaidis\/\",\"name\":\"SeanemaTalks presents: Andrej NIKOLAIDIS - Lajme nga Ulqini\",\"isPartOf\":{\"@id\":\"https:\/\/www.visit-ulcinj.com\/blog\/#website\"},\"primaryImageOfPage\":{\"@id\":\"https:\/\/www.visit-ulcinj.com\/blog\/2016\/09\/16\/seanematalks-presents-andrej-nikolaidis\/#primaryimage\"},\"datePublished\":\"2016-09-16T19:44:51+00:00\",\"dateModified\":\"2016-09-20T14:59:35+00:00\",\"author\":{\"@id\":\"https:\/\/www.visit-ulcinj.com\/blog\/#\/schema\/person\/dcab619c614d3038751c63bc2aadc06d\"},\"description\":\"Fourth discussion panel \\\"Us and Them\\\" Sunday, 18 September 2016, 21:00h, Otrant Beach Andrej Nikolaidis was born and raised in Sarajevo. He lives in\",\"breadcrumb\":{\"@id\":\"https:\/\/www.visit-ulcinj.com\/blog\/2016\/09\/16\/seanematalks-presents-andrej-nikolaidis\/#breadcrumb\"},\"inLanguage\":\"en-US\",\"potentialAction\":[{\"@type\":\"ReadAction\",\"target\":[\"https:\/\/www.visit-ulcinj.com\/blog\/2016\/09\/16\/seanematalks-presents-andrej-nikolaidis\/\"]}]},{\"@type\":\"BreadcrumbList\",\"@id\":\"https:\/\/www.visit-ulcinj.com\/blog\/2016\/09\/16\/seanematalks-presents-andrej-nikolaidis\/#breadcrumb\",\"itemListElement\":[{\"@type\":\"ListItem\",\"position\":1,\"name\":\"SeanemaTalks presents: Andrej NIKOLAIDIS\"}]},{\"@type\":\"Person\",\"@id\":\"https:\/\/www.visit-ulcinj.com\/blog\/#\/schema\/person\/dcab619c614d3038751c63bc2aadc06d\",\"name\":\"ulqini\",\"sameAs\":[\"http:\/\/www.visit-ulcinj.com\"],\"url\":\"https:\/\/www.visit-ulcinj.com\/blog\/author\/admin\/\"}]}<\/script>\n<!-- \/ Yoast SEO plugin. -->","yoast_head_json":{"title":"SeanemaTalks presents: Andrej NIKOLAIDIS - Lajme nga Ulqini","description":"Fourth discussion panel \"Us and Them\" Sunday, 18 September 2016, 21:00h, Otrant Beach Andrej Nikolaidis was born and raised in Sarajevo. He lives in","robots":{"index":"index","follow":"follow","max-snippet":"max-snippet:-1","max-image-preview":"max-image-preview:large","max-video-preview":"max-video-preview:-1"},"canonical":"https:\/\/www.visit-ulcinj.com\/blog\/2016\/09\/16\/seanematalks-presents-andrej-nikolaidis\/","og_locale":"en_US","og_type":"article","og_title":"SeanemaTalks presents: Andrej NIKOLAIDIS - Lajme nga Ulqini","og_description":"Fourth discussion panel \"Us and Them\" Sunday, 18 September 2016, 21:00h, Otrant Beach Andrej Nikolaidis was born and raised in Sarajevo. He lives in","og_url":"https:\/\/www.visit-ulcinj.com\/blog\/2016\/09\/16\/seanematalks-presents-andrej-nikolaidis\/","og_site_name":"Lajme nga Ulqini","article_published_time":"2016-09-16T19:44:51+00:00","article_modified_time":"2016-09-20T14:59:35+00:00","og_image":[{"url":"http:\/\/www.visit-ulcinj.com\/blog\/wp-content\/uploads\/2016\/09\/Andrej-NIKOLAIDIS.jpg"}],"twitter_misc":{"Written by":"ulqini","Est. reading time":"2 minutes"},"schema":{"@context":"https:\/\/schema.org","@graph":[{"@type":"WebSite","@id":"https:\/\/www.visit-ulcinj.com\/blog\/#website","url":"https:\/\/www.visit-ulcinj.com\/blog\/","name":"Lajme nga Ulqini","description":"Lajme,Vijesti,Ulqini,Ulqin,Crna Gora,Mali i Zi","potentialAction":[{"@type":"SearchAction","target":{"@type":"EntryPoint","urlTemplate":"https:\/\/www.visit-ulcinj.com\/blog\/?s={search_term_string}"},"query-input":"required name=search_term_string"}],"inLanguage":"en-US"},{"@type":"ImageObject","inLanguage":"en-US","@id":"https:\/\/www.visit-ulcinj.com\/blog\/2016\/09\/16\/seanematalks-presents-andrej-nikolaidis\/#primaryimage","url":"https:\/\/www.visit-ulcinj.com\/blog\/wp-content\/uploads\/2016\/09\/Andrej-NIKOLAIDIS.jpg","contentUrl":"https:\/\/www.visit-ulcinj.com\/blog\/wp-content\/uploads\/2016\/09\/Andrej-NIKOLAIDIS.jpg","width":768,"height":960},{"@type":"WebPage","@id":"https:\/\/www.visit-ulcinj.com\/blog\/2016\/09\/16\/seanematalks-presents-andrej-nikolaidis\/#webpage","url":"https:\/\/www.visit-ulcinj.com\/blog\/2016\/09\/16\/seanematalks-presents-andrej-nikolaidis\/","name":"SeanemaTalks presents: Andrej NIKOLAIDIS - Lajme nga Ulqini","isPartOf":{"@id":"https:\/\/www.visit-ulcinj.com\/blog\/#website"},"primaryImageOfPage":{"@id":"https:\/\/www.visit-ulcinj.com\/blog\/2016\/09\/16\/seanematalks-presents-andrej-nikolaidis\/#primaryimage"},"datePublished":"2016-09-16T19:44:51+00:00","dateModified":"2016-09-20T14:59:35+00:00","author":{"@id":"https:\/\/www.visit-ulcinj.com\/blog\/#\/schema\/person\/dcab619c614d3038751c63bc2aadc06d"},"description":"Fourth discussion panel \"Us and Them\" Sunday, 18 September 2016, 21:00h, Otrant Beach Andrej Nikolaidis was born and raised in Sarajevo. He lives in","breadcrumb":{"@id":"https:\/\/www.visit-ulcinj.com\/blog\/2016\/09\/16\/seanematalks-presents-andrej-nikolaidis\/#breadcrumb"},"inLanguage":"en-US","potentialAction":[{"@type":"ReadAction","target":["https:\/\/www.visit-ulcinj.com\/blog\/2016\/09\/16\/seanematalks-presents-andrej-nikolaidis\/"]}]},{"@type":"BreadcrumbList","@id":"https:\/\/www.visit-ulcinj.com\/blog\/2016\/09\/16\/seanematalks-presents-andrej-nikolaidis\/#breadcrumb","itemListElement":[{"@type":"ListItem","position":1,"name":"SeanemaTalks presents: Andrej NIKOLAIDIS"}]},{"@type":"Person","@id":"https:\/\/www.visit-ulcinj.com\/blog\/#\/schema\/person\/dcab619c614d3038751c63bc2aadc06d","name":"ulqini","sameAs":["http:\/\/www.visit-ulcinj.com"],"url":"https:\/\/www.visit-ulcinj.com\/blog\/author\/admin\/"}]}},"jetpack_featured_media_url":"","jetpack_sharing_enabled":true,"jetpack_shortlink":"https:\/\/wp.me\/pe6lTn-pWZ","_links":{"self":[{"href":"https:\/\/www.visit-ulcinj.com\/blog\/wp-json\/wp\/v2\/posts\/99757"}],"collection":[{"href":"https:\/\/www.visit-ulcinj.com\/blog\/wp-json\/wp\/v2\/posts"}],"about":[{"href":"https:\/\/www.visit-ulcinj.com\/blog\/wp-json\/wp\/v2\/types\/post"}],"author":[{"embeddable":true,"href":"https:\/\/www.visit-ulcinj.com\/blog\/wp-json\/wp\/v2\/users\/1"}],"replies":[{"embeddable":true,"href":"https:\/\/www.visit-ulcinj.com\/blog\/wp-json\/wp\/v2\/comments?post=99757"}],"version-history":[{"count":1,"href":"https:\/\/www.visit-ulcinj.com\/blog\/wp-json\/wp\/v2\/posts\/99757\/revisions"}],"predecessor-version":[{"id":99759,"href":"https:\/\/www.visit-ulcinj.com\/blog\/wp-json\/wp\/v2\/posts\/99757\/revisions\/99759"}],"wp:attachment":[{"href":"https:\/\/www.visit-ulcinj.com\/blog\/wp-json\/wp\/v2\/media?parent=99757"}],"wp:term":[{"taxonomy":"category","embeddable":true,"href":"https:\/\/www.visit-ulcinj.com\/blog\/wp-json\/wp\/v2\/categories?post=99757"},{"taxonomy":"post_tag","embeddable":true,"href":"https:\/\/www.visit-ulcinj.com\/blog\/wp-json\/wp\/v2\/tags?post=99757"}],"curies":[{"name":"wp","href":"https:\/\/api.w.org\/{rel}","templated":true}]}}