{"id":99760,"date":"2016-09-16T21:25:14","date_gmt":"2016-09-16T20:25:14","guid":{"rendered":"http:\/\/www.visit-ulcinj.com\/blog\/?p=99760"},"modified":"2016-09-16T21:25:14","modified_gmt":"2016-09-16T20:25:14","slug":"shqiptaret-nga-ulqini-kerkojne-ullishten-qe-u-mori-shteti","status":"publish","type":"post","link":"https:\/\/www.visit-ulcinj.com\/blog\/2016\/09\/16\/shqiptaret-nga-ulqini-kerkojne-ullishten-qe-u-mori-shteti\/","title":{"rendered":"Shqiptar\u00ebt nga Ulqini k\u00ebrkojn\u00eb ullishten q\u00eb u mori shteti"},"content":{"rendered":"<p><span class=\"arial14 \"><strong><a href=\"http:\/\/www.visit-ulcinj.com\/blog\/wp-content\/uploads\/2009\/03\/gjiri-i-valdanosit-_ulqin_221.jpg\"><img loading=\"lazy\" class=\"alignleft wp-image-15408\" src=\"http:\/\/www.visit-ulcinj.com\/blog\/wp-content\/uploads\/2009\/03\/gjiri-i-valdanosit-_ulqin_221.jpg\" alt=\"gjiri-i-valdanosit-_ulqin_221\" width=\"508\" height=\"340\" srcset=\"https:\/\/www.visit-ulcinj.com\/blog\/wp-content\/uploads\/2009\/03\/gjiri-i-valdanosit-_ulqin_221.jpg 640w, https:\/\/www.visit-ulcinj.com\/blog\/wp-content\/uploads\/2009\/03\/gjiri-i-valdanosit-_ulqin_221-300x200.jpg 300w\" sizes=\"(max-width: 508px) 100vw, 508px\" \/><\/a>Valdanosi \u00ebsht\u00eb nj\u00eb zon\u00eb kodrinore bregdetare me nj\u00eb bukuri t\u00eb rrall\u00eb natyrore e mbjell\u00eb\u00eb me rreth 18 mij\u00eb rr\u00ebnj\u00eb ullinj qindravje\u00e7ar\u00eb q\u00eb ndodhet\u00a0 rreth 2 kilometra n\u00eb dalje t\u00eb qytetit t\u00eb Ulqinit n\u00eb rrug\u00ebn q\u00eb e lidh me Tivarin.<\/strong><\/span><\/p>\n<p><span class=\"arial14 linkszi \">Kjo ullishte kap nj\u00eb sip\u00ebrfaqe mbi 100 hektar\u00eb tok\u00eb dhe historikisht ka q\u00ebn\u00eb pron\u00eb e 204 familjeve shqiptare q\u00eb jetojn\u00eb n\u00eb Ulqin. Por n\u00eb vitin 1978 kjo zon\u00eb u shtet\u00ebzua p\u00ebr nevoja ushtarake duke u dh\u00ebn\u00eb disa pronar\u00ebve shuma t\u00eb pap\u00ebrfillshme parash\u00eb.<\/p>\n<p>Koha provoi se m\u00eb shum\u00eb se p\u00ebrdorimi p\u00ebr nevoja ushtarake, shtet\u00ebzimi duket se ka patur vet\u00ebm nj\u00eb mision; shpron\u00ebsimin e shqiptar\u00ebve, pasi prona nuk \u00ebsht\u00eb p\u00ebrdorur asnj\u00ebher\u00eb nga ushtria.<\/p>\n<p>Kat\u00ebr dekada nga ky vendim i autoriteteve jugosllave n\u00eb at\u00eb koh\u00eb, shqiptar\u00ebt e Ulqinit k\u00ebrkojn\u00eb rikthimin e pronave t\u00eb tyre. Ata jan\u00eb mbledhur mbr\u00ebmjen e s\u00eb enjtes n\u00eb nj\u00eb takim n\u00eb ambientet e Komun\u00ebs.<\/p>\n<p>Kryetari i Komun\u00ebs, Nazif Cungu shprehet se nuk ka asnj\u00eb kompromis dhe prona duhet t\u2019u kthehet pronar\u00ebve.<\/p>\n<p>\u201cNga kontaktet e fundit me qeverin\u00eb malazeze na \u00ebsht\u00eb th\u00ebn\u00eb q\u00eb\u00a0 pronar\u00ebt mund ta marrin p\u00ebr shfryt\u00ebzim ullishten, por ne duam q\u00eb ajo t\u2019u njihet e tu kthehet si pron\u00eb pronar\u00ebve\u201d, thot\u00eb ai.<\/p>\n<p>Nisma ka edhe mb\u00ebshtetjen e deputet\u00ebve shqiptar\u00eb n\u00eb parlamentin malazez.<\/p>\n<p>\u201cP\u00ebrve\u00e7 disa nismave ligjore\u00a0 q\u00eb kemi marr\u00eb, kemi k\u00ebrc\u00ebnuar qeverin\u00eb malazeze me daljen nga koalicioni n\u00ebse kjo pron\u00eb nuk privatizohet nga pronar\u00ebt e v\u00ebrtet\u00eb t\u00eb saj\u201d, thot\u00eb deputeti, Genc Nimanbegu.<\/p>\n<p>Ajo q\u00eb ra n\u00eb sy n\u00eb k\u00ebt\u00eb takim ishte dhe mb\u00ebshtetja e pronarve t\u00eb Ulqinit nga kleriku ortodoks Mirodrag Todorovi\u00e7, i cili u shpreh se&#8221;prona \u00ebsht\u00eb e shenj\u00eb nga Zoti dhe si e till\u00eb i takon pronarit.<\/p>\n<p>\u201cDuhet q\u00eb pron\u00ebn ta gezoj\u00eb vet\u00ebm pronari si shenjt\u00ebrim nga Zoti dhe askush tjet\u00ebr nuk mund ta g\u00ebzoj\u00eb ose ta p\u00ebrdor\u00eb at\u00eb&#8221;, u shpreh kleriku.<\/p>\n<p>Qytetar\u00ebt e pronar\u00ebt\u00a0 e Valdanosit q\u00eb mor\u00ebn fjal\u00ebn, u shprehen se do ndjekin \u00e7do rrug\u00eb ligjore dhe nuk p\u00ebrjashtojn\u00eb as protestat deri sa prona e tyre t\u2019u kthehet dhe zona n\u00eb fjal\u00eb t\u00eb mos rrezikohet q\u00eb t\u2019u shitet kompanive turistike.<\/p>\n<p>\/ Top Channel <\/span><\/p>\n","protected":false},"excerpt":{"rendered":"<p>Valdanosi \u00ebsht\u00eb nj\u00eb zon\u00eb kodrinore bregdetare me nj\u00eb bukuri t\u00eb rrall\u00eb natyrore e mbjell\u00eb\u00eb me rreth 18 mij\u00eb rr\u00ebnj\u00eb ullinj qindravje\u00e7ar\u00eb q\u00eb ndodhet\u00a0 rreth 2 kilometra n\u00eb dalje t\u00eb qytetit t\u00eb Ulqinit n\u00eb rrug\u00ebn q\u00eb e lidh me Tivarin. Kjo ullishte kap nj\u00eb sip\u00ebrfaqe mbi 100 hektar\u00eb tok\u00eb dhe historikisht ka q\u00ebn\u00eb pron\u00eb e 204 [&hellip;]<\/p>\n","protected":false},"author":1,"featured_media":0,"comment_status":"closed","ping_status":"closed","sticky":false,"template":"","format":"standard","meta":{"spay_email":"","jetpack_publicize_message":"","jetpack_is_tweetstorm":false,"jetpack_publicize_feature_enabled":true},"categories":[15],"tags":[],"jetpack_publicize_connections":[],"yoast_head":"<!-- This site is optimized with the Yoast SEO plugin v19.1 - https:\/\/yoast.com\/wordpress\/plugins\/seo\/ -->\n<title>Shqiptar\u00ebt nga Ulqini k\u00ebrkojn\u00eb ullishten q\u00eb u mori shteti - Lajme nga Ulqini<\/title>\n<meta name=\"description\" content=\"Valdanosi \u00ebsht\u00eb nj\u00eb zon\u00eb kodrinore bregdetare me nj\u00eb bukuri t\u00eb rrall\u00eb natyrore e mbjell\u00eb\u00eb me rreth 18 mij\u00eb rr\u00ebnj\u00eb ullinj qindravje\u00e7ar\u00eb q\u00eb ndodhet\u00a0 rreth 2\" \/>\n<meta name=\"robots\" content=\"index, follow, max-snippet:-1, max-image-preview:large, max-video-preview:-1\" \/>\n<link rel=\"canonical\" href=\"https:\/\/www.visit-ulcinj.com\/blog\/2016\/09\/16\/shqiptaret-nga-ulqini-kerkojne-ullishten-qe-u-mori-shteti\/\" \/>\n<meta property=\"og:locale\" content=\"en_US\" \/>\n<meta property=\"og:type\" content=\"article\" \/>\n<meta property=\"og:title\" content=\"Shqiptar\u00ebt nga Ulqini k\u00ebrkojn\u00eb ullishten q\u00eb u mori shteti - Lajme nga Ulqini\" \/>\n<meta property=\"og:description\" content=\"Valdanosi \u00ebsht\u00eb nj\u00eb zon\u00eb kodrinore bregdetare me nj\u00eb bukuri t\u00eb rrall\u00eb natyrore e mbjell\u00eb\u00eb me rreth 18 mij\u00eb rr\u00ebnj\u00eb ullinj qindravje\u00e7ar\u00eb q\u00eb ndodhet\u00a0 rreth 2\" \/>\n<meta property=\"og:url\" content=\"https:\/\/www.visit-ulcinj.com\/blog\/2016\/09\/16\/shqiptaret-nga-ulqini-kerkojne-ullishten-qe-u-mori-shteti\/\" \/>\n<meta property=\"og:site_name\" content=\"Lajme nga Ulqini\" \/>\n<meta property=\"article:published_time\" content=\"2016-09-16T20:25:14+00:00\" \/>\n<meta property=\"og:image\" content=\"http:\/\/www.visit-ulcinj.com\/blog\/wp-content\/uploads\/2009\/03\/gjiri-i-valdanosit-_ulqin_221.jpg\" \/>\n<meta name=\"twitter:label1\" content=\"Written by\" \/>\n\t<meta name=\"twitter:data1\" content=\"ulqini\" \/>\n\t<meta name=\"twitter:label2\" content=\"Est. reading time\" \/>\n\t<meta name=\"twitter:data2\" content=\"2 minutes\" \/>\n<script type=\"application\/ld+json\" class=\"yoast-schema-graph\">{\"@context\":\"https:\/\/schema.org\",\"@graph\":[{\"@type\":\"WebSite\",\"@id\":\"https:\/\/www.visit-ulcinj.com\/blog\/#website\",\"url\":\"https:\/\/www.visit-ulcinj.com\/blog\/\",\"name\":\"Lajme nga Ulqini\",\"description\":\"Lajme,Vijesti,Ulqini,Ulqin,Crna Gora,Mali i Zi\",\"potentialAction\":[{\"@type\":\"SearchAction\",\"target\":{\"@type\":\"EntryPoint\",\"urlTemplate\":\"https:\/\/www.visit-ulcinj.com\/blog\/?s={search_term_string}\"},\"query-input\":\"required name=search_term_string\"}],\"inLanguage\":\"en-US\"},{\"@type\":\"ImageObject\",\"inLanguage\":\"en-US\",\"@id\":\"https:\/\/www.visit-ulcinj.com\/blog\/2016\/09\/16\/shqiptaret-nga-ulqini-kerkojne-ullishten-qe-u-mori-shteti\/#primaryimage\",\"url\":\"https:\/\/www.visit-ulcinj.com\/blog\/wp-content\/uploads\/2009\/03\/gjiri-i-valdanosit-_ulqin_221.jpg\",\"contentUrl\":\"https:\/\/www.visit-ulcinj.com\/blog\/wp-content\/uploads\/2009\/03\/gjiri-i-valdanosit-_ulqin_221.jpg\",\"width\":\"640\",\"height\":\"428\"},{\"@type\":\"WebPage\",\"@id\":\"https:\/\/www.visit-ulcinj.com\/blog\/2016\/09\/16\/shqiptaret-nga-ulqini-kerkojne-ullishten-qe-u-mori-shteti\/#webpage\",\"url\":\"https:\/\/www.visit-ulcinj.com\/blog\/2016\/09\/16\/shqiptaret-nga-ulqini-kerkojne-ullishten-qe-u-mori-shteti\/\",\"name\":\"Shqiptar\u00ebt nga Ulqini k\u00ebrkojn\u00eb ullishten q\u00eb u mori shteti - Lajme nga Ulqini\",\"isPartOf\":{\"@id\":\"https:\/\/www.visit-ulcinj.com\/blog\/#website\"},\"primaryImageOfPage\":{\"@id\":\"https:\/\/www.visit-ulcinj.com\/blog\/2016\/09\/16\/shqiptaret-nga-ulqini-kerkojne-ullishten-qe-u-mori-shteti\/#primaryimage\"},\"datePublished\":\"2016-09-16T20:25:14+00:00\",\"dateModified\":\"2016-09-16T20:25:14+00:00\",\"author\":{\"@id\":\"https:\/\/www.visit-ulcinj.com\/blog\/#\/schema\/person\/dcab619c614d3038751c63bc2aadc06d\"},\"description\":\"Valdanosi \u00ebsht\u00eb nj\u00eb zon\u00eb kodrinore bregdetare me nj\u00eb bukuri t\u00eb rrall\u00eb natyrore e mbjell\u00eb\u00eb me rreth 18 mij\u00eb rr\u00ebnj\u00eb ullinj qindravje\u00e7ar\u00eb q\u00eb ndodhet\u00a0 rreth 2\",\"breadcrumb\":{\"@id\":\"https:\/\/www.visit-ulcinj.com\/blog\/2016\/09\/16\/shqiptaret-nga-ulqini-kerkojne-ullishten-qe-u-mori-shteti\/#breadcrumb\"},\"inLanguage\":\"en-US\",\"potentialAction\":[{\"@type\":\"ReadAction\",\"target\":[\"https:\/\/www.visit-ulcinj.com\/blog\/2016\/09\/16\/shqiptaret-nga-ulqini-kerkojne-ullishten-qe-u-mori-shteti\/\"]}]},{\"@type\":\"BreadcrumbList\",\"@id\":\"https:\/\/www.visit-ulcinj.com\/blog\/2016\/09\/16\/shqiptaret-nga-ulqini-kerkojne-ullishten-qe-u-mori-shteti\/#breadcrumb\",\"itemListElement\":[{\"@type\":\"ListItem\",\"position\":1,\"name\":\"Shqiptar\u00ebt nga Ulqini k\u00ebrkojn\u00eb ullishten q\u00eb u mori shteti\"}]},{\"@type\":\"Person\",\"@id\":\"https:\/\/www.visit-ulcinj.com\/blog\/#\/schema\/person\/dcab619c614d3038751c63bc2aadc06d\",\"name\":\"ulqini\",\"sameAs\":[\"http:\/\/www.visit-ulcinj.com\"],\"url\":\"https:\/\/www.visit-ulcinj.com\/blog\/author\/admin\/\"}]}<\/script>\n<!-- \/ Yoast SEO plugin. -->","yoast_head_json":{"title":"Shqiptar\u00ebt nga Ulqini k\u00ebrkojn\u00eb ullishten q\u00eb u mori shteti - Lajme nga Ulqini","description":"Valdanosi \u00ebsht\u00eb nj\u00eb zon\u00eb kodrinore bregdetare me nj\u00eb bukuri t\u00eb rrall\u00eb natyrore e mbjell\u00eb\u00eb me rreth 18 mij\u00eb rr\u00ebnj\u00eb ullinj qindravje\u00e7ar\u00eb q\u00eb ndodhet\u00a0 rreth 2","robots":{"index":"index","follow":"follow","max-snippet":"max-snippet:-1","max-image-preview":"max-image-preview:large","max-video-preview":"max-video-preview:-1"},"canonical":"https:\/\/www.visit-ulcinj.com\/blog\/2016\/09\/16\/shqiptaret-nga-ulqini-kerkojne-ullishten-qe-u-mori-shteti\/","og_locale":"en_US","og_type":"article","og_title":"Shqiptar\u00ebt nga Ulqini k\u00ebrkojn\u00eb ullishten q\u00eb u mori shteti - Lajme nga Ulqini","og_description":"Valdanosi \u00ebsht\u00eb nj\u00eb zon\u00eb kodrinore bregdetare me nj\u00eb bukuri t\u00eb rrall\u00eb natyrore e mbjell\u00eb\u00eb me rreth 18 mij\u00eb rr\u00ebnj\u00eb ullinj qindravje\u00e7ar\u00eb q\u00eb ndodhet\u00a0 rreth 2","og_url":"https:\/\/www.visit-ulcinj.com\/blog\/2016\/09\/16\/shqiptaret-nga-ulqini-kerkojne-ullishten-qe-u-mori-shteti\/","og_site_name":"Lajme nga Ulqini","article_published_time":"2016-09-16T20:25:14+00:00","og_image":[{"url":"http:\/\/www.visit-ulcinj.com\/blog\/wp-content\/uploads\/2009\/03\/gjiri-i-valdanosit-_ulqin_221.jpg"}],"twitter_misc":{"Written by":"ulqini","Est. reading time":"2 minutes"},"schema":{"@context":"https:\/\/schema.org","@graph":[{"@type":"WebSite","@id":"https:\/\/www.visit-ulcinj.com\/blog\/#website","url":"https:\/\/www.visit-ulcinj.com\/blog\/","name":"Lajme nga Ulqini","description":"Lajme,Vijesti,Ulqini,Ulqin,Crna Gora,Mali i Zi","potentialAction":[{"@type":"SearchAction","target":{"@type":"EntryPoint","urlTemplate":"https:\/\/www.visit-ulcinj.com\/blog\/?s={search_term_string}"},"query-input":"required name=search_term_string"}],"inLanguage":"en-US"},{"@type":"ImageObject","inLanguage":"en-US","@id":"https:\/\/www.visit-ulcinj.com\/blog\/2016\/09\/16\/shqiptaret-nga-ulqini-kerkojne-ullishten-qe-u-mori-shteti\/#primaryimage","url":"https:\/\/www.visit-ulcinj.com\/blog\/wp-content\/uploads\/2009\/03\/gjiri-i-valdanosit-_ulqin_221.jpg","contentUrl":"https:\/\/www.visit-ulcinj.com\/blog\/wp-content\/uploads\/2009\/03\/gjiri-i-valdanosit-_ulqin_221.jpg","width":"640","height":"428"},{"@type":"WebPage","@id":"https:\/\/www.visit-ulcinj.com\/blog\/2016\/09\/16\/shqiptaret-nga-ulqini-kerkojne-ullishten-qe-u-mori-shteti\/#webpage","url":"https:\/\/www.visit-ulcinj.com\/blog\/2016\/09\/16\/shqiptaret-nga-ulqini-kerkojne-ullishten-qe-u-mori-shteti\/","name":"Shqiptar\u00ebt nga Ulqini k\u00ebrkojn\u00eb ullishten q\u00eb u mori shteti - Lajme nga Ulqini","isPartOf":{"@id":"https:\/\/www.visit-ulcinj.com\/blog\/#website"},"primaryImageOfPage":{"@id":"https:\/\/www.visit-ulcinj.com\/blog\/2016\/09\/16\/shqiptaret-nga-ulqini-kerkojne-ullishten-qe-u-mori-shteti\/#primaryimage"},"datePublished":"2016-09-16T20:25:14+00:00","dateModified":"2016-09-16T20:25:14+00:00","author":{"@id":"https:\/\/www.visit-ulcinj.com\/blog\/#\/schema\/person\/dcab619c614d3038751c63bc2aadc06d"},"description":"Valdanosi \u00ebsht\u00eb nj\u00eb zon\u00eb kodrinore bregdetare me nj\u00eb bukuri t\u00eb rrall\u00eb natyrore e mbjell\u00eb\u00eb me rreth 18 mij\u00eb rr\u00ebnj\u00eb ullinj qindravje\u00e7ar\u00eb q\u00eb ndodhet\u00a0 rreth 2","breadcrumb":{"@id":"https:\/\/www.visit-ulcinj.com\/blog\/2016\/09\/16\/shqiptaret-nga-ulqini-kerkojne-ullishten-qe-u-mori-shteti\/#breadcrumb"},"inLanguage":"en-US","potentialAction":[{"@type":"ReadAction","target":["https:\/\/www.visit-ulcinj.com\/blog\/2016\/09\/16\/shqiptaret-nga-ulqini-kerkojne-ullishten-qe-u-mori-shteti\/"]}]},{"@type":"BreadcrumbList","@id":"https:\/\/www.visit-ulcinj.com\/blog\/2016\/09\/16\/shqiptaret-nga-ulqini-kerkojne-ullishten-qe-u-mori-shteti\/#breadcrumb","itemListElement":[{"@type":"ListItem","position":1,"name":"Shqiptar\u00ebt nga Ulqini k\u00ebrkojn\u00eb ullishten q\u00eb u mori shteti"}]},{"@type":"Person","@id":"https:\/\/www.visit-ulcinj.com\/blog\/#\/schema\/person\/dcab619c614d3038751c63bc2aadc06d","name":"ulqini","sameAs":["http:\/\/www.visit-ulcinj.com"],"url":"https:\/\/www.visit-ulcinj.com\/blog\/author\/admin\/"}]}},"jetpack_featured_media_url":"","jetpack_sharing_enabled":true,"jetpack_shortlink":"https:\/\/wp.me\/pe6lTn-pX2","_links":{"self":[{"href":"https:\/\/www.visit-ulcinj.com\/blog\/wp-json\/wp\/v2\/posts\/99760"}],"collection":[{"href":"https:\/\/www.visit-ulcinj.com\/blog\/wp-json\/wp\/v2\/posts"}],"about":[{"href":"https:\/\/www.visit-ulcinj.com\/blog\/wp-json\/wp\/v2\/types\/post"}],"author":[{"embeddable":true,"href":"https:\/\/www.visit-ulcinj.com\/blog\/wp-json\/wp\/v2\/users\/1"}],"replies":[{"embeddable":true,"href":"https:\/\/www.visit-ulcinj.com\/blog\/wp-json\/wp\/v2\/comments?post=99760"}],"version-history":[{"count":1,"href":"https:\/\/www.visit-ulcinj.com\/blog\/wp-json\/wp\/v2\/posts\/99760\/revisions"}],"predecessor-version":[{"id":99761,"href":"https:\/\/www.visit-ulcinj.com\/blog\/wp-json\/wp\/v2\/posts\/99760\/revisions\/99761"}],"wp:attachment":[{"href":"https:\/\/www.visit-ulcinj.com\/blog\/wp-json\/wp\/v2\/media?parent=99760"}],"wp:term":[{"taxonomy":"category","embeddable":true,"href":"https:\/\/www.visit-ulcinj.com\/blog\/wp-json\/wp\/v2\/categories?post=99760"},{"taxonomy":"post_tag","embeddable":true,"href":"https:\/\/www.visit-ulcinj.com\/blog\/wp-json\/wp\/v2\/tags?post=99760"}],"curies":[{"name":"wp","href":"https:\/\/api.w.org\/{rel}","templated":true}]}}