{"id":99770,"date":"2016-09-17T18:32:55","date_gmt":"2016-09-17T17:32:55","guid":{"rendered":"http:\/\/www.visit-ulcinj.com\/blog\/?p=99770"},"modified":"2016-09-17T18:32:55","modified_gmt":"2016-09-17T17:32:55","slug":"edhe-ulqini-pjese-e-projektit-menaxhimi-riskut-ne-raste-katastrofash","status":"publish","type":"post","link":"https:\/\/www.visit-ulcinj.com\/blog\/2016\/09\/17\/edhe-ulqini-pjese-e-projektit-menaxhimi-riskut-ne-raste-katastrofash\/","title":{"rendered":"Edhe Ulqini pjes\u00eb e projektit &#8220;Menaxhimi i riskut n\u00eb raste katastrofash&#8221;"},"content":{"rendered":"<p><a href=\"http:\/\/www.visit-ulcinj.com\/blog\/wp-content\/uploads\/2016\/09\/Menaxhimi-i-riskut-n\u00eb-raste-katastrofash-Ulqin.jpg\"><img loading=\"lazy\" class=\"alignleft wp-image-99771\" src=\"http:\/\/www.visit-ulcinj.com\/blog\/wp-content\/uploads\/2016\/09\/Menaxhimi-i-riskut-n\u00eb-raste-katastrofash-Ulqin.jpg\" alt=\"Menaxhimi i riskut n\u00eb raste katastrofash-Ulqin\" width=\"508\" height=\"582\" srcset=\"https:\/\/www.visit-ulcinj.com\/blog\/wp-content\/uploads\/2016\/09\/Menaxhimi-i-riskut-n\u00eb-raste-katastrofash-Ulqin.jpg 480w, https:\/\/www.visit-ulcinj.com\/blog\/wp-content\/uploads\/2016\/09\/Menaxhimi-i-riskut-n\u00eb-raste-katastrofash-Ulqin-262x300.jpg 262w\" sizes=\"(max-width: 508px) 100vw, 508px\" \/><\/a>Sot n\u00eb Ran\u00eb \u00ebsht\u00eb mbajtur prezantimi i\u00a0projektit p\u00ebrtej kufitar \u201cMenaxhimi i riskut n\u00eb raste katastrofash\u201d, t\u00eb cilin e implementon OJQ OZON, me mb\u00ebshtetjen financiare t\u00eb OSBE-s\u00eb n\u00eb Mal t\u00eb Zi. Projekti implementohet n\u00eb territorin e Komun\u00ebs s\u00eb Ulqinit dhe territorin e komunave kufitare n\u00eb Shqip\u00ebri. N\u00eb prezantim morr\u00ebn pjes\u00eb kryetari i Komun\u00ebs s\u00eb Ulqinit Nazif Cungu, drejtori Drejtoris\u00eb p\u00ebr Mbrojtje Civile dhe Ndihm\u00eb Humanitare Luban Tmushiq dhe kryeshefi i Sh\u00ebrbimit t\u00eb Mbrojtjes dhe Shp\u00ebtimit t\u00eb Komun\u00ebs s\u00eb Ulqinit Flamur Seloviq.<\/p>\n<p>Komuna e Ulqinit \u00ebsht\u00eb qyteti i par\u00eb n\u00eb Mal t\u00eb Zi i cili merr pjes\u00eb n\u00eb k\u00ebt\u00eb projekt. Krytari Cungu ka shprehur k\u00ebnaq\u00ebsin\u00eb q\u00eb Komuna jon\u00eb \u00ebsht\u00eb pjes\u00eb e k\u00ebtij projekti, sidomos duke marr parasysh\u00eb eksperinec\u00ebn e muajit t\u00eb kalur me shp\u00ebrthimin e zjarrit n\u00eb Malin e Bardh\u00eb.<\/p>\n<p>N\u00eb kuad\u00ebr t\u00eb k\u00ebtij projekti, deri tani, jan\u00eb organizuar trajnimet p\u00ebr arsimtar\u00ebt e shkollave Boshko Strugar dhe V\u00ebllaz\u00ebrim-Bashkim t\u00eb cil\u00ebt kan\u00eb p\u00ebr q\u00ebllim rritjen e vet\u00ebdij\u00ebs s\u00eb qytetar\u00ebve n\u00eb rast t\u00eb situatave t\u00eb jasht\u00ebzakonshme t\u00eb p\u00ebrmbytjeve, zjarrit apo termeteve. Projekti, i cili do t\u00eb zgjas\u00eb deri me \u00a030 tetor, parashef edhe azhornimin e Planit lokal t\u00eb menaxhimit t\u00eb situatave emergjente, si dhe organizimin e trajnimeve p\u00ebr n\u00ebnpun\u00ebsit komunal se si t&#8217;i\u00a0japin instruksione qytetar\u00ebve n\u00eb rast t\u00eb situatave emergjente.<\/p>\n","protected":false},"excerpt":{"rendered":"<p>Sot n\u00eb Ran\u00eb \u00ebsht\u00eb mbajtur prezantimi i\u00a0projektit p\u00ebrtej kufitar \u201cMenaxhimi i riskut n\u00eb raste katastrofash\u201d, t\u00eb cilin e implementon OJQ OZON, me mb\u00ebshtetjen financiare t\u00eb OSBE-s\u00eb n\u00eb Mal t\u00eb Zi. Projekti implementohet n\u00eb territorin e Komun\u00ebs s\u00eb Ulqinit dhe territorin e komunave kufitare n\u00eb Shqip\u00ebri. N\u00eb prezantim morr\u00ebn pjes\u00eb kryetari i Komun\u00ebs s\u00eb Ulqinit Nazif [&hellip;]<\/p>\n","protected":false},"author":1,"featured_media":0,"comment_status":"closed","ping_status":"closed","sticky":false,"template":"","format":"standard","meta":{"spay_email":"","jetpack_publicize_message":"","jetpack_is_tweetstorm":false,"jetpack_publicize_feature_enabled":true},"categories":[6950],"tags":[],"jetpack_publicize_connections":[],"yoast_head":"<!-- This site is optimized with the Yoast SEO plugin v19.1 - https:\/\/yoast.com\/wordpress\/plugins\/seo\/ -->\n<title>Edhe Ulqini pjes\u00eb e projektit &quot;Menaxhimi i riskut n\u00eb raste katastrofash&quot; - Lajme nga Ulqini<\/title>\n<meta name=\"description\" content=\"Sot n\u00eb Ran\u00eb \u00ebsht\u00eb mbajtur prezantimi i\u00a0projektit p\u00ebrtej kufitar \u201cMenaxhimi i riskut n\u00eb raste katastrofash\u201d, t\u00eb cilin e implementon OJQ OZON, me\" \/>\n<meta name=\"robots\" content=\"index, follow, max-snippet:-1, max-image-preview:large, max-video-preview:-1\" \/>\n<link rel=\"canonical\" href=\"https:\/\/www.visit-ulcinj.com\/blog\/2016\/09\/17\/edhe-ulqini-pjese-e-projektit-menaxhimi-riskut-ne-raste-katastrofash\/\" \/>\n<meta property=\"og:locale\" content=\"en_US\" \/>\n<meta property=\"og:type\" content=\"article\" \/>\n<meta property=\"og:title\" content=\"Edhe Ulqini pjes\u00eb e projektit &quot;Menaxhimi i riskut n\u00eb raste katastrofash&quot; - Lajme nga Ulqini\" \/>\n<meta property=\"og:description\" content=\"Sot n\u00eb Ran\u00eb \u00ebsht\u00eb mbajtur prezantimi i\u00a0projektit p\u00ebrtej kufitar \u201cMenaxhimi i riskut n\u00eb raste katastrofash\u201d, t\u00eb cilin e implementon OJQ OZON, me\" \/>\n<meta property=\"og:url\" content=\"https:\/\/www.visit-ulcinj.com\/blog\/2016\/09\/17\/edhe-ulqini-pjese-e-projektit-menaxhimi-riskut-ne-raste-katastrofash\/\" \/>\n<meta property=\"og:site_name\" content=\"Lajme nga Ulqini\" \/>\n<meta property=\"article:published_time\" content=\"2016-09-17T17:32:55+00:00\" \/>\n<meta name=\"twitter:label1\" content=\"Written by\" \/>\n\t<meta name=\"twitter:data1\" content=\"ulqini\" \/>\n\t<meta name=\"twitter:label2\" content=\"Est. reading time\" \/>\n\t<meta name=\"twitter:data2\" content=\"1 minute\" \/>\n<script type=\"application\/ld+json\" class=\"yoast-schema-graph\">{\"@context\":\"https:\/\/schema.org\",\"@graph\":[{\"@type\":\"WebSite\",\"@id\":\"https:\/\/www.visit-ulcinj.com\/blog\/#website\",\"url\":\"https:\/\/www.visit-ulcinj.com\/blog\/\",\"name\":\"Lajme nga Ulqini\",\"description\":\"Lajme,Vijesti,Ulqini,Ulqin,Crna Gora,Mali i Zi\",\"potentialAction\":[{\"@type\":\"SearchAction\",\"target\":{\"@type\":\"EntryPoint\",\"urlTemplate\":\"https:\/\/www.visit-ulcinj.com\/blog\/?s={search_term_string}\"},\"query-input\":\"required name=search_term_string\"}],\"inLanguage\":\"en-US\"},{\"@type\":\"WebPage\",\"@id\":\"https:\/\/www.visit-ulcinj.com\/blog\/2016\/09\/17\/edhe-ulqini-pjese-e-projektit-menaxhimi-riskut-ne-raste-katastrofash\/#webpage\",\"url\":\"https:\/\/www.visit-ulcinj.com\/blog\/2016\/09\/17\/edhe-ulqini-pjese-e-projektit-menaxhimi-riskut-ne-raste-katastrofash\/\",\"name\":\"Edhe Ulqini pjes\u00eb e projektit \\\"Menaxhimi i riskut n\u00eb raste katastrofash\\\" - Lajme nga Ulqini\",\"isPartOf\":{\"@id\":\"https:\/\/www.visit-ulcinj.com\/blog\/#website\"},\"datePublished\":\"2016-09-17T17:32:55+00:00\",\"dateModified\":\"2016-09-17T17:32:55+00:00\",\"author\":{\"@id\":\"https:\/\/www.visit-ulcinj.com\/blog\/#\/schema\/person\/dcab619c614d3038751c63bc2aadc06d\"},\"description\":\"Sot n\u00eb Ran\u00eb \u00ebsht\u00eb mbajtur prezantimi i\u00a0projektit p\u00ebrtej kufitar \u201cMenaxhimi i riskut n\u00eb raste katastrofash\u201d, t\u00eb cilin e implementon OJQ OZON, me\",\"breadcrumb\":{\"@id\":\"https:\/\/www.visit-ulcinj.com\/blog\/2016\/09\/17\/edhe-ulqini-pjese-e-projektit-menaxhimi-riskut-ne-raste-katastrofash\/#breadcrumb\"},\"inLanguage\":\"en-US\",\"potentialAction\":[{\"@type\":\"ReadAction\",\"target\":[\"https:\/\/www.visit-ulcinj.com\/blog\/2016\/09\/17\/edhe-ulqini-pjese-e-projektit-menaxhimi-riskut-ne-raste-katastrofash\/\"]}]},{\"@type\":\"BreadcrumbList\",\"@id\":\"https:\/\/www.visit-ulcinj.com\/blog\/2016\/09\/17\/edhe-ulqini-pjese-e-projektit-menaxhimi-riskut-ne-raste-katastrofash\/#breadcrumb\",\"itemListElement\":[{\"@type\":\"ListItem\",\"position\":1,\"name\":\"Edhe Ulqini pjes\u00eb e projektit &#8220;Menaxhimi i riskut n\u00eb raste katastrofash&#8221;\"}]},{\"@type\":\"Person\",\"@id\":\"https:\/\/www.visit-ulcinj.com\/blog\/#\/schema\/person\/dcab619c614d3038751c63bc2aadc06d\",\"name\":\"ulqini\",\"sameAs\":[\"http:\/\/www.visit-ulcinj.com\"],\"url\":\"https:\/\/www.visit-ulcinj.com\/blog\/author\/admin\/\"}]}<\/script>\n<!-- \/ Yoast SEO plugin. -->","yoast_head_json":{"title":"Edhe Ulqini pjes\u00eb e projektit \"Menaxhimi i riskut n\u00eb raste katastrofash\" - Lajme nga Ulqini","description":"Sot n\u00eb Ran\u00eb \u00ebsht\u00eb mbajtur prezantimi i\u00a0projektit p\u00ebrtej kufitar \u201cMenaxhimi i riskut n\u00eb raste katastrofash\u201d, t\u00eb cilin e implementon OJQ OZON, me","robots":{"index":"index","follow":"follow","max-snippet":"max-snippet:-1","max-image-preview":"max-image-preview:large","max-video-preview":"max-video-preview:-1"},"canonical":"https:\/\/www.visit-ulcinj.com\/blog\/2016\/09\/17\/edhe-ulqini-pjese-e-projektit-menaxhimi-riskut-ne-raste-katastrofash\/","og_locale":"en_US","og_type":"article","og_title":"Edhe Ulqini pjes\u00eb e projektit \"Menaxhimi i riskut n\u00eb raste katastrofash\" - Lajme nga Ulqini","og_description":"Sot n\u00eb Ran\u00eb \u00ebsht\u00eb mbajtur prezantimi i\u00a0projektit p\u00ebrtej kufitar \u201cMenaxhimi i riskut n\u00eb raste katastrofash\u201d, t\u00eb cilin e implementon OJQ OZON, me","og_url":"https:\/\/www.visit-ulcinj.com\/blog\/2016\/09\/17\/edhe-ulqini-pjese-e-projektit-menaxhimi-riskut-ne-raste-katastrofash\/","og_site_name":"Lajme nga Ulqini","article_published_time":"2016-09-17T17:32:55+00:00","twitter_misc":{"Written by":"ulqini","Est. reading time":"1 minute"},"schema":{"@context":"https:\/\/schema.org","@graph":[{"@type":"WebSite","@id":"https:\/\/www.visit-ulcinj.com\/blog\/#website","url":"https:\/\/www.visit-ulcinj.com\/blog\/","name":"Lajme nga Ulqini","description":"Lajme,Vijesti,Ulqini,Ulqin,Crna Gora,Mali i Zi","potentialAction":[{"@type":"SearchAction","target":{"@type":"EntryPoint","urlTemplate":"https:\/\/www.visit-ulcinj.com\/blog\/?s={search_term_string}"},"query-input":"required name=search_term_string"}],"inLanguage":"en-US"},{"@type":"WebPage","@id":"https:\/\/www.visit-ulcinj.com\/blog\/2016\/09\/17\/edhe-ulqini-pjese-e-projektit-menaxhimi-riskut-ne-raste-katastrofash\/#webpage","url":"https:\/\/www.visit-ulcinj.com\/blog\/2016\/09\/17\/edhe-ulqini-pjese-e-projektit-menaxhimi-riskut-ne-raste-katastrofash\/","name":"Edhe Ulqini pjes\u00eb e projektit \"Menaxhimi i riskut n\u00eb raste katastrofash\" - Lajme nga Ulqini","isPartOf":{"@id":"https:\/\/www.visit-ulcinj.com\/blog\/#website"},"datePublished":"2016-09-17T17:32:55+00:00","dateModified":"2016-09-17T17:32:55+00:00","author":{"@id":"https:\/\/www.visit-ulcinj.com\/blog\/#\/schema\/person\/dcab619c614d3038751c63bc2aadc06d"},"description":"Sot n\u00eb Ran\u00eb \u00ebsht\u00eb mbajtur prezantimi i\u00a0projektit p\u00ebrtej kufitar \u201cMenaxhimi i riskut n\u00eb raste katastrofash\u201d, t\u00eb cilin e implementon OJQ OZON, me","breadcrumb":{"@id":"https:\/\/www.visit-ulcinj.com\/blog\/2016\/09\/17\/edhe-ulqini-pjese-e-projektit-menaxhimi-riskut-ne-raste-katastrofash\/#breadcrumb"},"inLanguage":"en-US","potentialAction":[{"@type":"ReadAction","target":["https:\/\/www.visit-ulcinj.com\/blog\/2016\/09\/17\/edhe-ulqini-pjese-e-projektit-menaxhimi-riskut-ne-raste-katastrofash\/"]}]},{"@type":"BreadcrumbList","@id":"https:\/\/www.visit-ulcinj.com\/blog\/2016\/09\/17\/edhe-ulqini-pjese-e-projektit-menaxhimi-riskut-ne-raste-katastrofash\/#breadcrumb","itemListElement":[{"@type":"ListItem","position":1,"name":"Edhe Ulqini pjes\u00eb e projektit &#8220;Menaxhimi i riskut n\u00eb raste katastrofash&#8221;"}]},{"@type":"Person","@id":"https:\/\/www.visit-ulcinj.com\/blog\/#\/schema\/person\/dcab619c614d3038751c63bc2aadc06d","name":"ulqini","sameAs":["http:\/\/www.visit-ulcinj.com"],"url":"https:\/\/www.visit-ulcinj.com\/blog\/author\/admin\/"}]}},"jetpack_featured_media_url":"","jetpack_sharing_enabled":true,"jetpack_shortlink":"https:\/\/wp.me\/pe6lTn-pXc","_links":{"self":[{"href":"https:\/\/www.visit-ulcinj.com\/blog\/wp-json\/wp\/v2\/posts\/99770"}],"collection":[{"href":"https:\/\/www.visit-ulcinj.com\/blog\/wp-json\/wp\/v2\/posts"}],"about":[{"href":"https:\/\/www.visit-ulcinj.com\/blog\/wp-json\/wp\/v2\/types\/post"}],"author":[{"embeddable":true,"href":"https:\/\/www.visit-ulcinj.com\/blog\/wp-json\/wp\/v2\/users\/1"}],"replies":[{"embeddable":true,"href":"https:\/\/www.visit-ulcinj.com\/blog\/wp-json\/wp\/v2\/comments?post=99770"}],"version-history":[{"count":1,"href":"https:\/\/www.visit-ulcinj.com\/blog\/wp-json\/wp\/v2\/posts\/99770\/revisions"}],"predecessor-version":[{"id":99772,"href":"https:\/\/www.visit-ulcinj.com\/blog\/wp-json\/wp\/v2\/posts\/99770\/revisions\/99772"}],"wp:attachment":[{"href":"https:\/\/www.visit-ulcinj.com\/blog\/wp-json\/wp\/v2\/media?parent=99770"}],"wp:term":[{"taxonomy":"category","embeddable":true,"href":"https:\/\/www.visit-ulcinj.com\/blog\/wp-json\/wp\/v2\/categories?post=99770"},{"taxonomy":"post_tag","embeddable":true,"href":"https:\/\/www.visit-ulcinj.com\/blog\/wp-json\/wp\/v2\/tags?post=99770"}],"curies":[{"name":"wp","href":"https:\/\/api.w.org\/{rel}","templated":true}]}}