{"id":99773,"date":"2016-09-17T18:38:08","date_gmt":"2016-09-17T17:38:08","guid":{"rendered":"http:\/\/www.visit-ulcinj.com\/blog\/?p=99773"},"modified":"2016-09-17T18:38:08","modified_gmt":"2016-09-17T17:38:08","slug":"ulcinj-dio-projekta-smanjenje-rizika-od-katastrofa","status":"publish","type":"post","link":"https:\/\/www.visit-ulcinj.com\/blog\/2016\/09\/17\/ulcinj-dio-projekta-smanjenje-rizika-od-katastrofa\/","title":{"rendered":"I Ulcinj dio projekta &#8220;Smanjenje rizika od katastrofa&#8221;"},"content":{"rendered":"<p><a href=\"http:\/\/www.visit-ulcinj.com\/blog\/wp-content\/uploads\/2016\/09\/Menaxhimi-i-riskut-n\u00eb-raste-katastrofash-Ulqin-1.jpg\"><img loading=\"lazy\" class=\"alignleft wp-image-99774\" src=\"http:\/\/www.visit-ulcinj.com\/blog\/wp-content\/uploads\/2016\/09\/Menaxhimi-i-riskut-n\u00eb-raste-katastrofash-Ulqin-1.jpg\" alt=\"Menaxhimi i riskut n\u00eb raste katastrofash-Ulqin-1\" width=\"508\" height=\"338\" srcset=\"https:\/\/www.visit-ulcinj.com\/blog\/wp-content\/uploads\/2016\/09\/Menaxhimi-i-riskut-n\u00eb-raste-katastrofash-Ulqin-1.jpg 640w, https:\/\/www.visit-ulcinj.com\/blog\/wp-content\/uploads\/2016\/09\/Menaxhimi-i-riskut-n\u00eb-raste-katastrofash-Ulqin-1-300x200.jpg 300w\" sizes=\"(max-width: 508px) 100vw, 508px\" \/><\/a>Danas je na Pristanu u Ulcinju odr\u017eana\u00a0prezentacija prekograni\u010dnog projekta smanjenja rizika od katastrofa, koji implementira NVO OZON, uz finansijsku podr\u0161ku OEBS-a u Crnoj Gori. Projekat se realizuje na teritoriji op\u0161tine Ulcinj i pograni\u010dnih mjesta u Albaniji. Prezentaciji projekta prisustvovali su predsjednik op\u0161tine Ulcinj Nazif Cungu, na\u010delnik direkcije za civilnu za\u0161titu i humanitarnu pomo\u0107 Ljuban Tmu\u0161i\u0107 i na\u010delnik ulcinjske Slu\u017ebe za\u0161tite i spasavanja Fljamur Selovi\u0107. Ulcinj je prvi grad u Crnoj Gori koji u\u010destvuje u ovom projektu. Predsjednik Cungu je izrazio zadovoljstvo \u0161to je na\u0161a op\u0161tina dio ovog projekta, posebno sada kada se jo\u0161 oporavljamo od posljedice nedavne nemile situacije izazvane po\u017earom u Bijelom gori.<\/p>\n<p>U okviru pomenutog projekta do sada je zavr\u0161ena obuka nastavnika O\u0160 Mar\u0161al Tito i S\u0160 Bratstvo-Jedinstvo o koje imaju za cilj podizanje svijesti gra\u0111ana o na\u010dinu pona\u0161anju i mjerama koje treba preduzeti u slu\u010daju vanrednih situacija izazvanim poplavama, po\u017earima i zemljotresima. Projekat, koji traje do 30 oktobra, u okviru svojih budu\u0107ih aktivnosti predvi\u0111a i a\u017euriranje Lokalnog plana za upravljanje vanrednim situacijama, kao i organizovanje obuka za lokalne slu\u017ebenike kako bi oni dalje obu\u010davali gra\u0111ane.<\/p>\n","protected":false},"excerpt":{"rendered":"<p>Danas je na Pristanu u Ulcinju odr\u017eana\u00a0prezentacija prekograni\u010dnog projekta smanjenja rizika od katastrofa, koji implementira NVO OZON, uz finansijsku podr\u0161ku OEBS-a u Crnoj Gori. Projekat se realizuje na teritoriji op\u0161tine Ulcinj i pograni\u010dnih mjesta u Albaniji. Prezentaciji projekta prisustvovali su predsjednik op\u0161tine Ulcinj Nazif Cungu, na\u010delnik direkcije za civilnu za\u0161titu i humanitarnu pomo\u0107 Ljuban Tmu\u0161i\u0107 [&hellip;]<\/p>\n","protected":false},"author":1,"featured_media":0,"comment_status":"closed","ping_status":"closed","sticky":false,"template":"","format":"standard","meta":{"spay_email":"","jetpack_publicize_message":"","jetpack_is_tweetstorm":false,"jetpack_publicize_feature_enabled":true},"categories":[8337],"tags":[],"jetpack_publicize_connections":[],"yoast_head":"<!-- This site is optimized with the Yoast SEO plugin v19.1 - https:\/\/yoast.com\/wordpress\/plugins\/seo\/ -->\n<title>I Ulcinj dio projekta &quot;Smanjenje rizika od katastrofa&quot; - Lajme nga Ulqini<\/title>\n<meta name=\"description\" content=\"Danas je na Pristanu u Ulcinju odr\u017eana\u00a0prezentacija prekograni\u010dnog projekta smanjenja rizika od katastrofa, koji implementira NVO OZON, uz finansijsku\" \/>\n<meta name=\"robots\" content=\"index, follow, max-snippet:-1, max-image-preview:large, max-video-preview:-1\" \/>\n<link rel=\"canonical\" href=\"https:\/\/www.visit-ulcinj.com\/blog\/2016\/09\/17\/ulcinj-dio-projekta-smanjenje-rizika-od-katastrofa\/\" \/>\n<meta property=\"og:locale\" content=\"en_US\" \/>\n<meta property=\"og:type\" content=\"article\" \/>\n<meta property=\"og:title\" content=\"I Ulcinj dio projekta &quot;Smanjenje rizika od katastrofa&quot; - Lajme nga Ulqini\" \/>\n<meta property=\"og:description\" content=\"Danas je na Pristanu u Ulcinju odr\u017eana\u00a0prezentacija prekograni\u010dnog projekta smanjenja rizika od katastrofa, koji implementira NVO OZON, uz finansijsku\" \/>\n<meta property=\"og:url\" content=\"https:\/\/www.visit-ulcinj.com\/blog\/2016\/09\/17\/ulcinj-dio-projekta-smanjenje-rizika-od-katastrofa\/\" \/>\n<meta property=\"og:site_name\" content=\"Lajme nga Ulqini\" \/>\n<meta property=\"article:published_time\" content=\"2016-09-17T17:38:08+00:00\" \/>\n<meta name=\"twitter:label1\" content=\"Written by\" \/>\n\t<meta name=\"twitter:data1\" content=\"ulqini\" \/>\n\t<meta name=\"twitter:label2\" content=\"Est. reading time\" \/>\n\t<meta name=\"twitter:data2\" content=\"1 minute\" \/>\n<script type=\"application\/ld+json\" class=\"yoast-schema-graph\">{\"@context\":\"https:\/\/schema.org\",\"@graph\":[{\"@type\":\"WebSite\",\"@id\":\"https:\/\/www.visit-ulcinj.com\/blog\/#website\",\"url\":\"https:\/\/www.visit-ulcinj.com\/blog\/\",\"name\":\"Lajme nga Ulqini\",\"description\":\"Lajme,Vijesti,Ulqini,Ulqin,Crna Gora,Mali i Zi\",\"potentialAction\":[{\"@type\":\"SearchAction\",\"target\":{\"@type\":\"EntryPoint\",\"urlTemplate\":\"https:\/\/www.visit-ulcinj.com\/blog\/?s={search_term_string}\"},\"query-input\":\"required name=search_term_string\"}],\"inLanguage\":\"en-US\"},{\"@type\":\"WebPage\",\"@id\":\"https:\/\/www.visit-ulcinj.com\/blog\/2016\/09\/17\/ulcinj-dio-projekta-smanjenje-rizika-od-katastrofa\/#webpage\",\"url\":\"https:\/\/www.visit-ulcinj.com\/blog\/2016\/09\/17\/ulcinj-dio-projekta-smanjenje-rizika-od-katastrofa\/\",\"name\":\"I Ulcinj dio projekta \\\"Smanjenje rizika od katastrofa\\\" - Lajme nga Ulqini\",\"isPartOf\":{\"@id\":\"https:\/\/www.visit-ulcinj.com\/blog\/#website\"},\"datePublished\":\"2016-09-17T17:38:08+00:00\",\"dateModified\":\"2016-09-17T17:38:08+00:00\",\"author\":{\"@id\":\"https:\/\/www.visit-ulcinj.com\/blog\/#\/schema\/person\/dcab619c614d3038751c63bc2aadc06d\"},\"description\":\"Danas je na Pristanu u Ulcinju odr\u017eana\u00a0prezentacija prekograni\u010dnog projekta smanjenja rizika od katastrofa, koji implementira NVO OZON, uz finansijsku\",\"breadcrumb\":{\"@id\":\"https:\/\/www.visit-ulcinj.com\/blog\/2016\/09\/17\/ulcinj-dio-projekta-smanjenje-rizika-od-katastrofa\/#breadcrumb\"},\"inLanguage\":\"en-US\",\"potentialAction\":[{\"@type\":\"ReadAction\",\"target\":[\"https:\/\/www.visit-ulcinj.com\/blog\/2016\/09\/17\/ulcinj-dio-projekta-smanjenje-rizika-od-katastrofa\/\"]}]},{\"@type\":\"BreadcrumbList\",\"@id\":\"https:\/\/www.visit-ulcinj.com\/blog\/2016\/09\/17\/ulcinj-dio-projekta-smanjenje-rizika-od-katastrofa\/#breadcrumb\",\"itemListElement\":[{\"@type\":\"ListItem\",\"position\":1,\"name\":\"I Ulcinj dio projekta &#8220;Smanjenje rizika od katastrofa&#8221;\"}]},{\"@type\":\"Person\",\"@id\":\"https:\/\/www.visit-ulcinj.com\/blog\/#\/schema\/person\/dcab619c614d3038751c63bc2aadc06d\",\"name\":\"ulqini\",\"sameAs\":[\"http:\/\/www.visit-ulcinj.com\"],\"url\":\"https:\/\/www.visit-ulcinj.com\/blog\/author\/admin\/\"}]}<\/script>\n<!-- \/ Yoast SEO plugin. -->","yoast_head_json":{"title":"I Ulcinj dio projekta \"Smanjenje rizika od katastrofa\" - Lajme nga Ulqini","description":"Danas je na Pristanu u Ulcinju odr\u017eana\u00a0prezentacija prekograni\u010dnog projekta smanjenja rizika od katastrofa, koji implementira NVO OZON, uz finansijsku","robots":{"index":"index","follow":"follow","max-snippet":"max-snippet:-1","max-image-preview":"max-image-preview:large","max-video-preview":"max-video-preview:-1"},"canonical":"https:\/\/www.visit-ulcinj.com\/blog\/2016\/09\/17\/ulcinj-dio-projekta-smanjenje-rizika-od-katastrofa\/","og_locale":"en_US","og_type":"article","og_title":"I Ulcinj dio projekta \"Smanjenje rizika od katastrofa\" - Lajme nga Ulqini","og_description":"Danas je na Pristanu u Ulcinju odr\u017eana\u00a0prezentacija prekograni\u010dnog projekta smanjenja rizika od katastrofa, koji implementira NVO OZON, uz finansijsku","og_url":"https:\/\/www.visit-ulcinj.com\/blog\/2016\/09\/17\/ulcinj-dio-projekta-smanjenje-rizika-od-katastrofa\/","og_site_name":"Lajme nga Ulqini","article_published_time":"2016-09-17T17:38:08+00:00","twitter_misc":{"Written by":"ulqini","Est. reading time":"1 minute"},"schema":{"@context":"https:\/\/schema.org","@graph":[{"@type":"WebSite","@id":"https:\/\/www.visit-ulcinj.com\/blog\/#website","url":"https:\/\/www.visit-ulcinj.com\/blog\/","name":"Lajme nga Ulqini","description":"Lajme,Vijesti,Ulqini,Ulqin,Crna Gora,Mali i Zi","potentialAction":[{"@type":"SearchAction","target":{"@type":"EntryPoint","urlTemplate":"https:\/\/www.visit-ulcinj.com\/blog\/?s={search_term_string}"},"query-input":"required name=search_term_string"}],"inLanguage":"en-US"},{"@type":"WebPage","@id":"https:\/\/www.visit-ulcinj.com\/blog\/2016\/09\/17\/ulcinj-dio-projekta-smanjenje-rizika-od-katastrofa\/#webpage","url":"https:\/\/www.visit-ulcinj.com\/blog\/2016\/09\/17\/ulcinj-dio-projekta-smanjenje-rizika-od-katastrofa\/","name":"I Ulcinj dio projekta \"Smanjenje rizika od katastrofa\" - Lajme nga Ulqini","isPartOf":{"@id":"https:\/\/www.visit-ulcinj.com\/blog\/#website"},"datePublished":"2016-09-17T17:38:08+00:00","dateModified":"2016-09-17T17:38:08+00:00","author":{"@id":"https:\/\/www.visit-ulcinj.com\/blog\/#\/schema\/person\/dcab619c614d3038751c63bc2aadc06d"},"description":"Danas je na Pristanu u Ulcinju odr\u017eana\u00a0prezentacija prekograni\u010dnog projekta smanjenja rizika od katastrofa, koji implementira NVO OZON, uz finansijsku","breadcrumb":{"@id":"https:\/\/www.visit-ulcinj.com\/blog\/2016\/09\/17\/ulcinj-dio-projekta-smanjenje-rizika-od-katastrofa\/#breadcrumb"},"inLanguage":"en-US","potentialAction":[{"@type":"ReadAction","target":["https:\/\/www.visit-ulcinj.com\/blog\/2016\/09\/17\/ulcinj-dio-projekta-smanjenje-rizika-od-katastrofa\/"]}]},{"@type":"BreadcrumbList","@id":"https:\/\/www.visit-ulcinj.com\/blog\/2016\/09\/17\/ulcinj-dio-projekta-smanjenje-rizika-od-katastrofa\/#breadcrumb","itemListElement":[{"@type":"ListItem","position":1,"name":"I Ulcinj dio projekta &#8220;Smanjenje rizika od katastrofa&#8221;"}]},{"@type":"Person","@id":"https:\/\/www.visit-ulcinj.com\/blog\/#\/schema\/person\/dcab619c614d3038751c63bc2aadc06d","name":"ulqini","sameAs":["http:\/\/www.visit-ulcinj.com"],"url":"https:\/\/www.visit-ulcinj.com\/blog\/author\/admin\/"}]}},"jetpack_featured_media_url":"","jetpack_sharing_enabled":true,"jetpack_shortlink":"https:\/\/wp.me\/pe6lTn-pXf","_links":{"self":[{"href":"https:\/\/www.visit-ulcinj.com\/blog\/wp-json\/wp\/v2\/posts\/99773"}],"collection":[{"href":"https:\/\/www.visit-ulcinj.com\/blog\/wp-json\/wp\/v2\/posts"}],"about":[{"href":"https:\/\/www.visit-ulcinj.com\/blog\/wp-json\/wp\/v2\/types\/post"}],"author":[{"embeddable":true,"href":"https:\/\/www.visit-ulcinj.com\/blog\/wp-json\/wp\/v2\/users\/1"}],"replies":[{"embeddable":true,"href":"https:\/\/www.visit-ulcinj.com\/blog\/wp-json\/wp\/v2\/comments?post=99773"}],"version-history":[{"count":1,"href":"https:\/\/www.visit-ulcinj.com\/blog\/wp-json\/wp\/v2\/posts\/99773\/revisions"}],"predecessor-version":[{"id":99775,"href":"https:\/\/www.visit-ulcinj.com\/blog\/wp-json\/wp\/v2\/posts\/99773\/revisions\/99775"}],"wp:attachment":[{"href":"https:\/\/www.visit-ulcinj.com\/blog\/wp-json\/wp\/v2\/media?parent=99773"}],"wp:term":[{"taxonomy":"category","embeddable":true,"href":"https:\/\/www.visit-ulcinj.com\/blog\/wp-json\/wp\/v2\/categories?post=99773"},{"taxonomy":"post_tag","embeddable":true,"href":"https:\/\/www.visit-ulcinj.com\/blog\/wp-json\/wp\/v2\/tags?post=99773"}],"curies":[{"name":"wp","href":"https:\/\/api.w.org\/{rel}","templated":true}]}}